{"id":7232,"date":"2011-09-28T13:10:06","date_gmt":"2011-09-28T11:10:06","guid":{"rendered":"http:\/\/blog.zeit.de\/stoerungsmelder\/?p=7232"},"modified":"2011-09-28T13:10:06","modified_gmt":"2011-09-28T11:10:06","slug":"expertengremium-zu-antisemitismus-kritisiert-fixierung-auf-muslimischen-judenhass","status":"publish","type":"post","link":"https:\/\/blog.zeit.de\/stoerungsmelder\/2011\/09\/28\/expertengremium-zu-antisemitismus-kritisiert-fixierung-auf-muslimischen-judenhass_7232","title":{"rendered":"Expertengremium zu Antisemitismus kritisiert Fixierung auf muslimischen Judenhass"},"content":{"rendered":"<p><figure id=\"attachment_3384\" aria-describedby=\"caption-attachment-3384\" style=\"width: 540px\" class=\"wp-caption aligncenter\"><a href=\"https:\/\/blog.zeit.de\/stoerungsmelder\/files\/2010\/05\/friedhof2-540.jpg\"><img loading=\"lazy\" decoding=\"async\" class=\"size-full wp-image-3384\" src=\"https:\/\/blog.zeit.de\/stoerungsmelder\/files\/2010\/05\/friedhof2-540.jpg\" alt=\"\" width=\"540\" height=\"200\" srcset=\"https:\/\/blog.zeit.de\/stoerungsmelder\/files\/2010\/05\/friedhof2-540.jpg 540w, https:\/\/blog.zeit.de\/stoerungsmelder\/files\/2010\/05\/friedhof2-540-300x111.jpg 300w\" sizes=\"auto, (max-width: 540px) 100vw, 540px\" \/><\/a><figcaption id=\"caption-attachment-3384\" class=\"wp-caption-text\">Allt\u00e4glicher Antisemitismus - Polizisten auf einem verw\u00fcsteten j\u00fcdischen Friedhof 2008 in Berlin \u00a9 getty<\/figcaption><\/figure><\/p>\n<p>Ein Expertengremium Antisemitismus, dessen Bericht noch in diesem Jahr erwartet wird, h\u00e4lt den Judenhass deutscher Rechtsextremisten f\u00fcr das gr\u00f6\u00dfere Problem.<!--more--><\/p>\n<p><em>Von <a href=\"http:\/\/www.tagesspiegel.de\/politik\/kritik-an-fixierung-auf-muslimischen-judenhass\/4653336.html\">Tagesspiegel<\/a>-Autor Frank Jansen<\/em><\/p>\n<p>Vom Votum der Abgeordneten bis zum Bericht der Fachleute hat es lange gedauert, doch nun ist es bald soweit. Das vom Bundestag im November 2008 beschlossene \u201eExpertengremium Antisemitismus\u201c wird nach Informationen des Tagesspiegels noch in diesem Jahr seinen ersten Bericht zu Judenhass in Deutschland vorlegen. \u201eDer Bericht der Experten wird voraussichtlich Ende des Jahres dem Deutschen Bundestag \u00fcbermittelt\u201c, hei\u00dft es in einer Antwort der Bundesregierung auf eine Kleine Anfrage der Linksfraktion. Das Papier liegt dem Tagesspiegel vor. Im Umfeld des Expertengremiums war zu erfahren, dass der 300 Seiten umfassende Report wahrscheinlich im November vorgestellt werde und weitgehend geschrieben sei.<\/p>\n<p>In dem Bericht wird nach Informationen des Tagesspiegels kritisiert, Bundesprogramme zur Bek\u00e4mpfung des Antisemitismus seien zu stark auf muslimische Judenfeindschaft ausgerichtet. Der Judenhass deutscher Rechtsextremisten sei aber das gr\u00f6\u00dfere Problem, hie\u00df es im Umfeld des Gremiums. Kritisch beleuchtet wird auch die Bildungspolitik.<\/p>\n<p>Es sei ein vor allem bei Lehrern weit verbreiteter Trugschluss, mit der Darstellung des Holocausts im Unterricht werde bei jungen Menschen gen\u00fcgend gegen Antisemitismus vorgebeugt, hie\u00df es. Notwendig sei jedoch, dass mehr \u00fcber aktuelle Erscheinungsformen der Judenfeindschaft aufgekl\u00e4rt werde. Das betreffe vor allem den auch von Linken propagierten Anti-Zionismus, der vorgeblich Fehler der israelischen Politik anprangere und dabei unterschwellig antisemitische Ressentiments bediene. Als Pr\u00e4vention empfiehlt das Expertengremium, gerade in Schulen intensiv \u00fcber die Ursachen des Nahost-Konflikts zu sprechen. Da gebe es ein gro\u00dfes Defizit, war im Umfeld des Gremiums zu h\u00f6ren.<\/p>\n<p>Irritiert reagierten die Experten, als von FDP und Gr\u00fcnen keine Antworten auf Fragen zum Umgang mit antisemitischen Tendenzen kamen. Das Gremium hatte an alle im Bundestag vertretenen Parteien einen mehrere Punkte umfassenden Katalog geschickt. Trotz Nachfragen sei bei FDP und Gr\u00fcnen nichts gekommen. \u201eDas hat die Experten sehr verwundert\u201c, hie\u00df es im Umfeld des Gremiums. Auf Anfrage des Tagesspiegels konnten sich weder FDP noch Gr\u00fcne erkl\u00e4ren, warum die Fragen nicht beantwortet wurden. \u201eWir sind sehr verwundert \u00fcber diese \u00c4u\u00dferungen aus dem Umfeld des Expertengremiums\u201c, sagte ein Sprecher der Gr\u00fcnen. \u201eWir begr\u00fc\u00dfen und unterst\u00fctzen ausdr\u00fccklich die Arbeit des Expertengremiums Antisemitismus und beantworten selbstverst\u00e4ndlich gerne alle an uns gestellte Fragen\u201c. Es werde nun untersucht, \u201ewann und in welcher Form Fragenkataloge an uns gestellt wurden\u201c und welche Nachfragen es gegeben habe. \u201eDazu werden wir auch das Gespr\u00e4ch mit den Verantwortlichen des Expertengremiums suchen&#8220;, betonte der Sprecher. Auch in der FDP wird der Vorgang gepr\u00fcft.<\/p>\n<p>Der Bundestag hatte die Bildung des Gremiums anl\u00e4sslich des 70. Jahrestages der Reichspogromnacht vom 9. November 1938 beschlossen. Bis auf elf Abgeordnete der Linken hatten alle Fraktionen des Bundestages dem Beschluss mit dem Titel \u201eDen Kampf gegen Antisemitismus verst\u00e4rken, j\u00fcdisches Leben in Deutschland weiter f\u00f6rdern\u201c zugestimmt. Das zun\u00e4chst zehnk\u00f6pfige Gremium aus Wissenschaftlern und anderen Experten konstituierte sich im September 2009. Inzwischen trat ein Mitglied aus gesundheitlichen Gr\u00fcnden zur\u00fcck. Das Bundesinnenministerium unterst\u00fctzt die Arbeit des Gremiums, das aber unabh\u00e4ngig agiert.<\/p>\n<p>In dem Beschluss des Bundestages vom November 2008 war auch der Aufbau einer \u201eHebraic Graduate School of Europe\u201c in Berlin vorgesehen. Dieses Projekt eines geisteswissenschaftlich orientierten Graduiertenkollegs ist jedoch gescheitert. Eine Machbarkeitsstudie habe \u201ekeine realisierbare Option zur Integration in die Berliner Wissenschafts- und Hochschullandschaft\u201c aufgezeigt, hei\u00dft es in der Antwort der Bundesregierung auf die aktuelle Anfrage der Linksfraktion. Das Bundesministerium f\u00fcr Bildung und Forschung hatte die Studie von Oktober 2009 bis M\u00e4rz 2010 gef\u00f6rdert. Die Regierung teilte nun mit, in Berlin w\u00fcrden die Humboldt-Universit\u00e4t, die Freie Universit\u00e4t und die Technische Universit\u00e4t gemeinsam mit der Universit\u00e4t Potsdam \u201edie Etablierung eines Zentrums f\u00fcr J\u00fcdische Studien Berlin-Brandenburg\u201c anstreben. Das Bildungsministerium \u201epr\u00fcft eine F\u00f6rderung wohlwollend\u201c.<\/p>\n","protected":false},"excerpt":{"rendered":"<p>Ein Expertengremium Antisemitismus, dessen Bericht noch in diesem Jahr erwartet wird, h\u00e4lt den Judenhass deutscher Rechtsextremisten f\u00fcr das gr\u00f6\u00dfere Problem.<\/p>\n","protected":false},"author":229,"featured_media":0,"comment_status":"open","ping_status":"open","sticky":false,"template":"","format":"standard","meta":{"_jetpack_memberships_contains_paid_content":false,"footnotes":""},"categories":[1515],"tags":[1479],"class_list":["post-7232","post","type-post","status-publish","format-standard","hentry","category-bundesweit","tag-antisemitismus"],"yoast_head":"<!-- This site is optimized with the Yoast SEO plugin v21.0 - https:\/\/yoast.com\/wordpress\/plugins\/seo\/ -->\n<title>Expertengremium zu Antisemitismus kritisiert Fixierung auf muslimischen Judenhass - St\u00f6rungsmelder<\/title>\n<meta name=\"robots\" content=\"index, follow, max-snippet:-1, max-image-preview:large, max-video-preview:-1\" \/>\n<link rel=\"canonical\" href=\"https:\/\/blog.zeit.de\/stoerungsmelder\/2011\/09\/28\/expertengremium-zu-antisemitismus-kritisiert-fixierung-auf-muslimischen-judenhass_7232\" \/>\n<meta property=\"og:locale\" content=\"de_DE\" \/>\n<meta property=\"og:type\" content=\"article\" \/>\n<meta property=\"og:title\" content=\"Expertengremium zu Antisemitismus kritisiert Fixierung auf muslimischen Judenhass - St\u00f6rungsmelder\" \/>\n<meta property=\"og:description\" content=\"Ein Expertengremium Antisemitismus, dessen Bericht noch in diesem Jahr erwartet wird, h\u00e4lt den Judenhass deutscher Rechtsextremisten f\u00fcr das gr\u00f6\u00dfere Problem.\" \/>\n<meta property=\"og:url\" content=\"https:\/\/blog.zeit.de\/stoerungsmelder\/2011\/09\/28\/expertengremium-zu-antisemitismus-kritisiert-fixierung-auf-muslimischen-judenhass_7232\" \/>\n<meta property=\"og:site_name\" content=\"St\u00f6rungsmelder\" \/>\n<meta property=\"article:published_time\" content=\"2011-09-28T11:10:06+00:00\" \/>\n<meta property=\"og:image\" content=\"https:\/\/blog.zeit.de\/stoerungsmelder\/files\/2010\/05\/friedhof2-540.jpg\" \/>\n<meta name=\"author\" content=\"St\u00f6rungsmelder\" \/>\n<meta name=\"twitter:card\" content=\"summary_large_image\" \/>\n<meta name=\"twitter:label1\" content=\"Geschrieben von\" \/>\n\t<meta name=\"twitter:data1\" content=\"St\u00f6rungsmelder\" \/>\n\t<meta name=\"twitter:label2\" content=\"Gesch\u00e4tzte Lesezeit\" \/>\n\t<meta name=\"twitter:data2\" content=\"3\u00a0Minuten\" \/>\n<script type=\"application\/ld+json\" class=\"yoast-schema-graph\">{\"@context\":\"https:\/\/schema.org\",\"@graph\":[{\"@type\":\"WebPage\",\"@id\":\"https:\/\/blog.zeit.de\/stoerungsmelder\/2011\/09\/28\/expertengremium-zu-antisemitismus-kritisiert-fixierung-auf-muslimischen-judenhass_7232\",\"url\":\"https:\/\/blog.zeit.de\/stoerungsmelder\/2011\/09\/28\/expertengremium-zu-antisemitismus-kritisiert-fixierung-auf-muslimischen-judenhass_7232\",\"name\":\"Expertengremium zu Antisemitismus kritisiert Fixierung auf muslimischen Judenhass - St\u00f6rungsmelder\",\"isPartOf\":{\"@id\":\"https:\/\/blog.zeit.de\/stoerungsmelder\/#website\"},\"datePublished\":\"2011-09-28T11:10:06+00:00\",\"dateModified\":\"2011-09-28T11:10:06+00:00\",\"author\":{\"@id\":\"https:\/\/blog.zeit.de\/stoerungsmelder\/#\/schema\/person\/fdd0b9818f65738672810b6d6f037f71\"},\"breadcrumb\":{\"@id\":\"https:\/\/blog.zeit.de\/stoerungsmelder\/2011\/09\/28\/expertengremium-zu-antisemitismus-kritisiert-fixierung-auf-muslimischen-judenhass_7232#breadcrumb\"},\"inLanguage\":\"de\",\"potentialAction\":[{\"@type\":\"ReadAction\",\"target\":[\"https:\/\/blog.zeit.de\/stoerungsmelder\/2011\/09\/28\/expertengremium-zu-antisemitismus-kritisiert-fixierung-auf-muslimischen-judenhass_7232\"]}]},{\"@type\":\"BreadcrumbList\",\"@id\":\"https:\/\/blog.zeit.de\/stoerungsmelder\/2011\/09\/28\/expertengremium-zu-antisemitismus-kritisiert-fixierung-auf-muslimischen-judenhass_7232#breadcrumb\",\"itemListElement\":[{\"@type\":\"ListItem\",\"position\":1,\"name\":\"Startseite\",\"item\":\"https:\/\/blog.zeit.de\/stoerungsmelder\"},{\"@type\":\"ListItem\",\"position\":2,\"name\":\"Expertengremium zu Antisemitismus kritisiert Fixierung auf muslimischen Judenhass\"}]},{\"@type\":\"WebSite\",\"@id\":\"https:\/\/blog.zeit.de\/stoerungsmelder\/#website\",\"url\":\"https:\/\/blog.zeit.de\/stoerungsmelder\/\",\"name\":\"St\u00f6rungsmelder\",\"description\":\"Recherchen und Analysen \u00fcber die extreme Rechte\",\"potentialAction\":[{\"@type\":\"SearchAction\",\"target\":{\"@type\":\"EntryPoint\",\"urlTemplate\":\"https:\/\/blog.zeit.de\/stoerungsmelder\/?s={search_term_string}\"},\"query-input\":\"required name=search_term_string\"}],\"inLanguage\":\"de\"},{\"@type\":\"Person\",\"@id\":\"https:\/\/blog.zeit.de\/stoerungsmelder\/#\/schema\/person\/fdd0b9818f65738672810b6d6f037f71\",\"name\":\"St\u00f6rungsmelder\",\"image\":{\"@type\":\"ImageObject\",\"inLanguage\":\"de\",\"@id\":\"https:\/\/blog.zeit.de\/stoerungsmelder\/#\/schema\/person\/image\/\",\"url\":\"https:\/\/secure.gravatar.com\/avatar\/dfa4be514c3e82a71e4f9a0020035d38192d080ccaa5e4e6d7a1472c763535c5?s=96&d=mm&r=pg\",\"contentUrl\":\"https:\/\/secure.gravatar.com\/avatar\/dfa4be514c3e82a71e4f9a0020035d38192d080ccaa5e4e6d7a1472c763535c5?s=96&d=mm&r=pg\",\"caption\":\"St\u00f6rungsmelder\"},\"url\":\"https:\/\/blog.zeit.de\/stoerungsmelder\/author\/stoerungsmelder\"}]}<\/script>\n<!-- \/ Yoast SEO plugin. -->","yoast_head_json":{"title":"Expertengremium zu Antisemitismus kritisiert Fixierung auf muslimischen Judenhass - St\u00f6rungsmelder","robots":{"index":"index","follow":"follow","max-snippet":"max-snippet:-1","max-image-preview":"max-image-preview:large","max-video-preview":"max-video-preview:-1"},"canonical":"https:\/\/blog.zeit.de\/stoerungsmelder\/2011\/09\/28\/expertengremium-zu-antisemitismus-kritisiert-fixierung-auf-muslimischen-judenhass_7232","og_locale":"de_DE","og_type":"article","og_title":"Expertengremium zu Antisemitismus kritisiert Fixierung auf muslimischen Judenhass - St\u00f6rungsmelder","og_description":"Ein Expertengremium Antisemitismus, dessen Bericht noch in diesem Jahr erwartet wird, h\u00e4lt den Judenhass deutscher Rechtsextremisten f\u00fcr das gr\u00f6\u00dfere Problem.","og_url":"https:\/\/blog.zeit.de\/stoerungsmelder\/2011\/09\/28\/expertengremium-zu-antisemitismus-kritisiert-fixierung-auf-muslimischen-judenhass_7232","og_site_name":"St\u00f6rungsmelder","article_published_time":"2011-09-28T11:10:06+00:00","og_image":[{"url":"https:\/\/blog.zeit.de\/stoerungsmelder\/files\/2010\/05\/friedhof2-540.jpg"}],"author":"St\u00f6rungsmelder","twitter_card":"summary_large_image","twitter_misc":{"Geschrieben von":"St\u00f6rungsmelder","Gesch\u00e4tzte Lesezeit":"3\u00a0Minuten"},"schema":{"@context":"https:\/\/schema.org","@graph":[{"@type":"WebPage","@id":"https:\/\/blog.zeit.de\/stoerungsmelder\/2011\/09\/28\/expertengremium-zu-antisemitismus-kritisiert-fixierung-auf-muslimischen-judenhass_7232","url":"https:\/\/blog.zeit.de\/stoerungsmelder\/2011\/09\/28\/expertengremium-zu-antisemitismus-kritisiert-fixierung-auf-muslimischen-judenhass_7232","name":"Expertengremium zu Antisemitismus kritisiert Fixierung auf muslimischen Judenhass - St\u00f6rungsmelder","isPartOf":{"@id":"https:\/\/blog.zeit.de\/stoerungsmelder\/#website"},"datePublished":"2011-09-28T11:10:06+00:00","dateModified":"2011-09-28T11:10:06+00:00","author":{"@id":"https:\/\/blog.zeit.de\/stoerungsmelder\/#\/schema\/person\/fdd0b9818f65738672810b6d6f037f71"},"breadcrumb":{"@id":"https:\/\/blog.zeit.de\/stoerungsmelder\/2011\/09\/28\/expertengremium-zu-antisemitismus-kritisiert-fixierung-auf-muslimischen-judenhass_7232#breadcrumb"},"inLanguage":"de","potentialAction":[{"@type":"ReadAction","target":["https:\/\/blog.zeit.de\/stoerungsmelder\/2011\/09\/28\/expertengremium-zu-antisemitismus-kritisiert-fixierung-auf-muslimischen-judenhass_7232"]}]},{"@type":"BreadcrumbList","@id":"https:\/\/blog.zeit.de\/stoerungsmelder\/2011\/09\/28\/expertengremium-zu-antisemitismus-kritisiert-fixierung-auf-muslimischen-judenhass_7232#breadcrumb","itemListElement":[{"@type":"ListItem","position":1,"name":"Startseite","item":"https:\/\/blog.zeit.de\/stoerungsmelder"},{"@type":"ListItem","position":2,"name":"Expertengremium zu Antisemitismus kritisiert Fixierung auf muslimischen Judenhass"}]},{"@type":"WebSite","@id":"https:\/\/blog.zeit.de\/stoerungsmelder\/#website","url":"https:\/\/blog.zeit.de\/stoerungsmelder\/","name":"St\u00f6rungsmelder","description":"Recherchen und Analysen \u00fcber die extreme Rechte","potentialAction":[{"@type":"SearchAction","target":{"@type":"EntryPoint","urlTemplate":"https:\/\/blog.zeit.de\/stoerungsmelder\/?s={search_term_string}"},"query-input":"required name=search_term_string"}],"inLanguage":"de"},{"@type":"Person","@id":"https:\/\/blog.zeit.de\/stoerungsmelder\/#\/schema\/person\/fdd0b9818f65738672810b6d6f037f71","name":"St\u00f6rungsmelder","image":{"@type":"ImageObject","inLanguage":"de","@id":"https:\/\/blog.zeit.de\/stoerungsmelder\/#\/schema\/person\/image\/","url":"https:\/\/secure.gravatar.com\/avatar\/dfa4be514c3e82a71e4f9a0020035d38192d080ccaa5e4e6d7a1472c763535c5?s=96&d=mm&r=pg","contentUrl":"https:\/\/secure.gravatar.com\/avatar\/dfa4be514c3e82a71e4f9a0020035d38192d080ccaa5e4e6d7a1472c763535c5?s=96&d=mm&r=pg","caption":"St\u00f6rungsmelder"},"url":"https:\/\/blog.zeit.de\/stoerungsmelder\/author\/stoerungsmelder"}]}},"jetpack_featured_media_url":"","jetpack_sharing_enabled":true,"_links":{"self":[{"href":"https:\/\/blog.zeit.de\/stoerungsmelder\/wp-json\/wp\/v2\/posts\/7232","targetHints":{"allow":["GET"]}}],"collection":[{"href":"https:\/\/blog.zeit.de\/stoerungsmelder\/wp-json\/wp\/v2\/posts"}],"about":[{"href":"https:\/\/blog.zeit.de\/stoerungsmelder\/wp-json\/wp\/v2\/types\/post"}],"author":[{"embeddable":true,"href":"https:\/\/blog.zeit.de\/stoerungsmelder\/wp-json\/wp\/v2\/users\/229"}],"replies":[{"embeddable":true,"href":"https:\/\/blog.zeit.de\/stoerungsmelder\/wp-json\/wp\/v2\/comments?post=7232"}],"version-history":[{"count":4,"href":"https:\/\/blog.zeit.de\/stoerungsmelder\/wp-json\/wp\/v2\/posts\/7232\/revisions"}],"predecessor-version":[{"id":7236,"href":"https:\/\/blog.zeit.de\/stoerungsmelder\/wp-json\/wp\/v2\/posts\/7232\/revisions\/7236"}],"wp:attachment":[{"href":"https:\/\/blog.zeit.de\/stoerungsmelder\/wp-json\/wp\/v2\/media?parent=7232"}],"wp:term":[{"taxonomy":"category","embeddable":true,"href":"https:\/\/blog.zeit.de\/stoerungsmelder\/wp-json\/wp\/v2\/categories?post=7232"},{"taxonomy":"post_tag","embeddable":true,"href":"https:\/\/blog.zeit.de\/stoerungsmelder\/wp-json\/wp\/v2\/tags?post=7232"}],"curies":[{"name":"wp","href":"https:\/\/api.w.org\/{rel}","templated":true}]}}