{"id":7254,"date":"2011-09-30T13:08:53","date_gmt":"2011-09-30T11:08:53","guid":{"rendered":"http:\/\/blog.zeit.de\/stoerungsmelder\/?p=7254"},"modified":"2011-10-12T10:23:16","modified_gmt":"2011-10-12T08:23:16","slug":"schweizer-rechtspopulisten-setzen-auf-burka-verbot","status":"publish","type":"post","link":"https:\/\/blog.zeit.de\/stoerungsmelder\/2011\/09\/30\/schweizer-rechtspopulisten-setzen-auf-burka-verbot_7254","title":{"rendered":"Schweizer Rechtspopulisten setzen auf Burka-Verbot"},"content":{"rendered":"<p><figure id=\"attachment_7255\" aria-describedby=\"caption-attachment-7255\" style=\"width: 540px\" class=\"wp-caption aligncenter\"><a href=\"https:\/\/blog.zeit.de\/stoerungsmelder\/files\/2011\/09\/svp.jpg\"><img loading=\"lazy\" decoding=\"async\" class=\"size-full wp-image-7255\" src=\"https:\/\/blog.zeit.de\/stoerungsmelder\/files\/2011\/09\/svp.jpg\" alt=\"\" width=\"540\" height=\"270\" srcset=\"https:\/\/blog.zeit.de\/stoerungsmelder\/files\/2011\/09\/svp.jpg 530w, https:\/\/blog.zeit.de\/stoerungsmelder\/files\/2011\/09\/svp-300x150.jpg 300w\" sizes=\"auto, (max-width: 540px) 100vw, 540px\" \/><\/a><figcaption id=\"caption-attachment-7255\" class=\"wp-caption-text\">Mit einem aggressiven Wahlkampf setzt die SVP auf rassistische Vorurteile der W\u00e4hler<\/figcaption><\/figure><\/p>\n<p>Erst das Minarettverbot und nun das: Am Mittwoch hat der Schweizer Nationalrat f\u00fcr ein Vermummungsverbot im \u00f6ffentlichen Verkehr pl\u00e4diert. Darunter f\u00e4llt vor allem auch das Tragen der muslimischen Burka. Damit konnten erneut die Rechtspopulisten der Schweizer Volkspartei (SVP), einen \u201eErfolg\u201c f\u00fcr sich verbuchen.<!--more--><\/p>\n<p>Nur drei Wochen vor den nationalen Wahlen in der Schweiz hat sich der Nationalrat mit 101 zu 77 Stimmen f\u00fcr den Antrag der SVP ausgesprochen. Konkret sieht der Antrag ein nationales Verbot des Tragens einer Burka, oder \u00e4hnlichen Verschleierungen im \u00f6ffentlichen Verkehr, oder vor Beh\u00f6rden vor. Sp\u00e4ter soll dieser im Gesetz \u00fcber Massnahmen zur Wahrung der inneren Sicherheit (BWIS) verankert werden. Dies scheint reichlich \u00fcbertrieben, denn gerade einmal eine Hand voll Frauen tragen \u00fcberhaupt den Ganzk\u00f6perschleier in der Schweiz.<\/p>\n<p>\u00dcberraschend kam der Antrag jedoch nicht. SVP-Politiker Oskar Freysinger hatte sich schon lange f\u00fcr ein nationales Burkaverbot ausgesprochen. Angeblich wolle er aber keinen \u201eReligionskrieg anzetteln\u201c. Freysinger selbst ist bekennender Islamkritiker und steht in engem Kontakt zu verschiedenen Rechtspopulistischen Parteien im europ\u00e4ischen Raum. Die Schweizer Stiftung gegen Rassismus und Antisemitismus hatte Freysinger bereits 2008 scharf kritisiert, nachdem er\u00a0 abwertende Begriffe als Synonym f\u00fcr Ausl\u00e4nder in einem seiner Gedichte verwandt hatte.<\/p>\n<p>Die Schweizer Rechtspopulisten sind derzeit eine der st\u00e4rksten Parteien im Land und spekulieren auf einen erneuten Erfolg bei den anstehenden Wahlen. Ihren Wahlkampf betreiben sie wie gewohnt mit rassistischen Parolen gegen Einwanderung und &#8222;Entfremdung&#8220; im eigenen Land. \u201eMasseneinwanderung stoppen\u201c um das Land vor kriminellen und gewaltt\u00e4tigen Ausl\u00e4ndern \u201ezu sch\u00fctzen\u201c, hei\u00dft es auf ihren Plakaten. Des Weiteren f\u00fchren die Rechtspopulisten einen wohl eher imagin\u00e4ren Kampf gegen die Entfremdung im eigenen Land. So hei\u00dft es \u201edamit wir uns nicht fremd im eigenen Land f\u00fchlen m\u00fcssen\u201c, oder \u201edamit ihre Kinder nicht die einzigen Schweizer in der Klasse sind\u201c. Die versch\u00e4rfte Einwanderungspolitik ist auch gegen deutsche Akademiker gerichtet, die angeblich die Schweizer Universit\u00e4ten und Spit\u00e4ler \u00fcberfluten w\u00fcrden und somit den Schweizern den Arbeitsplatz streitig machen.<\/p>\n<p>2009 erreichte die SVP was sich viele rechtspopulistische Parteien in Deutschland schon seit langem w\u00fcnschen: ein nationales Minarettverbot. Dies wurde durch eine B\u00fcrgerinitiative erreicht, gegen die sich ansonsten s\u00e4mtliche Parteien entschieden ausgesprochen hatten. Bereits vor zwei Jahren machten sie auf geschmacklose Art und Weise auf ihre Kampagne aufmerksam. Auf der SVP-Homepage konnte man gezielt auf Minarette und Imame schie\u00dfen. Im Netz kursierten weitere Videos in denen man den Gesang eines Imams h\u00f6rte, der zum Gebet aufrief. Wenig sp\u00e4ter dann ein lauter Schuss, gefolgt von Schweizer Volksmusik.<\/p>\n<p>Der aktuelle Erfolg des rechten Randes ist des Resultat von einem aggressiven Wahlkampf, der mit den \u00c4ngsten der Bev\u00f6lkerung spielt. So wolle man sich f\u00fcr die Rechte von unterdr\u00fcckten Frauen einsetzen. Ist es de fakto nicht eher der Fall, dass sich Frauen, die eine Burka tragen noch mehr aus dem \u00f6ffentlichen Leben zur\u00fcckziehen m\u00fcssen auf Grund des anstehenden Gesetzes? Vielmehr f\u00f6rdert der stattgegebene Antrag die Unterdr\u00fcckung von Frauen, als dass es gegen sie ank\u00e4mpfen w\u00fcrde. Fragw\u00fcrdig ist auch die Behauptung, dass s\u00e4mtliche Burka Tr\u00e4gerinnen von ihren Ehem\u00e4nnern zu der Verschleierung gezwungen w\u00fcrden. Es bleibt sehr zu hoffen, dass solche Parolen und Ideologien in Deutschland nicht noch mehr Fu\u00df fassen werden, als dass sie es ohnehin schon tun.<\/p>\n","protected":false},"excerpt":{"rendered":"<p>Erst das Minarettverbot und nun das: Am Mittwoch hat der Schweizer Nationalrat f\u00fcr ein Vermummungsverbot im \u00f6ffentlichen Verkehr pl\u00e4diert. Darunter f\u00e4llt vor allem auch das Tragen der muslimischen Burka. Damit konnten erneut die Rechtspopulisten der Schweizer Volkspartei (SVP), einen \u201eErfolg\u201c f\u00fcr sich verbuchen.<\/p>\n","protected":false},"author":336,"featured_media":0,"comment_status":"open","ping_status":"open","sticky":false,"template":"","format":"standard","meta":{"_jetpack_memberships_contains_paid_content":false,"footnotes":""},"categories":[1515],"tags":[1621,97,2003],"class_list":["post-7254","post","type-post","status-publish","format-standard","hentry","category-bundesweit","tag-islamophobie","tag-rassismus","tag-svp"],"yoast_head":"<!-- This site is optimized with the Yoast SEO plugin v21.0 - https:\/\/yoast.com\/wordpress\/plugins\/seo\/ -->\n<title>Schweizer Rechtspopulisten setzen auf Burka-Verbot - St\u00f6rungsmelder<\/title>\n<meta name=\"robots\" content=\"index, follow, max-snippet:-1, max-image-preview:large, max-video-preview:-1\" \/>\n<link rel=\"canonical\" href=\"https:\/\/blog.zeit.de\/stoerungsmelder\/2011\/09\/30\/schweizer-rechtspopulisten-setzen-auf-burka-verbot_7254\" \/>\n<meta property=\"og:locale\" content=\"de_DE\" \/>\n<meta property=\"og:type\" content=\"article\" \/>\n<meta property=\"og:title\" content=\"Schweizer Rechtspopulisten setzen auf Burka-Verbot - St\u00f6rungsmelder\" \/>\n<meta property=\"og:description\" content=\"Erst das Minarettverbot und nun das: Am Mittwoch hat der Schweizer Nationalrat f\u00fcr ein Vermummungsverbot im \u00f6ffentlichen Verkehr pl\u00e4diert. Darunter f\u00e4llt vor allem auch das Tragen der muslimischen Burka. Damit konnten erneut die Rechtspopulisten der Schweizer Volkspartei (SVP), einen \u201eErfolg\u201c f\u00fcr sich verbuchen.\" \/>\n<meta property=\"og:url\" content=\"https:\/\/blog.zeit.de\/stoerungsmelder\/2011\/09\/30\/schweizer-rechtspopulisten-setzen-auf-burka-verbot_7254\" \/>\n<meta property=\"og:site_name\" content=\"St\u00f6rungsmelder\" \/>\n<meta property=\"article:published_time\" content=\"2011-09-30T11:08:53+00:00\" \/>\n<meta property=\"article:modified_time\" content=\"2011-10-12T08:23:16+00:00\" \/>\n<meta property=\"og:image\" content=\"https:\/\/blog.zeit.de\/stoerungsmelder\/files\/2011\/09\/svp.jpg\" \/>\n<meta name=\"author\" content=\"Julia Wilde\" \/>\n<meta name=\"twitter:card\" content=\"summary_large_image\" \/>\n<meta name=\"twitter:label1\" content=\"Geschrieben von\" \/>\n\t<meta name=\"twitter:data1\" content=\"Julia Wilde\" \/>\n\t<meta name=\"twitter:label2\" content=\"Gesch\u00e4tzte Lesezeit\" \/>\n\t<meta name=\"twitter:data2\" content=\"3\u00a0Minuten\" \/>\n<script type=\"application\/ld+json\" class=\"yoast-schema-graph\">{\"@context\":\"https:\/\/schema.org\",\"@graph\":[{\"@type\":\"WebPage\",\"@id\":\"https:\/\/blog.zeit.de\/stoerungsmelder\/2011\/09\/30\/schweizer-rechtspopulisten-setzen-auf-burka-verbot_7254\",\"url\":\"https:\/\/blog.zeit.de\/stoerungsmelder\/2011\/09\/30\/schweizer-rechtspopulisten-setzen-auf-burka-verbot_7254\",\"name\":\"Schweizer Rechtspopulisten setzen auf Burka-Verbot - St\u00f6rungsmelder\",\"isPartOf\":{\"@id\":\"https:\/\/blog.zeit.de\/stoerungsmelder\/#website\"},\"datePublished\":\"2011-09-30T11:08:53+00:00\",\"dateModified\":\"2011-10-12T08:23:16+00:00\",\"author\":{\"@id\":\"https:\/\/blog.zeit.de\/stoerungsmelder\/#\/schema\/person\/d78fa28f098b1ff452fe3ba8417f769e\"},\"breadcrumb\":{\"@id\":\"https:\/\/blog.zeit.de\/stoerungsmelder\/2011\/09\/30\/schweizer-rechtspopulisten-setzen-auf-burka-verbot_7254#breadcrumb\"},\"inLanguage\":\"de\",\"potentialAction\":[{\"@type\":\"ReadAction\",\"target\":[\"https:\/\/blog.zeit.de\/stoerungsmelder\/2011\/09\/30\/schweizer-rechtspopulisten-setzen-auf-burka-verbot_7254\"]}]},{\"@type\":\"BreadcrumbList\",\"@id\":\"https:\/\/blog.zeit.de\/stoerungsmelder\/2011\/09\/30\/schweizer-rechtspopulisten-setzen-auf-burka-verbot_7254#breadcrumb\",\"itemListElement\":[{\"@type\":\"ListItem\",\"position\":1,\"name\":\"Startseite\",\"item\":\"https:\/\/blog.zeit.de\/stoerungsmelder\"},{\"@type\":\"ListItem\",\"position\":2,\"name\":\"Schweizer Rechtspopulisten setzen auf Burka-Verbot\"}]},{\"@type\":\"WebSite\",\"@id\":\"https:\/\/blog.zeit.de\/stoerungsmelder\/#website\",\"url\":\"https:\/\/blog.zeit.de\/stoerungsmelder\/\",\"name\":\"St\u00f6rungsmelder\",\"description\":\"Recherchen und Analysen \u00fcber die extreme Rechte\",\"potentialAction\":[{\"@type\":\"SearchAction\",\"target\":{\"@type\":\"EntryPoint\",\"urlTemplate\":\"https:\/\/blog.zeit.de\/stoerungsmelder\/?s={search_term_string}\"},\"query-input\":\"required name=search_term_string\"}],\"inLanguage\":\"de\"},{\"@type\":\"Person\",\"@id\":\"https:\/\/blog.zeit.de\/stoerungsmelder\/#\/schema\/person\/d78fa28f098b1ff452fe3ba8417f769e\",\"name\":\"Julia Wilde\",\"image\":{\"@type\":\"ImageObject\",\"inLanguage\":\"de\",\"@id\":\"https:\/\/blog.zeit.de\/stoerungsmelder\/#\/schema\/person\/image\/\",\"url\":\"https:\/\/secure.gravatar.com\/avatar\/b7cdae82ec86e544c659027f3455fb8b42c473a3191fa5d169853ba37df409f7?s=96&d=mm&r=pg\",\"contentUrl\":\"https:\/\/secure.gravatar.com\/avatar\/b7cdae82ec86e544c659027f3455fb8b42c473a3191fa5d169853ba37df409f7?s=96&d=mm&r=pg\",\"caption\":\"Julia Wilde\"},\"url\":\"https:\/\/blog.zeit.de\/stoerungsmelder\/author\/juliawilde\"}]}<\/script>\n<!-- \/ Yoast SEO plugin. -->","yoast_head_json":{"title":"Schweizer Rechtspopulisten setzen auf Burka-Verbot - St\u00f6rungsmelder","robots":{"index":"index","follow":"follow","max-snippet":"max-snippet:-1","max-image-preview":"max-image-preview:large","max-video-preview":"max-video-preview:-1"},"canonical":"https:\/\/blog.zeit.de\/stoerungsmelder\/2011\/09\/30\/schweizer-rechtspopulisten-setzen-auf-burka-verbot_7254","og_locale":"de_DE","og_type":"article","og_title":"Schweizer Rechtspopulisten setzen auf Burka-Verbot - St\u00f6rungsmelder","og_description":"Erst das Minarettverbot und nun das: Am Mittwoch hat der Schweizer Nationalrat f\u00fcr ein Vermummungsverbot im \u00f6ffentlichen Verkehr pl\u00e4diert. Darunter f\u00e4llt vor allem auch das Tragen der muslimischen Burka. Damit konnten erneut die Rechtspopulisten der Schweizer Volkspartei (SVP), einen \u201eErfolg\u201c f\u00fcr sich verbuchen.","og_url":"https:\/\/blog.zeit.de\/stoerungsmelder\/2011\/09\/30\/schweizer-rechtspopulisten-setzen-auf-burka-verbot_7254","og_site_name":"St\u00f6rungsmelder","article_published_time":"2011-09-30T11:08:53+00:00","article_modified_time":"2011-10-12T08:23:16+00:00","og_image":[{"url":"https:\/\/blog.zeit.de\/stoerungsmelder\/files\/2011\/09\/svp.jpg"}],"author":"Julia Wilde","twitter_card":"summary_large_image","twitter_misc":{"Geschrieben von":"Julia Wilde","Gesch\u00e4tzte Lesezeit":"3\u00a0Minuten"},"schema":{"@context":"https:\/\/schema.org","@graph":[{"@type":"WebPage","@id":"https:\/\/blog.zeit.de\/stoerungsmelder\/2011\/09\/30\/schweizer-rechtspopulisten-setzen-auf-burka-verbot_7254","url":"https:\/\/blog.zeit.de\/stoerungsmelder\/2011\/09\/30\/schweizer-rechtspopulisten-setzen-auf-burka-verbot_7254","name":"Schweizer Rechtspopulisten setzen auf Burka-Verbot - St\u00f6rungsmelder","isPartOf":{"@id":"https:\/\/blog.zeit.de\/stoerungsmelder\/#website"},"datePublished":"2011-09-30T11:08:53+00:00","dateModified":"2011-10-12T08:23:16+00:00","author":{"@id":"https:\/\/blog.zeit.de\/stoerungsmelder\/#\/schema\/person\/d78fa28f098b1ff452fe3ba8417f769e"},"breadcrumb":{"@id":"https:\/\/blog.zeit.de\/stoerungsmelder\/2011\/09\/30\/schweizer-rechtspopulisten-setzen-auf-burka-verbot_7254#breadcrumb"},"inLanguage":"de","potentialAction":[{"@type":"ReadAction","target":["https:\/\/blog.zeit.de\/stoerungsmelder\/2011\/09\/30\/schweizer-rechtspopulisten-setzen-auf-burka-verbot_7254"]}]},{"@type":"BreadcrumbList","@id":"https:\/\/blog.zeit.de\/stoerungsmelder\/2011\/09\/30\/schweizer-rechtspopulisten-setzen-auf-burka-verbot_7254#breadcrumb","itemListElement":[{"@type":"ListItem","position":1,"name":"Startseite","item":"https:\/\/blog.zeit.de\/stoerungsmelder"},{"@type":"ListItem","position":2,"name":"Schweizer Rechtspopulisten setzen auf Burka-Verbot"}]},{"@type":"WebSite","@id":"https:\/\/blog.zeit.de\/stoerungsmelder\/#website","url":"https:\/\/blog.zeit.de\/stoerungsmelder\/","name":"St\u00f6rungsmelder","description":"Recherchen und Analysen \u00fcber die extreme Rechte","potentialAction":[{"@type":"SearchAction","target":{"@type":"EntryPoint","urlTemplate":"https:\/\/blog.zeit.de\/stoerungsmelder\/?s={search_term_string}"},"query-input":"required name=search_term_string"}],"inLanguage":"de"},{"@type":"Person","@id":"https:\/\/blog.zeit.de\/stoerungsmelder\/#\/schema\/person\/d78fa28f098b1ff452fe3ba8417f769e","name":"Julia Wilde","image":{"@type":"ImageObject","inLanguage":"de","@id":"https:\/\/blog.zeit.de\/stoerungsmelder\/#\/schema\/person\/image\/","url":"https:\/\/secure.gravatar.com\/avatar\/b7cdae82ec86e544c659027f3455fb8b42c473a3191fa5d169853ba37df409f7?s=96&d=mm&r=pg","contentUrl":"https:\/\/secure.gravatar.com\/avatar\/b7cdae82ec86e544c659027f3455fb8b42c473a3191fa5d169853ba37df409f7?s=96&d=mm&r=pg","caption":"Julia Wilde"},"url":"https:\/\/blog.zeit.de\/stoerungsmelder\/author\/juliawilde"}]}},"jetpack_featured_media_url":"","jetpack_sharing_enabled":true,"_links":{"self":[{"href":"https:\/\/blog.zeit.de\/stoerungsmelder\/wp-json\/wp\/v2\/posts\/7254","targetHints":{"allow":["GET"]}}],"collection":[{"href":"https:\/\/blog.zeit.de\/stoerungsmelder\/wp-json\/wp\/v2\/posts"}],"about":[{"href":"https:\/\/blog.zeit.de\/stoerungsmelder\/wp-json\/wp\/v2\/types\/post"}],"author":[{"embeddable":true,"href":"https:\/\/blog.zeit.de\/stoerungsmelder\/wp-json\/wp\/v2\/users\/336"}],"replies":[{"embeddable":true,"href":"https:\/\/blog.zeit.de\/stoerungsmelder\/wp-json\/wp\/v2\/comments?post=7254"}],"version-history":[{"count":6,"href":"https:\/\/blog.zeit.de\/stoerungsmelder\/wp-json\/wp\/v2\/posts\/7254\/revisions"}],"predecessor-version":[{"id":7259,"href":"https:\/\/blog.zeit.de\/stoerungsmelder\/wp-json\/wp\/v2\/posts\/7254\/revisions\/7259"}],"wp:attachment":[{"href":"https:\/\/blog.zeit.de\/stoerungsmelder\/wp-json\/wp\/v2\/media?parent=7254"}],"wp:term":[{"taxonomy":"category","embeddable":true,"href":"https:\/\/blog.zeit.de\/stoerungsmelder\/wp-json\/wp\/v2\/categories?post=7254"},{"taxonomy":"post_tag","embeddable":true,"href":"https:\/\/blog.zeit.de\/stoerungsmelder\/wp-json\/wp\/v2\/tags?post=7254"}],"curies":[{"name":"wp","href":"https:\/\/api.w.org\/{rel}","templated":true}]}}