{"id":7260,"date":"2011-09-30T14:32:45","date_gmt":"2011-09-30T12:32:45","guid":{"rendered":"http:\/\/blog.zeit.de\/stoerungsmelder\/?p=7260"},"modified":"2011-09-30T14:32:45","modified_gmt":"2011-09-30T12:32:45","slug":"mobilisierung-fur-dresden-2012-beginnt","status":"publish","type":"post","link":"https:\/\/blog.zeit.de\/stoerungsmelder\/2011\/09\/30\/mobilisierung-fur-dresden-2012-beginnt_7260","title":{"rendered":"Mobilisierung f\u00fcr Dresden 2012 beginnt"},"content":{"rendered":"<p><a href=\"https:\/\/blog.zeit.de\/stoerungsmelder\/files\/2011\/09\/dresden2012.jpg\"><img loading=\"lazy\" decoding=\"async\" class=\"alignleft size-medium wp-image-7264\" src=\"https:\/\/blog.zeit.de\/stoerungsmelder\/files\/2011\/09\/dresden2012-142x300.jpg\" alt=\"\" width=\"142\" height=\"300\" \/><\/a><\/p>\n<p>In den vergangenen zwei Jahren konnte Europas gr\u00f6\u00dfter Naziaufmarsch im Februar in Dresden verhindert werden. Mehr als 20.000 Menschen blockierten mit Sitzblockaden die Strecke, so dass die Neonazis nicht laufen konnten. Jetzt ruft das <a href=\"http:\/\/dresden-nazifrei.com\/\">B\u00fcndnis Dresden Nazifrei<\/a> zu einer Aktivierungskonferenz auf, denn auch f\u00fcr 2012 hat die rechte Szene wieder einen Aufmarsch angemeldet.<!--more--><\/p>\n<p>Hier die Einladung zur Konferenz:<\/p>\n<p><em>Am 07. und 08. Oktober findet im H\u00f6rsaalzentrum der TU Dresden die dritte Aktivierungskonferenz des B\u00fcndnisses \u201eNazifrei! &#8211; Dresden stellt sich quer\u201c statt. Unter anderem werden Workshops zu Themen wie B\u00fcrgerrechten, Antirepressionsarbeit, rechtlichen Hintergr\u00fcnden von Blockaden, aktivem Protest gegen Nazis und Umgang mit dem Gedenken in Dresden angeboten.<\/em><\/p>\n<p><em>Mit Akteuren der Dresdner Zivilgesellschaft und bundesweiten Partnern, so beispielsweise dem Kulturb\u00fcro Sachsen, der Interventionistischen Linken, Kirchenvertretern, Gewerkschaften und Parteien, wird die Konferenz am Freitag mit einer Diskussion unter dem Motto \u201eDen Nazis gemeinsam entgegentreten\u201c er\u00f6ffnet.<\/em><\/p>\n<p><em>\u201eMit freudiger Erwartung blicken wir auf diese Konferenz. Nach zwei gelungenen Blockadeaktionen in den letzten Jahren wollen wir den erfolgreichen Weg von &#8218;Dresden Nazifrei&#8216; weitergehen und weiterentwickeln. Gemeinsam, entschlossen und transparent werden wir auch im n\u00e4chsten Jahr dazu beitragen, diesen Naziaufmarsch zur Geschichte zu machen. Als Auftakt dazu dient die Aktivierungskonferenz dazu, noch mehr Unterst\u00fctzerInnen f\u00fcr unsere Idee zu gewinnen\u201c, so B\u00fcndnissprecherin Franziska Radtke.<\/em><\/p>\n<p><em>Bereits im Vorfeld wurde die seit Monaten andauernde Kriminalisierung des B\u00fcndnisses fortgesetzt. Durch einen tendenzi\u00f6sen und inhaltlich falschen Artikel der BILD Dresden wurde ein Workshop der Konferenz missinterpretiert. \u201eWir gehen unseren Weg der Transparenz entschlossen weiter. Wir machen Blockierer_innen wie in den letzten Jahren von vornherein mit m\u00f6glichen Situationen im Rahmen einer Blockade vertraut und tragen so zur Deeskalation bei. Das Durchflie\u00dfen von Polizeiketten hat sich als Konzept bew\u00e4hrt\u201c, sagt Radtke. Die Verursacher von Gewalt seien am 19.2. woanders zu verorten gewesen: \u201eDer Einsatz der Dresdner Polizei hat im letzten Jahr hunderte von verletzten Demonstranten gekostet. Wasserwerfereins\u00e4tze bei Minusgraden, Schlagst\u00f6cke, Tr\u00e4nengas &#8211; um jeden Preis versuchten die Einsatzkr\u00e4fte den Naziaufmarsch durchzupr\u00fcgeln.\u201c<\/em><\/p>\n<p><em>Das B\u00fcndnis Dresden Nazifrei sieht in den w\u00fcsten Anschuldigungen des FDP-Landtagsabgeordneten Holger Zastrow einen Versuch, von den eigenen Fehlern ablenken zu wollen. \u201ePersonen wie Herr Zastrow sind der Grund, warum der Naziaufmarsch in Dresden so gro\u00df werden konnte, wie er ist. Permanentes Ignorieren der wirklichen Probleme und die Kriminalisierung der Problembek\u00e4mpfer _innen haben die Situation entstehen lassen, mit der sich jetzt engagierte Grundrechtssch\u00fctzer_innen befassen m\u00fcssen\u201c, so Radtke weiter.<\/em><\/p>\n<p><em>Aus diesem Grund laden wir alle Personen ein, die auch im n\u00e4chsten Jahr mit uns gemeinsam den Nazis ihr Gro\u00dfevent nehmen wollen, zu unserer Aktivierungskonferenz ein. F\u00fcr uns ist klar: wir blockieren, bis der Naziaufmarsch Geschichte ist!<\/em><\/p>\n<p><strong><em>Die Veranstaltung beginnt am Freitag um 18:30 Uhr und ist Samstag von 11:00 bis 18:00 Uhr geplant. Der Eintritt ist frei.<\/em><\/strong><\/p>\n<p><em>Von der Veranstaltung ausgeschlossen sind Personen, die neonazistischen Parteien oder Organisationen angeh\u00f6ren, der rechten Szene zuzuordnen sind oder bereits in der Vergangenheit durch rassistische, nationalistische, antisemitische oder sonstige menschenverachtende \u00c4u\u00dferungen in Erscheinung getreten sind. Die Veranstalter_innen behalten sich vor, von ihrem Hausrecht Gebrauch zu machen, sollte es zu St\u00f6rungen der Veranstaltung kommen. Das subjektive Bedrohungsgef\u00fchl kann eventuell dieses Kriterium erf\u00fcllen.<\/em><\/p>\n","protected":false},"excerpt":{"rendered":"<p>In den vergangenen zwei Jahren konnte Europas gr\u00f6\u00dfter Naziaufmarsch im Februar in Dresden verhindert werden. Mehr als 20.000 Menschen blockierten mit Sitzblockaden die Strecke, so dass die Neonazis nicht laufen konnten. Jetzt ruft das B\u00fcndnis Dresden Nazifrei zu einer Aktivierungskonferenz auf, denn auch f\u00fcr 2012 hat die rechte Szene wieder einen Aufmarsch angemeldet.<\/p>\n","protected":false},"author":229,"featured_media":0,"comment_status":"open","ping_status":"open","sticky":false,"template":"","format":"standard","meta":{"_jetpack_memberships_contains_paid_content":false,"footnotes":""},"categories":[1456],"tags":[1539,1707,1752,2089,1858],"class_list":["post-7260","post","type-post","status-publish","format-standard","hentry","category-sachsen","tag-dresden","tag-naziaufmarsch","tag-protest","tag-sitzblockaden","tag-zivilcourage"],"yoast_head":"<!-- This site is optimized with the Yoast SEO plugin v21.0 - https:\/\/yoast.com\/wordpress\/plugins\/seo\/ -->\n<title>Mobilisierung f\u00fcr Dresden 2012 beginnt - St\u00f6rungsmelder<\/title>\n<meta name=\"robots\" content=\"index, follow, max-snippet:-1, max-image-preview:large, max-video-preview:-1\" \/>\n<link rel=\"canonical\" href=\"https:\/\/blog.zeit.de\/stoerungsmelder\/2011\/09\/30\/mobilisierung-fur-dresden-2012-beginnt_7260\" \/>\n<meta property=\"og:locale\" content=\"de_DE\" \/>\n<meta property=\"og:type\" content=\"article\" \/>\n<meta property=\"og:title\" content=\"Mobilisierung f\u00fcr Dresden 2012 beginnt - St\u00f6rungsmelder\" \/>\n<meta property=\"og:description\" content=\"In den vergangenen zwei Jahren konnte Europas gr\u00f6\u00dfter Naziaufmarsch im Februar in Dresden verhindert werden. Mehr als 20.000 Menschen blockierten mit Sitzblockaden die Strecke, so dass die Neonazis nicht laufen konnten. Jetzt ruft das B\u00fcndnis Dresden Nazifrei zu einer Aktivierungskonferenz auf, denn auch f\u00fcr 2012 hat die rechte Szene wieder einen Aufmarsch angemeldet.\" \/>\n<meta property=\"og:url\" content=\"https:\/\/blog.zeit.de\/stoerungsmelder\/2011\/09\/30\/mobilisierung-fur-dresden-2012-beginnt_7260\" \/>\n<meta property=\"og:site_name\" content=\"St\u00f6rungsmelder\" \/>\n<meta property=\"article:published_time\" content=\"2011-09-30T12:32:45+00:00\" \/>\n<meta property=\"og:image\" content=\"https:\/\/blog.zeit.de\/stoerungsmelder\/files\/2011\/09\/dresden2012-142x300.jpg\" \/>\n<meta name=\"author\" content=\"St\u00f6rungsmelder\" \/>\n<meta name=\"twitter:card\" content=\"summary_large_image\" \/>\n<meta name=\"twitter:label1\" content=\"Geschrieben von\" \/>\n\t<meta name=\"twitter:data1\" content=\"St\u00f6rungsmelder\" \/>\n\t<meta name=\"twitter:label2\" content=\"Gesch\u00e4tzte Lesezeit\" \/>\n\t<meta name=\"twitter:data2\" content=\"3\u00a0Minuten\" \/>\n<script type=\"application\/ld+json\" class=\"yoast-schema-graph\">{\"@context\":\"https:\/\/schema.org\",\"@graph\":[{\"@type\":\"WebPage\",\"@id\":\"https:\/\/blog.zeit.de\/stoerungsmelder\/2011\/09\/30\/mobilisierung-fur-dresden-2012-beginnt_7260\",\"url\":\"https:\/\/blog.zeit.de\/stoerungsmelder\/2011\/09\/30\/mobilisierung-fur-dresden-2012-beginnt_7260\",\"name\":\"Mobilisierung f\u00fcr Dresden 2012 beginnt - St\u00f6rungsmelder\",\"isPartOf\":{\"@id\":\"https:\/\/blog.zeit.de\/stoerungsmelder\/#website\"},\"datePublished\":\"2011-09-30T12:32:45+00:00\",\"dateModified\":\"2011-09-30T12:32:45+00:00\",\"author\":{\"@id\":\"https:\/\/blog.zeit.de\/stoerungsmelder\/#\/schema\/person\/fdd0b9818f65738672810b6d6f037f71\"},\"breadcrumb\":{\"@id\":\"https:\/\/blog.zeit.de\/stoerungsmelder\/2011\/09\/30\/mobilisierung-fur-dresden-2012-beginnt_7260#breadcrumb\"},\"inLanguage\":\"de\",\"potentialAction\":[{\"@type\":\"ReadAction\",\"target\":[\"https:\/\/blog.zeit.de\/stoerungsmelder\/2011\/09\/30\/mobilisierung-fur-dresden-2012-beginnt_7260\"]}]},{\"@type\":\"BreadcrumbList\",\"@id\":\"https:\/\/blog.zeit.de\/stoerungsmelder\/2011\/09\/30\/mobilisierung-fur-dresden-2012-beginnt_7260#breadcrumb\",\"itemListElement\":[{\"@type\":\"ListItem\",\"position\":1,\"name\":\"Startseite\",\"item\":\"https:\/\/blog.zeit.de\/stoerungsmelder\"},{\"@type\":\"ListItem\",\"position\":2,\"name\":\"Mobilisierung f\u00fcr Dresden 2012 beginnt\"}]},{\"@type\":\"WebSite\",\"@id\":\"https:\/\/blog.zeit.de\/stoerungsmelder\/#website\",\"url\":\"https:\/\/blog.zeit.de\/stoerungsmelder\/\",\"name\":\"St\u00f6rungsmelder\",\"description\":\"Recherchen und Analysen \u00fcber die extreme Rechte\",\"potentialAction\":[{\"@type\":\"SearchAction\",\"target\":{\"@type\":\"EntryPoint\",\"urlTemplate\":\"https:\/\/blog.zeit.de\/stoerungsmelder\/?s={search_term_string}\"},\"query-input\":\"required name=search_term_string\"}],\"inLanguage\":\"de\"},{\"@type\":\"Person\",\"@id\":\"https:\/\/blog.zeit.de\/stoerungsmelder\/#\/schema\/person\/fdd0b9818f65738672810b6d6f037f71\",\"name\":\"St\u00f6rungsmelder\",\"image\":{\"@type\":\"ImageObject\",\"inLanguage\":\"de\",\"@id\":\"https:\/\/blog.zeit.de\/stoerungsmelder\/#\/schema\/person\/image\/\",\"url\":\"https:\/\/secure.gravatar.com\/avatar\/dfa4be514c3e82a71e4f9a0020035d38192d080ccaa5e4e6d7a1472c763535c5?s=96&d=mm&r=pg\",\"contentUrl\":\"https:\/\/secure.gravatar.com\/avatar\/dfa4be514c3e82a71e4f9a0020035d38192d080ccaa5e4e6d7a1472c763535c5?s=96&d=mm&r=pg\",\"caption\":\"St\u00f6rungsmelder\"},\"url\":\"https:\/\/blog.zeit.de\/stoerungsmelder\/author\/stoerungsmelder\"}]}<\/script>\n<!-- \/ Yoast SEO plugin. -->","yoast_head_json":{"title":"Mobilisierung f\u00fcr Dresden 2012 beginnt - St\u00f6rungsmelder","robots":{"index":"index","follow":"follow","max-snippet":"max-snippet:-1","max-image-preview":"max-image-preview:large","max-video-preview":"max-video-preview:-1"},"canonical":"https:\/\/blog.zeit.de\/stoerungsmelder\/2011\/09\/30\/mobilisierung-fur-dresden-2012-beginnt_7260","og_locale":"de_DE","og_type":"article","og_title":"Mobilisierung f\u00fcr Dresden 2012 beginnt - St\u00f6rungsmelder","og_description":"In den vergangenen zwei Jahren konnte Europas gr\u00f6\u00dfter Naziaufmarsch im Februar in Dresden verhindert werden. Mehr als 20.000 Menschen blockierten mit Sitzblockaden die Strecke, so dass die Neonazis nicht laufen konnten. Jetzt ruft das B\u00fcndnis Dresden Nazifrei zu einer Aktivierungskonferenz auf, denn auch f\u00fcr 2012 hat die rechte Szene wieder einen Aufmarsch angemeldet.","og_url":"https:\/\/blog.zeit.de\/stoerungsmelder\/2011\/09\/30\/mobilisierung-fur-dresden-2012-beginnt_7260","og_site_name":"St\u00f6rungsmelder","article_published_time":"2011-09-30T12:32:45+00:00","og_image":[{"url":"https:\/\/blog.zeit.de\/stoerungsmelder\/files\/2011\/09\/dresden2012-142x300.jpg"}],"author":"St\u00f6rungsmelder","twitter_card":"summary_large_image","twitter_misc":{"Geschrieben von":"St\u00f6rungsmelder","Gesch\u00e4tzte Lesezeit":"3\u00a0Minuten"},"schema":{"@context":"https:\/\/schema.org","@graph":[{"@type":"WebPage","@id":"https:\/\/blog.zeit.de\/stoerungsmelder\/2011\/09\/30\/mobilisierung-fur-dresden-2012-beginnt_7260","url":"https:\/\/blog.zeit.de\/stoerungsmelder\/2011\/09\/30\/mobilisierung-fur-dresden-2012-beginnt_7260","name":"Mobilisierung f\u00fcr Dresden 2012 beginnt - St\u00f6rungsmelder","isPartOf":{"@id":"https:\/\/blog.zeit.de\/stoerungsmelder\/#website"},"datePublished":"2011-09-30T12:32:45+00:00","dateModified":"2011-09-30T12:32:45+00:00","author":{"@id":"https:\/\/blog.zeit.de\/stoerungsmelder\/#\/schema\/person\/fdd0b9818f65738672810b6d6f037f71"},"breadcrumb":{"@id":"https:\/\/blog.zeit.de\/stoerungsmelder\/2011\/09\/30\/mobilisierung-fur-dresden-2012-beginnt_7260#breadcrumb"},"inLanguage":"de","potentialAction":[{"@type":"ReadAction","target":["https:\/\/blog.zeit.de\/stoerungsmelder\/2011\/09\/30\/mobilisierung-fur-dresden-2012-beginnt_7260"]}]},{"@type":"BreadcrumbList","@id":"https:\/\/blog.zeit.de\/stoerungsmelder\/2011\/09\/30\/mobilisierung-fur-dresden-2012-beginnt_7260#breadcrumb","itemListElement":[{"@type":"ListItem","position":1,"name":"Startseite","item":"https:\/\/blog.zeit.de\/stoerungsmelder"},{"@type":"ListItem","position":2,"name":"Mobilisierung f\u00fcr Dresden 2012 beginnt"}]},{"@type":"WebSite","@id":"https:\/\/blog.zeit.de\/stoerungsmelder\/#website","url":"https:\/\/blog.zeit.de\/stoerungsmelder\/","name":"St\u00f6rungsmelder","description":"Recherchen und Analysen \u00fcber die extreme Rechte","potentialAction":[{"@type":"SearchAction","target":{"@type":"EntryPoint","urlTemplate":"https:\/\/blog.zeit.de\/stoerungsmelder\/?s={search_term_string}"},"query-input":"required name=search_term_string"}],"inLanguage":"de"},{"@type":"Person","@id":"https:\/\/blog.zeit.de\/stoerungsmelder\/#\/schema\/person\/fdd0b9818f65738672810b6d6f037f71","name":"St\u00f6rungsmelder","image":{"@type":"ImageObject","inLanguage":"de","@id":"https:\/\/blog.zeit.de\/stoerungsmelder\/#\/schema\/person\/image\/","url":"https:\/\/secure.gravatar.com\/avatar\/dfa4be514c3e82a71e4f9a0020035d38192d080ccaa5e4e6d7a1472c763535c5?s=96&d=mm&r=pg","contentUrl":"https:\/\/secure.gravatar.com\/avatar\/dfa4be514c3e82a71e4f9a0020035d38192d080ccaa5e4e6d7a1472c763535c5?s=96&d=mm&r=pg","caption":"St\u00f6rungsmelder"},"url":"https:\/\/blog.zeit.de\/stoerungsmelder\/author\/stoerungsmelder"}]}},"jetpack_featured_media_url":"","jetpack_sharing_enabled":true,"_links":{"self":[{"href":"https:\/\/blog.zeit.de\/stoerungsmelder\/wp-json\/wp\/v2\/posts\/7260","targetHints":{"allow":["GET"]}}],"collection":[{"href":"https:\/\/blog.zeit.de\/stoerungsmelder\/wp-json\/wp\/v2\/posts"}],"about":[{"href":"https:\/\/blog.zeit.de\/stoerungsmelder\/wp-json\/wp\/v2\/types\/post"}],"author":[{"embeddable":true,"href":"https:\/\/blog.zeit.de\/stoerungsmelder\/wp-json\/wp\/v2\/users\/229"}],"replies":[{"embeddable":true,"href":"https:\/\/blog.zeit.de\/stoerungsmelder\/wp-json\/wp\/v2\/comments?post=7260"}],"version-history":[{"count":4,"href":"https:\/\/blog.zeit.de\/stoerungsmelder\/wp-json\/wp\/v2\/posts\/7260\/revisions"}],"predecessor-version":[{"id":7268,"href":"https:\/\/blog.zeit.de\/stoerungsmelder\/wp-json\/wp\/v2\/posts\/7260\/revisions\/7268"}],"wp:attachment":[{"href":"https:\/\/blog.zeit.de\/stoerungsmelder\/wp-json\/wp\/v2\/media?parent=7260"}],"wp:term":[{"taxonomy":"category","embeddable":true,"href":"https:\/\/blog.zeit.de\/stoerungsmelder\/wp-json\/wp\/v2\/categories?post=7260"},{"taxonomy":"post_tag","embeddable":true,"href":"https:\/\/blog.zeit.de\/stoerungsmelder\/wp-json\/wp\/v2\/tags?post=7260"}],"curies":[{"name":"wp","href":"https:\/\/api.w.org\/{rel}","templated":true}]}}