{"id":73,"date":"2007-10-31T12:32:39","date_gmt":"2007-10-31T10:32:39","guid":{"rendered":"http:\/\/blog.zeit.de\/stoerungsmelder\/2007\/10\/31\/was-ist-rechtsextremismus-eigentlich_73"},"modified":"2007-10-31T12:32:39","modified_gmt":"2007-10-31T10:32:39","slug":"was-ist-rechtsextremismus-eigentlich","status":"publish","type":"post","link":"https:\/\/blog.zeit.de\/stoerungsmelder\/2007\/10\/31\/was-ist-rechtsextremismus-eigentlich_73","title":{"rendered":"Was ist Rechtsextremismus eigentlich?"},"content":{"rendered":"<p><em>Die humane Qualit\u00e4t einer Gesellschaft erkennt man nicht an Ethikdebatten in Feuilletons meinungsbildender Printmedien oder in Talkshows, sondern am Umgang mit schwachen Gruppen. (Quelle: <\/em><a href=\"http:\/\/www.uni-bielefeld.de\/ikg\/Feindseligkeit\/Einfuehrung.html\"><em>Uni-Bielefeld<\/em><\/a><em>)<\/em><\/p>\n<p><strong>Was bedeutet Rechtsextremismus eigentlich?<\/strong><font face=\"Arial\"> <\/font><\/p>\n<p>Rechtsextremismus ist eine Sammelbezeichnung f\u00fcr politische Orientierungen, Ideologien und Aktivit\u00e4ten, die den demokratischen Staat ablehnen und durch eine autorit\u00e4r gef\u00fchrte \u201eVolksgemeinschaft\u201c <!--more-->ersetzen wollen. Dabei wird von einem vermeintlich naturgem\u00e4\u00dfen \u201eVolkstum\u201c ausgegangen oder die Existenz von Rassen behauptet, um andere Menschengruppen abzuwerten und auszugrenzen.<\/p>\n<p>Rechtsextremisten glauben an eine naturgegebene ethnische und\/oder rassische Ungleichwertigkeit der Menschen. Ethnische, kulturelle, geistige und k\u00f6rperliche Unterschiede begr\u00fcnden f\u00fcr sie einen minderen Wert und Rechtsstatus bestimmter Individuen und Gruppen. Der Rechtsextremismus lehnt daher das an den Menschenrechten orientierte Gleichheitsprinzip ab. Menschen seien durch biologische Abstammung (den \u201eWurzeln\u201c) kulturell soweit vorgepr\u00e4gt, dass kein friedliches, gleichberechtigtes Zusammenleben verschiedener Ethnien in einem Staat m\u00f6glich sei. Die Gesellschaft m\u00fcsse daher zu einem homogenen \u201eVolksk\u00f6rper\u201c vereinheitlicht werden, so die rechtsextreme Ideologie.<\/p>\n<p>In der Politikwissenschaft ist der Begriff Rechtsextremismus umstritten, da Elemente dieser Ideologie auch bei anderen Ideologien vorzufinden sind. Daher wird hier unter anderem der Begriff \u201eGruppenbezogene Menschenfeindlichkeit\u201c benutzt: \u201eBei diesem Konzept wird die Gleichwertigkeit und Unversehrtheit von spezifischen Gruppen dieser Gesellschaft in Frage gestellt; der gemeinsame Kern des Syndroms ist somit die Ideologie der Ungleichwertigkeit.\u201c<\/p>\n<p><strong>Was sind \u201emoderne Nazis\u201c?<font face=\"Arial\"> <\/font><\/strong><\/p>\n<p>Beim modernen Rechtsextremismus wird nicht eindeutig rassistisch argumentiert. Statt dessen beziehen sich die Rechtsextremisten auf die \u201eEigenarten der V\u00f6lker\u201c. Dieses Konzept wird Ethnopluralismus genannt und ist im Programm der NPD stark vertreten. Statt der H\u00f6herwertigkeit der eigenen Nation betont dieses Konzept meist eine H\u00f6herwertigkeit der eigenen Kultur und leitet daraus einen Anspruch auf Vorherrschaft der europ\u00e4ischen V\u00f6lker ab.<\/p>\n<p><strong>Welche Rolle spielt noch die NS-Zeit?<\/strong><font face=\"Arial\"> <\/font><\/p>\n<p>Die Rechtsextremisten kn\u00fcpfen an verschiedene politische und ideologische Ideen des Faschismus und Nationalsozialismus an. Die \u00dcbereinstimmung mit der NS-Ideologie zeigt sich an einigen besonderen Merkmalen, die aber nicht von allen Rechtsextremisten gleicherma\u00dfen vertreten werden:<\/p>\n<ul>\n<li>Antisemitismus, heute meist verbunden mit Ablehnung des Staates Israel<\/li>\n<li>Geschichtsrevisionismus, der den NS-Staat verharmlost oder gar als Vorbild verherrlicht, seine Verbrechen zumindest relativiert oder gar Holocaustleugnung vertritt<\/li>\n<li>Gewaltbereitschaft gegen staatliche Institutionen und Minderheiten. Obwohl rechtsextreme Parteien offiziell solche Gewalt ablehnen, dulden sie oft Neonazis in ihren Reihen oder gehen praktische und politische Zweckb\u00fcndnisse mit ihnen ein.<\/li>\n<li>Verherrlichung von milit\u00e4rischer Gewalt und Traditionen des Militarismus, besonders der je eigenen Nation<\/li>\n<li>Verachtung und Gewalt nicht nur gegen bestimmte Ausl\u00e4nder und ethnische Minderheiten, sondern auch gegen\u00fcber Homosexuellen, Behinderten und ideologischen Gegnern. Diese werden ebenfalls als \u201eVolksfeinde\u201c diffamiert.<\/li>\n<\/ul>\n<p><strong>Warum ist der Rechtsextremismus eigentlich ein Problem?<font face=\"Arial\"> <\/font><\/strong><\/p>\n<p>In Deutschland muss mittlerweile von einer rechtsextremen Bewegung gesprochen werden. Neben der parlamentarischen Vertretung durch die NPD gibt es verschiedene rechtsextreme Subkulturen und Organisationen, unter anderem f\u00fcr Frauen, Kinder, Jugendliche, Studenten, usw. Rechtsextremisten versuchen ihre Ideologie durch Arbeit in Vereinen und B\u00fcrgerinitiativen versteckt zu verbreiten. Sie treten b\u00fcrgerlich auf, um andere Menschen nicht zu verschrecken. Rechtsextremisten nutzen die Rechte, die ihnen die demokratische Grundordnung zusichert, um diese Ordnung zu beseitigen.<\/p>\n<p>Auf der anderen Seite arbeiten rechtsextreme Organisationen und Parteien eng mit militanten Neonazis zusammen. Au\u00dferdem gibt es eine enorme rassistische und rechtsextrem motivierte Gewalt in Deutschland. Im vergangenen Jahr wurden etwa 1000 Menschen bei rechtsextrem motivierten Angriffen verletzt, seit 1990 sind in Deutschland etwa 100 Menschen von Rechtsextremisten get\u00f6tet worden. Die Gewalt geh\u00f6rt zur rechtsextremen Ideologie \u2013 diese leitet sich aus der angeblichen Ungleichwertigkeit von Menschen ab.<\/p>\n<p><a href=\"http:\/\/www.bpb.de\/themen\/WKSLL0,0,Todesopfer_rechtsextremer_Gewalt.html\">Todesopfer rechtsextremer Gewalt in Deutschland seit 1990.<\/a><\/p>\n<p><a href=\"http:\/\/tagesschau.de\/inland\/rechtsextremismus\">Dossier von tagesschau.de \u00fcber den Rechtsextremismus in Deutschland.<\/a><\/p>\n<p><a href=\"http:\/\/www.bpb.de\/themen\/R2IRZM,0,0,Rechtsextremismus.html\">Die Bundeszentrale f\u00fcr politische Bildung hat ein umfassendes Dossier zum Thema Rechtsextremismus ver\u00f6ffentlicht<\/a><\/p>\n<p><em>(Quellen: Wikipedia, BPB, IKG, eigene Texte)<\/em><\/p>\n","protected":false},"excerpt":{"rendered":"<p>Die humane Qualit\u00e4t einer Gesellschaft erkennt man nicht an Ethikdebatten in Feuilletons meinungsbildender Printmedien oder in Talkshows, sondern am Umgang mit schwachen Gruppen. (Quelle: Uni-Bielefeld) Was bedeutet Rechtsextremismus eigentlich? Rechtsextremismus ist eine Sammelbezeichnung f\u00fcr politische Orientierungen, Ideologien und Aktivit\u00e4ten, die den demokratischen Staat ablehnen und durch eine autorit\u00e4r gef\u00fchrte \u201eVolksgemeinschaft\u201c<\/p>\n","protected":false},"author":227,"featured_media":0,"comment_status":"open","ping_status":"open","sticky":false,"template":"","format":"standard","meta":{"_jetpack_memberships_contains_paid_content":false,"footnotes":""},"categories":[1515],"tags":[1702,99],"class_list":["post-73","post","type-post","status-publish","format-standard","hentry","category-bundesweit","tag-nationalsozialismus","tag-rechtsextremismus"],"yoast_head":"<!-- This site is optimized with the Yoast SEO plugin v21.0 - https:\/\/yoast.com\/wordpress\/plugins\/seo\/ -->\n<title>Was ist Rechtsextremismus eigentlich? - St\u00f6rungsmelder<\/title>\n<meta name=\"robots\" content=\"index, follow, max-snippet:-1, max-image-preview:large, max-video-preview:-1\" \/>\n<link rel=\"canonical\" href=\"https:\/\/blog.zeit.de\/stoerungsmelder\/2007\/10\/31\/was-ist-rechtsextremismus-eigentlich_73\" \/>\n<meta property=\"og:locale\" content=\"de_DE\" \/>\n<meta property=\"og:type\" content=\"article\" \/>\n<meta property=\"og:title\" content=\"Was ist Rechtsextremismus eigentlich? - St\u00f6rungsmelder\" \/>\n<meta property=\"og:description\" content=\"Die humane Qualit\u00e4t einer Gesellschaft erkennt man nicht an Ethikdebatten in Feuilletons meinungsbildender Printmedien oder in Talkshows, sondern am Umgang mit schwachen Gruppen. (Quelle: Uni-Bielefeld) Was bedeutet Rechtsextremismus eigentlich? Rechtsextremismus ist eine Sammelbezeichnung f\u00fcr politische Orientierungen, Ideologien und Aktivit\u00e4ten, die den demokratischen Staat ablehnen und durch eine autorit\u00e4r gef\u00fchrte \u201eVolksgemeinschaft\u201c\" \/>\n<meta property=\"og:url\" content=\"https:\/\/blog.zeit.de\/stoerungsmelder\/2007\/10\/31\/was-ist-rechtsextremismus-eigentlich_73\" \/>\n<meta property=\"og:site_name\" content=\"St\u00f6rungsmelder\" \/>\n<meta property=\"article:published_time\" content=\"2007-10-31T10:32:39+00:00\" \/>\n<meta name=\"author\" content=\"Patrick Gensing\" \/>\n<meta name=\"twitter:card\" content=\"summary_large_image\" \/>\n<meta name=\"twitter:label1\" content=\"Geschrieben von\" \/>\n\t<meta name=\"twitter:data1\" content=\"Patrick Gensing\" \/>\n\t<meta name=\"twitter:label2\" content=\"Gesch\u00e4tzte Lesezeit\" \/>\n\t<meta name=\"twitter:data2\" content=\"3\u00a0Minuten\" \/>\n<script type=\"application\/ld+json\" class=\"yoast-schema-graph\">{\"@context\":\"https:\/\/schema.org\",\"@graph\":[{\"@type\":\"WebPage\",\"@id\":\"https:\/\/blog.zeit.de\/stoerungsmelder\/2007\/10\/31\/was-ist-rechtsextremismus-eigentlich_73\",\"url\":\"https:\/\/blog.zeit.de\/stoerungsmelder\/2007\/10\/31\/was-ist-rechtsextremismus-eigentlich_73\",\"name\":\"Was ist Rechtsextremismus eigentlich? - St\u00f6rungsmelder\",\"isPartOf\":{\"@id\":\"https:\/\/blog.zeit.de\/stoerungsmelder\/#website\"},\"datePublished\":\"2007-10-31T10:32:39+00:00\",\"dateModified\":\"2007-10-31T10:32:39+00:00\",\"author\":{\"@id\":\"https:\/\/blog.zeit.de\/stoerungsmelder\/#\/schema\/person\/1898e9a6d47b4737da2c4fca74a10552\"},\"breadcrumb\":{\"@id\":\"https:\/\/blog.zeit.de\/stoerungsmelder\/2007\/10\/31\/was-ist-rechtsextremismus-eigentlich_73#breadcrumb\"},\"inLanguage\":\"de\",\"potentialAction\":[{\"@type\":\"ReadAction\",\"target\":[\"https:\/\/blog.zeit.de\/stoerungsmelder\/2007\/10\/31\/was-ist-rechtsextremismus-eigentlich_73\"]}]},{\"@type\":\"BreadcrumbList\",\"@id\":\"https:\/\/blog.zeit.de\/stoerungsmelder\/2007\/10\/31\/was-ist-rechtsextremismus-eigentlich_73#breadcrumb\",\"itemListElement\":[{\"@type\":\"ListItem\",\"position\":1,\"name\":\"Startseite\",\"item\":\"https:\/\/blog.zeit.de\/stoerungsmelder\"},{\"@type\":\"ListItem\",\"position\":2,\"name\":\"Was ist Rechtsextremismus eigentlich?\"}]},{\"@type\":\"WebSite\",\"@id\":\"https:\/\/blog.zeit.de\/stoerungsmelder\/#website\",\"url\":\"https:\/\/blog.zeit.de\/stoerungsmelder\/\",\"name\":\"St\u00f6rungsmelder\",\"description\":\"Recherchen und Analysen \u00fcber die extreme Rechte\",\"potentialAction\":[{\"@type\":\"SearchAction\",\"target\":{\"@type\":\"EntryPoint\",\"urlTemplate\":\"https:\/\/blog.zeit.de\/stoerungsmelder\/?s={search_term_string}\"},\"query-input\":\"required name=search_term_string\"}],\"inLanguage\":\"de\"},{\"@type\":\"Person\",\"@id\":\"https:\/\/blog.zeit.de\/stoerungsmelder\/#\/schema\/person\/1898e9a6d47b4737da2c4fca74a10552\",\"name\":\"Patrick Gensing\",\"image\":{\"@type\":\"ImageObject\",\"inLanguage\":\"de\",\"@id\":\"https:\/\/blog.zeit.de\/stoerungsmelder\/#\/schema\/person\/image\/\",\"url\":\"https:\/\/secure.gravatar.com\/avatar\/a7a6fc628ed4dd7517525b944e2a8b13f64804f428d399d781f8dd0c4651643a?s=96&d=mm&r=pg\",\"contentUrl\":\"https:\/\/secure.gravatar.com\/avatar\/a7a6fc628ed4dd7517525b944e2a8b13f64804f428d399d781f8dd0c4651643a?s=96&d=mm&r=pg\",\"caption\":\"Patrick Gensing\"},\"description\":\"Journalist, Blogger, Buchautor - Patrick Gensing besch\u00e4ftigt sich seit seiner Jugend Ende der 1980er Jahre mit den Themen Neonazis, Rassismus und Antisemitismus. Seit rund zehn Jahren schreibt er als Journalist \u00fcber diese Themen, unter anderem bei tagesschau.de, bei Zeit-Online, in der taz - oder in dem Buch \\\"Terror von rechts\\\", das am 14. September 2012 erscheint.\",\"sameAs\":[\"http:\/\/publikative.org\"],\"url\":\"https:\/\/blog.zeit.de\/stoerungsmelder\/author\/patrick-gensing\"}]}<\/script>\n<!-- \/ Yoast SEO plugin. -->","yoast_head_json":{"title":"Was ist Rechtsextremismus eigentlich? - St\u00f6rungsmelder","robots":{"index":"index","follow":"follow","max-snippet":"max-snippet:-1","max-image-preview":"max-image-preview:large","max-video-preview":"max-video-preview:-1"},"canonical":"https:\/\/blog.zeit.de\/stoerungsmelder\/2007\/10\/31\/was-ist-rechtsextremismus-eigentlich_73","og_locale":"de_DE","og_type":"article","og_title":"Was ist Rechtsextremismus eigentlich? - St\u00f6rungsmelder","og_description":"Die humane Qualit\u00e4t einer Gesellschaft erkennt man nicht an Ethikdebatten in Feuilletons meinungsbildender Printmedien oder in Talkshows, sondern am Umgang mit schwachen Gruppen. (Quelle: Uni-Bielefeld) Was bedeutet Rechtsextremismus eigentlich? Rechtsextremismus ist eine Sammelbezeichnung f\u00fcr politische Orientierungen, Ideologien und Aktivit\u00e4ten, die den demokratischen Staat ablehnen und durch eine autorit\u00e4r gef\u00fchrte \u201eVolksgemeinschaft\u201c","og_url":"https:\/\/blog.zeit.de\/stoerungsmelder\/2007\/10\/31\/was-ist-rechtsextremismus-eigentlich_73","og_site_name":"St\u00f6rungsmelder","article_published_time":"2007-10-31T10:32:39+00:00","author":"Patrick Gensing","twitter_card":"summary_large_image","twitter_misc":{"Geschrieben von":"Patrick Gensing","Gesch\u00e4tzte Lesezeit":"3\u00a0Minuten"},"schema":{"@context":"https:\/\/schema.org","@graph":[{"@type":"WebPage","@id":"https:\/\/blog.zeit.de\/stoerungsmelder\/2007\/10\/31\/was-ist-rechtsextremismus-eigentlich_73","url":"https:\/\/blog.zeit.de\/stoerungsmelder\/2007\/10\/31\/was-ist-rechtsextremismus-eigentlich_73","name":"Was ist Rechtsextremismus eigentlich? - St\u00f6rungsmelder","isPartOf":{"@id":"https:\/\/blog.zeit.de\/stoerungsmelder\/#website"},"datePublished":"2007-10-31T10:32:39+00:00","dateModified":"2007-10-31T10:32:39+00:00","author":{"@id":"https:\/\/blog.zeit.de\/stoerungsmelder\/#\/schema\/person\/1898e9a6d47b4737da2c4fca74a10552"},"breadcrumb":{"@id":"https:\/\/blog.zeit.de\/stoerungsmelder\/2007\/10\/31\/was-ist-rechtsextremismus-eigentlich_73#breadcrumb"},"inLanguage":"de","potentialAction":[{"@type":"ReadAction","target":["https:\/\/blog.zeit.de\/stoerungsmelder\/2007\/10\/31\/was-ist-rechtsextremismus-eigentlich_73"]}]},{"@type":"BreadcrumbList","@id":"https:\/\/blog.zeit.de\/stoerungsmelder\/2007\/10\/31\/was-ist-rechtsextremismus-eigentlich_73#breadcrumb","itemListElement":[{"@type":"ListItem","position":1,"name":"Startseite","item":"https:\/\/blog.zeit.de\/stoerungsmelder"},{"@type":"ListItem","position":2,"name":"Was ist Rechtsextremismus eigentlich?"}]},{"@type":"WebSite","@id":"https:\/\/blog.zeit.de\/stoerungsmelder\/#website","url":"https:\/\/blog.zeit.de\/stoerungsmelder\/","name":"St\u00f6rungsmelder","description":"Recherchen und Analysen \u00fcber die extreme Rechte","potentialAction":[{"@type":"SearchAction","target":{"@type":"EntryPoint","urlTemplate":"https:\/\/blog.zeit.de\/stoerungsmelder\/?s={search_term_string}"},"query-input":"required name=search_term_string"}],"inLanguage":"de"},{"@type":"Person","@id":"https:\/\/blog.zeit.de\/stoerungsmelder\/#\/schema\/person\/1898e9a6d47b4737da2c4fca74a10552","name":"Patrick Gensing","image":{"@type":"ImageObject","inLanguage":"de","@id":"https:\/\/blog.zeit.de\/stoerungsmelder\/#\/schema\/person\/image\/","url":"https:\/\/secure.gravatar.com\/avatar\/a7a6fc628ed4dd7517525b944e2a8b13f64804f428d399d781f8dd0c4651643a?s=96&d=mm&r=pg","contentUrl":"https:\/\/secure.gravatar.com\/avatar\/a7a6fc628ed4dd7517525b944e2a8b13f64804f428d399d781f8dd0c4651643a?s=96&d=mm&r=pg","caption":"Patrick Gensing"},"description":"Journalist, Blogger, Buchautor - Patrick Gensing besch\u00e4ftigt sich seit seiner Jugend Ende der 1980er Jahre mit den Themen Neonazis, Rassismus und Antisemitismus. Seit rund zehn Jahren schreibt er als Journalist \u00fcber diese Themen, unter anderem bei tagesschau.de, bei Zeit-Online, in der taz - oder in dem Buch \"Terror von rechts\", das am 14. September 2012 erscheint.","sameAs":["http:\/\/publikative.org"],"url":"https:\/\/blog.zeit.de\/stoerungsmelder\/author\/patrick-gensing"}]}},"jetpack_featured_media_url":"","jetpack_sharing_enabled":true,"_links":{"self":[{"href":"https:\/\/blog.zeit.de\/stoerungsmelder\/wp-json\/wp\/v2\/posts\/73","targetHints":{"allow":["GET"]}}],"collection":[{"href":"https:\/\/blog.zeit.de\/stoerungsmelder\/wp-json\/wp\/v2\/posts"}],"about":[{"href":"https:\/\/blog.zeit.de\/stoerungsmelder\/wp-json\/wp\/v2\/types\/post"}],"author":[{"embeddable":true,"href":"https:\/\/blog.zeit.de\/stoerungsmelder\/wp-json\/wp\/v2\/users\/227"}],"replies":[{"embeddable":true,"href":"https:\/\/blog.zeit.de\/stoerungsmelder\/wp-json\/wp\/v2\/comments?post=73"}],"version-history":[{"count":0,"href":"https:\/\/blog.zeit.de\/stoerungsmelder\/wp-json\/wp\/v2\/posts\/73\/revisions"}],"wp:attachment":[{"href":"https:\/\/blog.zeit.de\/stoerungsmelder\/wp-json\/wp\/v2\/media?parent=73"}],"wp:term":[{"taxonomy":"category","embeddable":true,"href":"https:\/\/blog.zeit.de\/stoerungsmelder\/wp-json\/wp\/v2\/categories?post=73"},{"taxonomy":"post_tag","embeddable":true,"href":"https:\/\/blog.zeit.de\/stoerungsmelder\/wp-json\/wp\/v2\/tags?post=73"}],"curies":[{"name":"wp","href":"https:\/\/api.w.org\/{rel}","templated":true}]}}