{"id":7308,"date":"2011-10-07T11:59:14","date_gmt":"2011-10-07T09:59:14","guid":{"rendered":"http:\/\/blog.zeit.de\/stoerungsmelder\/?p=7308"},"modified":"2017-07-08T16:38:25","modified_gmt":"2017-07-08T14:38:25","slug":"julius-hirsch-preis-fur-storungsmelder-autor-thomas-hitzlsperger","status":"publish","type":"post","link":"https:\/\/blog.zeit.de\/stoerungsmelder\/2011\/10\/07\/julius-hirsch-preis-fur-storungsmelder-autor-thomas-hitzlsperger_7308","title":{"rendered":"Julius-Hirsch-Preis f\u00fcr St\u00f6rungsmelder-Autor Thomas Hitzlsperger"},"content":{"rendered":"<p><a href=\"https:\/\/blog.zeit.de\/stoerungsmelder\/files\/2010\/04\/thomas-hitzlsperger.jpg\"><img loading=\"lazy\" decoding=\"async\" class=\"alignleft size-full wp-image-7007\" src=\"https:\/\/blog.zeit.de\/stoerungsmelder\/files\/2010\/04\/thomas-hitzlsperger.jpg\" alt=\"\" width=\"180\" height=\"240\" \/><\/a><\/p>\n<p>F\u00fcr sein Engagement gegen Antisemitismus und Rassismus, unter anderem beim St\u00f6rungsmelders, erh\u00e4lt der 52-malige Fu\u00dfball-Nationalspieler Thomas Hitzlsperger den <a href=\"http:\/\/www.dfb.de\/index.php?id=501067\">\u201cJulius-Hirsch-Ehrenpreis 2011\u201c<\/a>. Die St\u00f6rungsmelder-Redaktion gratuliert unserem Autor und w\u00fcnscht ihm weiterhin alles Gute.<!--more--><\/p>\n<p>\u00dcber die Ehrung entschied eine Jury unter Vorsitz von DFB-Pr\u00e4sident Theo Zwanziger. Seit 2005 zeichnet der Deutsche Fu\u00dfball-Bund Personen, Initiativen und Vereine aus, die sich gegen Ausgrenzung, Antisemitismus und Rassismus engagieren. Hitzlsperger wird die Auszeichnung im Rahmen des \u201cJulius-Hirsch-Preises\u201c am 11. Oktober in D\u00fcsseldorf entgegen nehmen.<\/p>\n<p>&#8222;Ich m\u00f6chte dazu beitragen, dass Nazis vor allem im Profifu\u00dfball kein Bein auf den Boden bekommen&#8220;, begr\u00fcndet Hitzlsperger sein Engagement gegen Rechts. Au\u00dferdem engagiert sich der Bundesliga-Profi des VfL Wolfsburg seit vielen Jahren als Botschafter f\u00fcr die Kampagne <a href=\"http:\/\/www.gesichtzeigen.de\">\u201cGesicht zeigen!\u201c<\/a> und wirbt damit f\u00fcr ein weltoffenes Deutschland.<\/p>\n","protected":false},"excerpt":{"rendered":"<p>F\u00fcr sein Engagement gegen Antisemitismus und Rassismus, unter anderem beim St\u00f6rungsmelders, erh\u00e4lt der 52-malige Fu\u00dfball-Nationalspieler Thomas Hitzlsperger den \u201cJulius-Hirsch-Ehrenpreis 2011\u201c. Die St\u00f6rungsmelder-Redaktion gratuliert unserem Autor und w\u00fcnscht ihm weiterhin alles Gute.<\/p>\n","protected":false},"author":229,"featured_media":0,"comment_status":"open","ping_status":"open","sticky":false,"template":"","format":"standard","meta":{"_jetpack_memberships_contains_paid_content":false,"footnotes":""},"categories":[1515],"tags":[1368,12728],"class_list":["post-7308","post","type-post","status-publish","format-standard","hentry","category-bundesweit","tag-dfb","tag-thomas-hitzlsperger"],"yoast_head":"<!-- This site is optimized with the Yoast SEO plugin v21.0 - https:\/\/yoast.com\/wordpress\/plugins\/seo\/ -->\n<title>Julius-Hirsch-Preis f\u00fcr St\u00f6rungsmelder-Autor Thomas Hitzlsperger - St\u00f6rungsmelder<\/title>\n<meta name=\"robots\" content=\"index, follow, max-snippet:-1, max-image-preview:large, max-video-preview:-1\" \/>\n<link rel=\"canonical\" href=\"https:\/\/blog.zeit.de\/stoerungsmelder\/2011\/10\/07\/julius-hirsch-preis-fur-storungsmelder-autor-thomas-hitzlsperger_7308\" \/>\n<meta property=\"og:locale\" content=\"de_DE\" \/>\n<meta property=\"og:type\" content=\"article\" \/>\n<meta property=\"og:title\" content=\"Julius-Hirsch-Preis f\u00fcr St\u00f6rungsmelder-Autor Thomas Hitzlsperger - St\u00f6rungsmelder\" \/>\n<meta property=\"og:description\" content=\"F\u00fcr sein Engagement gegen Antisemitismus und Rassismus, unter anderem beim St\u00f6rungsmelders, erh\u00e4lt der 52-malige Fu\u00dfball-Nationalspieler Thomas Hitzlsperger den \u201cJulius-Hirsch-Ehrenpreis 2011\u201c. Die St\u00f6rungsmelder-Redaktion gratuliert unserem Autor und w\u00fcnscht ihm weiterhin alles Gute.\" \/>\n<meta property=\"og:url\" content=\"https:\/\/blog.zeit.de\/stoerungsmelder\/2011\/10\/07\/julius-hirsch-preis-fur-storungsmelder-autor-thomas-hitzlsperger_7308\" \/>\n<meta property=\"og:site_name\" content=\"St\u00f6rungsmelder\" \/>\n<meta property=\"article:published_time\" content=\"2011-10-07T09:59:14+00:00\" \/>\n<meta property=\"article:modified_time\" content=\"2017-07-08T14:38:25+00:00\" \/>\n<meta property=\"og:image\" content=\"https:\/\/blog.zeit.de\/stoerungsmelder\/files\/2010\/04\/thomas-hitzlsperger.jpg\" \/>\n<meta name=\"author\" content=\"St\u00f6rungsmelder\" \/>\n<meta name=\"twitter:card\" content=\"summary_large_image\" \/>\n<meta name=\"twitter:label1\" content=\"Geschrieben von\" \/>\n\t<meta name=\"twitter:data1\" content=\"St\u00f6rungsmelder\" \/>\n\t<meta name=\"twitter:label2\" content=\"Gesch\u00e4tzte Lesezeit\" \/>\n\t<meta name=\"twitter:data2\" content=\"1\u00a0Minute\" \/>\n<script type=\"application\/ld+json\" class=\"yoast-schema-graph\">{\"@context\":\"https:\/\/schema.org\",\"@graph\":[{\"@type\":\"WebPage\",\"@id\":\"https:\/\/blog.zeit.de\/stoerungsmelder\/2011\/10\/07\/julius-hirsch-preis-fur-storungsmelder-autor-thomas-hitzlsperger_7308\",\"url\":\"https:\/\/blog.zeit.de\/stoerungsmelder\/2011\/10\/07\/julius-hirsch-preis-fur-storungsmelder-autor-thomas-hitzlsperger_7308\",\"name\":\"Julius-Hirsch-Preis f\u00fcr St\u00f6rungsmelder-Autor Thomas Hitzlsperger - St\u00f6rungsmelder\",\"isPartOf\":{\"@id\":\"https:\/\/blog.zeit.de\/stoerungsmelder\/#website\"},\"datePublished\":\"2011-10-07T09:59:14+00:00\",\"dateModified\":\"2017-07-08T14:38:25+00:00\",\"author\":{\"@id\":\"https:\/\/blog.zeit.de\/stoerungsmelder\/#\/schema\/person\/fdd0b9818f65738672810b6d6f037f71\"},\"breadcrumb\":{\"@id\":\"https:\/\/blog.zeit.de\/stoerungsmelder\/2011\/10\/07\/julius-hirsch-preis-fur-storungsmelder-autor-thomas-hitzlsperger_7308#breadcrumb\"},\"inLanguage\":\"de\",\"potentialAction\":[{\"@type\":\"ReadAction\",\"target\":[\"https:\/\/blog.zeit.de\/stoerungsmelder\/2011\/10\/07\/julius-hirsch-preis-fur-storungsmelder-autor-thomas-hitzlsperger_7308\"]}]},{\"@type\":\"BreadcrumbList\",\"@id\":\"https:\/\/blog.zeit.de\/stoerungsmelder\/2011\/10\/07\/julius-hirsch-preis-fur-storungsmelder-autor-thomas-hitzlsperger_7308#breadcrumb\",\"itemListElement\":[{\"@type\":\"ListItem\",\"position\":1,\"name\":\"Startseite\",\"item\":\"https:\/\/blog.zeit.de\/stoerungsmelder\"},{\"@type\":\"ListItem\",\"position\":2,\"name\":\"Julius-Hirsch-Preis f\u00fcr St\u00f6rungsmelder-Autor Thomas Hitzlsperger\"}]},{\"@type\":\"WebSite\",\"@id\":\"https:\/\/blog.zeit.de\/stoerungsmelder\/#website\",\"url\":\"https:\/\/blog.zeit.de\/stoerungsmelder\/\",\"name\":\"St\u00f6rungsmelder\",\"description\":\"Recherchen und Analysen \u00fcber die extreme Rechte\",\"potentialAction\":[{\"@type\":\"SearchAction\",\"target\":{\"@type\":\"EntryPoint\",\"urlTemplate\":\"https:\/\/blog.zeit.de\/stoerungsmelder\/?s={search_term_string}\"},\"query-input\":\"required name=search_term_string\"}],\"inLanguage\":\"de\"},{\"@type\":\"Person\",\"@id\":\"https:\/\/blog.zeit.de\/stoerungsmelder\/#\/schema\/person\/fdd0b9818f65738672810b6d6f037f71\",\"name\":\"St\u00f6rungsmelder\",\"image\":{\"@type\":\"ImageObject\",\"inLanguage\":\"de\",\"@id\":\"https:\/\/blog.zeit.de\/stoerungsmelder\/#\/schema\/person\/image\/\",\"url\":\"https:\/\/secure.gravatar.com\/avatar\/dfa4be514c3e82a71e4f9a0020035d38192d080ccaa5e4e6d7a1472c763535c5?s=96&d=mm&r=pg\",\"contentUrl\":\"https:\/\/secure.gravatar.com\/avatar\/dfa4be514c3e82a71e4f9a0020035d38192d080ccaa5e4e6d7a1472c763535c5?s=96&d=mm&r=pg\",\"caption\":\"St\u00f6rungsmelder\"},\"url\":\"https:\/\/blog.zeit.de\/stoerungsmelder\/author\/stoerungsmelder\"}]}<\/script>\n<!-- \/ Yoast SEO plugin. -->","yoast_head_json":{"title":"Julius-Hirsch-Preis f\u00fcr St\u00f6rungsmelder-Autor Thomas Hitzlsperger - St\u00f6rungsmelder","robots":{"index":"index","follow":"follow","max-snippet":"max-snippet:-1","max-image-preview":"max-image-preview:large","max-video-preview":"max-video-preview:-1"},"canonical":"https:\/\/blog.zeit.de\/stoerungsmelder\/2011\/10\/07\/julius-hirsch-preis-fur-storungsmelder-autor-thomas-hitzlsperger_7308","og_locale":"de_DE","og_type":"article","og_title":"Julius-Hirsch-Preis f\u00fcr St\u00f6rungsmelder-Autor Thomas Hitzlsperger - St\u00f6rungsmelder","og_description":"F\u00fcr sein Engagement gegen Antisemitismus und Rassismus, unter anderem beim St\u00f6rungsmelders, erh\u00e4lt der 52-malige Fu\u00dfball-Nationalspieler Thomas Hitzlsperger den \u201cJulius-Hirsch-Ehrenpreis 2011\u201c. Die St\u00f6rungsmelder-Redaktion gratuliert unserem Autor und w\u00fcnscht ihm weiterhin alles Gute.","og_url":"https:\/\/blog.zeit.de\/stoerungsmelder\/2011\/10\/07\/julius-hirsch-preis-fur-storungsmelder-autor-thomas-hitzlsperger_7308","og_site_name":"St\u00f6rungsmelder","article_published_time":"2011-10-07T09:59:14+00:00","article_modified_time":"2017-07-08T14:38:25+00:00","og_image":[{"url":"https:\/\/blog.zeit.de\/stoerungsmelder\/files\/2010\/04\/thomas-hitzlsperger.jpg"}],"author":"St\u00f6rungsmelder","twitter_card":"summary_large_image","twitter_misc":{"Geschrieben von":"St\u00f6rungsmelder","Gesch\u00e4tzte Lesezeit":"1\u00a0Minute"},"schema":{"@context":"https:\/\/schema.org","@graph":[{"@type":"WebPage","@id":"https:\/\/blog.zeit.de\/stoerungsmelder\/2011\/10\/07\/julius-hirsch-preis-fur-storungsmelder-autor-thomas-hitzlsperger_7308","url":"https:\/\/blog.zeit.de\/stoerungsmelder\/2011\/10\/07\/julius-hirsch-preis-fur-storungsmelder-autor-thomas-hitzlsperger_7308","name":"Julius-Hirsch-Preis f\u00fcr St\u00f6rungsmelder-Autor Thomas Hitzlsperger - St\u00f6rungsmelder","isPartOf":{"@id":"https:\/\/blog.zeit.de\/stoerungsmelder\/#website"},"datePublished":"2011-10-07T09:59:14+00:00","dateModified":"2017-07-08T14:38:25+00:00","author":{"@id":"https:\/\/blog.zeit.de\/stoerungsmelder\/#\/schema\/person\/fdd0b9818f65738672810b6d6f037f71"},"breadcrumb":{"@id":"https:\/\/blog.zeit.de\/stoerungsmelder\/2011\/10\/07\/julius-hirsch-preis-fur-storungsmelder-autor-thomas-hitzlsperger_7308#breadcrumb"},"inLanguage":"de","potentialAction":[{"@type":"ReadAction","target":["https:\/\/blog.zeit.de\/stoerungsmelder\/2011\/10\/07\/julius-hirsch-preis-fur-storungsmelder-autor-thomas-hitzlsperger_7308"]}]},{"@type":"BreadcrumbList","@id":"https:\/\/blog.zeit.de\/stoerungsmelder\/2011\/10\/07\/julius-hirsch-preis-fur-storungsmelder-autor-thomas-hitzlsperger_7308#breadcrumb","itemListElement":[{"@type":"ListItem","position":1,"name":"Startseite","item":"https:\/\/blog.zeit.de\/stoerungsmelder"},{"@type":"ListItem","position":2,"name":"Julius-Hirsch-Preis f\u00fcr St\u00f6rungsmelder-Autor Thomas Hitzlsperger"}]},{"@type":"WebSite","@id":"https:\/\/blog.zeit.de\/stoerungsmelder\/#website","url":"https:\/\/blog.zeit.de\/stoerungsmelder\/","name":"St\u00f6rungsmelder","description":"Recherchen und Analysen \u00fcber die extreme Rechte","potentialAction":[{"@type":"SearchAction","target":{"@type":"EntryPoint","urlTemplate":"https:\/\/blog.zeit.de\/stoerungsmelder\/?s={search_term_string}"},"query-input":"required name=search_term_string"}],"inLanguage":"de"},{"@type":"Person","@id":"https:\/\/blog.zeit.de\/stoerungsmelder\/#\/schema\/person\/fdd0b9818f65738672810b6d6f037f71","name":"St\u00f6rungsmelder","image":{"@type":"ImageObject","inLanguage":"de","@id":"https:\/\/blog.zeit.de\/stoerungsmelder\/#\/schema\/person\/image\/","url":"https:\/\/secure.gravatar.com\/avatar\/dfa4be514c3e82a71e4f9a0020035d38192d080ccaa5e4e6d7a1472c763535c5?s=96&d=mm&r=pg","contentUrl":"https:\/\/secure.gravatar.com\/avatar\/dfa4be514c3e82a71e4f9a0020035d38192d080ccaa5e4e6d7a1472c763535c5?s=96&d=mm&r=pg","caption":"St\u00f6rungsmelder"},"url":"https:\/\/blog.zeit.de\/stoerungsmelder\/author\/stoerungsmelder"}]}},"jetpack_featured_media_url":"","jetpack_sharing_enabled":true,"_links":{"self":[{"href":"https:\/\/blog.zeit.de\/stoerungsmelder\/wp-json\/wp\/v2\/posts\/7308","targetHints":{"allow":["GET"]}}],"collection":[{"href":"https:\/\/blog.zeit.de\/stoerungsmelder\/wp-json\/wp\/v2\/posts"}],"about":[{"href":"https:\/\/blog.zeit.de\/stoerungsmelder\/wp-json\/wp\/v2\/types\/post"}],"author":[{"embeddable":true,"href":"https:\/\/blog.zeit.de\/stoerungsmelder\/wp-json\/wp\/v2\/users\/229"}],"replies":[{"embeddable":true,"href":"https:\/\/blog.zeit.de\/stoerungsmelder\/wp-json\/wp\/v2\/comments?post=7308"}],"version-history":[{"count":2,"href":"https:\/\/blog.zeit.de\/stoerungsmelder\/wp-json\/wp\/v2\/posts\/7308\/revisions"}],"predecessor-version":[{"id":7310,"href":"https:\/\/blog.zeit.de\/stoerungsmelder\/wp-json\/wp\/v2\/posts\/7308\/revisions\/7310"}],"wp:attachment":[{"href":"https:\/\/blog.zeit.de\/stoerungsmelder\/wp-json\/wp\/v2\/media?parent=7308"}],"wp:term":[{"taxonomy":"category","embeddable":true,"href":"https:\/\/blog.zeit.de\/stoerungsmelder\/wp-json\/wp\/v2\/categories?post=7308"},{"taxonomy":"post_tag","embeddable":true,"href":"https:\/\/blog.zeit.de\/stoerungsmelder\/wp-json\/wp\/v2\/tags?post=7308"}],"curies":[{"name":"wp","href":"https:\/\/api.w.org\/{rel}","templated":true}]}}