{"id":7334,"date":"2011-10-13T15:27:29","date_gmt":"2011-10-13T13:27:29","guid":{"rendered":"http:\/\/blog.zeit.de\/stoerungsmelder\/?p=7334"},"modified":"2017-07-08T16:38:23","modified_gmt":"2017-07-08T14:38:23","slug":"demokratie-mit-der-brechstange","status":"publish","type":"post","link":"https:\/\/blog.zeit.de\/stoerungsmelder\/2011\/10\/13\/demokratie-mit-der-brechstange_7334","title":{"rendered":"Demokratie mit der Brechstange"},"content":{"rendered":"<p><figure id=\"attachment_5347\" aria-describedby=\"caption-attachment-5347\" style=\"width: 540px\" class=\"wp-caption aligncenter\"><a href=\"https:\/\/blog.zeit.de\/stoerungsmelder\/files\/2011\/01\/dresden2010-5401.jpg\"><img loading=\"lazy\" decoding=\"async\" class=\"size-full wp-image-5347\" src=\"https:\/\/blog.zeit.de\/stoerungsmelder\/files\/2011\/01\/dresden2010-5401.jpg\" alt=\"\" width=\"540\" height=\"200\" srcset=\"https:\/\/blog.zeit.de\/stoerungsmelder\/files\/2011\/01\/dresden2010-5401.jpg 540w, https:\/\/blog.zeit.de\/stoerungsmelder\/files\/2011\/01\/dresden2010-5401-300x111.jpg 300w\" sizes=\"auto, (max-width: 540px) 100vw, 540px\" \/><\/a><figcaption id=\"caption-attachment-5347\" class=\"wp-caption-text\">10 Stunden sa\u00dfen die Sitzblockierer im vergangenen Jahr bei Minusgraden auf der Stra\u00dfe, um den Aufmarsch zu stoppen \u00a9 Matthias Zickrow<\/figcaption><\/figure><\/p>\n<p>Ein Parteib\u00fcro, das angeblich als Schaltzentrale gewaltt\u00e4tiger Aktionen gegen den j\u00e4hrlichen Naziaufmarsch in Dresden gedient haben soll. Ein <a href=\"https:\/\/blog.zeit.de\/stoerungsmelder\/2011\/08\/10\/nach-dresden-blockaden-hausdurchsuchung-bei-pfarrer-in-jena_6917\">protestantischer Jugendpfarrer<\/a>, der verd\u00e4chtigt wird, Mitglied einer hochkriminellen Vereinigung von Antifaschisten zu sein. Dann die juristisch \u00e4u\u00dferst fragw\u00fcrdige Handy\u00fcberwachung Zehntausender B\u00fcrger und jetzt die <a href=\"http:\/\/www.zeit.de\/politik\/deutschland\/2011-10\/sachsen-linke-hahn\">Aufhebung der Immunit\u00e4t des s\u00e4chsischen Linksfraktionschef Andr\u00e9 Hahn<\/a>. Das Wort Rechtsstaat klingt in Sachsen bisweilen wie Hohn. Stattdessen: Rechtsbr\u00fcche, Willk\u00fcr und eine gezielte Kriminalisierung von friedlichen Protesten gegen den gr\u00f6\u00dften Naziaufmarsch Europas.<!--more--><\/p>\n<p>Mehrfach wurde die s\u00e4chsische Justiz f\u00fcr ihre Alleing\u00e4nge von vielen Seiten scharf kritisiert und von Richtern zurechtgewiesen. Das absurde Ermittlungsverfahren wegen Bildung einer kriminellen Vereinigung gegen Pfarrer Lothar K\u00f6nig <a href=\"http:\/\/www.zeit.de\/2011\/38\/S-Saechsische-Demokratie\">wurde eingestellt<\/a>. Erst vor wenigen Tagen stellte zudem ein Gericht fest, dass die Razzia im Parteib\u00fcro der Linken rechtswidrig war. \u00dcber 120 vermummte Polizisten hatten <a href=\"https:\/\/blog.zeit.de\/stoerungsmelder\/2011\/02\/22\/dresden-nazifrei-presseburo-in-scherben_5768\">das Geb\u00e4ude am 19. Februar gest\u00fcrmt<\/a> und die T\u00fcren mit Kettens\u00e4gen und Brechstangen zerst\u00f6rt. Den Schaden in H\u00f6he von 5600 Euro muss der Freistaat jetzt ersetzen. Der Schaden, den das Vertrauen der B\u00fcrger in die Demokratie genommen hat, wird weitaus schwieriger wieder gut zu machen sein.<\/p>\n<p>Die Dresdner Staatsanwaltschaft reagiert auf jegliche Kritik bislang abweisend und genervt. \u201eEs ist die Pflicht eines Ermittlers, daf\u00fcr zu sorgen, dass Sachverhalte aufgekl\u00e4rt werden\u201c, sagt Generalstaatsanwalt Klaus Fleischmann. Davon, dass seine Beh\u00f6rde dabei offensichtlich immer wieder \u00fcber die Str\u00e4nge schl\u00e4gt, will er nichts h\u00f6ren.<\/p>\n<p>F\u00fcr viele entsteht deshalb der Eindruck, dass die Beh\u00f6rden in Sachsen auf dem \u201erechten Auge blind\u201c sind. Die Frage, weshalb es bereits Dutzende Hausdurchsuchungen gegen Gegendemonstranten, aber noch kaum Ermittlungserfolge* wegen des brutalen Angriffs von 120 Neonazis auf das alternative Wohnprojekt \u201ePraxis\u201c am Rande des Aufmarsches gab, muss sich die Staatsanwaltschaft vorhalten lassen.<\/p>\n<p>Politiker Hahn hat recht, wenn er jetzt betont, dass es ist weiterhin legitim und richtig sei, &#8222;sich gegen derartige Aufm\u00e4rsche mit friedlichen Mitteln zur Wehr zu setzen&#8220;. F\u00fcr die Dresdner Zivilgesellschaft, die in den vergangenen Jahren <a href=\"http:\/\/www.zeit.de\/2011\/07\/S-13-Februar\">erstmals erfolgreich die Pl\u00e4ne der Rechtsextremen durchkreuzt<\/a> hat, die Stadt f\u00fcr einen Tag in eine &#8222;national befreite Zone&#8220; zu verwandeln, ist es wichtig, auch von Politikern Unterst\u00fctzung zu erhalten. Schlie\u00dflich kann sich der Kampf gegen Rechtsextremismus nicht allein auf Aufkl\u00e4rung und \u00c4chtung beschr\u00e4nken. Dresden ist das zentrale Ereignis f\u00fcr die rechtsextreme Szene in Europa. Bedrohlich f\u00fcr die Demokratie sind nicht engagierte Menschen, die den Naziaufmarsch verhindern wollen, sondern die Tatsache, dass die Stadt jahrelang im Februar den Neonazis \u00fcberlassen wurde. Nur so konnte der Aufmarsch \u00fcberhaupt erst zu dem Nazi-Massenevent werden.<\/p>\n<p>Dass die CDU\/FDP-Koalition Hahns Immunit\u00e4t auch noch ausgerechnet mit Hilfe der Stimmen der verfassungsfeindlichen NPD aufgehoben hat, ist nicht nur f\u00fcr die B\u00fcrger Dresdens ein besorgniserregendes Signal. F\u00fcr die Staatsanwaltschaft gilt Hahn als \u201eR\u00e4delsf\u00fchrer\u201c einer Sitzblockade. Bei den zehntausenden Menschen, die sich im kommenden Februar wieder bei Minusgraden f\u00fcr Demokratie und gegen Rechtsextremismus in Dresden auf die Stra\u00dfe setzen werden, kommt eine ganz andere Nachricht an: Wer sich engagiert gilt per se als kriminell und vom Staat, der die Demokratie vor den Rechten sch\u00fctzen sollte, ist keine Hilfe zu erwarten.<\/p>\n<p>&nbsp;<\/p>\n<p><em>*Hier stand urspr\u00fcnglich &#8222;keine einzige&#8220;. Die Stelle wurde korrigiert, weil inzwischen klar ist, dass es am Donnerstag auch sechs Durchsuchungen bei Neonazis gab. Als der Kommentar geschrieben wurde, war dieser Sachstand aber noch nicht bekannt.<\/em><\/p>\n<p><img alt=\"\" \/><\/p>\n","protected":false},"excerpt":{"rendered":"<p>Ein Parteib\u00fcro, das angeblich als Schaltzentrale gewaltt\u00e4tiger Aktionen gegen den j\u00e4hrlichen Naziaufmarsch in Dresden gedient haben soll. Ein protestantischer Jugendpfarrer, der verd\u00e4chtigt wird, Mitglied einer hochkriminellen Vereinigung von Antifaschisten zu sein. Dann die juristisch \u00e4u\u00dferst fragw\u00fcrdige Handy\u00fcberwachung Zehntausender B\u00fcrger und jetzt die Aufhebung der Immunit\u00e4t des s\u00e4chsischen Linksfraktionschef Andr\u00e9 Hahn. Das Wort Rechtsstaat klingt in [&hellip;]<\/p>\n","protected":false},"author":229,"featured_media":0,"comment_status":"open","ping_status":"open","sticky":false,"template":"","format":"standard","meta":{"_jetpack_memberships_contains_paid_content":false,"footnotes":""},"categories":[1456],"tags":[12730,1539,1638,1707,1716,1752,1858],"class_list":["post-7334","post","type-post","status-publish","format-standard","hentry","category-sachsen","tag-andre-hahn","tag-dresden","tag-justiz","tag-naziaufmarsch","tag-npd","tag-protest","tag-zivilcourage"],"yoast_head":"<!-- This site is optimized with the Yoast SEO plugin v21.0 - https:\/\/yoast.com\/wordpress\/plugins\/seo\/ -->\n<title>Demokratie mit der Brechstange - St\u00f6rungsmelder<\/title>\n<meta name=\"robots\" content=\"index, follow, max-snippet:-1, max-image-preview:large, max-video-preview:-1\" \/>\n<link rel=\"canonical\" href=\"https:\/\/blog.zeit.de\/stoerungsmelder\/2011\/10\/13\/demokratie-mit-der-brechstange_7334\" \/>\n<meta property=\"og:locale\" content=\"de_DE\" \/>\n<meta property=\"og:type\" content=\"article\" \/>\n<meta property=\"og:title\" content=\"Demokratie mit der Brechstange - St\u00f6rungsmelder\" \/>\n<meta property=\"og:description\" content=\"Ein Parteib\u00fcro, das angeblich als Schaltzentrale gewaltt\u00e4tiger Aktionen gegen den j\u00e4hrlichen Naziaufmarsch in Dresden gedient haben soll. Ein protestantischer Jugendpfarrer, der verd\u00e4chtigt wird, Mitglied einer hochkriminellen Vereinigung von Antifaschisten zu sein. Dann die juristisch \u00e4u\u00dferst fragw\u00fcrdige Handy\u00fcberwachung Zehntausender B\u00fcrger und jetzt die Aufhebung der Immunit\u00e4t des s\u00e4chsischen Linksfraktionschef Andr\u00e9 Hahn. Das Wort Rechtsstaat klingt in [&hellip;]\" \/>\n<meta property=\"og:url\" content=\"https:\/\/blog.zeit.de\/stoerungsmelder\/2011\/10\/13\/demokratie-mit-der-brechstange_7334\" \/>\n<meta property=\"og:site_name\" content=\"St\u00f6rungsmelder\" \/>\n<meta property=\"article:published_time\" content=\"2011-10-13T13:27:29+00:00\" \/>\n<meta property=\"article:modified_time\" content=\"2017-07-08T14:38:23+00:00\" \/>\n<meta property=\"og:image\" content=\"https:\/\/blog.zeit.de\/stoerungsmelder\/files\/2011\/01\/dresden2010-5401.jpg\" \/>\n<meta name=\"author\" content=\"St\u00f6rungsmelder\" \/>\n<meta name=\"twitter:card\" content=\"summary_large_image\" \/>\n<meta name=\"twitter:label1\" content=\"Geschrieben von\" \/>\n\t<meta name=\"twitter:data1\" content=\"St\u00f6rungsmelder\" \/>\n\t<meta name=\"twitter:label2\" content=\"Gesch\u00e4tzte Lesezeit\" \/>\n\t<meta name=\"twitter:data2\" content=\"3\u00a0Minuten\" \/>\n<script type=\"application\/ld+json\" class=\"yoast-schema-graph\">{\"@context\":\"https:\/\/schema.org\",\"@graph\":[{\"@type\":\"WebPage\",\"@id\":\"https:\/\/blog.zeit.de\/stoerungsmelder\/2011\/10\/13\/demokratie-mit-der-brechstange_7334\",\"url\":\"https:\/\/blog.zeit.de\/stoerungsmelder\/2011\/10\/13\/demokratie-mit-der-brechstange_7334\",\"name\":\"Demokratie mit der Brechstange - St\u00f6rungsmelder\",\"isPartOf\":{\"@id\":\"https:\/\/blog.zeit.de\/stoerungsmelder\/#website\"},\"datePublished\":\"2011-10-13T13:27:29+00:00\",\"dateModified\":\"2017-07-08T14:38:23+00:00\",\"author\":{\"@id\":\"https:\/\/blog.zeit.de\/stoerungsmelder\/#\/schema\/person\/fdd0b9818f65738672810b6d6f037f71\"},\"breadcrumb\":{\"@id\":\"https:\/\/blog.zeit.de\/stoerungsmelder\/2011\/10\/13\/demokratie-mit-der-brechstange_7334#breadcrumb\"},\"inLanguage\":\"de\",\"potentialAction\":[{\"@type\":\"ReadAction\",\"target\":[\"https:\/\/blog.zeit.de\/stoerungsmelder\/2011\/10\/13\/demokratie-mit-der-brechstange_7334\"]}]},{\"@type\":\"BreadcrumbList\",\"@id\":\"https:\/\/blog.zeit.de\/stoerungsmelder\/2011\/10\/13\/demokratie-mit-der-brechstange_7334#breadcrumb\",\"itemListElement\":[{\"@type\":\"ListItem\",\"position\":1,\"name\":\"Startseite\",\"item\":\"https:\/\/blog.zeit.de\/stoerungsmelder\"},{\"@type\":\"ListItem\",\"position\":2,\"name\":\"Demokratie mit der Brechstange\"}]},{\"@type\":\"WebSite\",\"@id\":\"https:\/\/blog.zeit.de\/stoerungsmelder\/#website\",\"url\":\"https:\/\/blog.zeit.de\/stoerungsmelder\/\",\"name\":\"St\u00f6rungsmelder\",\"description\":\"Recherchen und Analysen \u00fcber die extreme Rechte\",\"potentialAction\":[{\"@type\":\"SearchAction\",\"target\":{\"@type\":\"EntryPoint\",\"urlTemplate\":\"https:\/\/blog.zeit.de\/stoerungsmelder\/?s={search_term_string}\"},\"query-input\":\"required name=search_term_string\"}],\"inLanguage\":\"de\"},{\"@type\":\"Person\",\"@id\":\"https:\/\/blog.zeit.de\/stoerungsmelder\/#\/schema\/person\/fdd0b9818f65738672810b6d6f037f71\",\"name\":\"St\u00f6rungsmelder\",\"image\":{\"@type\":\"ImageObject\",\"inLanguage\":\"de\",\"@id\":\"https:\/\/blog.zeit.de\/stoerungsmelder\/#\/schema\/person\/image\/\",\"url\":\"https:\/\/secure.gravatar.com\/avatar\/dfa4be514c3e82a71e4f9a0020035d38192d080ccaa5e4e6d7a1472c763535c5?s=96&d=mm&r=pg\",\"contentUrl\":\"https:\/\/secure.gravatar.com\/avatar\/dfa4be514c3e82a71e4f9a0020035d38192d080ccaa5e4e6d7a1472c763535c5?s=96&d=mm&r=pg\",\"caption\":\"St\u00f6rungsmelder\"},\"url\":\"https:\/\/blog.zeit.de\/stoerungsmelder\/author\/stoerungsmelder\"}]}<\/script>\n<!-- \/ Yoast SEO plugin. -->","yoast_head_json":{"title":"Demokratie mit der Brechstange - St\u00f6rungsmelder","robots":{"index":"index","follow":"follow","max-snippet":"max-snippet:-1","max-image-preview":"max-image-preview:large","max-video-preview":"max-video-preview:-1"},"canonical":"https:\/\/blog.zeit.de\/stoerungsmelder\/2011\/10\/13\/demokratie-mit-der-brechstange_7334","og_locale":"de_DE","og_type":"article","og_title":"Demokratie mit der Brechstange - St\u00f6rungsmelder","og_description":"Ein Parteib\u00fcro, das angeblich als Schaltzentrale gewaltt\u00e4tiger Aktionen gegen den j\u00e4hrlichen Naziaufmarsch in Dresden gedient haben soll. Ein protestantischer Jugendpfarrer, der verd\u00e4chtigt wird, Mitglied einer hochkriminellen Vereinigung von Antifaschisten zu sein. Dann die juristisch \u00e4u\u00dferst fragw\u00fcrdige Handy\u00fcberwachung Zehntausender B\u00fcrger und jetzt die Aufhebung der Immunit\u00e4t des s\u00e4chsischen Linksfraktionschef Andr\u00e9 Hahn. Das Wort Rechtsstaat klingt in [&hellip;]","og_url":"https:\/\/blog.zeit.de\/stoerungsmelder\/2011\/10\/13\/demokratie-mit-der-brechstange_7334","og_site_name":"St\u00f6rungsmelder","article_published_time":"2011-10-13T13:27:29+00:00","article_modified_time":"2017-07-08T14:38:23+00:00","og_image":[{"url":"https:\/\/blog.zeit.de\/stoerungsmelder\/files\/2011\/01\/dresden2010-5401.jpg"}],"author":"St\u00f6rungsmelder","twitter_card":"summary_large_image","twitter_misc":{"Geschrieben von":"St\u00f6rungsmelder","Gesch\u00e4tzte Lesezeit":"3\u00a0Minuten"},"schema":{"@context":"https:\/\/schema.org","@graph":[{"@type":"WebPage","@id":"https:\/\/blog.zeit.de\/stoerungsmelder\/2011\/10\/13\/demokratie-mit-der-brechstange_7334","url":"https:\/\/blog.zeit.de\/stoerungsmelder\/2011\/10\/13\/demokratie-mit-der-brechstange_7334","name":"Demokratie mit der Brechstange - St\u00f6rungsmelder","isPartOf":{"@id":"https:\/\/blog.zeit.de\/stoerungsmelder\/#website"},"datePublished":"2011-10-13T13:27:29+00:00","dateModified":"2017-07-08T14:38:23+00:00","author":{"@id":"https:\/\/blog.zeit.de\/stoerungsmelder\/#\/schema\/person\/fdd0b9818f65738672810b6d6f037f71"},"breadcrumb":{"@id":"https:\/\/blog.zeit.de\/stoerungsmelder\/2011\/10\/13\/demokratie-mit-der-brechstange_7334#breadcrumb"},"inLanguage":"de","potentialAction":[{"@type":"ReadAction","target":["https:\/\/blog.zeit.de\/stoerungsmelder\/2011\/10\/13\/demokratie-mit-der-brechstange_7334"]}]},{"@type":"BreadcrumbList","@id":"https:\/\/blog.zeit.de\/stoerungsmelder\/2011\/10\/13\/demokratie-mit-der-brechstange_7334#breadcrumb","itemListElement":[{"@type":"ListItem","position":1,"name":"Startseite","item":"https:\/\/blog.zeit.de\/stoerungsmelder"},{"@type":"ListItem","position":2,"name":"Demokratie mit der Brechstange"}]},{"@type":"WebSite","@id":"https:\/\/blog.zeit.de\/stoerungsmelder\/#website","url":"https:\/\/blog.zeit.de\/stoerungsmelder\/","name":"St\u00f6rungsmelder","description":"Recherchen und Analysen \u00fcber die extreme Rechte","potentialAction":[{"@type":"SearchAction","target":{"@type":"EntryPoint","urlTemplate":"https:\/\/blog.zeit.de\/stoerungsmelder\/?s={search_term_string}"},"query-input":"required name=search_term_string"}],"inLanguage":"de"},{"@type":"Person","@id":"https:\/\/blog.zeit.de\/stoerungsmelder\/#\/schema\/person\/fdd0b9818f65738672810b6d6f037f71","name":"St\u00f6rungsmelder","image":{"@type":"ImageObject","inLanguage":"de","@id":"https:\/\/blog.zeit.de\/stoerungsmelder\/#\/schema\/person\/image\/","url":"https:\/\/secure.gravatar.com\/avatar\/dfa4be514c3e82a71e4f9a0020035d38192d080ccaa5e4e6d7a1472c763535c5?s=96&d=mm&r=pg","contentUrl":"https:\/\/secure.gravatar.com\/avatar\/dfa4be514c3e82a71e4f9a0020035d38192d080ccaa5e4e6d7a1472c763535c5?s=96&d=mm&r=pg","caption":"St\u00f6rungsmelder"},"url":"https:\/\/blog.zeit.de\/stoerungsmelder\/author\/stoerungsmelder"}]}},"jetpack_featured_media_url":"","jetpack_sharing_enabled":true,"_links":{"self":[{"href":"https:\/\/blog.zeit.de\/stoerungsmelder\/wp-json\/wp\/v2\/posts\/7334","targetHints":{"allow":["GET"]}}],"collection":[{"href":"https:\/\/blog.zeit.de\/stoerungsmelder\/wp-json\/wp\/v2\/posts"}],"about":[{"href":"https:\/\/blog.zeit.de\/stoerungsmelder\/wp-json\/wp\/v2\/types\/post"}],"author":[{"embeddable":true,"href":"https:\/\/blog.zeit.de\/stoerungsmelder\/wp-json\/wp\/v2\/users\/229"}],"replies":[{"embeddable":true,"href":"https:\/\/blog.zeit.de\/stoerungsmelder\/wp-json\/wp\/v2\/comments?post=7334"}],"version-history":[{"count":8,"href":"https:\/\/blog.zeit.de\/stoerungsmelder\/wp-json\/wp\/v2\/posts\/7334\/revisions"}],"predecessor-version":[{"id":7339,"href":"https:\/\/blog.zeit.de\/stoerungsmelder\/wp-json\/wp\/v2\/posts\/7334\/revisions\/7339"}],"wp:attachment":[{"href":"https:\/\/blog.zeit.de\/stoerungsmelder\/wp-json\/wp\/v2\/media?parent=7334"}],"wp:term":[{"taxonomy":"category","embeddable":true,"href":"https:\/\/blog.zeit.de\/stoerungsmelder\/wp-json\/wp\/v2\/categories?post=7334"},{"taxonomy":"post_tag","embeddable":true,"href":"https:\/\/blog.zeit.de\/stoerungsmelder\/wp-json\/wp\/v2\/tags?post=7334"}],"curies":[{"name":"wp","href":"https:\/\/api.w.org\/{rel}","templated":true}]}}