{"id":7427,"date":"2011-11-09T19:09:51","date_gmt":"2011-11-09T18:09:51","guid":{"rendered":"http:\/\/blog.zeit.de\/stoerungsmelder\/?p=7427"},"modified":"2011-11-09T19:43:19","modified_gmt":"2011-11-09T18:43:19","slug":"npd-darf-in-neuruppin-tagen","status":"publish","type":"post","link":"https:\/\/blog.zeit.de\/stoerungsmelder\/2011\/11\/09\/npd-darf-in-neuruppin-tagen_7427","title":{"rendered":"NPD darf in Neuruppin tagen"},"content":{"rendered":"<p><a href=\"https:\/\/blog.zeit.de\/stoerungsmelder\/files\/2011\/11\/aufsteller.jpg\"><img loading=\"lazy\" decoding=\"async\" class=\"alignnone size-full wp-image-7429\" src=\"https:\/\/blog.zeit.de\/stoerungsmelder\/files\/2011\/11\/aufsteller.jpg\" alt=\"\" width=\"540\" height=\"200\" srcset=\"https:\/\/blog.zeit.de\/stoerungsmelder\/files\/2011\/11\/aufsteller.jpg 540w, https:\/\/blog.zeit.de\/stoerungsmelder\/files\/2011\/11\/aufsteller-300x111.jpg 300w\" sizes=\"auto, (max-width: 540px) 100vw, 540px\" \/><\/a><\/p>\n<p>Die NPD kann ihren Bundesparteitag am kommenden Wochenende in der nordbrandenburgischen Stadt Neuruppin abhalten. Das hat das Verwaltungsgericht Potsdam am Mittwoch, d. 9.11.2011, entscheiden. Die erste Kammer des Gerichtes folgte damit der rechtsextremen Partei, die Rechtsmittel gegen die Stadt Neuruppin eingelegt hatte.<\/p>\n<p><!--more--><\/p>\n<p>Die Fontanestadt hatte eine Vermietung des \u201eKulturhauses Stadtgarten\u201c an die NPD abgelehnt. In der Entscheidung des Verwaltungsgerichtes hei\u00dft es, grunds\u00e4tzlich h\u00e4tten alle politischen Parteien einen Anspruch auf Nutzung des Kulturhauses, sofern es nicht durch eine andere Veranstaltung bereits belegt sei. Die Begr\u00fcndung der Stadt, wegen einer anderen Veranstaltung in der Kulturkirche seien weder gen\u00fcgend Personal noch St\u00fchle vorhanden, lie\u00df die Kammer nicht gelten. Sie bescheinigte der NPD einen \u201eAnspruch lediglich auf \u00dcberlassung im Rahmen der vorhandenen Ausstattung\u201c. Wegen der kurzfristigen Anmeldung muss die NPD im Vorfeld des Parteitages ein zuvor mit den zust\u00e4ndigen Beh\u00f6rden abgestimmtes Sicherheitskonzept vorlegen, da \u201eaufgrund der Erfahrungen in der Vergangenheit durch den nicht dem Versammlungsgesetz unterfallenden Bundesparteitag mit Gegenveranstaltungen zu rechen ist\u201c. Gegen den Beschluss sind Rechtsmittel vor dem Oberverwaltungsgericht Berlin-Brandenburg m\u00f6glich.<\/p>\n<p>Eine weitere Beschwerde der NPD ist beim baden-w\u00fcrttembergischen Verwaltungsgerichtshof in Mannheim anh\u00e4ngig. Dort hatte die NPD f\u00fcr ihren Parteitag eine Halle im Offenburger Stadtteil Zell-Weierbach im Visier. Einen entsprechenden Eilantrag der Partei hatte das Verwaltungsgericht Freiburg abgelehnt. Eine Entscheidung wollen die Mannheimer Richter am Donnerstag, d. 10.11.2011, treffen.<\/p>\n","protected":false},"excerpt":{"rendered":"<p>Die NPD kann ihren Bundesparteitag am kommenden Wochenende in der nordbrandenburgischen Stadt Neuruppin abhalten. Das hat das Verwaltungsgericht Potsdam am Mittwoch, d. 9.11.2011, entscheiden. Die erste Kammer des Gerichtes folgte damit der rechtsextremen Partei, die Rechtsmittel gegen die Stadt Neuruppin eingelegt hatte.<\/p>\n","protected":false},"author":254,"featured_media":0,"comment_status":"open","ping_status":"open","sticky":false,"template":"","format":"standard","meta":{"_jetpack_memberships_contains_paid_content":false,"footnotes":""},"categories":[1451],"tags":[],"class_list":["post-7427","post","type-post","status-publish","format-standard","hentry","category-brandenburg"],"yoast_head":"<!-- This site is optimized with the Yoast SEO plugin v21.0 - https:\/\/yoast.com\/wordpress\/plugins\/seo\/ -->\n<title>NPD darf in Neuruppin tagen - St\u00f6rungsmelder<\/title>\n<meta name=\"robots\" content=\"index, follow, max-snippet:-1, max-image-preview:large, max-video-preview:-1\" \/>\n<link rel=\"canonical\" href=\"https:\/\/blog.zeit.de\/stoerungsmelder\/2011\/11\/09\/npd-darf-in-neuruppin-tagen_7427\" \/>\n<meta property=\"og:locale\" content=\"de_DE\" \/>\n<meta property=\"og:type\" content=\"article\" \/>\n<meta property=\"og:title\" content=\"NPD darf in Neuruppin tagen - St\u00f6rungsmelder\" \/>\n<meta property=\"og:description\" content=\"Die NPD kann ihren Bundesparteitag am kommenden Wochenende in der nordbrandenburgischen Stadt Neuruppin abhalten. Das hat das Verwaltungsgericht Potsdam am Mittwoch, d. 9.11.2011, entscheiden. Die erste Kammer des Gerichtes folgte damit der rechtsextremen Partei, die Rechtsmittel gegen die Stadt Neuruppin eingelegt hatte.\" \/>\n<meta property=\"og:url\" content=\"https:\/\/blog.zeit.de\/stoerungsmelder\/2011\/11\/09\/npd-darf-in-neuruppin-tagen_7427\" \/>\n<meta property=\"og:site_name\" content=\"St\u00f6rungsmelder\" \/>\n<meta property=\"article:published_time\" content=\"2011-11-09T18:09:51+00:00\" \/>\n<meta property=\"article:modified_time\" content=\"2011-11-09T18:43:19+00:00\" \/>\n<meta property=\"og:image\" content=\"https:\/\/blog.zeit.de\/stoerungsmelder\/files\/2011\/11\/aufsteller.jpg\" \/>\n<meta name=\"author\" content=\"Kai Budler\" \/>\n<meta name=\"twitter:card\" content=\"summary_large_image\" \/>\n<meta name=\"twitter:label1\" content=\"Geschrieben von\" \/>\n\t<meta name=\"twitter:data1\" content=\"Kai Budler\" \/>\n\t<meta name=\"twitter:label2\" content=\"Gesch\u00e4tzte Lesezeit\" \/>\n\t<meta name=\"twitter:data2\" content=\"1\u00a0Minute\" \/>\n<script type=\"application\/ld+json\" class=\"yoast-schema-graph\">{\"@context\":\"https:\/\/schema.org\",\"@graph\":[{\"@type\":\"WebPage\",\"@id\":\"https:\/\/blog.zeit.de\/stoerungsmelder\/2011\/11\/09\/npd-darf-in-neuruppin-tagen_7427\",\"url\":\"https:\/\/blog.zeit.de\/stoerungsmelder\/2011\/11\/09\/npd-darf-in-neuruppin-tagen_7427\",\"name\":\"NPD darf in Neuruppin tagen - St\u00f6rungsmelder\",\"isPartOf\":{\"@id\":\"https:\/\/blog.zeit.de\/stoerungsmelder\/#website\"},\"datePublished\":\"2011-11-09T18:09:51+00:00\",\"dateModified\":\"2011-11-09T18:43:19+00:00\",\"author\":{\"@id\":\"https:\/\/blog.zeit.de\/stoerungsmelder\/#\/schema\/person\/58f28fa43c55337b17b93e3622cc8b37\"},\"breadcrumb\":{\"@id\":\"https:\/\/blog.zeit.de\/stoerungsmelder\/2011\/11\/09\/npd-darf-in-neuruppin-tagen_7427#breadcrumb\"},\"inLanguage\":\"de\",\"potentialAction\":[{\"@type\":\"ReadAction\",\"target\":[\"https:\/\/blog.zeit.de\/stoerungsmelder\/2011\/11\/09\/npd-darf-in-neuruppin-tagen_7427\"]}]},{\"@type\":\"BreadcrumbList\",\"@id\":\"https:\/\/blog.zeit.de\/stoerungsmelder\/2011\/11\/09\/npd-darf-in-neuruppin-tagen_7427#breadcrumb\",\"itemListElement\":[{\"@type\":\"ListItem\",\"position\":1,\"name\":\"Startseite\",\"item\":\"https:\/\/blog.zeit.de\/stoerungsmelder\"},{\"@type\":\"ListItem\",\"position\":2,\"name\":\"NPD darf in Neuruppin tagen\"}]},{\"@type\":\"WebSite\",\"@id\":\"https:\/\/blog.zeit.de\/stoerungsmelder\/#website\",\"url\":\"https:\/\/blog.zeit.de\/stoerungsmelder\/\",\"name\":\"St\u00f6rungsmelder\",\"description\":\"Recherchen und Analysen \u00fcber die extreme Rechte\",\"potentialAction\":[{\"@type\":\"SearchAction\",\"target\":{\"@type\":\"EntryPoint\",\"urlTemplate\":\"https:\/\/blog.zeit.de\/stoerungsmelder\/?s={search_term_string}\"},\"query-input\":\"required name=search_term_string\"}],\"inLanguage\":\"de\"},{\"@type\":\"Person\",\"@id\":\"https:\/\/blog.zeit.de\/stoerungsmelder\/#\/schema\/person\/58f28fa43c55337b17b93e3622cc8b37\",\"name\":\"Kai Budler\",\"image\":{\"@type\":\"ImageObject\",\"inLanguage\":\"de\",\"@id\":\"https:\/\/blog.zeit.de\/stoerungsmelder\/#\/schema\/person\/image\/\",\"url\":\"https:\/\/secure.gravatar.com\/avatar\/126c2f44b51c178dc1db1bb6e040fcff157c88000cfae96c983070e6153484e3?s=96&d=mm&r=pg\",\"contentUrl\":\"https:\/\/secure.gravatar.com\/avatar\/126c2f44b51c178dc1db1bb6e040fcff157c88000cfae96c983070e6153484e3?s=96&d=mm&r=pg\",\"caption\":\"Kai Budler\"},\"url\":\"https:\/\/blog.zeit.de\/stoerungsmelder\/author\/kai-budler\"}]}<\/script>\n<!-- \/ Yoast SEO plugin. -->","yoast_head_json":{"title":"NPD darf in Neuruppin tagen - St\u00f6rungsmelder","robots":{"index":"index","follow":"follow","max-snippet":"max-snippet:-1","max-image-preview":"max-image-preview:large","max-video-preview":"max-video-preview:-1"},"canonical":"https:\/\/blog.zeit.de\/stoerungsmelder\/2011\/11\/09\/npd-darf-in-neuruppin-tagen_7427","og_locale":"de_DE","og_type":"article","og_title":"NPD darf in Neuruppin tagen - St\u00f6rungsmelder","og_description":"Die NPD kann ihren Bundesparteitag am kommenden Wochenende in der nordbrandenburgischen Stadt Neuruppin abhalten. Das hat das Verwaltungsgericht Potsdam am Mittwoch, d. 9.11.2011, entscheiden. Die erste Kammer des Gerichtes folgte damit der rechtsextremen Partei, die Rechtsmittel gegen die Stadt Neuruppin eingelegt hatte.","og_url":"https:\/\/blog.zeit.de\/stoerungsmelder\/2011\/11\/09\/npd-darf-in-neuruppin-tagen_7427","og_site_name":"St\u00f6rungsmelder","article_published_time":"2011-11-09T18:09:51+00:00","article_modified_time":"2011-11-09T18:43:19+00:00","og_image":[{"url":"https:\/\/blog.zeit.de\/stoerungsmelder\/files\/2011\/11\/aufsteller.jpg"}],"author":"Kai Budler","twitter_card":"summary_large_image","twitter_misc":{"Geschrieben von":"Kai Budler","Gesch\u00e4tzte Lesezeit":"1\u00a0Minute"},"schema":{"@context":"https:\/\/schema.org","@graph":[{"@type":"WebPage","@id":"https:\/\/blog.zeit.de\/stoerungsmelder\/2011\/11\/09\/npd-darf-in-neuruppin-tagen_7427","url":"https:\/\/blog.zeit.de\/stoerungsmelder\/2011\/11\/09\/npd-darf-in-neuruppin-tagen_7427","name":"NPD darf in Neuruppin tagen - St\u00f6rungsmelder","isPartOf":{"@id":"https:\/\/blog.zeit.de\/stoerungsmelder\/#website"},"datePublished":"2011-11-09T18:09:51+00:00","dateModified":"2011-11-09T18:43:19+00:00","author":{"@id":"https:\/\/blog.zeit.de\/stoerungsmelder\/#\/schema\/person\/58f28fa43c55337b17b93e3622cc8b37"},"breadcrumb":{"@id":"https:\/\/blog.zeit.de\/stoerungsmelder\/2011\/11\/09\/npd-darf-in-neuruppin-tagen_7427#breadcrumb"},"inLanguage":"de","potentialAction":[{"@type":"ReadAction","target":["https:\/\/blog.zeit.de\/stoerungsmelder\/2011\/11\/09\/npd-darf-in-neuruppin-tagen_7427"]}]},{"@type":"BreadcrumbList","@id":"https:\/\/blog.zeit.de\/stoerungsmelder\/2011\/11\/09\/npd-darf-in-neuruppin-tagen_7427#breadcrumb","itemListElement":[{"@type":"ListItem","position":1,"name":"Startseite","item":"https:\/\/blog.zeit.de\/stoerungsmelder"},{"@type":"ListItem","position":2,"name":"NPD darf in Neuruppin tagen"}]},{"@type":"WebSite","@id":"https:\/\/blog.zeit.de\/stoerungsmelder\/#website","url":"https:\/\/blog.zeit.de\/stoerungsmelder\/","name":"St\u00f6rungsmelder","description":"Recherchen und Analysen \u00fcber die extreme Rechte","potentialAction":[{"@type":"SearchAction","target":{"@type":"EntryPoint","urlTemplate":"https:\/\/blog.zeit.de\/stoerungsmelder\/?s={search_term_string}"},"query-input":"required name=search_term_string"}],"inLanguage":"de"},{"@type":"Person","@id":"https:\/\/blog.zeit.de\/stoerungsmelder\/#\/schema\/person\/58f28fa43c55337b17b93e3622cc8b37","name":"Kai Budler","image":{"@type":"ImageObject","inLanguage":"de","@id":"https:\/\/blog.zeit.de\/stoerungsmelder\/#\/schema\/person\/image\/","url":"https:\/\/secure.gravatar.com\/avatar\/126c2f44b51c178dc1db1bb6e040fcff157c88000cfae96c983070e6153484e3?s=96&d=mm&r=pg","contentUrl":"https:\/\/secure.gravatar.com\/avatar\/126c2f44b51c178dc1db1bb6e040fcff157c88000cfae96c983070e6153484e3?s=96&d=mm&r=pg","caption":"Kai Budler"},"url":"https:\/\/blog.zeit.de\/stoerungsmelder\/author\/kai-budler"}]}},"jetpack_featured_media_url":"","jetpack_sharing_enabled":true,"_links":{"self":[{"href":"https:\/\/blog.zeit.de\/stoerungsmelder\/wp-json\/wp\/v2\/posts\/7427","targetHints":{"allow":["GET"]}}],"collection":[{"href":"https:\/\/blog.zeit.de\/stoerungsmelder\/wp-json\/wp\/v2\/posts"}],"about":[{"href":"https:\/\/blog.zeit.de\/stoerungsmelder\/wp-json\/wp\/v2\/types\/post"}],"author":[{"embeddable":true,"href":"https:\/\/blog.zeit.de\/stoerungsmelder\/wp-json\/wp\/v2\/users\/254"}],"replies":[{"embeddable":true,"href":"https:\/\/blog.zeit.de\/stoerungsmelder\/wp-json\/wp\/v2\/comments?post=7427"}],"version-history":[{"count":5,"href":"https:\/\/blog.zeit.de\/stoerungsmelder\/wp-json\/wp\/v2\/posts\/7427\/revisions"}],"predecessor-version":[{"id":7434,"href":"https:\/\/blog.zeit.de\/stoerungsmelder\/wp-json\/wp\/v2\/posts\/7427\/revisions\/7434"}],"wp:attachment":[{"href":"https:\/\/blog.zeit.de\/stoerungsmelder\/wp-json\/wp\/v2\/media?parent=7427"}],"wp:term":[{"taxonomy":"category","embeddable":true,"href":"https:\/\/blog.zeit.de\/stoerungsmelder\/wp-json\/wp\/v2\/categories?post=7427"},{"taxonomy":"post_tag","embeddable":true,"href":"https:\/\/blog.zeit.de\/stoerungsmelder\/wp-json\/wp\/v2\/tags?post=7427"}],"curies":[{"name":"wp","href":"https:\/\/api.w.org\/{rel}","templated":true}]}}