{"id":7502,"date":"2011-11-15T09:43:57","date_gmt":"2011-11-15T08:43:57","guid":{"rendered":"http:\/\/blog.zeit.de\/stoerungsmelder\/?p=7502"},"modified":"2011-11-15T09:49:16","modified_gmt":"2011-11-15T08:49:16","slug":"rudolf-hes-ersatz-veranstaltung-unter-den-augen-der-polizei","status":"publish","type":"post","link":"https:\/\/blog.zeit.de\/stoerungsmelder\/2011\/11\/15\/rudolf-hes-ersatz-veranstaltung-unter-den-augen-der-polizei_7502","title":{"rendered":"Rudolf He\u00df Ersatz-Veranstaltung unter den Augen der Polizei"},"content":{"rendered":"<p><figure id=\"attachment_7503\" aria-describedby=\"caption-attachment-7503\" style=\"width: 540px\" class=\"wp-caption aligncenter\"><a href=\"https:\/\/blog.zeit.de\/stoerungsmelder\/files\/2011\/11\/wunsiedel_hartl.jpg\"><img loading=\"lazy\" decoding=\"async\" class=\"size-full wp-image-7503\" src=\"https:\/\/blog.zeit.de\/stoerungsmelder\/files\/2011\/11\/wunsiedel_hartl.jpg\" alt=\"\" width=\"540\" height=\"304\" srcset=\"https:\/\/blog.zeit.de\/stoerungsmelder\/files\/2011\/11\/wunsiedel_hartl.jpg 540w, https:\/\/blog.zeit.de\/stoerungsmelder\/files\/2011\/11\/wunsiedel_hartl-300x168.jpg 300w\" sizes=\"auto, (max-width: 540px) 100vw, 540px\" \/><\/a><figcaption id=\"caption-attachment-7503\" class=\"wp-caption-text\">&quot;Wir kommen wieder&quot;, drohten die Neonazis den B\u00fcrgern von Wunsiedel \u00a9 Johannes Hartl<\/figcaption><\/figure><\/p>\n<p>250 Neonazis marschierten am vergangenen Wochenende im oberfr\u00e4nkischen Wunsiedel zum Volkstrauertag auf. Jahrelang war die Stadt Wallfahrtsort f\u00fcr Neonazis, die mit ihren Aufm\u00e4rschen Hitler-Stellvertreter Rudolf He\u00df verherrlichten. Unter den Teilnehmern waren auch lokale NPD-Mitglieder wie Daniel Weigl, Bezirksvorsitzender der NPD-Oberpfalz, und Simon Preisinger von der NPD-Tirschenreuth. Beide traten im Laufe der Veranstaltung als Referenten auf.<!--more--><\/p>\n<p>Nachdem die Neonazis eine lange Zeit \u00fcber ihren Lkw, der mit Lautsprecheranlagen f\u00fcr die Zwischenkundgebung ausgestattet wurde, pr\u00e4pariert hatten, begann die Veranstaltung gegen 13 Uhr schlie\u00dflich mit dem Verlesen der Auflagen. Im Anschluss daran setzten sich die Neonazis mit Transparenten und Fahnen best\u00fcckt sowie von dem Lastkraftwagen begleitet in Bewegung. Ihre Route f\u00fchrte sie dabei von der Egerstra\u00dfe in die Von-Schirnding-Stra\u00dfe und von dort aus weiter in die Marktgrafenstra\u00dfe. Als n\u00e4chstes marschierten sie die Doktor-Schmidt Stra\u00dfe in Richtung Heinrich-Beer-Stra\u00dfe entlang und stoppten dann an der Ecke Heinrich-Beer-Stra\u00dfe\/Doktor-Heim-Stra\u00dfe f\u00fcr eine Zwischenkundgebung.<\/p>\n<p>Zu Anfang trat der budnesweite agierende Nazikader Thomas Wulff auf, der sich in seiner Rede \u00fcber den zeitgleich stattfindenden Markt in der Innenstadt emp\u00f6rte und beklagte. &#8222;Aber es scheint nicht weit her zu sein mit Anstand und W\u00fcrde in den Verwaltungsetagen hier in Wunsiedel&#8220;. Weiterhin gab er an, dass sie sich nicht davon abbringen lassen w\u00fcrden, ihren Toten zu gedenken und hetzte gegen eine Republik der &#8222;kleinen Geister und Zwerge&#8220;. Darauf folgte die Rede von Neonazi Simon Preisinger. Dieser sprach davon, dass die &#8222;Erinnerung an den Holocaust nahezu einen Religionsstatus&#8220; erreicht h\u00e4tte und lamentierte, dass das &#8222;st\u00e4ndige Bekenntnis zum Selbsthass&#8220; mit dem Bayerischen Museumspreis ausgezeichnet worden sei. Gemeint war damit die Auszeichnung der KZ-Gedenkst\u00e4tte Flossenb\u00fcrg. Daniel Weigl referierte abschlie\u00dfend \u00fcber die &#8222;Vernichtung&#8220; des deutschen Volkes und dass diese &#8222;nicht geduldet&#8220; werden d\u00fcrfe. Zudem drohte er: &#8222;Wunsiedel, wir kommen wieder!&#8220;<\/p>\n<p>Nach der Kundgebung f\u00fchrte der Demonstrationszug weiter in die Doktor-Heim-Stra\u00dfe und von dort aus \u00fcber die Nordenstrasse zur\u00fcck zum Versammlungsort an der Jean Paul Schule. Dort hielt dann noch der rechtsextreme Historiker Olaf Rose einen Vortrag, ehe sich die Neonazi-Veranstaltung allm\u00e4hlich ihrem Ende zuneigte.<\/p>\n<p><strong>Wunsiedel ist bunt<\/strong><\/p>\n<p>Ab 14 Uhr hat die Stadt Wunsiedel zum Gedanken an die 30 dort beerdigte j\u00fcdischen KZ-Opfer zwei Schautafeln zum Thema &#8222;Todesm\u00e4rsche&#8220; in Oberfranken eingeweiht. Die Vorstellung am Friedhof wurde musikalisch untermalt und war in der Bev\u00f6lkerung auf breites \u00f6ffentliches Interesse gesto\u00dfen. Auch das B\u00fcndnis &#8222;Wunsiedel ist bunt&#8220; hat sich daran beteiligt und mit einem Transparent positioniert. B\u00fcrgermeister Karl-Willi Beck stellte in seiner Rede fest, dass die Neonazis, mit denen er eine Diskussion beginnen wollte, \u00fcberhaupt keine Ahnung von Geschichte h\u00e4tten und mahnte: &#8222;Wollen wir das Geschehene nicht verblassen lassen! Nie mehr menschenfeindliche Politik, so wollen wir dieses Mahnmal einsetzen\u201c, betonte der Beck.<\/p>\n<p><strong>Bilanz der Polizei<\/strong><\/p>\n<p>Zum Ende des Tages hin gab die Polizei an, dass es am Rande zu mehreren kleinen Verst\u00f6\u00dfen gekommen war. Unter anderem wurde bei einem Rechten ein Einhand-Messer gefunden und bei einem anderen zwei Personalausweise. Von zwei Bussen der Neonazis und von einigen Pkw, bei denen noch unklar ist, ob deren Eigent\u00fcmer Rechtsextreme sind, wurden Reifen zerstochen. Dar\u00fcber hinaus sei von linken Seite eine Spontandemo mit 50 Personen durchgef\u00fchrt worden, bei der angesichts der Tatsache, dass Fahnen mitgebracht wurden, gepr\u00fcft wird, ob es sich tats\u00e4chlich um eine Spontandemo gehandelt hat. Verletzte habe es ebenso wenig wie k\u00f6rperliche Auseinandersetzungen gegeben, wie Horst Thiemt von der Polizei sagte. Insgesamt bezeichnete er den Einsatz als &#8222;ruhig&#8220;. Auf rund 250 Rechtsextremisten kamen 350 Personen, die an der Veranstaltung des B\u00fcndnisses und der Einweihung der Tafeln teilgenommen hatten. Der Aufmarsch stand dabei unter dem Schatten der Welle des Rechten Terrors, die k\u00fcrzlich bekannt wurde. Bei rechtsextremen Mordserie wurden insgesamt neun Menschen mit Migrationshintergrund und eine Polizistin von Neonazis get\u00f6tet.<\/p>\n","protected":false},"excerpt":{"rendered":"<p>250 Neonazis marschierten am vergangenen Wochenende im oberfr\u00e4nkischen Wunsiedel zum Volkstrauertag auf. Jahrelang war die Stadt Wallfahrtsort f\u00fcr Neonazis, die mit ihren Aufm\u00e4rschen Hitler-Stellvertreter Rudolf He\u00df verherrlichten. Unter den Teilnehmern waren auch lokale NPD-Mitglieder wie Daniel Weigl, Bezirksvorsitzender der NPD-Oberpfalz, und Simon Preisinger von der NPD-Tirschenreuth. Beide traten im Laufe der Veranstaltung als Referenten auf.<\/p>\n","protected":false},"author":335,"featured_media":0,"comment_status":"open","ping_status":"open","sticky":false,"template":"","format":"standard","meta":{"_jetpack_memberships_contains_paid_content":false,"footnotes":""},"categories":[59],"tags":[12731,1716,12743,1777,12742,1817],"class_list":["post-7502","post","type-post","status-publish","format-standard","hentry","category-bayern","tag-daniel-weigl","tag-npd","tag-olaf-rose","tag-rudolf-hes","tag-simon-preisinger","tag-thomas-wulff"],"yoast_head":"<!-- This site is optimized with the Yoast SEO plugin v21.0 - https:\/\/yoast.com\/wordpress\/plugins\/seo\/ -->\n<title>Rudolf He\u00df Ersatz-Veranstaltung unter den Augen der Polizei - St\u00f6rungsmelder<\/title>\n<meta name=\"robots\" content=\"index, follow, max-snippet:-1, max-image-preview:large, max-video-preview:-1\" \/>\n<link rel=\"canonical\" href=\"https:\/\/blog.zeit.de\/stoerungsmelder\/2011\/11\/15\/rudolf-hes-ersatz-veranstaltung-unter-den-augen-der-polizei_7502\" \/>\n<meta property=\"og:locale\" content=\"de_DE\" \/>\n<meta property=\"og:type\" content=\"article\" \/>\n<meta property=\"og:title\" content=\"Rudolf He\u00df Ersatz-Veranstaltung unter den Augen der Polizei - St\u00f6rungsmelder\" \/>\n<meta property=\"og:description\" content=\"250 Neonazis marschierten am vergangenen Wochenende im oberfr\u00e4nkischen Wunsiedel zum Volkstrauertag auf. Jahrelang war die Stadt Wallfahrtsort f\u00fcr Neonazis, die mit ihren Aufm\u00e4rschen Hitler-Stellvertreter Rudolf He\u00df verherrlichten. Unter den Teilnehmern waren auch lokale NPD-Mitglieder wie Daniel Weigl, Bezirksvorsitzender der NPD-Oberpfalz, und Simon Preisinger von der NPD-Tirschenreuth. Beide traten im Laufe der Veranstaltung als Referenten auf.\" \/>\n<meta property=\"og:url\" content=\"https:\/\/blog.zeit.de\/stoerungsmelder\/2011\/11\/15\/rudolf-hes-ersatz-veranstaltung-unter-den-augen-der-polizei_7502\" \/>\n<meta property=\"og:site_name\" content=\"St\u00f6rungsmelder\" \/>\n<meta property=\"article:published_time\" content=\"2011-11-15T08:43:57+00:00\" \/>\n<meta property=\"article:modified_time\" content=\"2011-11-15T08:49:16+00:00\" \/>\n<meta property=\"og:image\" content=\"https:\/\/blog.zeit.de\/stoerungsmelder\/files\/2011\/11\/wunsiedel_hartl.jpg\" \/>\n<meta name=\"author\" content=\"Johannes Hartl\" \/>\n<meta name=\"twitter:card\" content=\"summary_large_image\" \/>\n<meta name=\"twitter:label1\" content=\"Geschrieben von\" \/>\n\t<meta name=\"twitter:data1\" content=\"Johannes Hartl\" \/>\n\t<meta name=\"twitter:label2\" content=\"Gesch\u00e4tzte Lesezeit\" \/>\n\t<meta name=\"twitter:data2\" content=\"3\u00a0Minuten\" \/>\n<script type=\"application\/ld+json\" class=\"yoast-schema-graph\">{\"@context\":\"https:\/\/schema.org\",\"@graph\":[{\"@type\":\"WebPage\",\"@id\":\"https:\/\/blog.zeit.de\/stoerungsmelder\/2011\/11\/15\/rudolf-hes-ersatz-veranstaltung-unter-den-augen-der-polizei_7502\",\"url\":\"https:\/\/blog.zeit.de\/stoerungsmelder\/2011\/11\/15\/rudolf-hes-ersatz-veranstaltung-unter-den-augen-der-polizei_7502\",\"name\":\"Rudolf He\u00df Ersatz-Veranstaltung unter den Augen der Polizei - St\u00f6rungsmelder\",\"isPartOf\":{\"@id\":\"https:\/\/blog.zeit.de\/stoerungsmelder\/#website\"},\"datePublished\":\"2011-11-15T08:43:57+00:00\",\"dateModified\":\"2011-11-15T08:49:16+00:00\",\"author\":{\"@id\":\"https:\/\/blog.zeit.de\/stoerungsmelder\/#\/schema\/person\/9954cab4408a20467ff5685876ef2be2\"},\"breadcrumb\":{\"@id\":\"https:\/\/blog.zeit.de\/stoerungsmelder\/2011\/11\/15\/rudolf-hes-ersatz-veranstaltung-unter-den-augen-der-polizei_7502#breadcrumb\"},\"inLanguage\":\"de\",\"potentialAction\":[{\"@type\":\"ReadAction\",\"target\":[\"https:\/\/blog.zeit.de\/stoerungsmelder\/2011\/11\/15\/rudolf-hes-ersatz-veranstaltung-unter-den-augen-der-polizei_7502\"]}]},{\"@type\":\"BreadcrumbList\",\"@id\":\"https:\/\/blog.zeit.de\/stoerungsmelder\/2011\/11\/15\/rudolf-hes-ersatz-veranstaltung-unter-den-augen-der-polizei_7502#breadcrumb\",\"itemListElement\":[{\"@type\":\"ListItem\",\"position\":1,\"name\":\"Startseite\",\"item\":\"https:\/\/blog.zeit.de\/stoerungsmelder\"},{\"@type\":\"ListItem\",\"position\":2,\"name\":\"Rudolf He\u00df Ersatz-Veranstaltung unter den Augen der Polizei\"}]},{\"@type\":\"WebSite\",\"@id\":\"https:\/\/blog.zeit.de\/stoerungsmelder\/#website\",\"url\":\"https:\/\/blog.zeit.de\/stoerungsmelder\/\",\"name\":\"St\u00f6rungsmelder\",\"description\":\"Recherchen und Analysen \u00fcber die extreme Rechte\",\"potentialAction\":[{\"@type\":\"SearchAction\",\"target\":{\"@type\":\"EntryPoint\",\"urlTemplate\":\"https:\/\/blog.zeit.de\/stoerungsmelder\/?s={search_term_string}\"},\"query-input\":\"required name=search_term_string\"}],\"inLanguage\":\"de\"},{\"@type\":\"Person\",\"@id\":\"https:\/\/blog.zeit.de\/stoerungsmelder\/#\/schema\/person\/9954cab4408a20467ff5685876ef2be2\",\"name\":\"Johannes Hartl\",\"image\":{\"@type\":\"ImageObject\",\"inLanguage\":\"de\",\"@id\":\"https:\/\/blog.zeit.de\/stoerungsmelder\/#\/schema\/person\/image\/\",\"url\":\"https:\/\/secure.gravatar.com\/avatar\/aa76c6547229f48516cca421db00a6c0f8d4ce93e33efa645b42c6f7baec7518?s=96&d=mm&r=pg\",\"contentUrl\":\"https:\/\/secure.gravatar.com\/avatar\/aa76c6547229f48516cca421db00a6c0f8d4ce93e33efa645b42c6f7baec7518?s=96&d=mm&r=pg\",\"caption\":\"Johannes Hartl\"},\"sameAs\":[\"https:\/\/blog.zeit.de\/stoerungsmelder\/author\/jhartl\"],\"url\":\"https:\/\/blog.zeit.de\/stoerungsmelder\/author\/jhartl\"}]}<\/script>\n<!-- \/ Yoast SEO plugin. -->","yoast_head_json":{"title":"Rudolf He\u00df Ersatz-Veranstaltung unter den Augen der Polizei - St\u00f6rungsmelder","robots":{"index":"index","follow":"follow","max-snippet":"max-snippet:-1","max-image-preview":"max-image-preview:large","max-video-preview":"max-video-preview:-1"},"canonical":"https:\/\/blog.zeit.de\/stoerungsmelder\/2011\/11\/15\/rudolf-hes-ersatz-veranstaltung-unter-den-augen-der-polizei_7502","og_locale":"de_DE","og_type":"article","og_title":"Rudolf He\u00df Ersatz-Veranstaltung unter den Augen der Polizei - St\u00f6rungsmelder","og_description":"250 Neonazis marschierten am vergangenen Wochenende im oberfr\u00e4nkischen Wunsiedel zum Volkstrauertag auf. Jahrelang war die Stadt Wallfahrtsort f\u00fcr Neonazis, die mit ihren Aufm\u00e4rschen Hitler-Stellvertreter Rudolf He\u00df verherrlichten. Unter den Teilnehmern waren auch lokale NPD-Mitglieder wie Daniel Weigl, Bezirksvorsitzender der NPD-Oberpfalz, und Simon Preisinger von der NPD-Tirschenreuth. Beide traten im Laufe der Veranstaltung als Referenten auf.","og_url":"https:\/\/blog.zeit.de\/stoerungsmelder\/2011\/11\/15\/rudolf-hes-ersatz-veranstaltung-unter-den-augen-der-polizei_7502","og_site_name":"St\u00f6rungsmelder","article_published_time":"2011-11-15T08:43:57+00:00","article_modified_time":"2011-11-15T08:49:16+00:00","og_image":[{"url":"https:\/\/blog.zeit.de\/stoerungsmelder\/files\/2011\/11\/wunsiedel_hartl.jpg"}],"author":"Johannes Hartl","twitter_card":"summary_large_image","twitter_misc":{"Geschrieben von":"Johannes Hartl","Gesch\u00e4tzte Lesezeit":"3\u00a0Minuten"},"schema":{"@context":"https:\/\/schema.org","@graph":[{"@type":"WebPage","@id":"https:\/\/blog.zeit.de\/stoerungsmelder\/2011\/11\/15\/rudolf-hes-ersatz-veranstaltung-unter-den-augen-der-polizei_7502","url":"https:\/\/blog.zeit.de\/stoerungsmelder\/2011\/11\/15\/rudolf-hes-ersatz-veranstaltung-unter-den-augen-der-polizei_7502","name":"Rudolf He\u00df Ersatz-Veranstaltung unter den Augen der Polizei - St\u00f6rungsmelder","isPartOf":{"@id":"https:\/\/blog.zeit.de\/stoerungsmelder\/#website"},"datePublished":"2011-11-15T08:43:57+00:00","dateModified":"2011-11-15T08:49:16+00:00","author":{"@id":"https:\/\/blog.zeit.de\/stoerungsmelder\/#\/schema\/person\/9954cab4408a20467ff5685876ef2be2"},"breadcrumb":{"@id":"https:\/\/blog.zeit.de\/stoerungsmelder\/2011\/11\/15\/rudolf-hes-ersatz-veranstaltung-unter-den-augen-der-polizei_7502#breadcrumb"},"inLanguage":"de","potentialAction":[{"@type":"ReadAction","target":["https:\/\/blog.zeit.de\/stoerungsmelder\/2011\/11\/15\/rudolf-hes-ersatz-veranstaltung-unter-den-augen-der-polizei_7502"]}]},{"@type":"BreadcrumbList","@id":"https:\/\/blog.zeit.de\/stoerungsmelder\/2011\/11\/15\/rudolf-hes-ersatz-veranstaltung-unter-den-augen-der-polizei_7502#breadcrumb","itemListElement":[{"@type":"ListItem","position":1,"name":"Startseite","item":"https:\/\/blog.zeit.de\/stoerungsmelder"},{"@type":"ListItem","position":2,"name":"Rudolf He\u00df Ersatz-Veranstaltung unter den Augen der Polizei"}]},{"@type":"WebSite","@id":"https:\/\/blog.zeit.de\/stoerungsmelder\/#website","url":"https:\/\/blog.zeit.de\/stoerungsmelder\/","name":"St\u00f6rungsmelder","description":"Recherchen und Analysen \u00fcber die extreme Rechte","potentialAction":[{"@type":"SearchAction","target":{"@type":"EntryPoint","urlTemplate":"https:\/\/blog.zeit.de\/stoerungsmelder\/?s={search_term_string}"},"query-input":"required name=search_term_string"}],"inLanguage":"de"},{"@type":"Person","@id":"https:\/\/blog.zeit.de\/stoerungsmelder\/#\/schema\/person\/9954cab4408a20467ff5685876ef2be2","name":"Johannes Hartl","image":{"@type":"ImageObject","inLanguage":"de","@id":"https:\/\/blog.zeit.de\/stoerungsmelder\/#\/schema\/person\/image\/","url":"https:\/\/secure.gravatar.com\/avatar\/aa76c6547229f48516cca421db00a6c0f8d4ce93e33efa645b42c6f7baec7518?s=96&d=mm&r=pg","contentUrl":"https:\/\/secure.gravatar.com\/avatar\/aa76c6547229f48516cca421db00a6c0f8d4ce93e33efa645b42c6f7baec7518?s=96&d=mm&r=pg","caption":"Johannes Hartl"},"sameAs":["https:\/\/blog.zeit.de\/stoerungsmelder\/author\/jhartl"],"url":"https:\/\/blog.zeit.de\/stoerungsmelder\/author\/jhartl"}]}},"jetpack_featured_media_url":"","jetpack_sharing_enabled":true,"_links":{"self":[{"href":"https:\/\/blog.zeit.de\/stoerungsmelder\/wp-json\/wp\/v2\/posts\/7502","targetHints":{"allow":["GET"]}}],"collection":[{"href":"https:\/\/blog.zeit.de\/stoerungsmelder\/wp-json\/wp\/v2\/posts"}],"about":[{"href":"https:\/\/blog.zeit.de\/stoerungsmelder\/wp-json\/wp\/v2\/types\/post"}],"author":[{"embeddable":true,"href":"https:\/\/blog.zeit.de\/stoerungsmelder\/wp-json\/wp\/v2\/users\/335"}],"replies":[{"embeddable":true,"href":"https:\/\/blog.zeit.de\/stoerungsmelder\/wp-json\/wp\/v2\/comments?post=7502"}],"version-history":[{"count":3,"href":"https:\/\/blog.zeit.de\/stoerungsmelder\/wp-json\/wp\/v2\/posts\/7502\/revisions"}],"predecessor-version":[{"id":7505,"href":"https:\/\/blog.zeit.de\/stoerungsmelder\/wp-json\/wp\/v2\/posts\/7502\/revisions\/7505"}],"wp:attachment":[{"href":"https:\/\/blog.zeit.de\/stoerungsmelder\/wp-json\/wp\/v2\/media?parent=7502"}],"wp:term":[{"taxonomy":"category","embeddable":true,"href":"https:\/\/blog.zeit.de\/stoerungsmelder\/wp-json\/wp\/v2\/categories?post=7502"},{"taxonomy":"post_tag","embeddable":true,"href":"https:\/\/blog.zeit.de\/stoerungsmelder\/wp-json\/wp\/v2\/tags?post=7502"}],"curies":[{"name":"wp","href":"https:\/\/api.w.org\/{rel}","templated":true}]}}