{"id":7507,"date":"2011-11-15T11:47:17","date_gmt":"2011-11-15T10:47:17","guid":{"rendered":"http:\/\/blog.zeit.de\/stoerungsmelder\/?p=7507"},"modified":"2011-11-15T11:47:17","modified_gmt":"2011-11-15T10:47:17","slug":"apfel-als-neuer-npd-chef","status":"publish","type":"post","link":"https:\/\/blog.zeit.de\/stoerungsmelder\/2011\/11\/15\/apfel-als-neuer-npd-chef_7507","title":{"rendered":"Apfel als neuer NPD-Chef"},"content":{"rendered":"<p><figure id=\"attachment_7179\" aria-describedby=\"caption-attachment-7179\" style=\"width: 540px\" class=\"wp-caption aligncenter\"><a href=\"https:\/\/blog.zeit.de\/stoerungsmelder\/files\/2011\/09\/npd_a2.jpg\"><img loading=\"lazy\" decoding=\"async\" class=\"size-full wp-image-7179\" src=\"https:\/\/blog.zeit.de\/stoerungsmelder\/files\/2011\/09\/npd_a2.jpg\" alt=\"\" width=\"540\" height=\"298\" srcset=\"https:\/\/blog.zeit.de\/stoerungsmelder\/files\/2011\/09\/npd_a2.jpg 540w, https:\/\/blog.zeit.de\/stoerungsmelder\/files\/2011\/09\/npd_a2-300x165.jpg 300w\" sizes=\"auto, (max-width: 540px) 100vw, 540px\" \/><\/a><figcaption id=\"caption-attachment-7179\" class=\"wp-caption-text\">Die rechtsextreme Propaganda der NPD soll unter Apfel st\u00e4rker an b\u00fcrgerliche Klientel gerichtet werden  \u00a9 Getty<\/figcaption><\/figure><\/p>\n<p>Am Wochenende fand im brandenburgischen Neuruppin der Personalparteitag der rechtsextremen NPD statt. Holger Apfel, Vorsitzender der s\u00e4chsischen Landtagsfraktion der NPD, wurde zum neuen Vorsitzenden der Partei gew\u00e4hlt. Apfel l\u00f6st damit nach 15 Jahren Amtszeit seinen politischen Ziehvater Udo Voigt an der Spitze der Partei ab.<!--more--><\/p>\n<p><em>Von Benjamin Mayer, Mitarbeiter des <a href=\"http:\/\/www.demokratie-goettingen.de\">G\u00f6ttinger Instituts f\u00fcr Demokratieforschung<\/a><\/em><\/p>\n<p>Dem Parteitag der NPD ging in den einschl\u00e4gigen Szenepublikationen eine heftige Diskussion \u00fcber die anstehenden Personalentscheidungen voraus. Umso n\u00e4her der Parteitag r\u00fcckte, desto deutlicher trat der sich anbahnende Machtkampf \u00fcber die F\u00fchrung der Partei zutage. Am Ende war die Diskussion alles andere als kameradschaftlich. Man bezeichnete sich gegenseitig als \u201eSpeichellecker\u201c und legte in Onlineforen sogar intimste Beziehungen zwischen Parteimitgliedern offen. Die Partei war tief gespalten und die angegriffene F\u00fchrungsriege der NPD reagierte teilweise mit wilden Bei\u00dfreflexen.<\/p>\n<p>Mit dem Parteitag haben die Delegierten der rechtsextremen Partei den Machtkampf nun beendet. Bis zuletzt war unklar, wie die Wahl ausgehen w\u00fcrde. Der bisherige Vorsitzende Voigt galt bereits seit langer Zeit als stark angeschlagen; eine Finanzaff\u00e4re, harte Wahlniederlagen und immer wieder der Vorwurf der Konzeptlosigkeit hatte seinen ehemals festen Stand in der Partei deutlich geschw\u00e4cht. Doch auch sein Herausforderer Apfel genie\u00dft bei vielen an der Basis der Partei kein Vertrauen \u2013 einer Mehrheit konnte auch er sich nicht sicher sein. Am Ende entschieden sich von den 214 anwesenden Delegierten 126 f\u00fcr Holger Apfel und 85 f\u00fcr Udo Voigt und votierten damit auch f\u00fcr eine versprochene Erneuerung der Partei. Drei Stimmen wurden als ung\u00fcltig gewertet.<\/p>\n<p>Dass die NPD nicht geschlossen hinter Apfel steht, ist dann bei der Wahl der weiteren Vorstandsmitglieder deutlich geworden. Zwar konnte sich der neue Vorsitzende weitestgehend mit seinem gew\u00fcnschten Vorstand durchsetzen, aber die Delegierten w\u00e4hlten auch einige Kandidaten in das oberste Parteigremium, die nicht zu Apfels Vertrauten z\u00e4hlen. So sind auch Voigts ehemaliger Pressesprecher, Klaus Beier, und der ehemalige DVU-Vorsitzende, Matthias Faust, wieder im Vorstand vertreten. Michael Sch\u00e4fer hingegen, der Vorsitzende der Jungen Nationaldemokraten, der Jugendorganisation der NPD, wurde nicht gew\u00e4hlt, was f\u00fcr Apfel ein schwerer Schlag gewesen sein d\u00fcrfte. Denn Sch\u00e4fer galt als einer von Apfels entschiedensten Unterst\u00fctzern. Die Belohnung f\u00fcr diese Unterst\u00fctzung durch einen Vorstandsposten wurde ihm letztlich durch die Delegierten verwehrt.<br \/>\nDie Wahl Apfels zum Vorsitzenden der NPD ist Ausdruck der Hoffnung vieler Parteimitglieder, endlich \u00fcber die eigene Szene hinaus politischen Einfluss zu erlangen. Der neugew\u00e4hlte Vorsitzende ist f\u00fcr viele eine Symbolfigur einer \u201emodernen\u201c strategischen Ausrichtung der Partei und damit Garant f\u00fcr den angestrebten Weg in die Mitte der Gesellschaft. Apfel hatte es in Sachsen immerhin geschafft, die Rechtsextremen zweimal in Folge in den Landtag zu bef\u00f6rdern.<\/p>\n<p>Zuletzt fehlte es der Partei dennoch an Elan: \u201eHolger Apfel wird versuchen m\u00fcssen, diesen Schwung wieder herzustellen.\u201c, sagt der Rechtsextremismusexperte und Politikwissenschaftler der Universit\u00e4t Potsdam Gideon Botsch. \u201eDazu braucht er die Mobilisierungsf\u00e4higkeit des neo-nationalsozialistisch orientierten Kameradschaftsfl\u00fcgels innerhalb seiner Partei, mit dem er ja in Sachsen seit jeher eng kooperiert.\u201c<br \/>\nErreichen will Apfel seine Ziele \u00fcber ein Konzept, das er selbst als \u201eseri\u00f6se Radikalit\u00e4t\u201c bezeichnet. Er meint damit vor allem eine verbesserte Au\u00dfenwirkung der Partei und dezidiert keine inhaltliche Ver\u00e4nderung. Es geht also darum, \u201ekeine Polit-Sekte und B\u00fcrgerschrecktruppe\u201c mehr zu sein und eben nicht um \u201einhaltliche Anpassung und die Aufweichung unserer Grunds\u00e4tze\u201c, wie Apfel sagt.<\/p>\n<p>Apfel \u00fcbernimmt jedoch eine Partei in schlechtem Zustand. Botsch verweist auf die zahlreichen Baustellen der NPD, derer sich Apfel annehmen muss: \u201eIntegration einer schwer zu integrierenden, chaotischen Partei; Behauptung seiner F\u00fchrungsposition gegen zahlreiche Pr\u00e4tendenten auf das Amt; eine desolate finanzielle Situation; den Umgang mit einer tiefen Verstrickung der NPD ins gewaltt\u00e4tige Neonazi-Milieu.\u201c Gerade die letzten Enth\u00fcllungen um den \u201eNationalsozialistischen Untergrund\u201c \u2013 eine rechtsextreme Terrorzelle \u2013 k\u00f6nnten ein NPD-Verbotsverfahren nach sich ziehen, meint Botsch.<\/p>\n<p>Der neue Parteivorsitzende \u00e4u\u00dferte sich in einer kurzen Stellungnahme zu den Vorg\u00e4ngen rund um die neuesten rechtsterroristischen Enth\u00fcllungen. Man verurteile jeden politischen Terrorismus und Gewalt, sehe aber in den erneuten NPD-Verbotsforderungen vor allem ein Ablenkungsman\u00f6ver, um die Verstrickungen des Verfassungsschutzes zu verdecken.<\/p>\n","protected":false},"excerpt":{"rendered":"<p>Am Wochenende fand im brandenburgischen Neuruppin der Personalparteitag der rechtsextremen NPD statt. Holger Apfel, Vorsitzender der s\u00e4chsischen Landtagsfraktion der NPD, wurde zum neuen Vorsitzenden der Partei gew\u00e4hlt. Apfel l\u00f6st damit nach 15 Jahren Amtszeit seinen politischen Ziehvater Udo Voigt an der Spitze der Partei ab.<\/p>\n","protected":false},"author":229,"featured_media":0,"comment_status":"open","ping_status":"open","sticky":false,"template":"","format":"standard","meta":{"_jetpack_memberships_contains_paid_content":false,"footnotes":""},"categories":[1515],"tags":[1605,1716,1830],"class_list":["post-7507","post","type-post","status-publish","format-standard","hentry","category-bundesweit","tag-holger-apfel","tag-npd","tag-udo-voigt"],"yoast_head":"<!-- This site is optimized with the Yoast SEO plugin v21.0 - https:\/\/yoast.com\/wordpress\/plugins\/seo\/ -->\n<title>Apfel als neuer NPD-Chef - St\u00f6rungsmelder<\/title>\n<meta name=\"robots\" content=\"index, follow, max-snippet:-1, max-image-preview:large, max-video-preview:-1\" \/>\n<link rel=\"canonical\" href=\"https:\/\/blog.zeit.de\/stoerungsmelder\/2011\/11\/15\/apfel-als-neuer-npd-chef_7507\" \/>\n<meta property=\"og:locale\" content=\"de_DE\" \/>\n<meta property=\"og:type\" content=\"article\" \/>\n<meta property=\"og:title\" content=\"Apfel als neuer NPD-Chef - St\u00f6rungsmelder\" \/>\n<meta property=\"og:description\" content=\"Am Wochenende fand im brandenburgischen Neuruppin der Personalparteitag der rechtsextremen NPD statt. Holger Apfel, Vorsitzender der s\u00e4chsischen Landtagsfraktion der NPD, wurde zum neuen Vorsitzenden der Partei gew\u00e4hlt. Apfel l\u00f6st damit nach 15 Jahren Amtszeit seinen politischen Ziehvater Udo Voigt an der Spitze der Partei ab.\" \/>\n<meta property=\"og:url\" content=\"https:\/\/blog.zeit.de\/stoerungsmelder\/2011\/11\/15\/apfel-als-neuer-npd-chef_7507\" \/>\n<meta property=\"og:site_name\" content=\"St\u00f6rungsmelder\" \/>\n<meta property=\"article:published_time\" content=\"2011-11-15T10:47:17+00:00\" \/>\n<meta property=\"og:image\" content=\"https:\/\/blog.zeit.de\/stoerungsmelder\/files\/2011\/09\/npd_a2.jpg\" \/>\n<meta name=\"author\" content=\"St\u00f6rungsmelder\" \/>\n<meta name=\"twitter:card\" content=\"summary_large_image\" \/>\n<meta name=\"twitter:label1\" content=\"Geschrieben von\" \/>\n\t<meta name=\"twitter:data1\" content=\"St\u00f6rungsmelder\" \/>\n\t<meta name=\"twitter:label2\" content=\"Gesch\u00e4tzte Lesezeit\" \/>\n\t<meta name=\"twitter:data2\" content=\"4\u00a0Minuten\" \/>\n<script type=\"application\/ld+json\" class=\"yoast-schema-graph\">{\"@context\":\"https:\/\/schema.org\",\"@graph\":[{\"@type\":\"WebPage\",\"@id\":\"https:\/\/blog.zeit.de\/stoerungsmelder\/2011\/11\/15\/apfel-als-neuer-npd-chef_7507\",\"url\":\"https:\/\/blog.zeit.de\/stoerungsmelder\/2011\/11\/15\/apfel-als-neuer-npd-chef_7507\",\"name\":\"Apfel als neuer NPD-Chef - St\u00f6rungsmelder\",\"isPartOf\":{\"@id\":\"https:\/\/blog.zeit.de\/stoerungsmelder\/#website\"},\"datePublished\":\"2011-11-15T10:47:17+00:00\",\"dateModified\":\"2011-11-15T10:47:17+00:00\",\"author\":{\"@id\":\"https:\/\/blog.zeit.de\/stoerungsmelder\/#\/schema\/person\/fdd0b9818f65738672810b6d6f037f71\"},\"breadcrumb\":{\"@id\":\"https:\/\/blog.zeit.de\/stoerungsmelder\/2011\/11\/15\/apfel-als-neuer-npd-chef_7507#breadcrumb\"},\"inLanguage\":\"de\",\"potentialAction\":[{\"@type\":\"ReadAction\",\"target\":[\"https:\/\/blog.zeit.de\/stoerungsmelder\/2011\/11\/15\/apfel-als-neuer-npd-chef_7507\"]}]},{\"@type\":\"BreadcrumbList\",\"@id\":\"https:\/\/blog.zeit.de\/stoerungsmelder\/2011\/11\/15\/apfel-als-neuer-npd-chef_7507#breadcrumb\",\"itemListElement\":[{\"@type\":\"ListItem\",\"position\":1,\"name\":\"Startseite\",\"item\":\"https:\/\/blog.zeit.de\/stoerungsmelder\"},{\"@type\":\"ListItem\",\"position\":2,\"name\":\"Apfel als neuer NPD-Chef\"}]},{\"@type\":\"WebSite\",\"@id\":\"https:\/\/blog.zeit.de\/stoerungsmelder\/#website\",\"url\":\"https:\/\/blog.zeit.de\/stoerungsmelder\/\",\"name\":\"St\u00f6rungsmelder\",\"description\":\"Recherchen und Analysen \u00fcber die extreme Rechte\",\"potentialAction\":[{\"@type\":\"SearchAction\",\"target\":{\"@type\":\"EntryPoint\",\"urlTemplate\":\"https:\/\/blog.zeit.de\/stoerungsmelder\/?s={search_term_string}\"},\"query-input\":\"required name=search_term_string\"}],\"inLanguage\":\"de\"},{\"@type\":\"Person\",\"@id\":\"https:\/\/blog.zeit.de\/stoerungsmelder\/#\/schema\/person\/fdd0b9818f65738672810b6d6f037f71\",\"name\":\"St\u00f6rungsmelder\",\"image\":{\"@type\":\"ImageObject\",\"inLanguage\":\"de\",\"@id\":\"https:\/\/blog.zeit.de\/stoerungsmelder\/#\/schema\/person\/image\/\",\"url\":\"https:\/\/secure.gravatar.com\/avatar\/dfa4be514c3e82a71e4f9a0020035d38192d080ccaa5e4e6d7a1472c763535c5?s=96&d=mm&r=pg\",\"contentUrl\":\"https:\/\/secure.gravatar.com\/avatar\/dfa4be514c3e82a71e4f9a0020035d38192d080ccaa5e4e6d7a1472c763535c5?s=96&d=mm&r=pg\",\"caption\":\"St\u00f6rungsmelder\"},\"url\":\"https:\/\/blog.zeit.de\/stoerungsmelder\/author\/stoerungsmelder\"}]}<\/script>\n<!-- \/ Yoast SEO plugin. -->","yoast_head_json":{"title":"Apfel als neuer NPD-Chef - St\u00f6rungsmelder","robots":{"index":"index","follow":"follow","max-snippet":"max-snippet:-1","max-image-preview":"max-image-preview:large","max-video-preview":"max-video-preview:-1"},"canonical":"https:\/\/blog.zeit.de\/stoerungsmelder\/2011\/11\/15\/apfel-als-neuer-npd-chef_7507","og_locale":"de_DE","og_type":"article","og_title":"Apfel als neuer NPD-Chef - St\u00f6rungsmelder","og_description":"Am Wochenende fand im brandenburgischen Neuruppin der Personalparteitag der rechtsextremen NPD statt. Holger Apfel, Vorsitzender der s\u00e4chsischen Landtagsfraktion der NPD, wurde zum neuen Vorsitzenden der Partei gew\u00e4hlt. Apfel l\u00f6st damit nach 15 Jahren Amtszeit seinen politischen Ziehvater Udo Voigt an der Spitze der Partei ab.","og_url":"https:\/\/blog.zeit.de\/stoerungsmelder\/2011\/11\/15\/apfel-als-neuer-npd-chef_7507","og_site_name":"St\u00f6rungsmelder","article_published_time":"2011-11-15T10:47:17+00:00","og_image":[{"url":"https:\/\/blog.zeit.de\/stoerungsmelder\/files\/2011\/09\/npd_a2.jpg"}],"author":"St\u00f6rungsmelder","twitter_card":"summary_large_image","twitter_misc":{"Geschrieben von":"St\u00f6rungsmelder","Gesch\u00e4tzte Lesezeit":"4\u00a0Minuten"},"schema":{"@context":"https:\/\/schema.org","@graph":[{"@type":"WebPage","@id":"https:\/\/blog.zeit.de\/stoerungsmelder\/2011\/11\/15\/apfel-als-neuer-npd-chef_7507","url":"https:\/\/blog.zeit.de\/stoerungsmelder\/2011\/11\/15\/apfel-als-neuer-npd-chef_7507","name":"Apfel als neuer NPD-Chef - St\u00f6rungsmelder","isPartOf":{"@id":"https:\/\/blog.zeit.de\/stoerungsmelder\/#website"},"datePublished":"2011-11-15T10:47:17+00:00","dateModified":"2011-11-15T10:47:17+00:00","author":{"@id":"https:\/\/blog.zeit.de\/stoerungsmelder\/#\/schema\/person\/fdd0b9818f65738672810b6d6f037f71"},"breadcrumb":{"@id":"https:\/\/blog.zeit.de\/stoerungsmelder\/2011\/11\/15\/apfel-als-neuer-npd-chef_7507#breadcrumb"},"inLanguage":"de","potentialAction":[{"@type":"ReadAction","target":["https:\/\/blog.zeit.de\/stoerungsmelder\/2011\/11\/15\/apfel-als-neuer-npd-chef_7507"]}]},{"@type":"BreadcrumbList","@id":"https:\/\/blog.zeit.de\/stoerungsmelder\/2011\/11\/15\/apfel-als-neuer-npd-chef_7507#breadcrumb","itemListElement":[{"@type":"ListItem","position":1,"name":"Startseite","item":"https:\/\/blog.zeit.de\/stoerungsmelder"},{"@type":"ListItem","position":2,"name":"Apfel als neuer NPD-Chef"}]},{"@type":"WebSite","@id":"https:\/\/blog.zeit.de\/stoerungsmelder\/#website","url":"https:\/\/blog.zeit.de\/stoerungsmelder\/","name":"St\u00f6rungsmelder","description":"Recherchen und Analysen \u00fcber die extreme Rechte","potentialAction":[{"@type":"SearchAction","target":{"@type":"EntryPoint","urlTemplate":"https:\/\/blog.zeit.de\/stoerungsmelder\/?s={search_term_string}"},"query-input":"required name=search_term_string"}],"inLanguage":"de"},{"@type":"Person","@id":"https:\/\/blog.zeit.de\/stoerungsmelder\/#\/schema\/person\/fdd0b9818f65738672810b6d6f037f71","name":"St\u00f6rungsmelder","image":{"@type":"ImageObject","inLanguage":"de","@id":"https:\/\/blog.zeit.de\/stoerungsmelder\/#\/schema\/person\/image\/","url":"https:\/\/secure.gravatar.com\/avatar\/dfa4be514c3e82a71e4f9a0020035d38192d080ccaa5e4e6d7a1472c763535c5?s=96&d=mm&r=pg","contentUrl":"https:\/\/secure.gravatar.com\/avatar\/dfa4be514c3e82a71e4f9a0020035d38192d080ccaa5e4e6d7a1472c763535c5?s=96&d=mm&r=pg","caption":"St\u00f6rungsmelder"},"url":"https:\/\/blog.zeit.de\/stoerungsmelder\/author\/stoerungsmelder"}]}},"jetpack_featured_media_url":"","jetpack_sharing_enabled":true,"_links":{"self":[{"href":"https:\/\/blog.zeit.de\/stoerungsmelder\/wp-json\/wp\/v2\/posts\/7507","targetHints":{"allow":["GET"]}}],"collection":[{"href":"https:\/\/blog.zeit.de\/stoerungsmelder\/wp-json\/wp\/v2\/posts"}],"about":[{"href":"https:\/\/blog.zeit.de\/stoerungsmelder\/wp-json\/wp\/v2\/types\/post"}],"author":[{"embeddable":true,"href":"https:\/\/blog.zeit.de\/stoerungsmelder\/wp-json\/wp\/v2\/users\/229"}],"replies":[{"embeddable":true,"href":"https:\/\/blog.zeit.de\/stoerungsmelder\/wp-json\/wp\/v2\/comments?post=7507"}],"version-history":[{"count":2,"href":"https:\/\/blog.zeit.de\/stoerungsmelder\/wp-json\/wp\/v2\/posts\/7507\/revisions"}],"predecessor-version":[{"id":7509,"href":"https:\/\/blog.zeit.de\/stoerungsmelder\/wp-json\/wp\/v2\/posts\/7507\/revisions\/7509"}],"wp:attachment":[{"href":"https:\/\/blog.zeit.de\/stoerungsmelder\/wp-json\/wp\/v2\/media?parent=7507"}],"wp:term":[{"taxonomy":"category","embeddable":true,"href":"https:\/\/blog.zeit.de\/stoerungsmelder\/wp-json\/wp\/v2\/categories?post=7507"},{"taxonomy":"post_tag","embeddable":true,"href":"https:\/\/blog.zeit.de\/stoerungsmelder\/wp-json\/wp\/v2\/tags?post=7507"}],"curies":[{"name":"wp","href":"https:\/\/api.w.org\/{rel}","templated":true}]}}