{"id":7553,"date":"2011-11-19T11:08:39","date_gmt":"2011-11-19T10:08:39","guid":{"rendered":"http:\/\/blog.zeit.de\/stoerungsmelder\/?p=7553"},"modified":"2011-11-19T11:34:21","modified_gmt":"2011-11-19T10:34:21","slug":"namhafte-politiker-und-engagierte-privatpersonen-im-visier-der-rechtsterroristen","status":"publish","type":"post","link":"https:\/\/blog.zeit.de\/stoerungsmelder\/2011\/11\/19\/namhafte-politiker-und-engagierte-privatpersonen-im-visier-der-rechtsterroristen_7553","title":{"rendered":"Namhafte Politiker und engagierte Privatpersonen im Visier der Rechtsterroristen"},"content":{"rendered":"<p><figure id=\"attachment_7478\" aria-describedby=\"caption-attachment-7478\" style=\"width: 540px\" class=\"wp-caption aligncenter\"><a href=\"https:\/\/blog.zeit.de\/stoerungsmelder\/files\/2011\/11\/Zwickau-540x304.jpg\"><img loading=\"lazy\" decoding=\"async\" class=\"size-full wp-image-7478\" src=\"https:\/\/blog.zeit.de\/stoerungsmelder\/files\/2011\/11\/Zwickau-540x304.jpg\" alt=\"\" width=\"540\" height=\"304\" srcset=\"https:\/\/blog.zeit.de\/stoerungsmelder\/files\/2011\/11\/Zwickau-540x304.jpg 540w, https:\/\/blog.zeit.de\/stoerungsmelder\/files\/2011\/11\/Zwickau-540x304-300x168.jpg 300w\" sizes=\"auto, (max-width: 540px) 100vw, 540px\" \/><\/a><figcaption id=\"caption-attachment-7478\" class=\"wp-caption-text\">Zwischen den Tr\u00fcmmern der Terroristen-Wohnung in Zwickau fanden die Beamten die Brisanten Listen \u00a9 Jan Woitas\/dpa<\/figcaption><\/figure><\/p>\n<p>10.000 Personen standen offenbar im Visier der mutma\u00dflichen Rechtsterroristen des &#8222;Nationalsozialistischen Untergrunds&#8220;. Immer mehr der auf einem USB-Stick gefundenen Namen werden bekannt. Unter ihnen: Rainer Br\u00fcderle, Kurt Beck und Maria B\u00f6hmer. Aber auch Personen, die sich privat gegen Rechts engagieren, sind dabei.<!--more--><\/p>\n<p>Schon am Mittwoch <a title=\"Zeit Online (16.11.2011): Neonazis hatten m\u00f6glicherweise Politiker im Visier\" href=\"http:\/\/www.zeit.de\/politik\/deutschland\/2011-11\/rechtsterrorismus-liste\" target=\"_blank\">war bekannt geworden<\/a>, dass die Bundestagsabgeordneten Hans-Peter Uhl (CSU) und Jerzy Montag (Gr\u00fcne) auf dem USB-Stick gelistet sind, den die Ermittler in der abgebrannten Wohnung in Zwickau fanden. Neben den Namen enth\u00e4lt die Liste in vielen F\u00e4llen auch private Adresse und Telefonnummer. Unklar ist, zu welchem Zweck die Neonazis die Daten sammelten. Mehrere Innenpolitiker wehren sich gegen die medial verbreitete Bezeichnung &#8222;Todesliste&#8220;, es gebe bislang keinerlei Hinweise darauf, dass die Datens\u00e4tze mit konkreten Attentatspl\u00e4nen in Verbindung st\u00e4nden. Stattdessen sei es wahrscheinlicher, dass es sich bei den Daten um eine allgemeine Sammlung politischer Gegner handelt.<\/p>\n<p>Der rheinland-pf\u00e4lzische Innenminister Roger Lewentz (SPD) best\u00e4tigte inzwischen, auf dem USB-Stick sei nicht nur die am Mittwoch bekannt gewordene Liste mit 88 Personen gefunden worden, sondern insgesamt rund 10.000 Datens\u00e4tze. Darunter auch mehrere rheinland-pf\u00e4lzische Politiker, wie Ministerpr\u00e4sident Kurt Beck (SPD) und Landesumweltministerin Ulrike H\u00f6fken (Gr\u00fcne). Nach <a title=\"Rhein Zeitung (18.11.2011): Liste der Terrorzelle NSU in Rheinland-Pfalz wird l\u00e4nger: Politiker, Bundeswehr, t\u00fcrkische und j\u00fcdische Einrichtungen im Visier\" href=\"http:\/\/www.rhein-zeitung.de\/regionales_artikel,-Auch-Boehmer-und-Beck-standen-im-Fokus-der-rechtsextremen-Terrorgruppe-NSU-_arid,338246.html\" target=\"_blank\">Informationen der Rhein-Zeitung<\/a> fanden die Ermittler auch Datens\u00e4tze der Integrationsbeauftragten der Bundesregierung Maria B\u00f6hmer (CDU), des Vorsitzenden der FDP-Bundestagsfraktion Rainer Br\u00fcderle, der fr\u00fcheren Drogenbeauftragten der Bundesregierung Sabine B\u00e4tzing-Lichtenth\u00e4ler (SPD), sowie des fr\u00fcheren Bundestagsabgeordneten und heutigen Staatssekret\u00e4r im Bundeslandwirtschaftsministerium Peter Bleser (CDU). Au\u00dferdem habe die mutma\u00dfliche Terrorgruppe auch Namen und Daten von Personen gesammelt, die sich in Kirche, Vereinen oder an der SPD-Basis gegen Rechtextremismus engagieren. Auch t\u00fcrkische und j\u00fcdische Einrichtungen seien gelistet.<br \/>\n<img loading=\"lazy\" decoding=\"async\" src=\"http:\/\/vg08.met.vgwort.de\/na\/6992fb57f86545b5af7d7f65b89fff9e\" alt=\"\" width=\"1\" height=\"1\" \/><\/p>\n","protected":false},"excerpt":{"rendered":"<p>10.000 Personen standen offenbar im Visier der mutma\u00dflichen Rechtsterroristen des &#8222;Nationalsozialistischen Untergrunds&#8220;. Immer mehr der auf einem USB-Stick gefundenen Namen werden bekannt. Unter ihnen: Rainer Br\u00fcderle, Kurt Beck und Maria B\u00f6hmer. Aber auch Personen, die sich privat gegen Rechts engagieren, sind dabei.<\/p>\n","protected":false},"author":288,"featured_media":0,"comment_status":"open","ping_status":"open","sticky":false,"template":"","format":"standard","meta":{"_jetpack_memberships_contains_paid_content":false,"footnotes":""},"categories":[1515,1455],"tags":[12752,1755,12739],"class_list":["post-7553","post","type-post","status-publish","format-standard","hentry","category-bundesweit","category-rheinland-pfalz","tag-nsu","tag-rechte-gewalt","tag-rechtsterrorismus"],"yoast_head":"<!-- This site is optimized with the Yoast SEO plugin v21.0 - https:\/\/yoast.com\/wordpress\/plugins\/seo\/ -->\n<title>Namhafte Politiker und engagierte Privatpersonen im Visier der Rechtsterroristen - St\u00f6rungsmelder<\/title>\n<meta name=\"robots\" content=\"index, follow, max-snippet:-1, max-image-preview:large, max-video-preview:-1\" \/>\n<link rel=\"canonical\" href=\"https:\/\/blog.zeit.de\/stoerungsmelder\/2011\/11\/19\/namhafte-politiker-und-engagierte-privatpersonen-im-visier-der-rechtsterroristen_7553\" \/>\n<meta property=\"og:locale\" content=\"de_DE\" \/>\n<meta property=\"og:type\" content=\"article\" \/>\n<meta property=\"og:title\" content=\"Namhafte Politiker und engagierte Privatpersonen im Visier der Rechtsterroristen - St\u00f6rungsmelder\" \/>\n<meta property=\"og:description\" content=\"10.000 Personen standen offenbar im Visier der mutma\u00dflichen Rechtsterroristen des &#8222;Nationalsozialistischen Untergrunds&#8220;. Immer mehr der auf einem USB-Stick gefundenen Namen werden bekannt. Unter ihnen: Rainer Br\u00fcderle, Kurt Beck und Maria B\u00f6hmer. Aber auch Personen, die sich privat gegen Rechts engagieren, sind dabei.\" \/>\n<meta property=\"og:url\" content=\"https:\/\/blog.zeit.de\/stoerungsmelder\/2011\/11\/19\/namhafte-politiker-und-engagierte-privatpersonen-im-visier-der-rechtsterroristen_7553\" \/>\n<meta property=\"og:site_name\" content=\"St\u00f6rungsmelder\" \/>\n<meta property=\"article:published_time\" content=\"2011-11-19T10:08:39+00:00\" \/>\n<meta property=\"article:modified_time\" content=\"2011-11-19T10:34:21+00:00\" \/>\n<meta property=\"og:image\" content=\"https:\/\/blog.zeit.de\/stoerungsmelder\/files\/2011\/11\/Zwickau-540x304.jpg\" \/>\n<meta name=\"author\" content=\"Marcel Pauly\" \/>\n<meta name=\"twitter:card\" content=\"summary_large_image\" \/>\n<meta name=\"twitter:label1\" content=\"Geschrieben von\" \/>\n\t<meta name=\"twitter:data1\" content=\"Marcel Pauly\" \/>\n\t<meta name=\"twitter:label2\" content=\"Gesch\u00e4tzte Lesezeit\" \/>\n\t<meta name=\"twitter:data2\" content=\"2\u00a0Minuten\" \/>\n<script type=\"application\/ld+json\" class=\"yoast-schema-graph\">{\"@context\":\"https:\/\/schema.org\",\"@graph\":[{\"@type\":\"WebPage\",\"@id\":\"https:\/\/blog.zeit.de\/stoerungsmelder\/2011\/11\/19\/namhafte-politiker-und-engagierte-privatpersonen-im-visier-der-rechtsterroristen_7553\",\"url\":\"https:\/\/blog.zeit.de\/stoerungsmelder\/2011\/11\/19\/namhafte-politiker-und-engagierte-privatpersonen-im-visier-der-rechtsterroristen_7553\",\"name\":\"Namhafte Politiker und engagierte Privatpersonen im Visier der Rechtsterroristen - St\u00f6rungsmelder\",\"isPartOf\":{\"@id\":\"https:\/\/blog.zeit.de\/stoerungsmelder\/#website\"},\"datePublished\":\"2011-11-19T10:08:39+00:00\",\"dateModified\":\"2011-11-19T10:34:21+00:00\",\"author\":{\"@id\":\"https:\/\/blog.zeit.de\/stoerungsmelder\/#\/schema\/person\/a1bd4c1845407e5d38a3767148d31b18\"},\"breadcrumb\":{\"@id\":\"https:\/\/blog.zeit.de\/stoerungsmelder\/2011\/11\/19\/namhafte-politiker-und-engagierte-privatpersonen-im-visier-der-rechtsterroristen_7553#breadcrumb\"},\"inLanguage\":\"de\",\"potentialAction\":[{\"@type\":\"ReadAction\",\"target\":[\"https:\/\/blog.zeit.de\/stoerungsmelder\/2011\/11\/19\/namhafte-politiker-und-engagierte-privatpersonen-im-visier-der-rechtsterroristen_7553\"]}]},{\"@type\":\"BreadcrumbList\",\"@id\":\"https:\/\/blog.zeit.de\/stoerungsmelder\/2011\/11\/19\/namhafte-politiker-und-engagierte-privatpersonen-im-visier-der-rechtsterroristen_7553#breadcrumb\",\"itemListElement\":[{\"@type\":\"ListItem\",\"position\":1,\"name\":\"Startseite\",\"item\":\"https:\/\/blog.zeit.de\/stoerungsmelder\"},{\"@type\":\"ListItem\",\"position\":2,\"name\":\"Namhafte Politiker und engagierte Privatpersonen im Visier der Rechtsterroristen\"}]},{\"@type\":\"WebSite\",\"@id\":\"https:\/\/blog.zeit.de\/stoerungsmelder\/#website\",\"url\":\"https:\/\/blog.zeit.de\/stoerungsmelder\/\",\"name\":\"St\u00f6rungsmelder\",\"description\":\"Recherchen und Analysen \u00fcber die extreme Rechte\",\"potentialAction\":[{\"@type\":\"SearchAction\",\"target\":{\"@type\":\"EntryPoint\",\"urlTemplate\":\"https:\/\/blog.zeit.de\/stoerungsmelder\/?s={search_term_string}\"},\"query-input\":\"required name=search_term_string\"}],\"inLanguage\":\"de\"},{\"@type\":\"Person\",\"@id\":\"https:\/\/blog.zeit.de\/stoerungsmelder\/#\/schema\/person\/a1bd4c1845407e5d38a3767148d31b18\",\"name\":\"Marcel Pauly\",\"image\":{\"@type\":\"ImageObject\",\"inLanguage\":\"de\",\"@id\":\"https:\/\/blog.zeit.de\/stoerungsmelder\/#\/schema\/person\/image\/\",\"url\":\"https:\/\/secure.gravatar.com\/avatar\/3466ab61c0d336d9823b9ba66446e6e41b027544607c148d2a25a91c9a453030?s=96&d=mm&r=pg\",\"contentUrl\":\"https:\/\/secure.gravatar.com\/avatar\/3466ab61c0d336d9823b9ba66446e6e41b027544607c148d2a25a91c9a453030?s=96&d=mm&r=pg\",\"caption\":\"Marcel Pauly\"},\"sameAs\":[\"http:\/\/www.marcelpauly.de\/\"],\"url\":\"https:\/\/blog.zeit.de\/stoerungsmelder\/author\/marcel-pauly\"}]}<\/script>\n<!-- \/ Yoast SEO plugin. -->","yoast_head_json":{"title":"Namhafte Politiker und engagierte Privatpersonen im Visier der Rechtsterroristen - St\u00f6rungsmelder","robots":{"index":"index","follow":"follow","max-snippet":"max-snippet:-1","max-image-preview":"max-image-preview:large","max-video-preview":"max-video-preview:-1"},"canonical":"https:\/\/blog.zeit.de\/stoerungsmelder\/2011\/11\/19\/namhafte-politiker-und-engagierte-privatpersonen-im-visier-der-rechtsterroristen_7553","og_locale":"de_DE","og_type":"article","og_title":"Namhafte Politiker und engagierte Privatpersonen im Visier der Rechtsterroristen - St\u00f6rungsmelder","og_description":"10.000 Personen standen offenbar im Visier der mutma\u00dflichen Rechtsterroristen des &#8222;Nationalsozialistischen Untergrunds&#8220;. Immer mehr der auf einem USB-Stick gefundenen Namen werden bekannt. Unter ihnen: Rainer Br\u00fcderle, Kurt Beck und Maria B\u00f6hmer. Aber auch Personen, die sich privat gegen Rechts engagieren, sind dabei.","og_url":"https:\/\/blog.zeit.de\/stoerungsmelder\/2011\/11\/19\/namhafte-politiker-und-engagierte-privatpersonen-im-visier-der-rechtsterroristen_7553","og_site_name":"St\u00f6rungsmelder","article_published_time":"2011-11-19T10:08:39+00:00","article_modified_time":"2011-11-19T10:34:21+00:00","og_image":[{"url":"https:\/\/blog.zeit.de\/stoerungsmelder\/files\/2011\/11\/Zwickau-540x304.jpg"}],"author":"Marcel Pauly","twitter_card":"summary_large_image","twitter_misc":{"Geschrieben von":"Marcel Pauly","Gesch\u00e4tzte Lesezeit":"2\u00a0Minuten"},"schema":{"@context":"https:\/\/schema.org","@graph":[{"@type":"WebPage","@id":"https:\/\/blog.zeit.de\/stoerungsmelder\/2011\/11\/19\/namhafte-politiker-und-engagierte-privatpersonen-im-visier-der-rechtsterroristen_7553","url":"https:\/\/blog.zeit.de\/stoerungsmelder\/2011\/11\/19\/namhafte-politiker-und-engagierte-privatpersonen-im-visier-der-rechtsterroristen_7553","name":"Namhafte Politiker und engagierte Privatpersonen im Visier der Rechtsterroristen - St\u00f6rungsmelder","isPartOf":{"@id":"https:\/\/blog.zeit.de\/stoerungsmelder\/#website"},"datePublished":"2011-11-19T10:08:39+00:00","dateModified":"2011-11-19T10:34:21+00:00","author":{"@id":"https:\/\/blog.zeit.de\/stoerungsmelder\/#\/schema\/person\/a1bd4c1845407e5d38a3767148d31b18"},"breadcrumb":{"@id":"https:\/\/blog.zeit.de\/stoerungsmelder\/2011\/11\/19\/namhafte-politiker-und-engagierte-privatpersonen-im-visier-der-rechtsterroristen_7553#breadcrumb"},"inLanguage":"de","potentialAction":[{"@type":"ReadAction","target":["https:\/\/blog.zeit.de\/stoerungsmelder\/2011\/11\/19\/namhafte-politiker-und-engagierte-privatpersonen-im-visier-der-rechtsterroristen_7553"]}]},{"@type":"BreadcrumbList","@id":"https:\/\/blog.zeit.de\/stoerungsmelder\/2011\/11\/19\/namhafte-politiker-und-engagierte-privatpersonen-im-visier-der-rechtsterroristen_7553#breadcrumb","itemListElement":[{"@type":"ListItem","position":1,"name":"Startseite","item":"https:\/\/blog.zeit.de\/stoerungsmelder"},{"@type":"ListItem","position":2,"name":"Namhafte Politiker und engagierte Privatpersonen im Visier der Rechtsterroristen"}]},{"@type":"WebSite","@id":"https:\/\/blog.zeit.de\/stoerungsmelder\/#website","url":"https:\/\/blog.zeit.de\/stoerungsmelder\/","name":"St\u00f6rungsmelder","description":"Recherchen und Analysen \u00fcber die extreme Rechte","potentialAction":[{"@type":"SearchAction","target":{"@type":"EntryPoint","urlTemplate":"https:\/\/blog.zeit.de\/stoerungsmelder\/?s={search_term_string}"},"query-input":"required name=search_term_string"}],"inLanguage":"de"},{"@type":"Person","@id":"https:\/\/blog.zeit.de\/stoerungsmelder\/#\/schema\/person\/a1bd4c1845407e5d38a3767148d31b18","name":"Marcel Pauly","image":{"@type":"ImageObject","inLanguage":"de","@id":"https:\/\/blog.zeit.de\/stoerungsmelder\/#\/schema\/person\/image\/","url":"https:\/\/secure.gravatar.com\/avatar\/3466ab61c0d336d9823b9ba66446e6e41b027544607c148d2a25a91c9a453030?s=96&d=mm&r=pg","contentUrl":"https:\/\/secure.gravatar.com\/avatar\/3466ab61c0d336d9823b9ba66446e6e41b027544607c148d2a25a91c9a453030?s=96&d=mm&r=pg","caption":"Marcel Pauly"},"sameAs":["http:\/\/www.marcelpauly.de\/"],"url":"https:\/\/blog.zeit.de\/stoerungsmelder\/author\/marcel-pauly"}]}},"jetpack_featured_media_url":"","jetpack_sharing_enabled":true,"_links":{"self":[{"href":"https:\/\/blog.zeit.de\/stoerungsmelder\/wp-json\/wp\/v2\/posts\/7553","targetHints":{"allow":["GET"]}}],"collection":[{"href":"https:\/\/blog.zeit.de\/stoerungsmelder\/wp-json\/wp\/v2\/posts"}],"about":[{"href":"https:\/\/blog.zeit.de\/stoerungsmelder\/wp-json\/wp\/v2\/types\/post"}],"author":[{"embeddable":true,"href":"https:\/\/blog.zeit.de\/stoerungsmelder\/wp-json\/wp\/v2\/users\/288"}],"replies":[{"embeddable":true,"href":"https:\/\/blog.zeit.de\/stoerungsmelder\/wp-json\/wp\/v2\/comments?post=7553"}],"version-history":[{"count":23,"href":"https:\/\/blog.zeit.de\/stoerungsmelder\/wp-json\/wp\/v2\/posts\/7553\/revisions"}],"predecessor-version":[{"id":8736,"href":"https:\/\/blog.zeit.de\/stoerungsmelder\/wp-json\/wp\/v2\/posts\/7553\/revisions\/8736"}],"wp:attachment":[{"href":"https:\/\/blog.zeit.de\/stoerungsmelder\/wp-json\/wp\/v2\/media?parent=7553"}],"wp:term":[{"taxonomy":"category","embeddable":true,"href":"https:\/\/blog.zeit.de\/stoerungsmelder\/wp-json\/wp\/v2\/categories?post=7553"},{"taxonomy":"post_tag","embeddable":true,"href":"https:\/\/blog.zeit.de\/stoerungsmelder\/wp-json\/wp\/v2\/tags?post=7553"}],"curies":[{"name":"wp","href":"https:\/\/api.w.org\/{rel}","templated":true}]}}