{"id":7618,"date":"2011-11-23T16:26:46","date_gmt":"2011-11-23T15:26:46","guid":{"rendered":"http:\/\/blog.zeit.de\/stoerungsmelder\/?p=7618"},"modified":"2011-11-23T16:26:46","modified_gmt":"2011-11-23T15:26:46","slug":"sido-hitler-und-die-osterreicher","status":"publish","type":"post","link":"https:\/\/blog.zeit.de\/stoerungsmelder\/2011\/11\/23\/sido-hitler-und-die-osterreicher_7618","title":{"rendered":"Sido, Hitler und die \u00d6sterreicher"},"content":{"rendered":"<p><figure id=\"attachment_7622\" aria-describedby=\"caption-attachment-7622\" style=\"width: 540px\" class=\"wp-caption aligncenter\"><a href=\"https:\/\/blog.zeit.de\/stoerungsmelder\/files\/2011\/11\/sido.jpg\"><img loading=\"lazy\" decoding=\"async\" class=\"size-full wp-image-7622\" src=\"https:\/\/blog.zeit.de\/stoerungsmelder\/files\/2011\/11\/sido.jpg\" alt=\"\" width=\"540\" height=\"304\" srcset=\"https:\/\/blog.zeit.de\/stoerungsmelder\/files\/2011\/11\/sido.jpg 540w, https:\/\/blog.zeit.de\/stoerungsmelder\/files\/2011\/11\/sido-300x168.jpg 300w\" sizes=\"auto, (max-width: 540px) 100vw, 540px\" \/><\/a><figcaption id=\"caption-attachment-7622\" class=\"wp-caption-text\">Pflegt einen fragw\u00fcrdigen Umgang mit der deutschen Geschichte: Rapper Sido, hier bei einer VIVA-Preisverleihung 2011 in Oberhausen \u00a9 Getty<\/figcaption><\/figure><\/p>\n<p>Deutschland ist Exportweltmeister. Doch\u00a0 der neuste deutsche Export sorgt in \u00d6sterreich f\u00fcr Emp\u00f6rung. Das \u201eSuperintelligente Drogenopfer\u201c, kurz Sido, einer der bekanntesten deutschen Rapper, verursachte im Nachbarland einen handfesten Eklat. Auf einer Gala des ORF sagte der K\u00fcnstler: \u201eIhr \u00d6sterreicher habt uns mal einen r\u00fcber geschickt, der uns Ordnung beigebracht hat.\u201c Die \u00d6sterreichische Presse reagierte emp\u00f6rt und sah darin eine Beleidung des Landes. Doch der eigentliche Skandal, die Verharmlosung der Verbrechen der NS-Diktatur, war den meisten Medien kaum eine Zeile wert.<!--more--><\/p>\n<p><em>Ein Kommentar von Felix M. Steiner<\/em><\/p>\n<p>Es ist nicht das erste Mal, dass Sido Schlagzeilen in \u00d6sterreich macht. Schon vor einigen Wochen betitelte Sido einen prominenten \u00f6sterreichischen Boulevardjournalisten in der Show \u201eDeine gro\u00dfe Chance\u201c (vergleichbar mit \u201eDas Supertalent\u201c) als Hausmeister und jagte ihn und seinen Freund in p\u00f6belnder Manier sp\u00e4ter von der B\u00fchne. Dieser quittierte das Verhalten des deutschen Rappers mit der Bemerkung: \u201eDeutschland und \u00d6sterreich unterscheidet eben mehr als die Sprache.\u201c Die Revanche folgte prompt: Die \u00f6sterreichische Kronen Zeitung brachte p\u00fcnktlich zur Ausstrahlung der Sendung eine Abrechnung mit Sido. All das w\u00e4re sicher zu verschmerzen gewesen.Doch nun legte Sido nach und traf die \u00d6sterreicher direkt ins Mark, in den Kern ihres nationalen Selbstverst\u00e4ndnisses als erstes Opfer des Nationalsozialismus, wie es im Gr\u00fcndungsdokument der \u00f6sterreichischen Republik von 1945 hei\u00dft.<\/p>\n<p>Der ORF bem\u00fchte sich nach der Sendung vom Samstag um Schadensbegrenzung und verwies auf die Ironie der Aussage und auf den Versuch des K\u00fcnstlers, so die Stimmung auf der Tanzfl\u00e4che anzuheizen. Wie auch immer, die Provokation hat erreicht, was sie erreichen sollte: Aufmerksamkeit. Sofort begannen in den Foren wilde Diskussionen, die zusammengefasst vor allem einen Kern hatten: Hitler sei zwar \u00d6sterreicher gewesen, aber zum Diktator sei er doch erst in Deutschland geworden.<\/p>\n<p>Als wie d\u00fcmmlich man Sidos Aussage auch immer bewerten mag, zeigt sie doch vor allem, dass das Nachkriegsnarrativ des ersten Opfers immer noch als geeignete Kerbe f\u00fcr eine Provokation taugt. Der deutsche Rapper musste nicht einmal den Namen Hitler erw\u00e4hnen und sorgte schon f\u00fcr heftige Diskussionen \u00fcber die Kriegsschuldfrage und \u00fcber T\u00e4ter-Opfer-Verh\u00e4ltnisse. \u201e\u00d6sterreich ist frei\u201c, sagte die Symbolfigur Leopold Figl 1955 und leitete mit dem Staatsvertrag eine neue Phase f\u00fcr sein Land ein. Eine Phase ohne \u201egewisse Verantwortlichkeit\u201c am Weltkrieg. Doch wirklich frei scheint \u00d6sterreich nicht zu sein.<\/p>\n","protected":false},"excerpt":{"rendered":"<p>Deutschland ist Exportweltmeister. Doch\u00a0 der neuste deutsche Export sorgt in \u00d6sterreich f\u00fcr Emp\u00f6rung. Das \u201eSuperintelligente Drogenopfer\u201c, kurz Sido, einer der bekanntesten deutschen Rapper, verursachte im Nachbarland einen handfesten Eklat. Auf einer Gala des ORF sagte der K\u00fcnstler: \u201eIhr \u00d6sterreicher habt uns mal einen r\u00fcber geschickt, der uns Ordnung beigebracht hat.\u201c Die \u00d6sterreichische Presse reagierte emp\u00f6rt [&hellip;]<\/p>\n","protected":false},"author":229,"featured_media":0,"comment_status":"open","ping_status":"open","sticky":false,"template":"","format":"standard","meta":{"_jetpack_memberships_contains_paid_content":false,"footnotes":""},"categories":[1515],"tags":[11404,39400,12758],"class_list":["post-7618","post","type-post","status-publish","format-standard","hentry","category-bundesweit","tag-adolf-hitler","tag-osterreich","tag-sido"],"yoast_head":"<!-- This site is optimized with the Yoast SEO plugin v21.0 - https:\/\/yoast.com\/wordpress\/plugins\/seo\/ -->\n<title>Sido, Hitler und die \u00d6sterreicher - St\u00f6rungsmelder<\/title>\n<meta name=\"robots\" content=\"index, follow, max-snippet:-1, max-image-preview:large, max-video-preview:-1\" \/>\n<link rel=\"canonical\" href=\"https:\/\/blog.zeit.de\/stoerungsmelder\/2011\/11\/23\/sido-hitler-und-die-osterreicher_7618\" \/>\n<meta property=\"og:locale\" content=\"de_DE\" \/>\n<meta property=\"og:type\" content=\"article\" \/>\n<meta property=\"og:title\" content=\"Sido, Hitler und die \u00d6sterreicher - St\u00f6rungsmelder\" \/>\n<meta property=\"og:description\" content=\"Deutschland ist Exportweltmeister. Doch\u00a0 der neuste deutsche Export sorgt in \u00d6sterreich f\u00fcr Emp\u00f6rung. Das \u201eSuperintelligente Drogenopfer\u201c, kurz Sido, einer der bekanntesten deutschen Rapper, verursachte im Nachbarland einen handfesten Eklat. Auf einer Gala des ORF sagte der K\u00fcnstler: \u201eIhr \u00d6sterreicher habt uns mal einen r\u00fcber geschickt, der uns Ordnung beigebracht hat.\u201c Die \u00d6sterreichische Presse reagierte emp\u00f6rt [&hellip;]\" \/>\n<meta property=\"og:url\" content=\"https:\/\/blog.zeit.de\/stoerungsmelder\/2011\/11\/23\/sido-hitler-und-die-osterreicher_7618\" \/>\n<meta property=\"og:site_name\" content=\"St\u00f6rungsmelder\" \/>\n<meta property=\"article:published_time\" content=\"2011-11-23T15:26:46+00:00\" \/>\n<meta property=\"og:image\" content=\"https:\/\/blog.zeit.de\/stoerungsmelder\/files\/2011\/11\/sido.jpg\" \/>\n<meta name=\"author\" content=\"St\u00f6rungsmelder\" \/>\n<meta name=\"twitter:card\" content=\"summary_large_image\" \/>\n<meta name=\"twitter:label1\" content=\"Geschrieben von\" \/>\n\t<meta name=\"twitter:data1\" content=\"St\u00f6rungsmelder\" \/>\n\t<meta name=\"twitter:label2\" content=\"Gesch\u00e4tzte Lesezeit\" \/>\n\t<meta name=\"twitter:data2\" content=\"2\u00a0Minuten\" \/>\n<script type=\"application\/ld+json\" class=\"yoast-schema-graph\">{\"@context\":\"https:\/\/schema.org\",\"@graph\":[{\"@type\":\"WebPage\",\"@id\":\"https:\/\/blog.zeit.de\/stoerungsmelder\/2011\/11\/23\/sido-hitler-und-die-osterreicher_7618\",\"url\":\"https:\/\/blog.zeit.de\/stoerungsmelder\/2011\/11\/23\/sido-hitler-und-die-osterreicher_7618\",\"name\":\"Sido, Hitler und die \u00d6sterreicher - St\u00f6rungsmelder\",\"isPartOf\":{\"@id\":\"https:\/\/blog.zeit.de\/stoerungsmelder\/#website\"},\"datePublished\":\"2011-11-23T15:26:46+00:00\",\"dateModified\":\"2011-11-23T15:26:46+00:00\",\"author\":{\"@id\":\"https:\/\/blog.zeit.de\/stoerungsmelder\/#\/schema\/person\/fdd0b9818f65738672810b6d6f037f71\"},\"breadcrumb\":{\"@id\":\"https:\/\/blog.zeit.de\/stoerungsmelder\/2011\/11\/23\/sido-hitler-und-die-osterreicher_7618#breadcrumb\"},\"inLanguage\":\"de\",\"potentialAction\":[{\"@type\":\"ReadAction\",\"target\":[\"https:\/\/blog.zeit.de\/stoerungsmelder\/2011\/11\/23\/sido-hitler-und-die-osterreicher_7618\"]}]},{\"@type\":\"BreadcrumbList\",\"@id\":\"https:\/\/blog.zeit.de\/stoerungsmelder\/2011\/11\/23\/sido-hitler-und-die-osterreicher_7618#breadcrumb\",\"itemListElement\":[{\"@type\":\"ListItem\",\"position\":1,\"name\":\"Startseite\",\"item\":\"https:\/\/blog.zeit.de\/stoerungsmelder\"},{\"@type\":\"ListItem\",\"position\":2,\"name\":\"Sido, Hitler und die \u00d6sterreicher\"}]},{\"@type\":\"WebSite\",\"@id\":\"https:\/\/blog.zeit.de\/stoerungsmelder\/#website\",\"url\":\"https:\/\/blog.zeit.de\/stoerungsmelder\/\",\"name\":\"St\u00f6rungsmelder\",\"description\":\"Recherchen und Analysen \u00fcber die extreme Rechte\",\"potentialAction\":[{\"@type\":\"SearchAction\",\"target\":{\"@type\":\"EntryPoint\",\"urlTemplate\":\"https:\/\/blog.zeit.de\/stoerungsmelder\/?s={search_term_string}\"},\"query-input\":\"required name=search_term_string\"}],\"inLanguage\":\"de\"},{\"@type\":\"Person\",\"@id\":\"https:\/\/blog.zeit.de\/stoerungsmelder\/#\/schema\/person\/fdd0b9818f65738672810b6d6f037f71\",\"name\":\"St\u00f6rungsmelder\",\"image\":{\"@type\":\"ImageObject\",\"inLanguage\":\"de\",\"@id\":\"https:\/\/blog.zeit.de\/stoerungsmelder\/#\/schema\/person\/image\/\",\"url\":\"https:\/\/secure.gravatar.com\/avatar\/dfa4be514c3e82a71e4f9a0020035d38192d080ccaa5e4e6d7a1472c763535c5?s=96&d=mm&r=pg\",\"contentUrl\":\"https:\/\/secure.gravatar.com\/avatar\/dfa4be514c3e82a71e4f9a0020035d38192d080ccaa5e4e6d7a1472c763535c5?s=96&d=mm&r=pg\",\"caption\":\"St\u00f6rungsmelder\"},\"url\":\"https:\/\/blog.zeit.de\/stoerungsmelder\/author\/stoerungsmelder\"}]}<\/script>\n<!-- \/ Yoast SEO plugin. -->","yoast_head_json":{"title":"Sido, Hitler und die \u00d6sterreicher - St\u00f6rungsmelder","robots":{"index":"index","follow":"follow","max-snippet":"max-snippet:-1","max-image-preview":"max-image-preview:large","max-video-preview":"max-video-preview:-1"},"canonical":"https:\/\/blog.zeit.de\/stoerungsmelder\/2011\/11\/23\/sido-hitler-und-die-osterreicher_7618","og_locale":"de_DE","og_type":"article","og_title":"Sido, Hitler und die \u00d6sterreicher - St\u00f6rungsmelder","og_description":"Deutschland ist Exportweltmeister. Doch\u00a0 der neuste deutsche Export sorgt in \u00d6sterreich f\u00fcr Emp\u00f6rung. Das \u201eSuperintelligente Drogenopfer\u201c, kurz Sido, einer der bekanntesten deutschen Rapper, verursachte im Nachbarland einen handfesten Eklat. Auf einer Gala des ORF sagte der K\u00fcnstler: \u201eIhr \u00d6sterreicher habt uns mal einen r\u00fcber geschickt, der uns Ordnung beigebracht hat.\u201c Die \u00d6sterreichische Presse reagierte emp\u00f6rt [&hellip;]","og_url":"https:\/\/blog.zeit.de\/stoerungsmelder\/2011\/11\/23\/sido-hitler-und-die-osterreicher_7618","og_site_name":"St\u00f6rungsmelder","article_published_time":"2011-11-23T15:26:46+00:00","og_image":[{"url":"https:\/\/blog.zeit.de\/stoerungsmelder\/files\/2011\/11\/sido.jpg"}],"author":"St\u00f6rungsmelder","twitter_card":"summary_large_image","twitter_misc":{"Geschrieben von":"St\u00f6rungsmelder","Gesch\u00e4tzte Lesezeit":"2\u00a0Minuten"},"schema":{"@context":"https:\/\/schema.org","@graph":[{"@type":"WebPage","@id":"https:\/\/blog.zeit.de\/stoerungsmelder\/2011\/11\/23\/sido-hitler-und-die-osterreicher_7618","url":"https:\/\/blog.zeit.de\/stoerungsmelder\/2011\/11\/23\/sido-hitler-und-die-osterreicher_7618","name":"Sido, Hitler und die \u00d6sterreicher - St\u00f6rungsmelder","isPartOf":{"@id":"https:\/\/blog.zeit.de\/stoerungsmelder\/#website"},"datePublished":"2011-11-23T15:26:46+00:00","dateModified":"2011-11-23T15:26:46+00:00","author":{"@id":"https:\/\/blog.zeit.de\/stoerungsmelder\/#\/schema\/person\/fdd0b9818f65738672810b6d6f037f71"},"breadcrumb":{"@id":"https:\/\/blog.zeit.de\/stoerungsmelder\/2011\/11\/23\/sido-hitler-und-die-osterreicher_7618#breadcrumb"},"inLanguage":"de","potentialAction":[{"@type":"ReadAction","target":["https:\/\/blog.zeit.de\/stoerungsmelder\/2011\/11\/23\/sido-hitler-und-die-osterreicher_7618"]}]},{"@type":"BreadcrumbList","@id":"https:\/\/blog.zeit.de\/stoerungsmelder\/2011\/11\/23\/sido-hitler-und-die-osterreicher_7618#breadcrumb","itemListElement":[{"@type":"ListItem","position":1,"name":"Startseite","item":"https:\/\/blog.zeit.de\/stoerungsmelder"},{"@type":"ListItem","position":2,"name":"Sido, Hitler und die \u00d6sterreicher"}]},{"@type":"WebSite","@id":"https:\/\/blog.zeit.de\/stoerungsmelder\/#website","url":"https:\/\/blog.zeit.de\/stoerungsmelder\/","name":"St\u00f6rungsmelder","description":"Recherchen und Analysen \u00fcber die extreme Rechte","potentialAction":[{"@type":"SearchAction","target":{"@type":"EntryPoint","urlTemplate":"https:\/\/blog.zeit.de\/stoerungsmelder\/?s={search_term_string}"},"query-input":"required name=search_term_string"}],"inLanguage":"de"},{"@type":"Person","@id":"https:\/\/blog.zeit.de\/stoerungsmelder\/#\/schema\/person\/fdd0b9818f65738672810b6d6f037f71","name":"St\u00f6rungsmelder","image":{"@type":"ImageObject","inLanguage":"de","@id":"https:\/\/blog.zeit.de\/stoerungsmelder\/#\/schema\/person\/image\/","url":"https:\/\/secure.gravatar.com\/avatar\/dfa4be514c3e82a71e4f9a0020035d38192d080ccaa5e4e6d7a1472c763535c5?s=96&d=mm&r=pg","contentUrl":"https:\/\/secure.gravatar.com\/avatar\/dfa4be514c3e82a71e4f9a0020035d38192d080ccaa5e4e6d7a1472c763535c5?s=96&d=mm&r=pg","caption":"St\u00f6rungsmelder"},"url":"https:\/\/blog.zeit.de\/stoerungsmelder\/author\/stoerungsmelder"}]}},"jetpack_featured_media_url":"","jetpack_sharing_enabled":true,"_links":{"self":[{"href":"https:\/\/blog.zeit.de\/stoerungsmelder\/wp-json\/wp\/v2\/posts\/7618","targetHints":{"allow":["GET"]}}],"collection":[{"href":"https:\/\/blog.zeit.de\/stoerungsmelder\/wp-json\/wp\/v2\/posts"}],"about":[{"href":"https:\/\/blog.zeit.de\/stoerungsmelder\/wp-json\/wp\/v2\/types\/post"}],"author":[{"embeddable":true,"href":"https:\/\/blog.zeit.de\/stoerungsmelder\/wp-json\/wp\/v2\/users\/229"}],"replies":[{"embeddable":true,"href":"https:\/\/blog.zeit.de\/stoerungsmelder\/wp-json\/wp\/v2\/comments?post=7618"}],"version-history":[{"count":5,"href":"https:\/\/blog.zeit.de\/stoerungsmelder\/wp-json\/wp\/v2\/posts\/7618\/revisions"}],"predecessor-version":[{"id":7624,"href":"https:\/\/blog.zeit.de\/stoerungsmelder\/wp-json\/wp\/v2\/posts\/7618\/revisions\/7624"}],"wp:attachment":[{"href":"https:\/\/blog.zeit.de\/stoerungsmelder\/wp-json\/wp\/v2\/media?parent=7618"}],"wp:term":[{"taxonomy":"category","embeddable":true,"href":"https:\/\/blog.zeit.de\/stoerungsmelder\/wp-json\/wp\/v2\/categories?post=7618"},{"taxonomy":"post_tag","embeddable":true,"href":"https:\/\/blog.zeit.de\/stoerungsmelder\/wp-json\/wp\/v2\/tags?post=7618"}],"curies":[{"name":"wp","href":"https:\/\/api.w.org\/{rel}","templated":true}]}}