{"id":7652,"date":"2011-11-27T11:22:57","date_gmt":"2011-11-27T10:22:57","guid":{"rendered":"http:\/\/blog.zeit.de\/stoerungsmelder\/?p=7652"},"modified":"2011-11-28T08:33:12","modified_gmt":"2011-11-28T07:33:12","slug":"schweigen-gegen-die-rechte-gewalt","status":"publish","type":"post","link":"https:\/\/blog.zeit.de\/stoerungsmelder\/2011\/11\/27\/schweigen-gegen-die-rechte-gewalt_7652","title":{"rendered":"Schweigen gegen die rechte Gewalt"},"content":{"rendered":"<p><figure id=\"attachment_7653\" aria-describedby=\"caption-attachment-7653\" style=\"width: 540px\" class=\"wp-caption aligncenter\"><a href=\"https:\/\/blog.zeit.de\/stoerungsmelder\/files\/2011\/11\/silentmob.jpg\"><img loading=\"lazy\" decoding=\"async\" class=\"size-full wp-image-7653\" src=\"https:\/\/blog.zeit.de\/stoerungsmelder\/files\/2011\/11\/silentmob.jpg\" alt=\"\" width=\"540\" height=\"304\" srcset=\"https:\/\/blog.zeit.de\/stoerungsmelder\/files\/2011\/11\/silentmob.jpg 540w, https:\/\/blog.zeit.de\/stoerungsmelder\/files\/2011\/11\/silentmob-300x168.jpg 300w\" sizes=\"auto, (max-width: 540px) 100vw, 540px\" \/><\/a><figcaption id=\"caption-attachment-7653\" class=\"wp-caption-text\">Mit einem &quot;Silentmob&quot; protestierten in mehreren St\u00e4dten Menschen gegen Rassismus und rechte Gewalt \u00a9 Max Bassin<\/figcaption><\/figure><\/p>\n<p>Gegen 13 Uhr ist es so ruhig wie fast nie am Bahnhofsvorplatz der Rheinmetropole K\u00f6ln. Eine bedr\u00fcckende Stille erhebt sich \u00fcber den stark frequentierten Platz. Passanten bleiben stehen und beobachten die vielen Menschen, wie sie schweigend mit Plakaten und Rosen auf den Domtreppen stehen und anschlie\u00dfend Rosen und Plakate auf dem Boden ablegen.<!--more--><em><br \/>\nVon Max Bassin<\/em><\/p>\n<p>Kaum ein Auge bleibt heute trocken. Man merkt, wie tief der Schock \u00fcber die grausamen Taten den Menschen in den Gliedern steckt. Spontan schlie\u00dfen sich Passanten an, Touristen fragen \u201ewhat is going on?\u201c &#8211; und sind entsetzt als sie den Grund f\u00fcr die Traueraktion erfahren. Viele Familien sind da. Aber auch junge und alte Menschen mit unterschiedlichsten Lebensbiografien und in unterschiedlichen Lebenssituationen. Sie alle zeigen in diesem Moment Best\u00fcrzung und Trauer. Manche beten, andere diskutieren leise mit Freunden. Der erlebten Gewalt wollen sie \u201enicht mit Gegengewalt sondern [mit] Liebe begegnen\u201c, hei\u00dft es in dem Aufruf zu der Aktion Internet.<\/p>\n<p>Wie auch in 15 anderen St\u00e4dten haben sich am Samstag in K\u00f6ln Menschen versammelt, um der Opfer der rechtsterroristischen Gruppe \u201eNationalsozialistischer Untergrund\u201c (NSU) zu gedenken. Viele der etwa einhundert Teilnehmer f\u00fchrten neben Schildern mit dem Namen der Opfer auch wei\u00dfe und rote Rosen mit sich. W\u00e4hrend die wei\u00dfen Rosen f\u00fcr Frieden stehen und an die Widerstandsgruppe um Hans und Sophie Scholl im Nationalsozialismus erinnern sollen, sind die roten Rosen als Ausdruck der Trauer zu gedacht. Auch nach dem rechten Terroranschlag bekundeten norwegische B\u00fcrger so, vor etwa vier Monaten, ihre Trauer um die Opfer des rechten Attent\u00e4ters Anders Behring Breivik.<\/p>\n<p><strong>Schweigen gegen das Schweigen<\/strong><\/p>\n<p>Die Teilnehmer schweigen nicht nur um \u201eder Opfer des rechten Terrors [zu] gedenken\u201c, sondern auch, damit \u201edie schweigende Mehrheit endlich ihre Augen \u00f6ffnet und in den Spiegel sieht.\u201c Schlie\u00dflich solle auch eine Auseinandersetzung mit Alltagsrassismen angesto\u00dfen werden. Bezeichnungen, wie \u201eD\u00f6nermorde\u201c offenbarten schlie\u00dflich \u201ewie sehr ein allt\u00e4glicher Rassismus in den K\u00f6pfen der gesamten Gesellschaft\u201c vorherrsche. Kontr\u00e4r hierzu wollen die so genannten \u201eSilentmobs\u201c ein Zeichen setzen f\u00fcr Respekt und Demokratie \u2013 kurz: f\u00fcr ein friedliches Zusammenleben. Dazu geh\u00f6re es auch sich solidarisch mit den Angeh\u00f6rigen der Opfer zu zeigen. \u201eWir schweigen, damit Du Dein Schweigen brichst!\u201c, appellieren die Organisatoren an die Gesellschaft.<\/p>\n<p><strong>NSU-Anschlag in K\u00f6ln<\/strong><\/p>\n<p>In die Reihe der Anschl\u00e4ge des NSU f\u00e4llt offenbar auch ein bisher ungekl\u00e4rter Anschlag in der K\u00f6lner Keupstra\u00dfe. 2004 z\u00fcndeten vermutlich Uwe B. und Uwe M. eine auf einem Fahrrad platzierte Nagelbombe vor einem Friseursalon. Bei der Explosion wurden 22 Menschen verletzt, vier davon schwer. 40.000 Euro soll ihn die Beseitigung der Bombensch\u00e4den gekostet haben erz\u00e4hlt der Inhaber \u00d6zcan Yildirim. Die Bombe wurde allem Anschein nach nicht zuf\u00e4llig in der Keupstra\u00dfe platziert. Die Gegend, die oft ver\u00e4chtlich \u201eKlein-Istanbul\u201c genannt und von manchen mit Kriminalit\u00e4t und Drogen assoziiert wird, d\u00fcrfte gerade wegen ihres Rufs und ihrer Geschichte als Anschlagsziel ausgew\u00e4hlt worden sei. Vor allem in den 50er und 60er Jahren fanden hier viele von Deutschland angeworbene Arbeiter aus der T\u00fcrkei und ihre Familien ein Zuhause.<\/p>\n<p>Bundesinnenminister Otto Schily (SPD) aber sprach angesichts der Explosion damals von einem \u201ekriminellen Milieu\u201c, das sich f\u00fcr die Tat zu verantworten habe. Ermittelt wurde vor allem im Bezug auf angeblich kriminelle Strukturen in der Keupstra\u00dfe. Die t\u00fcrkischsprachige Zeitung H\u00fcrriyet etwa schrieb das Attentat sei im Kontext eines Streits zwischen der Russen- und T\u00fcrkenmafia zu sehen. Dabei zeigten \u00dcberwachungsb\u00e4nder die beiden T\u00e4ter: zwei gro\u00dfe M\u00e4nner mit M\u00fctzen und Rucks\u00e4cken. Gegen\u00fcber der Polizei sagte der j\u00fcngere Bruder des Friseursalonbesitzers aus, er habe einen blonden Mann mit besagtem Fahrrad gesehen. Es dr\u00e4ngt sich der Verdacht auf das hier einseitig ermittelt wurde. Die Opfer des Anschlags, beziehungsweise die Menschen in der Keupstra\u00dfe, wurden abermals zum Opfer gemacht, indem ihnen medial die Schuld am Anschlag gegeben wurde. Erst nach sieben Jahren gibt es jetzt Gewissheit \u00fcber die wahren Motive des Attentats.<\/p>\n<p><strong>K\u00f6lner Neonazis und ihre Verbindungen zum NSU<\/strong><\/p>\n<p>Inzwischen gibt es auch Hinweise darauf, dass die Terroristen Beate Z., Uwe B. und Uwe M. die lokale Nazigr\u00f6\u00dfe Axel Reitz pers\u00f6nlich kannten und 2009 an einer Naziveranstaltung im nahe bei K\u00f6ln gelegenen Erftstadt teilnahmen. Reitz, so berichtete ein Teilnehmer jener Versammlung gegen\u00fcber dem WDR-Magazin \u201eMonitor\u201c habe den dreien sogar pers\u00f6nlich Zutritt zu der Veranstaltung verschafft. Reitz selbst bestreitet die drei pers\u00f6nlich gekannt zu haben.<\/p>\n<p>Mit der Aktion haben verschiedene Menschen am Samstag ihre Solidarit\u00e4t mit den Opfern extrem rechter Gewalt bekundet. Passanten hielten inne und wurden zum Nachdenken angeregt. Die Organisatoren hoffen, dass jetzt eine Auseinandersetzung \u00fcber die Alltagsrassismen einsetzt, die das ideologische Fundament f\u00fcr rechtsterroristische Mordserie bildeten. Die Schweigenden haben diese Diskussion heute in K\u00f6ln und in vielen anderen St\u00e4dten versucht anzusto\u00dfen \u2013 in der Hoffnung das gesellschaftliche Schweigen endlich zu brechen.<\/p>\n","protected":false},"excerpt":{"rendered":"<p>Gegen 13 Uhr ist es so ruhig wie fast nie am Bahnhofsvorplatz der Rheinmetropole K\u00f6ln. Eine bedr\u00fcckende Stille erhebt sich \u00fcber den stark frequentierten Platz. Passanten bleiben stehen und beobachten die vielen Menschen, wie sie schweigend mit Plakaten und Rosen auf den Domtreppen stehen und anschlie\u00dfend Rosen und Plakate auf dem Boden ablegen.<\/p>\n","protected":false},"author":349,"featured_media":0,"comment_status":"open","ping_status":"open","sticky":false,"template":"","format":"standard","meta":{"_jetpack_memberships_contains_paid_content":false,"footnotes":""},"categories":[1515],"tags":[12752,1752,1755,12739],"class_list":["post-7652","post","type-post","status-publish","format-standard","hentry","category-bundesweit","tag-nsu","tag-protest","tag-rechte-gewalt","tag-rechtsterrorismus"],"yoast_head":"<!-- This site is optimized with the Yoast SEO plugin v21.0 - https:\/\/yoast.com\/wordpress\/plugins\/seo\/ -->\n<title>Schweigen gegen die rechte Gewalt - St\u00f6rungsmelder<\/title>\n<meta name=\"robots\" content=\"index, follow, max-snippet:-1, max-image-preview:large, max-video-preview:-1\" \/>\n<link rel=\"canonical\" href=\"https:\/\/blog.zeit.de\/stoerungsmelder\/2011\/11\/27\/schweigen-gegen-die-rechte-gewalt_7652\" \/>\n<meta property=\"og:locale\" content=\"de_DE\" \/>\n<meta property=\"og:type\" content=\"article\" \/>\n<meta property=\"og:title\" content=\"Schweigen gegen die rechte Gewalt - St\u00f6rungsmelder\" \/>\n<meta property=\"og:description\" content=\"Gegen 13 Uhr ist es so ruhig wie fast nie am Bahnhofsvorplatz der Rheinmetropole K\u00f6ln. Eine bedr\u00fcckende Stille erhebt sich \u00fcber den stark frequentierten Platz. Passanten bleiben stehen und beobachten die vielen Menschen, wie sie schweigend mit Plakaten und Rosen auf den Domtreppen stehen und anschlie\u00dfend Rosen und Plakate auf dem Boden ablegen.\" \/>\n<meta property=\"og:url\" content=\"https:\/\/blog.zeit.de\/stoerungsmelder\/2011\/11\/27\/schweigen-gegen-die-rechte-gewalt_7652\" \/>\n<meta property=\"og:site_name\" content=\"St\u00f6rungsmelder\" \/>\n<meta property=\"article:published_time\" content=\"2011-11-27T10:22:57+00:00\" \/>\n<meta property=\"article:modified_time\" content=\"2011-11-28T07:33:12+00:00\" \/>\n<meta property=\"og:image\" content=\"https:\/\/blog.zeit.de\/stoerungsmelder\/files\/2011\/11\/silentmob.jpg\" \/>\n<meta name=\"author\" content=\"Max Bassin\" \/>\n<meta name=\"twitter:card\" content=\"summary_large_image\" \/>\n<meta name=\"twitter:label1\" content=\"Geschrieben von\" \/>\n\t<meta name=\"twitter:data1\" content=\"Max Bassin\" \/>\n\t<meta name=\"twitter:label2\" content=\"Gesch\u00e4tzte Lesezeit\" \/>\n\t<meta name=\"twitter:data2\" content=\"4\u00a0Minuten\" \/>\n<script type=\"application\/ld+json\" class=\"yoast-schema-graph\">{\"@context\":\"https:\/\/schema.org\",\"@graph\":[{\"@type\":\"WebPage\",\"@id\":\"https:\/\/blog.zeit.de\/stoerungsmelder\/2011\/11\/27\/schweigen-gegen-die-rechte-gewalt_7652\",\"url\":\"https:\/\/blog.zeit.de\/stoerungsmelder\/2011\/11\/27\/schweigen-gegen-die-rechte-gewalt_7652\",\"name\":\"Schweigen gegen die rechte Gewalt - St\u00f6rungsmelder\",\"isPartOf\":{\"@id\":\"https:\/\/blog.zeit.de\/stoerungsmelder\/#website\"},\"datePublished\":\"2011-11-27T10:22:57+00:00\",\"dateModified\":\"2011-11-28T07:33:12+00:00\",\"author\":{\"@id\":\"https:\/\/blog.zeit.de\/stoerungsmelder\/#\/schema\/person\/3d4da107c074cadcc60561b7c57aab0b\"},\"breadcrumb\":{\"@id\":\"https:\/\/blog.zeit.de\/stoerungsmelder\/2011\/11\/27\/schweigen-gegen-die-rechte-gewalt_7652#breadcrumb\"},\"inLanguage\":\"de\",\"potentialAction\":[{\"@type\":\"ReadAction\",\"target\":[\"https:\/\/blog.zeit.de\/stoerungsmelder\/2011\/11\/27\/schweigen-gegen-die-rechte-gewalt_7652\"]}]},{\"@type\":\"BreadcrumbList\",\"@id\":\"https:\/\/blog.zeit.de\/stoerungsmelder\/2011\/11\/27\/schweigen-gegen-die-rechte-gewalt_7652#breadcrumb\",\"itemListElement\":[{\"@type\":\"ListItem\",\"position\":1,\"name\":\"Startseite\",\"item\":\"https:\/\/blog.zeit.de\/stoerungsmelder\"},{\"@type\":\"ListItem\",\"position\":2,\"name\":\"Schweigen gegen die rechte Gewalt\"}]},{\"@type\":\"WebSite\",\"@id\":\"https:\/\/blog.zeit.de\/stoerungsmelder\/#website\",\"url\":\"https:\/\/blog.zeit.de\/stoerungsmelder\/\",\"name\":\"St\u00f6rungsmelder\",\"description\":\"Recherchen und Analysen \u00fcber die extreme Rechte\",\"potentialAction\":[{\"@type\":\"SearchAction\",\"target\":{\"@type\":\"EntryPoint\",\"urlTemplate\":\"https:\/\/blog.zeit.de\/stoerungsmelder\/?s={search_term_string}\"},\"query-input\":\"required name=search_term_string\"}],\"inLanguage\":\"de\"},{\"@type\":\"Person\",\"@id\":\"https:\/\/blog.zeit.de\/stoerungsmelder\/#\/schema\/person\/3d4da107c074cadcc60561b7c57aab0b\",\"name\":\"Max Bassin\",\"image\":{\"@type\":\"ImageObject\",\"inLanguage\":\"de\",\"@id\":\"https:\/\/blog.zeit.de\/stoerungsmelder\/#\/schema\/person\/image\/\",\"url\":\"https:\/\/secure.gravatar.com\/avatar\/a465f2d02ca3a4ba2fcbc41adc7bd2c8df44b5b969eb8bb0e1d1dd782fef3ffe?s=96&d=mm&r=pg\",\"contentUrl\":\"https:\/\/secure.gravatar.com\/avatar\/a465f2d02ca3a4ba2fcbc41adc7bd2c8df44b5b969eb8bb0e1d1dd782fef3ffe?s=96&d=mm&r=pg\",\"caption\":\"Max Bassin\"},\"url\":\"https:\/\/blog.zeit.de\/stoerungsmelder\/author\/maxbassin\"}]}<\/script>\n<!-- \/ Yoast SEO plugin. -->","yoast_head_json":{"title":"Schweigen gegen die rechte Gewalt - St\u00f6rungsmelder","robots":{"index":"index","follow":"follow","max-snippet":"max-snippet:-1","max-image-preview":"max-image-preview:large","max-video-preview":"max-video-preview:-1"},"canonical":"https:\/\/blog.zeit.de\/stoerungsmelder\/2011\/11\/27\/schweigen-gegen-die-rechte-gewalt_7652","og_locale":"de_DE","og_type":"article","og_title":"Schweigen gegen die rechte Gewalt - St\u00f6rungsmelder","og_description":"Gegen 13 Uhr ist es so ruhig wie fast nie am Bahnhofsvorplatz der Rheinmetropole K\u00f6ln. Eine bedr\u00fcckende Stille erhebt sich \u00fcber den stark frequentierten Platz. Passanten bleiben stehen und beobachten die vielen Menschen, wie sie schweigend mit Plakaten und Rosen auf den Domtreppen stehen und anschlie\u00dfend Rosen und Plakate auf dem Boden ablegen.","og_url":"https:\/\/blog.zeit.de\/stoerungsmelder\/2011\/11\/27\/schweigen-gegen-die-rechte-gewalt_7652","og_site_name":"St\u00f6rungsmelder","article_published_time":"2011-11-27T10:22:57+00:00","article_modified_time":"2011-11-28T07:33:12+00:00","og_image":[{"url":"https:\/\/blog.zeit.de\/stoerungsmelder\/files\/2011\/11\/silentmob.jpg"}],"author":"Max Bassin","twitter_card":"summary_large_image","twitter_misc":{"Geschrieben von":"Max Bassin","Gesch\u00e4tzte Lesezeit":"4\u00a0Minuten"},"schema":{"@context":"https:\/\/schema.org","@graph":[{"@type":"WebPage","@id":"https:\/\/blog.zeit.de\/stoerungsmelder\/2011\/11\/27\/schweigen-gegen-die-rechte-gewalt_7652","url":"https:\/\/blog.zeit.de\/stoerungsmelder\/2011\/11\/27\/schweigen-gegen-die-rechte-gewalt_7652","name":"Schweigen gegen die rechte Gewalt - St\u00f6rungsmelder","isPartOf":{"@id":"https:\/\/blog.zeit.de\/stoerungsmelder\/#website"},"datePublished":"2011-11-27T10:22:57+00:00","dateModified":"2011-11-28T07:33:12+00:00","author":{"@id":"https:\/\/blog.zeit.de\/stoerungsmelder\/#\/schema\/person\/3d4da107c074cadcc60561b7c57aab0b"},"breadcrumb":{"@id":"https:\/\/blog.zeit.de\/stoerungsmelder\/2011\/11\/27\/schweigen-gegen-die-rechte-gewalt_7652#breadcrumb"},"inLanguage":"de","potentialAction":[{"@type":"ReadAction","target":["https:\/\/blog.zeit.de\/stoerungsmelder\/2011\/11\/27\/schweigen-gegen-die-rechte-gewalt_7652"]}]},{"@type":"BreadcrumbList","@id":"https:\/\/blog.zeit.de\/stoerungsmelder\/2011\/11\/27\/schweigen-gegen-die-rechte-gewalt_7652#breadcrumb","itemListElement":[{"@type":"ListItem","position":1,"name":"Startseite","item":"https:\/\/blog.zeit.de\/stoerungsmelder"},{"@type":"ListItem","position":2,"name":"Schweigen gegen die rechte Gewalt"}]},{"@type":"WebSite","@id":"https:\/\/blog.zeit.de\/stoerungsmelder\/#website","url":"https:\/\/blog.zeit.de\/stoerungsmelder\/","name":"St\u00f6rungsmelder","description":"Recherchen und Analysen \u00fcber die extreme Rechte","potentialAction":[{"@type":"SearchAction","target":{"@type":"EntryPoint","urlTemplate":"https:\/\/blog.zeit.de\/stoerungsmelder\/?s={search_term_string}"},"query-input":"required name=search_term_string"}],"inLanguage":"de"},{"@type":"Person","@id":"https:\/\/blog.zeit.de\/stoerungsmelder\/#\/schema\/person\/3d4da107c074cadcc60561b7c57aab0b","name":"Max Bassin","image":{"@type":"ImageObject","inLanguage":"de","@id":"https:\/\/blog.zeit.de\/stoerungsmelder\/#\/schema\/person\/image\/","url":"https:\/\/secure.gravatar.com\/avatar\/a465f2d02ca3a4ba2fcbc41adc7bd2c8df44b5b969eb8bb0e1d1dd782fef3ffe?s=96&d=mm&r=pg","contentUrl":"https:\/\/secure.gravatar.com\/avatar\/a465f2d02ca3a4ba2fcbc41adc7bd2c8df44b5b969eb8bb0e1d1dd782fef3ffe?s=96&d=mm&r=pg","caption":"Max Bassin"},"url":"https:\/\/blog.zeit.de\/stoerungsmelder\/author\/maxbassin"}]}},"jetpack_featured_media_url":"","jetpack_sharing_enabled":true,"_links":{"self":[{"href":"https:\/\/blog.zeit.de\/stoerungsmelder\/wp-json\/wp\/v2\/posts\/7652","targetHints":{"allow":["GET"]}}],"collection":[{"href":"https:\/\/blog.zeit.de\/stoerungsmelder\/wp-json\/wp\/v2\/posts"}],"about":[{"href":"https:\/\/blog.zeit.de\/stoerungsmelder\/wp-json\/wp\/v2\/types\/post"}],"author":[{"embeddable":true,"href":"https:\/\/blog.zeit.de\/stoerungsmelder\/wp-json\/wp\/v2\/users\/349"}],"replies":[{"embeddable":true,"href":"https:\/\/blog.zeit.de\/stoerungsmelder\/wp-json\/wp\/v2\/comments?post=7652"}],"version-history":[{"count":9,"href":"https:\/\/blog.zeit.de\/stoerungsmelder\/wp-json\/wp\/v2\/posts\/7652\/revisions"}],"predecessor-version":[{"id":7661,"href":"https:\/\/blog.zeit.de\/stoerungsmelder\/wp-json\/wp\/v2\/posts\/7652\/revisions\/7661"}],"wp:attachment":[{"href":"https:\/\/blog.zeit.de\/stoerungsmelder\/wp-json\/wp\/v2\/media?parent=7652"}],"wp:term":[{"taxonomy":"category","embeddable":true,"href":"https:\/\/blog.zeit.de\/stoerungsmelder\/wp-json\/wp\/v2\/categories?post=7652"},{"taxonomy":"post_tag","embeddable":true,"href":"https:\/\/blog.zeit.de\/stoerungsmelder\/wp-json\/wp\/v2\/tags?post=7652"}],"curies":[{"name":"wp","href":"https:\/\/api.w.org\/{rel}","templated":true}]}}