{"id":7675,"date":"2011-11-28T12:51:45","date_gmt":"2011-11-28T11:51:45","guid":{"rendered":"http:\/\/blog.zeit.de\/stoerungsmelder\/?p=7675"},"modified":"2011-11-28T12:52:39","modified_gmt":"2011-11-28T11:52:39","slug":"npd-sagt-wehrsport-vortrag-ab-die-leipziger-protestierten-trotzdem-gegen-das-nazizentrum","status":"publish","type":"post","link":"https:\/\/blog.zeit.de\/stoerungsmelder\/2011\/11\/28\/npd-sagt-wehrsport-vortrag-ab-die-leipziger-protestierten-trotzdem-gegen-das-nazizentrum_7675","title":{"rendered":"NPD sagt Wehrsport-Vortrag ab &#8211; die Leipziger protestierten trotzdem gegen das Nazizentrum"},"content":{"rendered":"<p>Die angek\u00fcndigte JN-Veranstaltung mit dem fr\u00fcheren Wehrsportler Karl-Heinz Hoffmann in der Leipziger Odermannstra\u00dfe fiel aus, Protest blieb \u00fcberschaubar. Das Antifa-B\u00fcndnis \u201eFence Off\u201c mobilisierte rund 550 Menschen zu seiner Demonstration. An einer zivilgesellschaftlichen Protestveranstaltung nahmen rund 100 NPD-Gegner teil. An der Existenz des Nazitreffs wird der Tag allerdings kaum ger\u00fcttelt haben.<!--more--><\/p>\n<p><em>Von Oliver Hang und Patrick Limbach<\/em><\/p>\n<p>Der Protest der Leipziger B\u00fcrger gegen das NPD-Zentrum in der Odermannstra\u00dfe 8 war \u00fcberschaubar: Rund 100 B\u00fcrgerinnen und B\u00fcrger haben am Samstag Nachmittag vor dem Treff der Leipziger Naziszene demonstriert. An mangelnder politischer Prominenz wird die geringe Beteiligung nicht gelegen haben: Oberb\u00fcrgermeister Burkhard Jung (SPD) f\u00fchrte die Rednerliste an und sprach sich einmal mehr f\u00fcr ein NPD-Verbot aus. Die Bundestagsabgeordneten Barbara H\u00f6ll (Linke) und Daniela Kolbe (SPD) dr\u00fcckten ihr Entsetzen \u00fcber die entdeckte Mordserie aus und mahnten, der Kampf gegen Rechtsextremismus m\u00fcsse auch \u00fcber die aktuelle Aufregung hinaus weitergef\u00fchrt werden. Der Leipziger CDU-Vorsitzende Detlef Schubert nahm am Protest trotz Grippe teil und auch DGB und Kirche hatten ranghohe Vertreter geschickt. Ulf Middelberg, Chef der Leipziger Verkehrsbetriebe, demonstrierte mit und Polizeipr\u00e4sident Horst Wawrzynski trug an seiner Uniform einen Button mit der Aufschrift \u201eGegen Gewalt und Extremismus\u201c.<\/p>\n<p>Von einer konkreten Ank\u00fcndigung, dass Nazizentrum zu schlie\u00dfen, indem man den &#8222;Kameraden&#8220; dessen Nutzung untersagt, sprach keiner der Redner. Die NPD hatte kurzfristig einen R\u00fcckzieher gemacht und ihre Nachwuchsorganisation dazu gen\u00f6tigt, die Veranstaltung mit Karl-Heinz Hoffmann kurzfristig abzusagen. Der Referent bedauerte dies auf seiner eigenen Internetseite und drohte zugleich an: \u201eAufgeschoben ist nicht aufgehoben.\u201c<\/p>\n","protected":false},"excerpt":{"rendered":"<p>Die angek\u00fcndigte JN-Veranstaltung mit dem fr\u00fcheren Wehrsportler Karl-Heinz Hoffmann in der Leipziger Odermannstra\u00dfe fiel aus, Protest blieb \u00fcberschaubar. Das Antifa-B\u00fcndnis \u201eFence Off\u201c mobilisierte rund 550 Menschen zu seiner Demonstration. An einer zivilgesellschaftlichen Protestveranstaltung nahmen rund 100 NPD-Gegner teil. An der Existenz des Nazitreffs wird der Tag allerdings kaum ger\u00fcttelt haben.<\/p>\n","protected":false},"author":229,"featured_media":0,"comment_status":"open","ping_status":"open","sticky":false,"template":"","format":"standard","meta":{"_jetpack_memberships_contains_paid_content":false,"footnotes":""},"categories":[1456],"tags":[1636,12759,12764],"class_list":["post-7675","post","type-post","status-publish","format-standard","hentry","category-sachsen","tag-junge-nationaldemokraten","tag-karl-heinz-hoffmann","tag-wehrpsortgruppe-hoffmann"],"yoast_head":"<!-- This site is optimized with the Yoast SEO plugin v21.0 - https:\/\/yoast.com\/wordpress\/plugins\/seo\/ -->\n<title>NPD sagt Wehrsport-Vortrag ab - die Leipziger protestierten trotzdem gegen das Nazizentrum - St\u00f6rungsmelder<\/title>\n<meta name=\"robots\" content=\"index, follow, max-snippet:-1, max-image-preview:large, max-video-preview:-1\" \/>\n<link rel=\"canonical\" href=\"https:\/\/blog.zeit.de\/stoerungsmelder\/2011\/11\/28\/npd-sagt-wehrsport-vortrag-ab-die-leipziger-protestierten-trotzdem-gegen-das-nazizentrum_7675\" \/>\n<meta property=\"og:locale\" content=\"de_DE\" \/>\n<meta property=\"og:type\" content=\"article\" \/>\n<meta property=\"og:title\" content=\"NPD sagt Wehrsport-Vortrag ab - die Leipziger protestierten trotzdem gegen das Nazizentrum - St\u00f6rungsmelder\" \/>\n<meta property=\"og:description\" content=\"Die angek\u00fcndigte JN-Veranstaltung mit dem fr\u00fcheren Wehrsportler Karl-Heinz Hoffmann in der Leipziger Odermannstra\u00dfe fiel aus, Protest blieb \u00fcberschaubar. Das Antifa-B\u00fcndnis \u201eFence Off\u201c mobilisierte rund 550 Menschen zu seiner Demonstration. An einer zivilgesellschaftlichen Protestveranstaltung nahmen rund 100 NPD-Gegner teil. An der Existenz des Nazitreffs wird der Tag allerdings kaum ger\u00fcttelt haben.\" \/>\n<meta property=\"og:url\" content=\"https:\/\/blog.zeit.de\/stoerungsmelder\/2011\/11\/28\/npd-sagt-wehrsport-vortrag-ab-die-leipziger-protestierten-trotzdem-gegen-das-nazizentrum_7675\" \/>\n<meta property=\"og:site_name\" content=\"St\u00f6rungsmelder\" \/>\n<meta property=\"article:published_time\" content=\"2011-11-28T11:51:45+00:00\" \/>\n<meta property=\"article:modified_time\" content=\"2011-11-28T11:52:39+00:00\" \/>\n<meta name=\"author\" content=\"St\u00f6rungsmelder\" \/>\n<meta name=\"twitter:card\" content=\"summary_large_image\" \/>\n<meta name=\"twitter:label1\" content=\"Geschrieben von\" \/>\n\t<meta name=\"twitter:data1\" content=\"St\u00f6rungsmelder\" \/>\n\t<meta name=\"twitter:label2\" content=\"Gesch\u00e4tzte Lesezeit\" \/>\n\t<meta name=\"twitter:data2\" content=\"1\u00a0Minute\" \/>\n<script type=\"application\/ld+json\" class=\"yoast-schema-graph\">{\"@context\":\"https:\/\/schema.org\",\"@graph\":[{\"@type\":\"WebPage\",\"@id\":\"https:\/\/blog.zeit.de\/stoerungsmelder\/2011\/11\/28\/npd-sagt-wehrsport-vortrag-ab-die-leipziger-protestierten-trotzdem-gegen-das-nazizentrum_7675\",\"url\":\"https:\/\/blog.zeit.de\/stoerungsmelder\/2011\/11\/28\/npd-sagt-wehrsport-vortrag-ab-die-leipziger-protestierten-trotzdem-gegen-das-nazizentrum_7675\",\"name\":\"NPD sagt Wehrsport-Vortrag ab - die Leipziger protestierten trotzdem gegen das Nazizentrum - St\u00f6rungsmelder\",\"isPartOf\":{\"@id\":\"https:\/\/blog.zeit.de\/stoerungsmelder\/#website\"},\"datePublished\":\"2011-11-28T11:51:45+00:00\",\"dateModified\":\"2011-11-28T11:52:39+00:00\",\"author\":{\"@id\":\"https:\/\/blog.zeit.de\/stoerungsmelder\/#\/schema\/person\/fdd0b9818f65738672810b6d6f037f71\"},\"breadcrumb\":{\"@id\":\"https:\/\/blog.zeit.de\/stoerungsmelder\/2011\/11\/28\/npd-sagt-wehrsport-vortrag-ab-die-leipziger-protestierten-trotzdem-gegen-das-nazizentrum_7675#breadcrumb\"},\"inLanguage\":\"de\",\"potentialAction\":[{\"@type\":\"ReadAction\",\"target\":[\"https:\/\/blog.zeit.de\/stoerungsmelder\/2011\/11\/28\/npd-sagt-wehrsport-vortrag-ab-die-leipziger-protestierten-trotzdem-gegen-das-nazizentrum_7675\"]}]},{\"@type\":\"BreadcrumbList\",\"@id\":\"https:\/\/blog.zeit.de\/stoerungsmelder\/2011\/11\/28\/npd-sagt-wehrsport-vortrag-ab-die-leipziger-protestierten-trotzdem-gegen-das-nazizentrum_7675#breadcrumb\",\"itemListElement\":[{\"@type\":\"ListItem\",\"position\":1,\"name\":\"Startseite\",\"item\":\"https:\/\/blog.zeit.de\/stoerungsmelder\"},{\"@type\":\"ListItem\",\"position\":2,\"name\":\"NPD sagt Wehrsport-Vortrag ab &#8211; die Leipziger protestierten trotzdem gegen das Nazizentrum\"}]},{\"@type\":\"WebSite\",\"@id\":\"https:\/\/blog.zeit.de\/stoerungsmelder\/#website\",\"url\":\"https:\/\/blog.zeit.de\/stoerungsmelder\/\",\"name\":\"St\u00f6rungsmelder\",\"description\":\"Recherchen und Analysen \u00fcber die extreme Rechte\",\"potentialAction\":[{\"@type\":\"SearchAction\",\"target\":{\"@type\":\"EntryPoint\",\"urlTemplate\":\"https:\/\/blog.zeit.de\/stoerungsmelder\/?s={search_term_string}\"},\"query-input\":\"required name=search_term_string\"}],\"inLanguage\":\"de\"},{\"@type\":\"Person\",\"@id\":\"https:\/\/blog.zeit.de\/stoerungsmelder\/#\/schema\/person\/fdd0b9818f65738672810b6d6f037f71\",\"name\":\"St\u00f6rungsmelder\",\"image\":{\"@type\":\"ImageObject\",\"inLanguage\":\"de\",\"@id\":\"https:\/\/blog.zeit.de\/stoerungsmelder\/#\/schema\/person\/image\/\",\"url\":\"https:\/\/secure.gravatar.com\/avatar\/dfa4be514c3e82a71e4f9a0020035d38192d080ccaa5e4e6d7a1472c763535c5?s=96&d=mm&r=pg\",\"contentUrl\":\"https:\/\/secure.gravatar.com\/avatar\/dfa4be514c3e82a71e4f9a0020035d38192d080ccaa5e4e6d7a1472c763535c5?s=96&d=mm&r=pg\",\"caption\":\"St\u00f6rungsmelder\"},\"url\":\"https:\/\/blog.zeit.de\/stoerungsmelder\/author\/stoerungsmelder\"}]}<\/script>\n<!-- \/ Yoast SEO plugin. -->","yoast_head_json":{"title":"NPD sagt Wehrsport-Vortrag ab - die Leipziger protestierten trotzdem gegen das Nazizentrum - St\u00f6rungsmelder","robots":{"index":"index","follow":"follow","max-snippet":"max-snippet:-1","max-image-preview":"max-image-preview:large","max-video-preview":"max-video-preview:-1"},"canonical":"https:\/\/blog.zeit.de\/stoerungsmelder\/2011\/11\/28\/npd-sagt-wehrsport-vortrag-ab-die-leipziger-protestierten-trotzdem-gegen-das-nazizentrum_7675","og_locale":"de_DE","og_type":"article","og_title":"NPD sagt Wehrsport-Vortrag ab - die Leipziger protestierten trotzdem gegen das Nazizentrum - St\u00f6rungsmelder","og_description":"Die angek\u00fcndigte JN-Veranstaltung mit dem fr\u00fcheren Wehrsportler Karl-Heinz Hoffmann in der Leipziger Odermannstra\u00dfe fiel aus, Protest blieb \u00fcberschaubar. Das Antifa-B\u00fcndnis \u201eFence Off\u201c mobilisierte rund 550 Menschen zu seiner Demonstration. An einer zivilgesellschaftlichen Protestveranstaltung nahmen rund 100 NPD-Gegner teil. An der Existenz des Nazitreffs wird der Tag allerdings kaum ger\u00fcttelt haben.","og_url":"https:\/\/blog.zeit.de\/stoerungsmelder\/2011\/11\/28\/npd-sagt-wehrsport-vortrag-ab-die-leipziger-protestierten-trotzdem-gegen-das-nazizentrum_7675","og_site_name":"St\u00f6rungsmelder","article_published_time":"2011-11-28T11:51:45+00:00","article_modified_time":"2011-11-28T11:52:39+00:00","author":"St\u00f6rungsmelder","twitter_card":"summary_large_image","twitter_misc":{"Geschrieben von":"St\u00f6rungsmelder","Gesch\u00e4tzte Lesezeit":"1\u00a0Minute"},"schema":{"@context":"https:\/\/schema.org","@graph":[{"@type":"WebPage","@id":"https:\/\/blog.zeit.de\/stoerungsmelder\/2011\/11\/28\/npd-sagt-wehrsport-vortrag-ab-die-leipziger-protestierten-trotzdem-gegen-das-nazizentrum_7675","url":"https:\/\/blog.zeit.de\/stoerungsmelder\/2011\/11\/28\/npd-sagt-wehrsport-vortrag-ab-die-leipziger-protestierten-trotzdem-gegen-das-nazizentrum_7675","name":"NPD sagt Wehrsport-Vortrag ab - die Leipziger protestierten trotzdem gegen das Nazizentrum - St\u00f6rungsmelder","isPartOf":{"@id":"https:\/\/blog.zeit.de\/stoerungsmelder\/#website"},"datePublished":"2011-11-28T11:51:45+00:00","dateModified":"2011-11-28T11:52:39+00:00","author":{"@id":"https:\/\/blog.zeit.de\/stoerungsmelder\/#\/schema\/person\/fdd0b9818f65738672810b6d6f037f71"},"breadcrumb":{"@id":"https:\/\/blog.zeit.de\/stoerungsmelder\/2011\/11\/28\/npd-sagt-wehrsport-vortrag-ab-die-leipziger-protestierten-trotzdem-gegen-das-nazizentrum_7675#breadcrumb"},"inLanguage":"de","potentialAction":[{"@type":"ReadAction","target":["https:\/\/blog.zeit.de\/stoerungsmelder\/2011\/11\/28\/npd-sagt-wehrsport-vortrag-ab-die-leipziger-protestierten-trotzdem-gegen-das-nazizentrum_7675"]}]},{"@type":"BreadcrumbList","@id":"https:\/\/blog.zeit.de\/stoerungsmelder\/2011\/11\/28\/npd-sagt-wehrsport-vortrag-ab-die-leipziger-protestierten-trotzdem-gegen-das-nazizentrum_7675#breadcrumb","itemListElement":[{"@type":"ListItem","position":1,"name":"Startseite","item":"https:\/\/blog.zeit.de\/stoerungsmelder"},{"@type":"ListItem","position":2,"name":"NPD sagt Wehrsport-Vortrag ab &#8211; die Leipziger protestierten trotzdem gegen das Nazizentrum"}]},{"@type":"WebSite","@id":"https:\/\/blog.zeit.de\/stoerungsmelder\/#website","url":"https:\/\/blog.zeit.de\/stoerungsmelder\/","name":"St\u00f6rungsmelder","description":"Recherchen und Analysen \u00fcber die extreme Rechte","potentialAction":[{"@type":"SearchAction","target":{"@type":"EntryPoint","urlTemplate":"https:\/\/blog.zeit.de\/stoerungsmelder\/?s={search_term_string}"},"query-input":"required name=search_term_string"}],"inLanguage":"de"},{"@type":"Person","@id":"https:\/\/blog.zeit.de\/stoerungsmelder\/#\/schema\/person\/fdd0b9818f65738672810b6d6f037f71","name":"St\u00f6rungsmelder","image":{"@type":"ImageObject","inLanguage":"de","@id":"https:\/\/blog.zeit.de\/stoerungsmelder\/#\/schema\/person\/image\/","url":"https:\/\/secure.gravatar.com\/avatar\/dfa4be514c3e82a71e4f9a0020035d38192d080ccaa5e4e6d7a1472c763535c5?s=96&d=mm&r=pg","contentUrl":"https:\/\/secure.gravatar.com\/avatar\/dfa4be514c3e82a71e4f9a0020035d38192d080ccaa5e4e6d7a1472c763535c5?s=96&d=mm&r=pg","caption":"St\u00f6rungsmelder"},"url":"https:\/\/blog.zeit.de\/stoerungsmelder\/author\/stoerungsmelder"}]}},"jetpack_featured_media_url":"","jetpack_sharing_enabled":true,"_links":{"self":[{"href":"https:\/\/blog.zeit.de\/stoerungsmelder\/wp-json\/wp\/v2\/posts\/7675","targetHints":{"allow":["GET"]}}],"collection":[{"href":"https:\/\/blog.zeit.de\/stoerungsmelder\/wp-json\/wp\/v2\/posts"}],"about":[{"href":"https:\/\/blog.zeit.de\/stoerungsmelder\/wp-json\/wp\/v2\/types\/post"}],"author":[{"embeddable":true,"href":"https:\/\/blog.zeit.de\/stoerungsmelder\/wp-json\/wp\/v2\/users\/229"}],"replies":[{"embeddable":true,"href":"https:\/\/blog.zeit.de\/stoerungsmelder\/wp-json\/wp\/v2\/comments?post=7675"}],"version-history":[{"count":3,"href":"https:\/\/blog.zeit.de\/stoerungsmelder\/wp-json\/wp\/v2\/posts\/7675\/revisions"}],"predecessor-version":[{"id":7678,"href":"https:\/\/blog.zeit.de\/stoerungsmelder\/wp-json\/wp\/v2\/posts\/7675\/revisions\/7678"}],"wp:attachment":[{"href":"https:\/\/blog.zeit.de\/stoerungsmelder\/wp-json\/wp\/v2\/media?parent=7675"}],"wp:term":[{"taxonomy":"category","embeddable":true,"href":"https:\/\/blog.zeit.de\/stoerungsmelder\/wp-json\/wp\/v2\/categories?post=7675"},{"taxonomy":"post_tag","embeddable":true,"href":"https:\/\/blog.zeit.de\/stoerungsmelder\/wp-json\/wp\/v2\/tags?post=7675"}],"curies":[{"name":"wp","href":"https:\/\/api.w.org\/{rel}","templated":true}]}}