{"id":7696,"date":"2011-12-01T18:32:25","date_gmt":"2011-12-01T17:32:25","guid":{"rendered":"http:\/\/blog.zeit.de\/stoerungsmelder\/?p=7696"},"modified":"2011-12-01T19:04:23","modified_gmt":"2011-12-01T18:04:23","slug":"lese-tipp-rechter-terror-in-den-achtzigern","status":"publish","type":"post","link":"https:\/\/blog.zeit.de\/stoerungsmelder\/2011\/12\/01\/lese-tipp-rechter-terror-in-den-achtzigern_7696","title":{"rendered":"Lese-Tipp: Rechter Terror in den Achtzigern"},"content":{"rendered":"<p>Von wegen neue Entwicklung: Seit den f\u00fcnfziger Jahren hat es in Deutschland kontinuierlich Anschl\u00e4ge von Rechtsterroristen gegeben: Rechtsextremismus-Forscher Fabian Virchow hat dazu in der <a href=\"http:\/\/www.zeit.de\/2011\/48\/Rechtsterrorismus\">ZEIT einen \u00dcbersichtsartikel<\/a> ver\u00f6ffentlicht. Zum Beispiel erinnert er an die &#8222;Deutschen Aktionsgruppen&#8220;, die 1980 fast monatlich ein Attentat ver\u00fcbten. Zwei Vietnamesen starben. Virchow verweist auch auf einen zweifelhaften Zusammenhang zwischen Verfassungsschutz und rechter Szene.<\/p>\n","protected":false},"excerpt":{"rendered":"<p>Von wegen neue Entwicklung: Seit den f\u00fcnfziger Jahren hat es in Deutschland kontinuierlich Anschl\u00e4ge von Rechtsterroristen gegeben: Rechtsextremismus-Forscher Fabian Virchow hat dazu in der ZEIT einen \u00dcbersichtsartikel ver\u00f6ffentlicht. Zum Beispiel erinnert er an die &#8222;Deutschen Aktionsgruppen&#8220;, die 1980 fast monatlich ein Attentat ver\u00fcbten. Zwei Vietnamesen starben. Virchow verweist auch auf einen zweifelhaften Zusammenhang zwischen Verfassungsschutz [&hellip;]<\/p>\n","protected":false},"author":350,"featured_media":0,"comment_status":"open","ping_status":"open","sticky":false,"template":"","format":"standard","meta":{"_jetpack_memberships_contains_paid_content":false,"footnotes":""},"categories":[1515],"tags":[1493,1511,1642,1716,99,12739],"class_list":["post-7696","post","type-post","status-publish","format-standard","hentry","category-bundesweit","tag-autonome-nationalisten","tag-brandanschlag","tag-kameradschaften","tag-npd","tag-rechtsextremismus","tag-rechtsterrorismus"],"yoast_head":"<!-- This site is optimized with the Yoast SEO plugin v21.0 - https:\/\/yoast.com\/wordpress\/plugins\/seo\/ -->\n<title>Lese-Tipp: Rechter Terror in den Achtzigern - St\u00f6rungsmelder<\/title>\n<meta name=\"robots\" content=\"index, follow, max-snippet:-1, max-image-preview:large, max-video-preview:-1\" \/>\n<link rel=\"canonical\" href=\"https:\/\/blog.zeit.de\/stoerungsmelder\/2011\/12\/01\/lese-tipp-rechter-terror-in-den-achtzigern_7696\" \/>\n<meta property=\"og:locale\" content=\"de_DE\" \/>\n<meta property=\"og:type\" content=\"article\" \/>\n<meta property=\"og:title\" content=\"Lese-Tipp: Rechter Terror in den Achtzigern - St\u00f6rungsmelder\" \/>\n<meta property=\"og:description\" content=\"Von wegen neue Entwicklung: Seit den f\u00fcnfziger Jahren hat es in Deutschland kontinuierlich Anschl\u00e4ge von Rechtsterroristen gegeben: Rechtsextremismus-Forscher Fabian Virchow hat dazu in der ZEIT einen \u00dcbersichtsartikel ver\u00f6ffentlicht. Zum Beispiel erinnert er an die &#8222;Deutschen Aktionsgruppen&#8220;, die 1980 fast monatlich ein Attentat ver\u00fcbten. Zwei Vietnamesen starben. Virchow verweist auch auf einen zweifelhaften Zusammenhang zwischen Verfassungsschutz [&hellip;]\" \/>\n<meta property=\"og:url\" content=\"https:\/\/blog.zeit.de\/stoerungsmelder\/2011\/12\/01\/lese-tipp-rechter-terror-in-den-achtzigern_7696\" \/>\n<meta property=\"og:site_name\" content=\"St\u00f6rungsmelder\" \/>\n<meta property=\"article:published_time\" content=\"2011-12-01T17:32:25+00:00\" \/>\n<meta property=\"article:modified_time\" content=\"2011-12-01T18:04:23+00:00\" \/>\n<meta name=\"author\" content=\"Lisa Caspari\" \/>\n<meta name=\"twitter:card\" content=\"summary_large_image\" \/>\n<meta name=\"twitter:label1\" content=\"Geschrieben von\" \/>\n\t<meta name=\"twitter:data1\" content=\"Lisa Caspari\" \/>\n<script type=\"application\/ld+json\" class=\"yoast-schema-graph\">{\"@context\":\"https:\/\/schema.org\",\"@graph\":[{\"@type\":\"WebPage\",\"@id\":\"https:\/\/blog.zeit.de\/stoerungsmelder\/2011\/12\/01\/lese-tipp-rechter-terror-in-den-achtzigern_7696\",\"url\":\"https:\/\/blog.zeit.de\/stoerungsmelder\/2011\/12\/01\/lese-tipp-rechter-terror-in-den-achtzigern_7696\",\"name\":\"Lese-Tipp: Rechter Terror in den Achtzigern - St\u00f6rungsmelder\",\"isPartOf\":{\"@id\":\"https:\/\/blog.zeit.de\/stoerungsmelder\/#website\"},\"datePublished\":\"2011-12-01T17:32:25+00:00\",\"dateModified\":\"2011-12-01T18:04:23+00:00\",\"author\":{\"@id\":\"https:\/\/blog.zeit.de\/stoerungsmelder\/#\/schema\/person\/3863bcab169f6697a6d5c63117df8405\"},\"breadcrumb\":{\"@id\":\"https:\/\/blog.zeit.de\/stoerungsmelder\/2011\/12\/01\/lese-tipp-rechter-terror-in-den-achtzigern_7696#breadcrumb\"},\"inLanguage\":\"de\",\"potentialAction\":[{\"@type\":\"ReadAction\",\"target\":[\"https:\/\/blog.zeit.de\/stoerungsmelder\/2011\/12\/01\/lese-tipp-rechter-terror-in-den-achtzigern_7696\"]}]},{\"@type\":\"BreadcrumbList\",\"@id\":\"https:\/\/blog.zeit.de\/stoerungsmelder\/2011\/12\/01\/lese-tipp-rechter-terror-in-den-achtzigern_7696#breadcrumb\",\"itemListElement\":[{\"@type\":\"ListItem\",\"position\":1,\"name\":\"Startseite\",\"item\":\"https:\/\/blog.zeit.de\/stoerungsmelder\"},{\"@type\":\"ListItem\",\"position\":2,\"name\":\"Lese-Tipp: Rechter Terror in den Achtzigern\"}]},{\"@type\":\"WebSite\",\"@id\":\"https:\/\/blog.zeit.de\/stoerungsmelder\/#website\",\"url\":\"https:\/\/blog.zeit.de\/stoerungsmelder\/\",\"name\":\"St\u00f6rungsmelder\",\"description\":\"Recherchen und Analysen \u00fcber die extreme Rechte\",\"potentialAction\":[{\"@type\":\"SearchAction\",\"target\":{\"@type\":\"EntryPoint\",\"urlTemplate\":\"https:\/\/blog.zeit.de\/stoerungsmelder\/?s={search_term_string}\"},\"query-input\":\"required name=search_term_string\"}],\"inLanguage\":\"de\"},{\"@type\":\"Person\",\"@id\":\"https:\/\/blog.zeit.de\/stoerungsmelder\/#\/schema\/person\/3863bcab169f6697a6d5c63117df8405\",\"name\":\"Lisa Caspari\",\"image\":{\"@type\":\"ImageObject\",\"inLanguage\":\"de\",\"@id\":\"https:\/\/blog.zeit.de\/stoerungsmelder\/#\/schema\/person\/image\/\",\"url\":\"https:\/\/secure.gravatar.com\/avatar\/24bd331e48d30258d7a5e9a5037e7c5af9e47c88ab2ecbc7568c2f10e40e93fc?s=96&d=mm&r=pg\",\"contentUrl\":\"https:\/\/secure.gravatar.com\/avatar\/24bd331e48d30258d7a5e9a5037e7c5af9e47c88ab2ecbc7568c2f10e40e93fc?s=96&d=mm&r=pg\",\"caption\":\"Lisa Caspari\"},\"description\":\"ist Redakteurin im Ressort Politik, Wirtschaft und Gesellschaft bei ZEIT ONLINE.\",\"url\":\"https:\/\/blog.zeit.de\/stoerungsmelder\/author\/lisacaspari\"}]}<\/script>\n<!-- \/ Yoast SEO plugin. -->","yoast_head_json":{"title":"Lese-Tipp: Rechter Terror in den Achtzigern - St\u00f6rungsmelder","robots":{"index":"index","follow":"follow","max-snippet":"max-snippet:-1","max-image-preview":"max-image-preview:large","max-video-preview":"max-video-preview:-1"},"canonical":"https:\/\/blog.zeit.de\/stoerungsmelder\/2011\/12\/01\/lese-tipp-rechter-terror-in-den-achtzigern_7696","og_locale":"de_DE","og_type":"article","og_title":"Lese-Tipp: Rechter Terror in den Achtzigern - St\u00f6rungsmelder","og_description":"Von wegen neue Entwicklung: Seit den f\u00fcnfziger Jahren hat es in Deutschland kontinuierlich Anschl\u00e4ge von Rechtsterroristen gegeben: Rechtsextremismus-Forscher Fabian Virchow hat dazu in der ZEIT einen \u00dcbersichtsartikel ver\u00f6ffentlicht. Zum Beispiel erinnert er an die &#8222;Deutschen Aktionsgruppen&#8220;, die 1980 fast monatlich ein Attentat ver\u00fcbten. Zwei Vietnamesen starben. Virchow verweist auch auf einen zweifelhaften Zusammenhang zwischen Verfassungsschutz [&hellip;]","og_url":"https:\/\/blog.zeit.de\/stoerungsmelder\/2011\/12\/01\/lese-tipp-rechter-terror-in-den-achtzigern_7696","og_site_name":"St\u00f6rungsmelder","article_published_time":"2011-12-01T17:32:25+00:00","article_modified_time":"2011-12-01T18:04:23+00:00","author":"Lisa Caspari","twitter_card":"summary_large_image","twitter_misc":{"Geschrieben von":"Lisa Caspari"},"schema":{"@context":"https:\/\/schema.org","@graph":[{"@type":"WebPage","@id":"https:\/\/blog.zeit.de\/stoerungsmelder\/2011\/12\/01\/lese-tipp-rechter-terror-in-den-achtzigern_7696","url":"https:\/\/blog.zeit.de\/stoerungsmelder\/2011\/12\/01\/lese-tipp-rechter-terror-in-den-achtzigern_7696","name":"Lese-Tipp: Rechter Terror in den Achtzigern - St\u00f6rungsmelder","isPartOf":{"@id":"https:\/\/blog.zeit.de\/stoerungsmelder\/#website"},"datePublished":"2011-12-01T17:32:25+00:00","dateModified":"2011-12-01T18:04:23+00:00","author":{"@id":"https:\/\/blog.zeit.de\/stoerungsmelder\/#\/schema\/person\/3863bcab169f6697a6d5c63117df8405"},"breadcrumb":{"@id":"https:\/\/blog.zeit.de\/stoerungsmelder\/2011\/12\/01\/lese-tipp-rechter-terror-in-den-achtzigern_7696#breadcrumb"},"inLanguage":"de","potentialAction":[{"@type":"ReadAction","target":["https:\/\/blog.zeit.de\/stoerungsmelder\/2011\/12\/01\/lese-tipp-rechter-terror-in-den-achtzigern_7696"]}]},{"@type":"BreadcrumbList","@id":"https:\/\/blog.zeit.de\/stoerungsmelder\/2011\/12\/01\/lese-tipp-rechter-terror-in-den-achtzigern_7696#breadcrumb","itemListElement":[{"@type":"ListItem","position":1,"name":"Startseite","item":"https:\/\/blog.zeit.de\/stoerungsmelder"},{"@type":"ListItem","position":2,"name":"Lese-Tipp: Rechter Terror in den Achtzigern"}]},{"@type":"WebSite","@id":"https:\/\/blog.zeit.de\/stoerungsmelder\/#website","url":"https:\/\/blog.zeit.de\/stoerungsmelder\/","name":"St\u00f6rungsmelder","description":"Recherchen und Analysen \u00fcber die extreme Rechte","potentialAction":[{"@type":"SearchAction","target":{"@type":"EntryPoint","urlTemplate":"https:\/\/blog.zeit.de\/stoerungsmelder\/?s={search_term_string}"},"query-input":"required name=search_term_string"}],"inLanguage":"de"},{"@type":"Person","@id":"https:\/\/blog.zeit.de\/stoerungsmelder\/#\/schema\/person\/3863bcab169f6697a6d5c63117df8405","name":"Lisa Caspari","image":{"@type":"ImageObject","inLanguage":"de","@id":"https:\/\/blog.zeit.de\/stoerungsmelder\/#\/schema\/person\/image\/","url":"https:\/\/secure.gravatar.com\/avatar\/24bd331e48d30258d7a5e9a5037e7c5af9e47c88ab2ecbc7568c2f10e40e93fc?s=96&d=mm&r=pg","contentUrl":"https:\/\/secure.gravatar.com\/avatar\/24bd331e48d30258d7a5e9a5037e7c5af9e47c88ab2ecbc7568c2f10e40e93fc?s=96&d=mm&r=pg","caption":"Lisa Caspari"},"description":"ist Redakteurin im Ressort Politik, Wirtschaft und Gesellschaft bei ZEIT ONLINE.","url":"https:\/\/blog.zeit.de\/stoerungsmelder\/author\/lisacaspari"}]}},"jetpack_featured_media_url":"","jetpack_sharing_enabled":true,"_links":{"self":[{"href":"https:\/\/blog.zeit.de\/stoerungsmelder\/wp-json\/wp\/v2\/posts\/7696","targetHints":{"allow":["GET"]}}],"collection":[{"href":"https:\/\/blog.zeit.de\/stoerungsmelder\/wp-json\/wp\/v2\/posts"}],"about":[{"href":"https:\/\/blog.zeit.de\/stoerungsmelder\/wp-json\/wp\/v2\/types\/post"}],"author":[{"embeddable":true,"href":"https:\/\/blog.zeit.de\/stoerungsmelder\/wp-json\/wp\/v2\/users\/350"}],"replies":[{"embeddable":true,"href":"https:\/\/blog.zeit.de\/stoerungsmelder\/wp-json\/wp\/v2\/comments?post=7696"}],"version-history":[{"count":8,"href":"https:\/\/blog.zeit.de\/stoerungsmelder\/wp-json\/wp\/v2\/posts\/7696\/revisions"}],"predecessor-version":[{"id":7710,"href":"https:\/\/blog.zeit.de\/stoerungsmelder\/wp-json\/wp\/v2\/posts\/7696\/revisions\/7710"}],"wp:attachment":[{"href":"https:\/\/blog.zeit.de\/stoerungsmelder\/wp-json\/wp\/v2\/media?parent=7696"}],"wp:term":[{"taxonomy":"category","embeddable":true,"href":"https:\/\/blog.zeit.de\/stoerungsmelder\/wp-json\/wp\/v2\/categories?post=7696"},{"taxonomy":"post_tag","embeddable":true,"href":"https:\/\/blog.zeit.de\/stoerungsmelder\/wp-json\/wp\/v2\/tags?post=7696"}],"curies":[{"name":"wp","href":"https:\/\/api.w.org\/{rel}","templated":true}]}}