{"id":7702,"date":"2011-12-01T18:33:22","date_gmt":"2011-12-01T17:33:22","guid":{"rendered":"http:\/\/blog.zeit.de\/stoerungsmelder\/?p=7702"},"modified":"2011-12-01T19:04:03","modified_gmt":"2011-12-01T18:04:03","slug":"lese-tipp-burger-furchten-rechtsextreme-mehr-als-islamisten","status":"publish","type":"post","link":"https:\/\/blog.zeit.de\/stoerungsmelder\/2011\/12\/01\/lese-tipp-burger-furchten-rechtsextreme-mehr-als-islamisten_7702","title":{"rendered":"Lese-Tipp: B\u00fcrger f\u00fcrchten Rechtsextreme mehr als Islamisten"},"content":{"rendered":"<p>Die gr\u00f6\u00dfte terroristische Bedrohung in Deutschland geht nach Ansicht der B\u00fcrger von Rechtsextremisten aus. Das ist das Ergebnis einer <a href=\"http:\/\/www.zeit.de\/politik\/deutschland\/2011-12\/rechtsextremismus-umfrage-yougov\">repr\u00e4sentativen Umfrage<\/a>, die ZEIT ONLINE beim Meinungsforschungsinstitut YouGov in Auftrag gegeben hat. Demnach h\u00e4lt eine Mehrheit der Befragten, n\u00e4mlich 41 Prozent, Rechtsextremisten f\u00fcr am gef\u00e4hrlichsten. 36,6 Prozent der B\u00fcrger sagen, dass die gr\u00f6\u00dfte Gefahr von Islamisten ausgeht. In der Befragung \u00e4u\u00dfern sich die B\u00fcrger auch \u00fcber die Notwendigkeit von V-Leuten in der NPD sowie die Annahme, dass Rechtsextremismus ein ostdeutsches Problem ist.<\/p>\n","protected":false},"excerpt":{"rendered":"<p>Die gr\u00f6\u00dfte terroristische Bedrohung in Deutschland geht nach Ansicht der B\u00fcrger von Rechtsextremisten aus. Das ist das Ergebnis einer repr\u00e4sentativen Umfrage, die ZEIT ONLINE beim Meinungsforschungsinstitut YouGov in Auftrag gegeben hat. Demnach h\u00e4lt eine Mehrheit der Befragten, n\u00e4mlich 41 Prozent, Rechtsextremisten f\u00fcr am gef\u00e4hrlichsten. 36,6 Prozent der B\u00fcrger sagen, dass die gr\u00f6\u00dfte Gefahr von Islamisten [&hellip;]<\/p>\n","protected":false},"author":350,"featured_media":0,"comment_status":"open","ping_status":"open","sticky":false,"template":"","format":"standard","meta":{"_jetpack_memberships_contains_paid_content":false,"footnotes":""},"categories":[1515],"tags":[1716,99,12739],"class_list":["post-7702","post","type-post","status-publish","format-standard","hentry","category-bundesweit","tag-npd","tag-rechtsextremismus","tag-rechtsterrorismus"],"yoast_head":"<!-- This site is optimized with the Yoast SEO plugin v21.0 - https:\/\/yoast.com\/wordpress\/plugins\/seo\/ -->\n<title>Lese-Tipp: B\u00fcrger f\u00fcrchten Rechtsextreme mehr als Islamisten - St\u00f6rungsmelder<\/title>\n<meta name=\"robots\" content=\"index, follow, max-snippet:-1, max-image-preview:large, max-video-preview:-1\" \/>\n<link rel=\"canonical\" href=\"https:\/\/blog.zeit.de\/stoerungsmelder\/2011\/12\/01\/lese-tipp-burger-furchten-rechtsextreme-mehr-als-islamisten_7702\" \/>\n<meta property=\"og:locale\" content=\"de_DE\" \/>\n<meta property=\"og:type\" content=\"article\" \/>\n<meta property=\"og:title\" content=\"Lese-Tipp: B\u00fcrger f\u00fcrchten Rechtsextreme mehr als Islamisten - St\u00f6rungsmelder\" \/>\n<meta property=\"og:description\" content=\"Die gr\u00f6\u00dfte terroristische Bedrohung in Deutschland geht nach Ansicht der B\u00fcrger von Rechtsextremisten aus. Das ist das Ergebnis einer repr\u00e4sentativen Umfrage, die ZEIT ONLINE beim Meinungsforschungsinstitut YouGov in Auftrag gegeben hat. Demnach h\u00e4lt eine Mehrheit der Befragten, n\u00e4mlich 41 Prozent, Rechtsextremisten f\u00fcr am gef\u00e4hrlichsten. 36,6 Prozent der B\u00fcrger sagen, dass die gr\u00f6\u00dfte Gefahr von Islamisten [&hellip;]\" \/>\n<meta property=\"og:url\" content=\"https:\/\/blog.zeit.de\/stoerungsmelder\/2011\/12\/01\/lese-tipp-burger-furchten-rechtsextreme-mehr-als-islamisten_7702\" \/>\n<meta property=\"og:site_name\" content=\"St\u00f6rungsmelder\" \/>\n<meta property=\"article:published_time\" content=\"2011-12-01T17:33:22+00:00\" \/>\n<meta property=\"article:modified_time\" content=\"2011-12-01T18:04:03+00:00\" \/>\n<meta name=\"author\" content=\"Lisa Caspari\" \/>\n<meta name=\"twitter:card\" content=\"summary_large_image\" \/>\n<meta name=\"twitter:label1\" content=\"Geschrieben von\" \/>\n\t<meta name=\"twitter:data1\" content=\"Lisa Caspari\" \/>\n<script type=\"application\/ld+json\" class=\"yoast-schema-graph\">{\"@context\":\"https:\/\/schema.org\",\"@graph\":[{\"@type\":\"WebPage\",\"@id\":\"https:\/\/blog.zeit.de\/stoerungsmelder\/2011\/12\/01\/lese-tipp-burger-furchten-rechtsextreme-mehr-als-islamisten_7702\",\"url\":\"https:\/\/blog.zeit.de\/stoerungsmelder\/2011\/12\/01\/lese-tipp-burger-furchten-rechtsextreme-mehr-als-islamisten_7702\",\"name\":\"Lese-Tipp: B\u00fcrger f\u00fcrchten Rechtsextreme mehr als Islamisten - St\u00f6rungsmelder\",\"isPartOf\":{\"@id\":\"https:\/\/blog.zeit.de\/stoerungsmelder\/#website\"},\"datePublished\":\"2011-12-01T17:33:22+00:00\",\"dateModified\":\"2011-12-01T18:04:03+00:00\",\"author\":{\"@id\":\"https:\/\/blog.zeit.de\/stoerungsmelder\/#\/schema\/person\/3863bcab169f6697a6d5c63117df8405\"},\"breadcrumb\":{\"@id\":\"https:\/\/blog.zeit.de\/stoerungsmelder\/2011\/12\/01\/lese-tipp-burger-furchten-rechtsextreme-mehr-als-islamisten_7702#breadcrumb\"},\"inLanguage\":\"de\",\"potentialAction\":[{\"@type\":\"ReadAction\",\"target\":[\"https:\/\/blog.zeit.de\/stoerungsmelder\/2011\/12\/01\/lese-tipp-burger-furchten-rechtsextreme-mehr-als-islamisten_7702\"]}]},{\"@type\":\"BreadcrumbList\",\"@id\":\"https:\/\/blog.zeit.de\/stoerungsmelder\/2011\/12\/01\/lese-tipp-burger-furchten-rechtsextreme-mehr-als-islamisten_7702#breadcrumb\",\"itemListElement\":[{\"@type\":\"ListItem\",\"position\":1,\"name\":\"Startseite\",\"item\":\"https:\/\/blog.zeit.de\/stoerungsmelder\"},{\"@type\":\"ListItem\",\"position\":2,\"name\":\"Lese-Tipp: B\u00fcrger f\u00fcrchten Rechtsextreme mehr als Islamisten\"}]},{\"@type\":\"WebSite\",\"@id\":\"https:\/\/blog.zeit.de\/stoerungsmelder\/#website\",\"url\":\"https:\/\/blog.zeit.de\/stoerungsmelder\/\",\"name\":\"St\u00f6rungsmelder\",\"description\":\"Recherchen und Analysen \u00fcber die extreme Rechte\",\"potentialAction\":[{\"@type\":\"SearchAction\",\"target\":{\"@type\":\"EntryPoint\",\"urlTemplate\":\"https:\/\/blog.zeit.de\/stoerungsmelder\/?s={search_term_string}\"},\"query-input\":\"required name=search_term_string\"}],\"inLanguage\":\"de\"},{\"@type\":\"Person\",\"@id\":\"https:\/\/blog.zeit.de\/stoerungsmelder\/#\/schema\/person\/3863bcab169f6697a6d5c63117df8405\",\"name\":\"Lisa Caspari\",\"image\":{\"@type\":\"ImageObject\",\"inLanguage\":\"de\",\"@id\":\"https:\/\/blog.zeit.de\/stoerungsmelder\/#\/schema\/person\/image\/\",\"url\":\"https:\/\/secure.gravatar.com\/avatar\/24bd331e48d30258d7a5e9a5037e7c5af9e47c88ab2ecbc7568c2f10e40e93fc?s=96&d=mm&r=pg\",\"contentUrl\":\"https:\/\/secure.gravatar.com\/avatar\/24bd331e48d30258d7a5e9a5037e7c5af9e47c88ab2ecbc7568c2f10e40e93fc?s=96&d=mm&r=pg\",\"caption\":\"Lisa Caspari\"},\"description\":\"ist Redakteurin im Ressort Politik, Wirtschaft und Gesellschaft bei ZEIT ONLINE.\",\"url\":\"https:\/\/blog.zeit.de\/stoerungsmelder\/author\/lisacaspari\"}]}<\/script>\n<!-- \/ Yoast SEO plugin. -->","yoast_head_json":{"title":"Lese-Tipp: B\u00fcrger f\u00fcrchten Rechtsextreme mehr als Islamisten - St\u00f6rungsmelder","robots":{"index":"index","follow":"follow","max-snippet":"max-snippet:-1","max-image-preview":"max-image-preview:large","max-video-preview":"max-video-preview:-1"},"canonical":"https:\/\/blog.zeit.de\/stoerungsmelder\/2011\/12\/01\/lese-tipp-burger-furchten-rechtsextreme-mehr-als-islamisten_7702","og_locale":"de_DE","og_type":"article","og_title":"Lese-Tipp: B\u00fcrger f\u00fcrchten Rechtsextreme mehr als Islamisten - St\u00f6rungsmelder","og_description":"Die gr\u00f6\u00dfte terroristische Bedrohung in Deutschland geht nach Ansicht der B\u00fcrger von Rechtsextremisten aus. Das ist das Ergebnis einer repr\u00e4sentativen Umfrage, die ZEIT ONLINE beim Meinungsforschungsinstitut YouGov in Auftrag gegeben hat. Demnach h\u00e4lt eine Mehrheit der Befragten, n\u00e4mlich 41 Prozent, Rechtsextremisten f\u00fcr am gef\u00e4hrlichsten. 36,6 Prozent der B\u00fcrger sagen, dass die gr\u00f6\u00dfte Gefahr von Islamisten [&hellip;]","og_url":"https:\/\/blog.zeit.de\/stoerungsmelder\/2011\/12\/01\/lese-tipp-burger-furchten-rechtsextreme-mehr-als-islamisten_7702","og_site_name":"St\u00f6rungsmelder","article_published_time":"2011-12-01T17:33:22+00:00","article_modified_time":"2011-12-01T18:04:03+00:00","author":"Lisa Caspari","twitter_card":"summary_large_image","twitter_misc":{"Geschrieben von":"Lisa Caspari"},"schema":{"@context":"https:\/\/schema.org","@graph":[{"@type":"WebPage","@id":"https:\/\/blog.zeit.de\/stoerungsmelder\/2011\/12\/01\/lese-tipp-burger-furchten-rechtsextreme-mehr-als-islamisten_7702","url":"https:\/\/blog.zeit.de\/stoerungsmelder\/2011\/12\/01\/lese-tipp-burger-furchten-rechtsextreme-mehr-als-islamisten_7702","name":"Lese-Tipp: B\u00fcrger f\u00fcrchten Rechtsextreme mehr als Islamisten - St\u00f6rungsmelder","isPartOf":{"@id":"https:\/\/blog.zeit.de\/stoerungsmelder\/#website"},"datePublished":"2011-12-01T17:33:22+00:00","dateModified":"2011-12-01T18:04:03+00:00","author":{"@id":"https:\/\/blog.zeit.de\/stoerungsmelder\/#\/schema\/person\/3863bcab169f6697a6d5c63117df8405"},"breadcrumb":{"@id":"https:\/\/blog.zeit.de\/stoerungsmelder\/2011\/12\/01\/lese-tipp-burger-furchten-rechtsextreme-mehr-als-islamisten_7702#breadcrumb"},"inLanguage":"de","potentialAction":[{"@type":"ReadAction","target":["https:\/\/blog.zeit.de\/stoerungsmelder\/2011\/12\/01\/lese-tipp-burger-furchten-rechtsextreme-mehr-als-islamisten_7702"]}]},{"@type":"BreadcrumbList","@id":"https:\/\/blog.zeit.de\/stoerungsmelder\/2011\/12\/01\/lese-tipp-burger-furchten-rechtsextreme-mehr-als-islamisten_7702#breadcrumb","itemListElement":[{"@type":"ListItem","position":1,"name":"Startseite","item":"https:\/\/blog.zeit.de\/stoerungsmelder"},{"@type":"ListItem","position":2,"name":"Lese-Tipp: B\u00fcrger f\u00fcrchten Rechtsextreme mehr als Islamisten"}]},{"@type":"WebSite","@id":"https:\/\/blog.zeit.de\/stoerungsmelder\/#website","url":"https:\/\/blog.zeit.de\/stoerungsmelder\/","name":"St\u00f6rungsmelder","description":"Recherchen und Analysen \u00fcber die extreme Rechte","potentialAction":[{"@type":"SearchAction","target":{"@type":"EntryPoint","urlTemplate":"https:\/\/blog.zeit.de\/stoerungsmelder\/?s={search_term_string}"},"query-input":"required name=search_term_string"}],"inLanguage":"de"},{"@type":"Person","@id":"https:\/\/blog.zeit.de\/stoerungsmelder\/#\/schema\/person\/3863bcab169f6697a6d5c63117df8405","name":"Lisa Caspari","image":{"@type":"ImageObject","inLanguage":"de","@id":"https:\/\/blog.zeit.de\/stoerungsmelder\/#\/schema\/person\/image\/","url":"https:\/\/secure.gravatar.com\/avatar\/24bd331e48d30258d7a5e9a5037e7c5af9e47c88ab2ecbc7568c2f10e40e93fc?s=96&d=mm&r=pg","contentUrl":"https:\/\/secure.gravatar.com\/avatar\/24bd331e48d30258d7a5e9a5037e7c5af9e47c88ab2ecbc7568c2f10e40e93fc?s=96&d=mm&r=pg","caption":"Lisa Caspari"},"description":"ist Redakteurin im Ressort Politik, Wirtschaft und Gesellschaft bei ZEIT ONLINE.","url":"https:\/\/blog.zeit.de\/stoerungsmelder\/author\/lisacaspari"}]}},"jetpack_featured_media_url":"","jetpack_sharing_enabled":true,"_links":{"self":[{"href":"https:\/\/blog.zeit.de\/stoerungsmelder\/wp-json\/wp\/v2\/posts\/7702","targetHints":{"allow":["GET"]}}],"collection":[{"href":"https:\/\/blog.zeit.de\/stoerungsmelder\/wp-json\/wp\/v2\/posts"}],"about":[{"href":"https:\/\/blog.zeit.de\/stoerungsmelder\/wp-json\/wp\/v2\/types\/post"}],"author":[{"embeddable":true,"href":"https:\/\/blog.zeit.de\/stoerungsmelder\/wp-json\/wp\/v2\/users\/350"}],"replies":[{"embeddable":true,"href":"https:\/\/blog.zeit.de\/stoerungsmelder\/wp-json\/wp\/v2\/comments?post=7702"}],"version-history":[{"count":4,"href":"https:\/\/blog.zeit.de\/stoerungsmelder\/wp-json\/wp\/v2\/posts\/7702\/revisions"}],"predecessor-version":[{"id":7709,"href":"https:\/\/blog.zeit.de\/stoerungsmelder\/wp-json\/wp\/v2\/posts\/7702\/revisions\/7709"}],"wp:attachment":[{"href":"https:\/\/blog.zeit.de\/stoerungsmelder\/wp-json\/wp\/v2\/media?parent=7702"}],"wp:term":[{"taxonomy":"category","embeddable":true,"href":"https:\/\/blog.zeit.de\/stoerungsmelder\/wp-json\/wp\/v2\/categories?post=7702"},{"taxonomy":"post_tag","embeddable":true,"href":"https:\/\/blog.zeit.de\/stoerungsmelder\/wp-json\/wp\/v2\/tags?post=7702"}],"curies":[{"name":"wp","href":"https:\/\/api.w.org\/{rel}","templated":true}]}}