{"id":7722,"date":"2011-12-03T09:57:41","date_gmt":"2011-12-03T08:57:41","guid":{"rendered":"http:\/\/blog.zeit.de\/stoerungsmelder\/?p=7722"},"modified":"2011-12-03T09:57:41","modified_gmt":"2011-12-03T08:57:41","slug":"lese-tipp-nazi-sein-als-lebensgefuhl","status":"publish","type":"post","link":"https:\/\/blog.zeit.de\/stoerungsmelder\/2011\/12\/03\/lese-tipp-nazi-sein-als-lebensgefuhl_7722","title":{"rendered":"Lese-Tipp: Nazi-Sein als Lebensgef\u00fchl"},"content":{"rendered":"<p>Klischees von den &#8222;dummen Nazis&#8220;, den &#8222;dumpfen Schl\u00e4gern&#8220; sind gef\u00e4hrlich, schreibt <a href=\"http:\/\/www.publikative.org\/2011\/12\/02\/wunderbare-jahre-nazi-sein-als-lebensgefuhl\/\">Andrej Reisin bei Publikative.org<\/a>. Auch in der aktuellen Diskussion wird verkannt: Nazis etablieren sich immer mehr in der Jugendkultur, sie bieten eine romantische Alternative zum spie\u00dfigen Dasein der Eltern: &#8222;Den Nazis entgegen zu treten hei\u00dft, sie ernst zu nehmen: politisch, polizeilich, juristisch. Denn sie meinen es ebenfalls ernst \u2013 todernst&#8220;, schreibt Reisin zum Beispiel.<\/p>\n","protected":false},"excerpt":{"rendered":"<p>Klischees von den &#8222;dummen Nazis&#8220;, den &#8222;dumpfen Schl\u00e4gern&#8220; sind gef\u00e4hrlich, schreibt Andrej Reisin bei Publikative.org. Auch in der aktuellen Diskussion wird verkannt: Nazis etablieren sich immer mehr in der Jugendkultur, sie bieten eine romantische Alternative zum spie\u00dfigen Dasein der Eltern: &#8222;Den Nazis entgegen zu treten hei\u00dft, sie ernst zu nehmen: politisch, polizeilich, juristisch. Denn sie [&hellip;]<\/p>\n","protected":false},"author":350,"featured_media":0,"comment_status":"open","ping_status":"open","sticky":false,"template":"","format":"standard","meta":{"_jetpack_memberships_contains_paid_content":false,"footnotes":""},"categories":[1515],"tags":[1633,1709],"class_list":["post-7722","post","type-post","status-publish","format-standard","hentry","category-bundesweit","tag-jugendkultur","tag-nazis"],"yoast_head":"<!-- This site is optimized with the Yoast SEO plugin v21.0 - https:\/\/yoast.com\/wordpress\/plugins\/seo\/ -->\n<title>Lese-Tipp: Nazi-Sein als Lebensgef\u00fchl - St\u00f6rungsmelder<\/title>\n<meta name=\"robots\" content=\"index, follow, max-snippet:-1, max-image-preview:large, max-video-preview:-1\" \/>\n<link rel=\"canonical\" href=\"https:\/\/blog.zeit.de\/stoerungsmelder\/2011\/12\/03\/lese-tipp-nazi-sein-als-lebensgefuhl_7722\" \/>\n<meta property=\"og:locale\" content=\"de_DE\" \/>\n<meta property=\"og:type\" content=\"article\" \/>\n<meta property=\"og:title\" content=\"Lese-Tipp: Nazi-Sein als Lebensgef\u00fchl - St\u00f6rungsmelder\" \/>\n<meta property=\"og:description\" content=\"Klischees von den &#8222;dummen Nazis&#8220;, den &#8222;dumpfen Schl\u00e4gern&#8220; sind gef\u00e4hrlich, schreibt Andrej Reisin bei Publikative.org. Auch in der aktuellen Diskussion wird verkannt: Nazis etablieren sich immer mehr in der Jugendkultur, sie bieten eine romantische Alternative zum spie\u00dfigen Dasein der Eltern: &#8222;Den Nazis entgegen zu treten hei\u00dft, sie ernst zu nehmen: politisch, polizeilich, juristisch. Denn sie [&hellip;]\" \/>\n<meta property=\"og:url\" content=\"https:\/\/blog.zeit.de\/stoerungsmelder\/2011\/12\/03\/lese-tipp-nazi-sein-als-lebensgefuhl_7722\" \/>\n<meta property=\"og:site_name\" content=\"St\u00f6rungsmelder\" \/>\n<meta property=\"article:published_time\" content=\"2011-12-03T08:57:41+00:00\" \/>\n<meta name=\"author\" content=\"Lisa Caspari\" \/>\n<meta name=\"twitter:card\" content=\"summary_large_image\" \/>\n<meta name=\"twitter:label1\" content=\"Geschrieben von\" \/>\n\t<meta name=\"twitter:data1\" content=\"Lisa Caspari\" \/>\n<script type=\"application\/ld+json\" class=\"yoast-schema-graph\">{\"@context\":\"https:\/\/schema.org\",\"@graph\":[{\"@type\":\"WebPage\",\"@id\":\"https:\/\/blog.zeit.de\/stoerungsmelder\/2011\/12\/03\/lese-tipp-nazi-sein-als-lebensgefuhl_7722\",\"url\":\"https:\/\/blog.zeit.de\/stoerungsmelder\/2011\/12\/03\/lese-tipp-nazi-sein-als-lebensgefuhl_7722\",\"name\":\"Lese-Tipp: Nazi-Sein als Lebensgef\u00fchl - St\u00f6rungsmelder\",\"isPartOf\":{\"@id\":\"https:\/\/blog.zeit.de\/stoerungsmelder\/#website\"},\"datePublished\":\"2011-12-03T08:57:41+00:00\",\"dateModified\":\"2011-12-03T08:57:41+00:00\",\"author\":{\"@id\":\"https:\/\/blog.zeit.de\/stoerungsmelder\/#\/schema\/person\/3863bcab169f6697a6d5c63117df8405\"},\"breadcrumb\":{\"@id\":\"https:\/\/blog.zeit.de\/stoerungsmelder\/2011\/12\/03\/lese-tipp-nazi-sein-als-lebensgefuhl_7722#breadcrumb\"},\"inLanguage\":\"de\",\"potentialAction\":[{\"@type\":\"ReadAction\",\"target\":[\"https:\/\/blog.zeit.de\/stoerungsmelder\/2011\/12\/03\/lese-tipp-nazi-sein-als-lebensgefuhl_7722\"]}]},{\"@type\":\"BreadcrumbList\",\"@id\":\"https:\/\/blog.zeit.de\/stoerungsmelder\/2011\/12\/03\/lese-tipp-nazi-sein-als-lebensgefuhl_7722#breadcrumb\",\"itemListElement\":[{\"@type\":\"ListItem\",\"position\":1,\"name\":\"Startseite\",\"item\":\"https:\/\/blog.zeit.de\/stoerungsmelder\"},{\"@type\":\"ListItem\",\"position\":2,\"name\":\"Lese-Tipp: Nazi-Sein als Lebensgef\u00fchl\"}]},{\"@type\":\"WebSite\",\"@id\":\"https:\/\/blog.zeit.de\/stoerungsmelder\/#website\",\"url\":\"https:\/\/blog.zeit.de\/stoerungsmelder\/\",\"name\":\"St\u00f6rungsmelder\",\"description\":\"Recherchen und Analysen \u00fcber die extreme Rechte\",\"potentialAction\":[{\"@type\":\"SearchAction\",\"target\":{\"@type\":\"EntryPoint\",\"urlTemplate\":\"https:\/\/blog.zeit.de\/stoerungsmelder\/?s={search_term_string}\"},\"query-input\":\"required name=search_term_string\"}],\"inLanguage\":\"de\"},{\"@type\":\"Person\",\"@id\":\"https:\/\/blog.zeit.de\/stoerungsmelder\/#\/schema\/person\/3863bcab169f6697a6d5c63117df8405\",\"name\":\"Lisa Caspari\",\"image\":{\"@type\":\"ImageObject\",\"inLanguage\":\"de\",\"@id\":\"https:\/\/blog.zeit.de\/stoerungsmelder\/#\/schema\/person\/image\/\",\"url\":\"https:\/\/secure.gravatar.com\/avatar\/24bd331e48d30258d7a5e9a5037e7c5af9e47c88ab2ecbc7568c2f10e40e93fc?s=96&d=mm&r=pg\",\"contentUrl\":\"https:\/\/secure.gravatar.com\/avatar\/24bd331e48d30258d7a5e9a5037e7c5af9e47c88ab2ecbc7568c2f10e40e93fc?s=96&d=mm&r=pg\",\"caption\":\"Lisa Caspari\"},\"description\":\"ist Redakteurin im Ressort Politik, Wirtschaft und Gesellschaft bei ZEIT ONLINE.\",\"url\":\"https:\/\/blog.zeit.de\/stoerungsmelder\/author\/lisacaspari\"}]}<\/script>\n<!-- \/ Yoast SEO plugin. -->","yoast_head_json":{"title":"Lese-Tipp: Nazi-Sein als Lebensgef\u00fchl - St\u00f6rungsmelder","robots":{"index":"index","follow":"follow","max-snippet":"max-snippet:-1","max-image-preview":"max-image-preview:large","max-video-preview":"max-video-preview:-1"},"canonical":"https:\/\/blog.zeit.de\/stoerungsmelder\/2011\/12\/03\/lese-tipp-nazi-sein-als-lebensgefuhl_7722","og_locale":"de_DE","og_type":"article","og_title":"Lese-Tipp: Nazi-Sein als Lebensgef\u00fchl - St\u00f6rungsmelder","og_description":"Klischees von den &#8222;dummen Nazis&#8220;, den &#8222;dumpfen Schl\u00e4gern&#8220; sind gef\u00e4hrlich, schreibt Andrej Reisin bei Publikative.org. Auch in der aktuellen Diskussion wird verkannt: Nazis etablieren sich immer mehr in der Jugendkultur, sie bieten eine romantische Alternative zum spie\u00dfigen Dasein der Eltern: &#8222;Den Nazis entgegen zu treten hei\u00dft, sie ernst zu nehmen: politisch, polizeilich, juristisch. Denn sie [&hellip;]","og_url":"https:\/\/blog.zeit.de\/stoerungsmelder\/2011\/12\/03\/lese-tipp-nazi-sein-als-lebensgefuhl_7722","og_site_name":"St\u00f6rungsmelder","article_published_time":"2011-12-03T08:57:41+00:00","author":"Lisa Caspari","twitter_card":"summary_large_image","twitter_misc":{"Geschrieben von":"Lisa Caspari"},"schema":{"@context":"https:\/\/schema.org","@graph":[{"@type":"WebPage","@id":"https:\/\/blog.zeit.de\/stoerungsmelder\/2011\/12\/03\/lese-tipp-nazi-sein-als-lebensgefuhl_7722","url":"https:\/\/blog.zeit.de\/stoerungsmelder\/2011\/12\/03\/lese-tipp-nazi-sein-als-lebensgefuhl_7722","name":"Lese-Tipp: Nazi-Sein als Lebensgef\u00fchl - St\u00f6rungsmelder","isPartOf":{"@id":"https:\/\/blog.zeit.de\/stoerungsmelder\/#website"},"datePublished":"2011-12-03T08:57:41+00:00","dateModified":"2011-12-03T08:57:41+00:00","author":{"@id":"https:\/\/blog.zeit.de\/stoerungsmelder\/#\/schema\/person\/3863bcab169f6697a6d5c63117df8405"},"breadcrumb":{"@id":"https:\/\/blog.zeit.de\/stoerungsmelder\/2011\/12\/03\/lese-tipp-nazi-sein-als-lebensgefuhl_7722#breadcrumb"},"inLanguage":"de","potentialAction":[{"@type":"ReadAction","target":["https:\/\/blog.zeit.de\/stoerungsmelder\/2011\/12\/03\/lese-tipp-nazi-sein-als-lebensgefuhl_7722"]}]},{"@type":"BreadcrumbList","@id":"https:\/\/blog.zeit.de\/stoerungsmelder\/2011\/12\/03\/lese-tipp-nazi-sein-als-lebensgefuhl_7722#breadcrumb","itemListElement":[{"@type":"ListItem","position":1,"name":"Startseite","item":"https:\/\/blog.zeit.de\/stoerungsmelder"},{"@type":"ListItem","position":2,"name":"Lese-Tipp: Nazi-Sein als Lebensgef\u00fchl"}]},{"@type":"WebSite","@id":"https:\/\/blog.zeit.de\/stoerungsmelder\/#website","url":"https:\/\/blog.zeit.de\/stoerungsmelder\/","name":"St\u00f6rungsmelder","description":"Recherchen und Analysen \u00fcber die extreme Rechte","potentialAction":[{"@type":"SearchAction","target":{"@type":"EntryPoint","urlTemplate":"https:\/\/blog.zeit.de\/stoerungsmelder\/?s={search_term_string}"},"query-input":"required name=search_term_string"}],"inLanguage":"de"},{"@type":"Person","@id":"https:\/\/blog.zeit.de\/stoerungsmelder\/#\/schema\/person\/3863bcab169f6697a6d5c63117df8405","name":"Lisa Caspari","image":{"@type":"ImageObject","inLanguage":"de","@id":"https:\/\/blog.zeit.de\/stoerungsmelder\/#\/schema\/person\/image\/","url":"https:\/\/secure.gravatar.com\/avatar\/24bd331e48d30258d7a5e9a5037e7c5af9e47c88ab2ecbc7568c2f10e40e93fc?s=96&d=mm&r=pg","contentUrl":"https:\/\/secure.gravatar.com\/avatar\/24bd331e48d30258d7a5e9a5037e7c5af9e47c88ab2ecbc7568c2f10e40e93fc?s=96&d=mm&r=pg","caption":"Lisa Caspari"},"description":"ist Redakteurin im Ressort Politik, Wirtschaft und Gesellschaft bei ZEIT ONLINE.","url":"https:\/\/blog.zeit.de\/stoerungsmelder\/author\/lisacaspari"}]}},"jetpack_featured_media_url":"","jetpack_sharing_enabled":true,"_links":{"self":[{"href":"https:\/\/blog.zeit.de\/stoerungsmelder\/wp-json\/wp\/v2\/posts\/7722","targetHints":{"allow":["GET"]}}],"collection":[{"href":"https:\/\/blog.zeit.de\/stoerungsmelder\/wp-json\/wp\/v2\/posts"}],"about":[{"href":"https:\/\/blog.zeit.de\/stoerungsmelder\/wp-json\/wp\/v2\/types\/post"}],"author":[{"embeddable":true,"href":"https:\/\/blog.zeit.de\/stoerungsmelder\/wp-json\/wp\/v2\/users\/350"}],"replies":[{"embeddable":true,"href":"https:\/\/blog.zeit.de\/stoerungsmelder\/wp-json\/wp\/v2\/comments?post=7722"}],"version-history":[{"count":4,"href":"https:\/\/blog.zeit.de\/stoerungsmelder\/wp-json\/wp\/v2\/posts\/7722\/revisions"}],"predecessor-version":[{"id":7726,"href":"https:\/\/blog.zeit.de\/stoerungsmelder\/wp-json\/wp\/v2\/posts\/7722\/revisions\/7726"}],"wp:attachment":[{"href":"https:\/\/blog.zeit.de\/stoerungsmelder\/wp-json\/wp\/v2\/media?parent=7722"}],"wp:term":[{"taxonomy":"category","embeddable":true,"href":"https:\/\/blog.zeit.de\/stoerungsmelder\/wp-json\/wp\/v2\/categories?post=7722"},{"taxonomy":"post_tag","embeddable":true,"href":"https:\/\/blog.zeit.de\/stoerungsmelder\/wp-json\/wp\/v2\/tags?post=7722"}],"curies":[{"name":"wp","href":"https:\/\/api.w.org\/{rel}","templated":true}]}}