{"id":7735,"date":"2011-12-07T11:03:20","date_gmt":"2011-12-07T10:03:20","guid":{"rendered":"http:\/\/blog.zeit.de\/stoerungsmelder\/?p=7735"},"modified":"2011-12-07T14:30:01","modified_gmt":"2011-12-07T13:30:01","slug":"lese-tipp-ubersicht-uber-das-netzwerk-der-terrorzelle","status":"publish","type":"post","link":"https:\/\/blog.zeit.de\/stoerungsmelder\/2011\/12\/07\/lese-tipp-ubersicht-uber-das-netzwerk-der-terrorzelle_7735","title":{"rendered":"Lese-Tipp: \u00dcbersicht \u00fcber das Netzwerk der Terrorzelle"},"content":{"rendered":"<p>In einem ausf\u00fchrlichen \u00dcbersichtsartikel beschreibt der <a href=\"http:\/\/www.tagesspiegel.de\/politik\/das-dichte-netz-der-neonazis\/5928740.html\"><em>Tagesspiegel<\/em><\/a> heute das Unterst\u00fctzernetz der Jenaer Rechtsterroristen. Die Autoren Frank Jansen und Torsten Hampel verweisen unter anderem auf die wom\u00f6glich jahrelange enge Verbindung zwischen der Fris\u00f6rin Mandy S. und Beate Z.. Mandy S. soll wie Neonazi-Kader Thomas G. Mitglied im rechtsextremen Verein &#8222;Hilfsorganisation f\u00fcr nationale politische Gefangene und deren Angeh\u00f6rige&#8220; gewesen sein. Neu untersucht werden soll au\u00dferdem, ob der Andr\u00e9 K., <a href=\"http:\/\/www.zeit.de\/gesellschaft\/zeitgeschehen\/2011-11\/nsu-verhaftung-ermittlung\">ein guter Bekannter des verhafteten Ex-Neonazi-Funktion\u00e4rs Ralf W.<\/a>, 2010 mit Gefolgsleuten tats\u00e4chlich hochexplosiven Plastiksprengstoff beschafft hat und ob dieser vielleicht gar f\u00fcr Uwe B., Uwe M. und Beate Z. bestimmt war.<\/p>\n","protected":false},"excerpt":{"rendered":"<p>In einem ausf\u00fchrlichen \u00dcbersichtsartikel beschreibt der Tagesspiegel heute das Unterst\u00fctzernetz der Jenaer Rechtsterroristen. Die Autoren Frank Jansen und Torsten Hampel verweisen unter anderem auf die wom\u00f6glich jahrelange enge Verbindung zwischen der Fris\u00f6rin Mandy S. und Beate Z.. Mandy S. soll wie Neonazi-Kader Thomas G. Mitglied im rechtsextremen Verein &#8222;Hilfsorganisation f\u00fcr nationale politische Gefangene und deren [&hellip;]<\/p>\n","protected":false},"author":350,"featured_media":0,"comment_status":"open","ping_status":"open","sticky":false,"template":"","format":"standard","meta":{"_jetpack_memberships_contains_paid_content":false,"footnotes":""},"categories":[1515],"tags":[1626,1709,1716,12739],"class_list":["post-7735","post","type-post","status-publish","format-standard","hentry","category-bundesweit","tag-jena","tag-nazis","tag-npd","tag-rechtsterrorismus"],"yoast_head":"<!-- This site is optimized with the Yoast SEO plugin v21.0 - https:\/\/yoast.com\/wordpress\/plugins\/seo\/ -->\n<title>Lese-Tipp: \u00dcbersicht \u00fcber das Netzwerk der Terrorzelle - St\u00f6rungsmelder<\/title>\n<meta name=\"robots\" content=\"index, follow, max-snippet:-1, max-image-preview:large, max-video-preview:-1\" \/>\n<link rel=\"canonical\" href=\"https:\/\/blog.zeit.de\/stoerungsmelder\/2011\/12\/07\/lese-tipp-ubersicht-uber-das-netzwerk-der-terrorzelle_7735\" \/>\n<meta property=\"og:locale\" content=\"de_DE\" \/>\n<meta property=\"og:type\" content=\"article\" \/>\n<meta property=\"og:title\" content=\"Lese-Tipp: \u00dcbersicht \u00fcber das Netzwerk der Terrorzelle - St\u00f6rungsmelder\" \/>\n<meta property=\"og:description\" content=\"In einem ausf\u00fchrlichen \u00dcbersichtsartikel beschreibt der Tagesspiegel heute das Unterst\u00fctzernetz der Jenaer Rechtsterroristen. Die Autoren Frank Jansen und Torsten Hampel verweisen unter anderem auf die wom\u00f6glich jahrelange enge Verbindung zwischen der Fris\u00f6rin Mandy S. und Beate Z.. Mandy S. soll wie Neonazi-Kader Thomas G. Mitglied im rechtsextremen Verein &#8222;Hilfsorganisation f\u00fcr nationale politische Gefangene und deren [&hellip;]\" \/>\n<meta property=\"og:url\" content=\"https:\/\/blog.zeit.de\/stoerungsmelder\/2011\/12\/07\/lese-tipp-ubersicht-uber-das-netzwerk-der-terrorzelle_7735\" \/>\n<meta property=\"og:site_name\" content=\"St\u00f6rungsmelder\" \/>\n<meta property=\"article:published_time\" content=\"2011-12-07T10:03:20+00:00\" \/>\n<meta property=\"article:modified_time\" content=\"2011-12-07T13:30:01+00:00\" \/>\n<meta name=\"author\" content=\"Lisa Caspari\" \/>\n<meta name=\"twitter:card\" content=\"summary_large_image\" \/>\n<meta name=\"twitter:label1\" content=\"Geschrieben von\" \/>\n\t<meta name=\"twitter:data1\" content=\"Lisa Caspari\" \/>\n\t<meta name=\"twitter:label2\" content=\"Gesch\u00e4tzte Lesezeit\" \/>\n\t<meta name=\"twitter:data2\" content=\"1\u00a0Minute\" \/>\n<script type=\"application\/ld+json\" class=\"yoast-schema-graph\">{\"@context\":\"https:\/\/schema.org\",\"@graph\":[{\"@type\":\"WebPage\",\"@id\":\"https:\/\/blog.zeit.de\/stoerungsmelder\/2011\/12\/07\/lese-tipp-ubersicht-uber-das-netzwerk-der-terrorzelle_7735\",\"url\":\"https:\/\/blog.zeit.de\/stoerungsmelder\/2011\/12\/07\/lese-tipp-ubersicht-uber-das-netzwerk-der-terrorzelle_7735\",\"name\":\"Lese-Tipp: \u00dcbersicht \u00fcber das Netzwerk der Terrorzelle - St\u00f6rungsmelder\",\"isPartOf\":{\"@id\":\"https:\/\/blog.zeit.de\/stoerungsmelder\/#website\"},\"datePublished\":\"2011-12-07T10:03:20+00:00\",\"dateModified\":\"2011-12-07T13:30:01+00:00\",\"author\":{\"@id\":\"https:\/\/blog.zeit.de\/stoerungsmelder\/#\/schema\/person\/3863bcab169f6697a6d5c63117df8405\"},\"breadcrumb\":{\"@id\":\"https:\/\/blog.zeit.de\/stoerungsmelder\/2011\/12\/07\/lese-tipp-ubersicht-uber-das-netzwerk-der-terrorzelle_7735#breadcrumb\"},\"inLanguage\":\"de\",\"potentialAction\":[{\"@type\":\"ReadAction\",\"target\":[\"https:\/\/blog.zeit.de\/stoerungsmelder\/2011\/12\/07\/lese-tipp-ubersicht-uber-das-netzwerk-der-terrorzelle_7735\"]}]},{\"@type\":\"BreadcrumbList\",\"@id\":\"https:\/\/blog.zeit.de\/stoerungsmelder\/2011\/12\/07\/lese-tipp-ubersicht-uber-das-netzwerk-der-terrorzelle_7735#breadcrumb\",\"itemListElement\":[{\"@type\":\"ListItem\",\"position\":1,\"name\":\"Startseite\",\"item\":\"https:\/\/blog.zeit.de\/stoerungsmelder\"},{\"@type\":\"ListItem\",\"position\":2,\"name\":\"Lese-Tipp: \u00dcbersicht \u00fcber das Netzwerk der Terrorzelle\"}]},{\"@type\":\"WebSite\",\"@id\":\"https:\/\/blog.zeit.de\/stoerungsmelder\/#website\",\"url\":\"https:\/\/blog.zeit.de\/stoerungsmelder\/\",\"name\":\"St\u00f6rungsmelder\",\"description\":\"Recherchen und Analysen \u00fcber die extreme Rechte\",\"potentialAction\":[{\"@type\":\"SearchAction\",\"target\":{\"@type\":\"EntryPoint\",\"urlTemplate\":\"https:\/\/blog.zeit.de\/stoerungsmelder\/?s={search_term_string}\"},\"query-input\":\"required name=search_term_string\"}],\"inLanguage\":\"de\"},{\"@type\":\"Person\",\"@id\":\"https:\/\/blog.zeit.de\/stoerungsmelder\/#\/schema\/person\/3863bcab169f6697a6d5c63117df8405\",\"name\":\"Lisa Caspari\",\"image\":{\"@type\":\"ImageObject\",\"inLanguage\":\"de\",\"@id\":\"https:\/\/blog.zeit.de\/stoerungsmelder\/#\/schema\/person\/image\/\",\"url\":\"https:\/\/secure.gravatar.com\/avatar\/24bd331e48d30258d7a5e9a5037e7c5af9e47c88ab2ecbc7568c2f10e40e93fc?s=96&d=mm&r=pg\",\"contentUrl\":\"https:\/\/secure.gravatar.com\/avatar\/24bd331e48d30258d7a5e9a5037e7c5af9e47c88ab2ecbc7568c2f10e40e93fc?s=96&d=mm&r=pg\",\"caption\":\"Lisa Caspari\"},\"description\":\"ist Redakteurin im Ressort Politik, Wirtschaft und Gesellschaft bei ZEIT ONLINE.\",\"url\":\"https:\/\/blog.zeit.de\/stoerungsmelder\/author\/lisacaspari\"}]}<\/script>\n<!-- \/ Yoast SEO plugin. -->","yoast_head_json":{"title":"Lese-Tipp: \u00dcbersicht \u00fcber das Netzwerk der Terrorzelle - St\u00f6rungsmelder","robots":{"index":"index","follow":"follow","max-snippet":"max-snippet:-1","max-image-preview":"max-image-preview:large","max-video-preview":"max-video-preview:-1"},"canonical":"https:\/\/blog.zeit.de\/stoerungsmelder\/2011\/12\/07\/lese-tipp-ubersicht-uber-das-netzwerk-der-terrorzelle_7735","og_locale":"de_DE","og_type":"article","og_title":"Lese-Tipp: \u00dcbersicht \u00fcber das Netzwerk der Terrorzelle - St\u00f6rungsmelder","og_description":"In einem ausf\u00fchrlichen \u00dcbersichtsartikel beschreibt der Tagesspiegel heute das Unterst\u00fctzernetz der Jenaer Rechtsterroristen. Die Autoren Frank Jansen und Torsten Hampel verweisen unter anderem auf die wom\u00f6glich jahrelange enge Verbindung zwischen der Fris\u00f6rin Mandy S. und Beate Z.. Mandy S. soll wie Neonazi-Kader Thomas G. Mitglied im rechtsextremen Verein &#8222;Hilfsorganisation f\u00fcr nationale politische Gefangene und deren [&hellip;]","og_url":"https:\/\/blog.zeit.de\/stoerungsmelder\/2011\/12\/07\/lese-tipp-ubersicht-uber-das-netzwerk-der-terrorzelle_7735","og_site_name":"St\u00f6rungsmelder","article_published_time":"2011-12-07T10:03:20+00:00","article_modified_time":"2011-12-07T13:30:01+00:00","author":"Lisa Caspari","twitter_card":"summary_large_image","twitter_misc":{"Geschrieben von":"Lisa Caspari","Gesch\u00e4tzte Lesezeit":"1\u00a0Minute"},"schema":{"@context":"https:\/\/schema.org","@graph":[{"@type":"WebPage","@id":"https:\/\/blog.zeit.de\/stoerungsmelder\/2011\/12\/07\/lese-tipp-ubersicht-uber-das-netzwerk-der-terrorzelle_7735","url":"https:\/\/blog.zeit.de\/stoerungsmelder\/2011\/12\/07\/lese-tipp-ubersicht-uber-das-netzwerk-der-terrorzelle_7735","name":"Lese-Tipp: \u00dcbersicht \u00fcber das Netzwerk der Terrorzelle - St\u00f6rungsmelder","isPartOf":{"@id":"https:\/\/blog.zeit.de\/stoerungsmelder\/#website"},"datePublished":"2011-12-07T10:03:20+00:00","dateModified":"2011-12-07T13:30:01+00:00","author":{"@id":"https:\/\/blog.zeit.de\/stoerungsmelder\/#\/schema\/person\/3863bcab169f6697a6d5c63117df8405"},"breadcrumb":{"@id":"https:\/\/blog.zeit.de\/stoerungsmelder\/2011\/12\/07\/lese-tipp-ubersicht-uber-das-netzwerk-der-terrorzelle_7735#breadcrumb"},"inLanguage":"de","potentialAction":[{"@type":"ReadAction","target":["https:\/\/blog.zeit.de\/stoerungsmelder\/2011\/12\/07\/lese-tipp-ubersicht-uber-das-netzwerk-der-terrorzelle_7735"]}]},{"@type":"BreadcrumbList","@id":"https:\/\/blog.zeit.de\/stoerungsmelder\/2011\/12\/07\/lese-tipp-ubersicht-uber-das-netzwerk-der-terrorzelle_7735#breadcrumb","itemListElement":[{"@type":"ListItem","position":1,"name":"Startseite","item":"https:\/\/blog.zeit.de\/stoerungsmelder"},{"@type":"ListItem","position":2,"name":"Lese-Tipp: \u00dcbersicht \u00fcber das Netzwerk der Terrorzelle"}]},{"@type":"WebSite","@id":"https:\/\/blog.zeit.de\/stoerungsmelder\/#website","url":"https:\/\/blog.zeit.de\/stoerungsmelder\/","name":"St\u00f6rungsmelder","description":"Recherchen und Analysen \u00fcber die extreme Rechte","potentialAction":[{"@type":"SearchAction","target":{"@type":"EntryPoint","urlTemplate":"https:\/\/blog.zeit.de\/stoerungsmelder\/?s={search_term_string}"},"query-input":"required name=search_term_string"}],"inLanguage":"de"},{"@type":"Person","@id":"https:\/\/blog.zeit.de\/stoerungsmelder\/#\/schema\/person\/3863bcab169f6697a6d5c63117df8405","name":"Lisa Caspari","image":{"@type":"ImageObject","inLanguage":"de","@id":"https:\/\/blog.zeit.de\/stoerungsmelder\/#\/schema\/person\/image\/","url":"https:\/\/secure.gravatar.com\/avatar\/24bd331e48d30258d7a5e9a5037e7c5af9e47c88ab2ecbc7568c2f10e40e93fc?s=96&d=mm&r=pg","contentUrl":"https:\/\/secure.gravatar.com\/avatar\/24bd331e48d30258d7a5e9a5037e7c5af9e47c88ab2ecbc7568c2f10e40e93fc?s=96&d=mm&r=pg","caption":"Lisa Caspari"},"description":"ist Redakteurin im Ressort Politik, Wirtschaft und Gesellschaft bei ZEIT ONLINE.","url":"https:\/\/blog.zeit.de\/stoerungsmelder\/author\/lisacaspari"}]}},"jetpack_featured_media_url":"","jetpack_sharing_enabled":true,"_links":{"self":[{"href":"https:\/\/blog.zeit.de\/stoerungsmelder\/wp-json\/wp\/v2\/posts\/7735","targetHints":{"allow":["GET"]}}],"collection":[{"href":"https:\/\/blog.zeit.de\/stoerungsmelder\/wp-json\/wp\/v2\/posts"}],"about":[{"href":"https:\/\/blog.zeit.de\/stoerungsmelder\/wp-json\/wp\/v2\/types\/post"}],"author":[{"embeddable":true,"href":"https:\/\/blog.zeit.de\/stoerungsmelder\/wp-json\/wp\/v2\/users\/350"}],"replies":[{"embeddable":true,"href":"https:\/\/blog.zeit.de\/stoerungsmelder\/wp-json\/wp\/v2\/comments?post=7735"}],"version-history":[{"count":4,"href":"https:\/\/blog.zeit.de\/stoerungsmelder\/wp-json\/wp\/v2\/posts\/7735\/revisions"}],"predecessor-version":[{"id":7737,"href":"https:\/\/blog.zeit.de\/stoerungsmelder\/wp-json\/wp\/v2\/posts\/7735\/revisions\/7737"}],"wp:attachment":[{"href":"https:\/\/blog.zeit.de\/stoerungsmelder\/wp-json\/wp\/v2\/media?parent=7735"}],"wp:term":[{"taxonomy":"category","embeddable":true,"href":"https:\/\/blog.zeit.de\/stoerungsmelder\/wp-json\/wp\/v2\/categories?post=7735"},{"taxonomy":"post_tag","embeddable":true,"href":"https:\/\/blog.zeit.de\/stoerungsmelder\/wp-json\/wp\/v2\/tags?post=7735"}],"curies":[{"name":"wp","href":"https:\/\/api.w.org\/{rel}","templated":true}]}}