{"id":7740,"date":"2011-12-07T14:31:17","date_gmt":"2011-12-07T13:31:17","guid":{"rendered":"http:\/\/blog.zeit.de\/stoerungsmelder\/?p=7740"},"modified":"2017-07-08T16:37:56","modified_gmt":"2017-07-08T14:37:56","slug":"bundes-spd-unterschreibt-blockadeaufruf-fur-dresden","status":"publish","type":"post","link":"https:\/\/blog.zeit.de\/stoerungsmelder\/2011\/12\/07\/bundes-spd-unterschreibt-blockadeaufruf-fur-dresden_7740","title":{"rendered":"Bundes-SPD unterschreibt Blockadeaufruf f\u00fcr Dresden"},"content":{"rendered":"<p><img loading=\"lazy\" decoding=\"async\" class=\"alignleft\" src=\"http:\/\/dresden-nazifrei.com\/images\/stories\/fotos\/buttons.jpg\" alt=\"\" width=\"185\" height=\"233\" \/>Wenn am 18. Februar wieder der gr\u00f6\u00dfte Naziaufmarsch Europas in Dresden stattfinden soll, werden erneut rund 20.000 Gegendemonstranten erwarten. Seit Monaten mobilisiert das <a href=\"http:\/\/www.dresden-nazifrei.com\/\">B\u00fcndnis Dresden-Nazifrei<\/a> f\u00fcr Massenblockaden, um den Aufmarsch zu stoppen. Bei ihrem Bundesparteitag am vergangenen Wochenende in Berlin hat sich jetzt auch erstmals der SPD-Parteivorstand entschlossen, die friedlichen Proteste bei der gro\u00dfen Anti-Nazi-Demonstration offiziell zu unterst\u00fctzen. 2010 und 2011 hatten nur einzelne Abgeordnete an den Aktionen teilgenommen. Mit dem Beschluss beteiligen sich jetzt au\u00dfer CDU und FDP alle demokratischen Parteien\u00a0 an dem Sitzblockadekonzept. Linksfraktion und Gr\u00fcne hatten bereits 2011 den Aufruf unterzeichnet.<!--more--><\/p>\n<p>Schon zwei Jahre in Folge war es mit Sitzblockaden gelungen den Aufmarsch zu verhindern. Das Resultat: immer weniger Neonazis kommen inzwischen nach Dresden. Der Erlebnischarakter des &#8222;Top-Events&#8220; der Szene ist erheblich gesunken.<\/p>\n<p>\u201eWir Jusos begr\u00fc\u00dfen, den Beschluss des SPD-Parteivorstands sich mit der breiten Protestbewegung solidarisch zu erkl\u00e4ren und die Mitglieder zur Teilnahme an den Protesten aufzurufen. Die Sozialdemokratie hat schon immer entschlossen auf der Seite derjenigen gestanden, die sich dem braunen Mob konsequent entgegenstellen&#8220;, sagte der Juso-Bundesvorsitzende Sascha Vogt.<\/p>\n<p>&#8222;Wir Jusos lassen es nicht zu, dass Geschichtsrevisionismus und rechtes Gedankengut auf Dresdens Stra\u00dfen zur Schau getragen wird. Die letzten Jahre haben gezeigt, dass nur mit Blockaden verhindert werden kann, dass Nazis durch Dresden marschieren.&#8220; Vogt hofft, dass SPD-Mitglieder aus dem gesamten Bundesgebiet nach Dresden kommen werden, um die Proteste zu unterst\u00fctzen. Den Blockadeaufruf haben inzwischen auch wieder zahlreiche Prominente, Schauspieler und K\u00fcnstler unterschrieben, unter anderem Die Toten Hosen und Die \u00c4rzte.<\/p>\n<p>Auch die Stadt Dresden nimmt nach zunehmender Kritik das Rechtsextremismusproblem inzwischen ernst.\u00a0 Die AG 13. Februar, bestehend aus Vertretern der Stadt, Parteien, Vereinen und Organisationen sowie Unternehmen einigte sich vor Kurzem auf den gemeinsamen Protestrahmen fu\u0308r den kommenden Februar. So soll die Kranzniederlegung wegfallen und am 13. Februar wieder eine Menschenkette stattfinden; fu\u0308r den 18. Februar ist eine zentrale Kundgebung in Ho\u0308r- und Sichtweite des Naziaufmarsches geplant. Zu Blockaden wird nicht aufgerufen, diese werden aber auch nicht verurteilt.<\/p>\n<p>\u201eWir begru\u0308\u00dfen die Fortschritte der Stadt im Umgang mit dem ehemals gro\u0308\u00dften Naziaufmarsch Europas. Vor allem das den Nazis mit der Streichung der Kranzniederlegung am Heidefriedhof eine Plattform des Geschichtsrevisionismus genommen wurde, ist ein Fortschrit&#8220;, sagte\u00a0Franziska Radtke vom B\u00fcndnis Dresden-Nazifrei. &#8222;Endlich erkennt auch die Stadt, dass der Naziaufmarsch ein Problem darstellt. Das ist sicherlich auch unserer erfolgreichen Arbeit zu verdanken.\u201c<\/p>\n","protected":false},"excerpt":{"rendered":"<p>Wenn am 18. Februar wieder der gr\u00f6\u00dfte Naziaufmarsch Europas in Dresden stattfinden soll, werden erneut rund 20.000 Gegendemonstranten erwarten. Seit Monaten mobilisiert das B\u00fcndnis Dresden-Nazifrei f\u00fcr Massenblockaden, um den Aufmarsch zu stoppen. Bei ihrem Bundesparteitag am vergangenen Wochenende in Berlin hat sich jetzt auch erstmals der SPD-Parteivorstand entschlossen, die friedlichen Proteste bei der gro\u00dfen Anti-Nazi-Demonstration [&hellip;]<\/p>\n","protected":false},"author":229,"featured_media":0,"comment_status":"open","ping_status":"open","sticky":false,"template":"","format":"standard","meta":{"_jetpack_memberships_contains_paid_content":false,"footnotes":""},"categories":[1456],"tags":[12774,12773,1716,1752,2089,1858],"class_list":["post-7740","post","type-post","status-publish","format-standard","hentry","category-sachsen","tag-aufmarsch","tag-dresden-nazifrei","tag-npd","tag-protest","tag-sitzblockaden","tag-zivilcourage"],"yoast_head":"<!-- This site is optimized with the Yoast SEO plugin v21.0 - https:\/\/yoast.com\/wordpress\/plugins\/seo\/ -->\n<title>Bundes-SPD unterschreibt Blockadeaufruf f\u00fcr Dresden - St\u00f6rungsmelder<\/title>\n<meta name=\"robots\" content=\"index, follow, max-snippet:-1, max-image-preview:large, max-video-preview:-1\" \/>\n<link rel=\"canonical\" href=\"https:\/\/blog.zeit.de\/stoerungsmelder\/2011\/12\/07\/bundes-spd-unterschreibt-blockadeaufruf-fur-dresden_7740\" \/>\n<meta property=\"og:locale\" content=\"de_DE\" \/>\n<meta property=\"og:type\" content=\"article\" \/>\n<meta property=\"og:title\" content=\"Bundes-SPD unterschreibt Blockadeaufruf f\u00fcr Dresden - St\u00f6rungsmelder\" \/>\n<meta property=\"og:description\" content=\"Wenn am 18. Februar wieder der gr\u00f6\u00dfte Naziaufmarsch Europas in Dresden stattfinden soll, werden erneut rund 20.000 Gegendemonstranten erwarten. Seit Monaten mobilisiert das B\u00fcndnis Dresden-Nazifrei f\u00fcr Massenblockaden, um den Aufmarsch zu stoppen. Bei ihrem Bundesparteitag am vergangenen Wochenende in Berlin hat sich jetzt auch erstmals der SPD-Parteivorstand entschlossen, die friedlichen Proteste bei der gro\u00dfen Anti-Nazi-Demonstration [&hellip;]\" \/>\n<meta property=\"og:url\" content=\"https:\/\/blog.zeit.de\/stoerungsmelder\/2011\/12\/07\/bundes-spd-unterschreibt-blockadeaufruf-fur-dresden_7740\" \/>\n<meta property=\"og:site_name\" content=\"St\u00f6rungsmelder\" \/>\n<meta property=\"article:published_time\" content=\"2011-12-07T13:31:17+00:00\" \/>\n<meta property=\"article:modified_time\" content=\"2017-07-08T14:37:56+00:00\" \/>\n<meta property=\"og:image\" content=\"http:\/\/dresden-nazifrei.com\/images\/stories\/fotos\/buttons.jpg\" \/>\n<meta name=\"author\" content=\"St\u00f6rungsmelder\" \/>\n<meta name=\"twitter:card\" content=\"summary_large_image\" \/>\n<meta name=\"twitter:label1\" content=\"Geschrieben von\" \/>\n\t<meta name=\"twitter:data1\" content=\"St\u00f6rungsmelder\" \/>\n\t<meta name=\"twitter:label2\" content=\"Gesch\u00e4tzte Lesezeit\" \/>\n\t<meta name=\"twitter:data2\" content=\"2\u00a0Minuten\" \/>\n<script type=\"application\/ld+json\" class=\"yoast-schema-graph\">{\"@context\":\"https:\/\/schema.org\",\"@graph\":[{\"@type\":\"WebPage\",\"@id\":\"https:\/\/blog.zeit.de\/stoerungsmelder\/2011\/12\/07\/bundes-spd-unterschreibt-blockadeaufruf-fur-dresden_7740\",\"url\":\"https:\/\/blog.zeit.de\/stoerungsmelder\/2011\/12\/07\/bundes-spd-unterschreibt-blockadeaufruf-fur-dresden_7740\",\"name\":\"Bundes-SPD unterschreibt Blockadeaufruf f\u00fcr Dresden - St\u00f6rungsmelder\",\"isPartOf\":{\"@id\":\"https:\/\/blog.zeit.de\/stoerungsmelder\/#website\"},\"datePublished\":\"2011-12-07T13:31:17+00:00\",\"dateModified\":\"2017-07-08T14:37:56+00:00\",\"author\":{\"@id\":\"https:\/\/blog.zeit.de\/stoerungsmelder\/#\/schema\/person\/fdd0b9818f65738672810b6d6f037f71\"},\"breadcrumb\":{\"@id\":\"https:\/\/blog.zeit.de\/stoerungsmelder\/2011\/12\/07\/bundes-spd-unterschreibt-blockadeaufruf-fur-dresden_7740#breadcrumb\"},\"inLanguage\":\"de\",\"potentialAction\":[{\"@type\":\"ReadAction\",\"target\":[\"https:\/\/blog.zeit.de\/stoerungsmelder\/2011\/12\/07\/bundes-spd-unterschreibt-blockadeaufruf-fur-dresden_7740\"]}]},{\"@type\":\"BreadcrumbList\",\"@id\":\"https:\/\/blog.zeit.de\/stoerungsmelder\/2011\/12\/07\/bundes-spd-unterschreibt-blockadeaufruf-fur-dresden_7740#breadcrumb\",\"itemListElement\":[{\"@type\":\"ListItem\",\"position\":1,\"name\":\"Startseite\",\"item\":\"https:\/\/blog.zeit.de\/stoerungsmelder\"},{\"@type\":\"ListItem\",\"position\":2,\"name\":\"Bundes-SPD unterschreibt Blockadeaufruf f\u00fcr Dresden\"}]},{\"@type\":\"WebSite\",\"@id\":\"https:\/\/blog.zeit.de\/stoerungsmelder\/#website\",\"url\":\"https:\/\/blog.zeit.de\/stoerungsmelder\/\",\"name\":\"St\u00f6rungsmelder\",\"description\":\"Recherchen und Analysen \u00fcber die extreme Rechte\",\"potentialAction\":[{\"@type\":\"SearchAction\",\"target\":{\"@type\":\"EntryPoint\",\"urlTemplate\":\"https:\/\/blog.zeit.de\/stoerungsmelder\/?s={search_term_string}\"},\"query-input\":\"required name=search_term_string\"}],\"inLanguage\":\"de\"},{\"@type\":\"Person\",\"@id\":\"https:\/\/blog.zeit.de\/stoerungsmelder\/#\/schema\/person\/fdd0b9818f65738672810b6d6f037f71\",\"name\":\"St\u00f6rungsmelder\",\"image\":{\"@type\":\"ImageObject\",\"inLanguage\":\"de\",\"@id\":\"https:\/\/blog.zeit.de\/stoerungsmelder\/#\/schema\/person\/image\/\",\"url\":\"https:\/\/secure.gravatar.com\/avatar\/dfa4be514c3e82a71e4f9a0020035d38192d080ccaa5e4e6d7a1472c763535c5?s=96&d=mm&r=pg\",\"contentUrl\":\"https:\/\/secure.gravatar.com\/avatar\/dfa4be514c3e82a71e4f9a0020035d38192d080ccaa5e4e6d7a1472c763535c5?s=96&d=mm&r=pg\",\"caption\":\"St\u00f6rungsmelder\"},\"url\":\"https:\/\/blog.zeit.de\/stoerungsmelder\/author\/stoerungsmelder\"}]}<\/script>\n<!-- \/ Yoast SEO plugin. -->","yoast_head_json":{"title":"Bundes-SPD unterschreibt Blockadeaufruf f\u00fcr Dresden - St\u00f6rungsmelder","robots":{"index":"index","follow":"follow","max-snippet":"max-snippet:-1","max-image-preview":"max-image-preview:large","max-video-preview":"max-video-preview:-1"},"canonical":"https:\/\/blog.zeit.de\/stoerungsmelder\/2011\/12\/07\/bundes-spd-unterschreibt-blockadeaufruf-fur-dresden_7740","og_locale":"de_DE","og_type":"article","og_title":"Bundes-SPD unterschreibt Blockadeaufruf f\u00fcr Dresden - St\u00f6rungsmelder","og_description":"Wenn am 18. Februar wieder der gr\u00f6\u00dfte Naziaufmarsch Europas in Dresden stattfinden soll, werden erneut rund 20.000 Gegendemonstranten erwarten. Seit Monaten mobilisiert das B\u00fcndnis Dresden-Nazifrei f\u00fcr Massenblockaden, um den Aufmarsch zu stoppen. Bei ihrem Bundesparteitag am vergangenen Wochenende in Berlin hat sich jetzt auch erstmals der SPD-Parteivorstand entschlossen, die friedlichen Proteste bei der gro\u00dfen Anti-Nazi-Demonstration [&hellip;]","og_url":"https:\/\/blog.zeit.de\/stoerungsmelder\/2011\/12\/07\/bundes-spd-unterschreibt-blockadeaufruf-fur-dresden_7740","og_site_name":"St\u00f6rungsmelder","article_published_time":"2011-12-07T13:31:17+00:00","article_modified_time":"2017-07-08T14:37:56+00:00","og_image":[{"url":"http:\/\/dresden-nazifrei.com\/images\/stories\/fotos\/buttons.jpg"}],"author":"St\u00f6rungsmelder","twitter_card":"summary_large_image","twitter_misc":{"Geschrieben von":"St\u00f6rungsmelder","Gesch\u00e4tzte Lesezeit":"2\u00a0Minuten"},"schema":{"@context":"https:\/\/schema.org","@graph":[{"@type":"WebPage","@id":"https:\/\/blog.zeit.de\/stoerungsmelder\/2011\/12\/07\/bundes-spd-unterschreibt-blockadeaufruf-fur-dresden_7740","url":"https:\/\/blog.zeit.de\/stoerungsmelder\/2011\/12\/07\/bundes-spd-unterschreibt-blockadeaufruf-fur-dresden_7740","name":"Bundes-SPD unterschreibt Blockadeaufruf f\u00fcr Dresden - St\u00f6rungsmelder","isPartOf":{"@id":"https:\/\/blog.zeit.de\/stoerungsmelder\/#website"},"datePublished":"2011-12-07T13:31:17+00:00","dateModified":"2017-07-08T14:37:56+00:00","author":{"@id":"https:\/\/blog.zeit.de\/stoerungsmelder\/#\/schema\/person\/fdd0b9818f65738672810b6d6f037f71"},"breadcrumb":{"@id":"https:\/\/blog.zeit.de\/stoerungsmelder\/2011\/12\/07\/bundes-spd-unterschreibt-blockadeaufruf-fur-dresden_7740#breadcrumb"},"inLanguage":"de","potentialAction":[{"@type":"ReadAction","target":["https:\/\/blog.zeit.de\/stoerungsmelder\/2011\/12\/07\/bundes-spd-unterschreibt-blockadeaufruf-fur-dresden_7740"]}]},{"@type":"BreadcrumbList","@id":"https:\/\/blog.zeit.de\/stoerungsmelder\/2011\/12\/07\/bundes-spd-unterschreibt-blockadeaufruf-fur-dresden_7740#breadcrumb","itemListElement":[{"@type":"ListItem","position":1,"name":"Startseite","item":"https:\/\/blog.zeit.de\/stoerungsmelder"},{"@type":"ListItem","position":2,"name":"Bundes-SPD unterschreibt Blockadeaufruf f\u00fcr Dresden"}]},{"@type":"WebSite","@id":"https:\/\/blog.zeit.de\/stoerungsmelder\/#website","url":"https:\/\/blog.zeit.de\/stoerungsmelder\/","name":"St\u00f6rungsmelder","description":"Recherchen und Analysen \u00fcber die extreme Rechte","potentialAction":[{"@type":"SearchAction","target":{"@type":"EntryPoint","urlTemplate":"https:\/\/blog.zeit.de\/stoerungsmelder\/?s={search_term_string}"},"query-input":"required name=search_term_string"}],"inLanguage":"de"},{"@type":"Person","@id":"https:\/\/blog.zeit.de\/stoerungsmelder\/#\/schema\/person\/fdd0b9818f65738672810b6d6f037f71","name":"St\u00f6rungsmelder","image":{"@type":"ImageObject","inLanguage":"de","@id":"https:\/\/blog.zeit.de\/stoerungsmelder\/#\/schema\/person\/image\/","url":"https:\/\/secure.gravatar.com\/avatar\/dfa4be514c3e82a71e4f9a0020035d38192d080ccaa5e4e6d7a1472c763535c5?s=96&d=mm&r=pg","contentUrl":"https:\/\/secure.gravatar.com\/avatar\/dfa4be514c3e82a71e4f9a0020035d38192d080ccaa5e4e6d7a1472c763535c5?s=96&d=mm&r=pg","caption":"St\u00f6rungsmelder"},"url":"https:\/\/blog.zeit.de\/stoerungsmelder\/author\/stoerungsmelder"}]}},"jetpack_featured_media_url":"","jetpack_sharing_enabled":true,"_links":{"self":[{"href":"https:\/\/blog.zeit.de\/stoerungsmelder\/wp-json\/wp\/v2\/posts\/7740","targetHints":{"allow":["GET"]}}],"collection":[{"href":"https:\/\/blog.zeit.de\/stoerungsmelder\/wp-json\/wp\/v2\/posts"}],"about":[{"href":"https:\/\/blog.zeit.de\/stoerungsmelder\/wp-json\/wp\/v2\/types\/post"}],"author":[{"embeddable":true,"href":"https:\/\/blog.zeit.de\/stoerungsmelder\/wp-json\/wp\/v2\/users\/229"}],"replies":[{"embeddable":true,"href":"https:\/\/blog.zeit.de\/stoerungsmelder\/wp-json\/wp\/v2\/comments?post=7740"}],"version-history":[{"count":5,"href":"https:\/\/blog.zeit.de\/stoerungsmelder\/wp-json\/wp\/v2\/posts\/7740\/revisions"}],"predecessor-version":[{"id":24128,"href":"https:\/\/blog.zeit.de\/stoerungsmelder\/wp-json\/wp\/v2\/posts\/7740\/revisions\/24128"}],"wp:attachment":[{"href":"https:\/\/blog.zeit.de\/stoerungsmelder\/wp-json\/wp\/v2\/media?parent=7740"}],"wp:term":[{"taxonomy":"category","embeddable":true,"href":"https:\/\/blog.zeit.de\/stoerungsmelder\/wp-json\/wp\/v2\/categories?post=7740"},{"taxonomy":"post_tag","embeddable":true,"href":"https:\/\/blog.zeit.de\/stoerungsmelder\/wp-json\/wp\/v2\/tags?post=7740"}],"curies":[{"name":"wp","href":"https:\/\/api.w.org\/{rel}","templated":true}]}}