{"id":7789,"date":"2011-12-16T11:56:29","date_gmt":"2011-12-16T10:56:29","guid":{"rendered":"http:\/\/blog.zeit.de\/stoerungsmelder\/?p=7789"},"modified":"2011-12-16T11:56:29","modified_gmt":"2011-12-16T10:56:29","slug":"%e2%80%9ewenn-sich-andere-bei-uns-breit-machen-muss-man-ihnen-unter-umstanden-unter-anwendung-von-gewalt-zeigen-wer-herr-im-hause-ist-%e2%80%9c","status":"publish","type":"post","link":"https:\/\/blog.zeit.de\/stoerungsmelder\/2011\/12\/16\/%e2%80%9ewenn-sich-andere-bei-uns-breit-machen-muss-man-ihnen-unter-umstanden-unter-anwendung-von-gewalt-zeigen-wer-herr-im-hause-ist-%e2%80%9c_7789","title":{"rendered":"\u201eWenn sich andere bei uns breit machen, muss man ihnen unter Umst\u00e4nden unter Anwendung von Gewalt zeigen, wer Herr im Hause ist.\u201c"},"content":{"rendered":"<p>\u201eKrasse Sache\u201c, dachte ich mir, als ich in den Tagesthemen die Ergebnisse der Langzeitstudie \u201eDeutsche Zust\u00e4nde\u201c der Uni Bielefeld sah. Oben stehender Aussage w\u00fcrden \u00fcbrigens nicht nur NPD Mitglieder, Besucher des \u201eHappy Holocaust\u201c-Grills in Jamel oder ein paar andere Neonazis zustimmen, nein. 19% der Deutschen w\u00fcrden mit dieser Aussage \u00fcbereinstimmen.<!--more--><\/p>\n<p>Und das ist nicht die einzige schockierende Zahl, die jetzt \u00f6ffentlich gemacht wurde. \u201eDie Gesellschaft f\u00e4llt eigentlich immer mehr auseinander\u201c: 74% Zuspruch. \u201eDeutschland wird in einem gef\u00e4hrlichen Ma\u00df \u00fcberfremdet\u201c: 50% Zuspruch! Und damit steht Deutschland im internationalen Vergleich sogar noch relativ \u201egut\u201c da.<\/p>\n<p>Oft hat man ja gerade in den letzten Tagen entsetzte Aussagen wie \u201eNein. Also, dass das in Deutschland passieren konnte, h\u00e4tte ich nicht f\u00fcr m\u00f6glich gehalten\u201c geh\u00f6rt. Die jetzt ver\u00f6ffentlichten Zahlen zeugen aber irgendwie von einem anderen, dunklen Bild.<\/p>\n<p>Schon lange wollte ich hier mal etwas Allt\u00e4gliches zum Thema schreiben. Nicht immer nur die richtig harten Nazi-Geschichten, die zwar jeden, so sollte man zumindest meinen, entsetzen, aber die einem so nah vielleicht doch nicht gehen, weil der tagt\u00e4gliche Nazikontakt einfach nicht vorhanden ist. Schlie\u00dflich ist die rechte Szene f\u00fcr den ein oder anderen \u201eNormalo\u201c in ihrer Gr\u00f6\u00dfe und Abartigkeit nicht zu fassen.<\/p>\n<p>Doch was hei\u00dft hier eigentlich \u201eNormalo\u201c? Ist es normal und erlaubt Aussagen zu treffen, die nur aufs Ausl\u00e4nderdasein abzielen und die deren vermeintliches \u201eAnderssein\u201c ankreiden? In den letzten Tagen habe ich mal meine Ohren besonders f\u00fcr solche Aussagen sensibilisiert und bin wirklich erstaunt gewesen, wie oft einem \u201eNormalo\u201c solche Bemerkungen \u00fcber die Lippen kommen.<\/p>\n<p>Gerade heute fielen in der Uni besonders viele solcher Spr\u00fcche. Ich studiere Medizin und es ging darum, dass Menschen aus dem Mittelmeerraum h\u00e4ufig an einer Erkrankung des Blutes, einer sogenannten Thalass\u00e4mie, leiden. Bei der Behandlung, besonders in der Schwangerschaft, kann dies schon mal \u00fcbersehen werden und als Eisenmangel diagnostiziert und folglich therapiert werden, wurde von einer Dozentin erz\u00e4hlt, als neben mir eine meiner Kommilitoninnen sagte: \u201eBah, T\u00fcrken will ich sowieso nie behandeln.\u201c<\/p>\n<p>Nur einige Stunden vorher war eine \u00e4hnliche Situation passiert. Diesmal ging es darum, dass asiatische M\u00e4nner im Vergleich zu Deutschen ein erheblich geringeres Risiko daf\u00fcr haben ein Gen weiterzugeben, das f\u00fcr die Ausbildung einer Mukoviszidose von gro\u00dfer Bedeutung ist. Auch hier lief das ganze wieder \u00e4hnlich ab. Ein Student meinte zu einer Studentin: \u201eSiehste, wenn du nicht willst, dass dein Kind das bekommt, heirate \u2018nen Chinesen.\u201c \u201eHm, ne\u201c, meinte daraufhin die andere \u201eich will blo\u00df kein Schlitzauge als Mann.\u201c<\/p>\n<p>Die Frage ist hier nat\u00fcrlich wie ernst diese Aussagen gemeint waren oder ob das nur gesagt wurde, um kurzzeitig f\u00fcr einen Lacher zu sorgen. Dennoch finde ich es alarmierend, dass solche Situationen ganz sicher keine Einzelf\u00e4lle sind.<br \/>\nUnd gerade wenn ich von Personen wie Krankenschwestern oder Polizisten Aussagen wie \u201eIch hasse T\u00fcrken!\u201c oder \u201eIn diese T\u00fcrkenl\u00e4den gehe ich nicht, da stinkts!\u201c h\u00f6re, schaudert es mir, denn gerade von diesen doch eigentlich als hoch angesehenen Berufsgruppen h\u00e4tte ich mir gew\u00fcnscht auf ein bisschen mehr Toleranz zu sto\u00dfen.<\/p>\n<p>Stehen aber solche noch vermeintlich sanften rassistischen Aussagen in irgendeinem Bezug zu den jetzt aufgedeckten rechten Terrorakten oder hat das eine mit dem anderen nichts zu tun? Ganz sicher wei\u00df das bestimmt niemand, aber das macht die Sache immer noch nicht richtig.<\/p>\n<p>Die Aussagen und Einstellungen k\u00f6nnten von den Rechtsterroristen als vermeintliche Legitimation f\u00fcr ihr brutales und schreckliches Handeln angesehen werden. Einstellungsmuster wie diese spielen doch genau denen in die H\u00e4nde, die das ganze ernst meinen. Ich k\u00f6nnte mir vorstellen, dass sich Neonazis in ihrer Meinung vollkommen best\u00e4tigt f\u00fchlten, wenn in ihrem Umfeld jemand, der augenscheinlich nicht aus der rechten Szene kommt, solche \u00c4u\u00dferungen von sich gibt.<\/p>\n<p>Ich habe mir fest vorgenommen mich selbst immer wieder f\u00fcr solche Aussagen aufmerksamer zu machen und sollte es zu bunt werden, den Urheber solcher Bemerkungen mal zu fragen, was er sich dabei denkt.<\/p>\n","protected":false},"excerpt":{"rendered":"<p>\u201eKrasse Sache\u201c, dachte ich mir, als ich in den Tagesthemen die Ergebnisse der Langzeitstudie \u201eDeutsche Zust\u00e4nde\u201c der Uni Bielefeld sah. Oben stehender Aussage w\u00fcrden \u00fcbrigens nicht nur NPD Mitglieder, Besucher des \u201eHappy Holocaust\u201c-Grills in Jamel oder ein paar andere Neonazis zustimmen, nein. 19% der Deutschen w\u00fcrden mit dieser Aussage \u00fcbereinstimmen.<\/p>\n","protected":false},"author":352,"featured_media":0,"comment_status":"open","ping_status":"open","sticky":false,"template":"","format":"standard","meta":{"_jetpack_memberships_contains_paid_content":false,"footnotes":""},"categories":[1515],"tags":[97],"class_list":["post-7789","post","type-post","status-publish","format-standard","hentry","category-bundesweit","tag-rassismus"],"yoast_head":"<!-- This site is optimized with the Yoast SEO plugin v21.0 - https:\/\/yoast.com\/wordpress\/plugins\/seo\/ -->\n<title>\u201eWenn sich andere bei uns breit machen, muss man ihnen unter Umst\u00e4nden unter Anwendung von Gewalt zeigen, wer Herr im Hause ist.\u201c - St\u00f6rungsmelder<\/title>\n<meta name=\"robots\" content=\"index, follow, max-snippet:-1, max-image-preview:large, max-video-preview:-1\" \/>\n<link rel=\"canonical\" href=\"https:\/\/blog.zeit.de\/stoerungsmelder\/2011\/12\/16\/\u201ewenn-sich-andere-bei-uns-breit-machen-muss-man-ihnen-unter-umstanden-unter-anwendung-von-gewalt-zeigen-wer-herr-im-hause-ist-\u201c_7789\" \/>\n<meta property=\"og:locale\" content=\"de_DE\" \/>\n<meta property=\"og:type\" content=\"article\" \/>\n<meta property=\"og:title\" content=\"\u201eWenn sich andere bei uns breit machen, muss man ihnen unter Umst\u00e4nden unter Anwendung von Gewalt zeigen, wer Herr im Hause ist.\u201c - St\u00f6rungsmelder\" \/>\n<meta property=\"og:description\" content=\"\u201eKrasse Sache\u201c, dachte ich mir, als ich in den Tagesthemen die Ergebnisse der Langzeitstudie \u201eDeutsche Zust\u00e4nde\u201c der Uni Bielefeld sah. Oben stehender Aussage w\u00fcrden \u00fcbrigens nicht nur NPD Mitglieder, Besucher des \u201eHappy Holocaust\u201c-Grills in Jamel oder ein paar andere Neonazis zustimmen, nein. 19% der Deutschen w\u00fcrden mit dieser Aussage \u00fcbereinstimmen.\" \/>\n<meta property=\"og:url\" content=\"https:\/\/blog.zeit.de\/stoerungsmelder\/2011\/12\/16\/\u201ewenn-sich-andere-bei-uns-breit-machen-muss-man-ihnen-unter-umstanden-unter-anwendung-von-gewalt-zeigen-wer-herr-im-hause-ist-\u201c_7789\" \/>\n<meta property=\"og:site_name\" content=\"St\u00f6rungsmelder\" \/>\n<meta property=\"article:published_time\" content=\"2011-12-16T10:56:29+00:00\" \/>\n<meta name=\"author\" content=\"Julian Schr\u00f6der\" \/>\n<meta name=\"twitter:card\" content=\"summary_large_image\" \/>\n<meta name=\"twitter:label1\" content=\"Geschrieben von\" \/>\n\t<meta name=\"twitter:data1\" content=\"Julian Schr\u00f6der\" \/>\n\t<meta name=\"twitter:label2\" content=\"Gesch\u00e4tzte Lesezeit\" \/>\n\t<meta name=\"twitter:data2\" content=\"3\u00a0Minuten\" \/>\n<script type=\"application\/ld+json\" class=\"yoast-schema-graph\">{\"@context\":\"https:\/\/schema.org\",\"@graph\":[{\"@type\":\"WebPage\",\"@id\":\"https:\/\/blog.zeit.de\/stoerungsmelder\/2011\/12\/16\/%e2%80%9ewenn-sich-andere-bei-uns-breit-machen-muss-man-ihnen-unter-umstanden-unter-anwendung-von-gewalt-zeigen-wer-herr-im-hause-ist-%e2%80%9c_7789\",\"url\":\"https:\/\/blog.zeit.de\/stoerungsmelder\/2011\/12\/16\/%e2%80%9ewenn-sich-andere-bei-uns-breit-machen-muss-man-ihnen-unter-umstanden-unter-anwendung-von-gewalt-zeigen-wer-herr-im-hause-ist-%e2%80%9c_7789\",\"name\":\"\u201eWenn sich andere bei uns breit machen, muss man ihnen unter Umst\u00e4nden unter Anwendung von Gewalt zeigen, wer Herr im Hause ist.\u201c - St\u00f6rungsmelder\",\"isPartOf\":{\"@id\":\"https:\/\/blog.zeit.de\/stoerungsmelder\/#website\"},\"datePublished\":\"2011-12-16T10:56:29+00:00\",\"dateModified\":\"2011-12-16T10:56:29+00:00\",\"author\":{\"@id\":\"https:\/\/blog.zeit.de\/stoerungsmelder\/#\/schema\/person\/6dde68b2ffc1c76324fac9eb8c0c9ad2\"},\"breadcrumb\":{\"@id\":\"https:\/\/blog.zeit.de\/stoerungsmelder\/2011\/12\/16\/%e2%80%9ewenn-sich-andere-bei-uns-breit-machen-muss-man-ihnen-unter-umstanden-unter-anwendung-von-gewalt-zeigen-wer-herr-im-hause-ist-%e2%80%9c_7789#breadcrumb\"},\"inLanguage\":\"de\",\"potentialAction\":[{\"@type\":\"ReadAction\",\"target\":[\"https:\/\/blog.zeit.de\/stoerungsmelder\/2011\/12\/16\/%e2%80%9ewenn-sich-andere-bei-uns-breit-machen-muss-man-ihnen-unter-umstanden-unter-anwendung-von-gewalt-zeigen-wer-herr-im-hause-ist-%e2%80%9c_7789\"]}]},{\"@type\":\"BreadcrumbList\",\"@id\":\"https:\/\/blog.zeit.de\/stoerungsmelder\/2011\/12\/16\/%e2%80%9ewenn-sich-andere-bei-uns-breit-machen-muss-man-ihnen-unter-umstanden-unter-anwendung-von-gewalt-zeigen-wer-herr-im-hause-ist-%e2%80%9c_7789#breadcrumb\",\"itemListElement\":[{\"@type\":\"ListItem\",\"position\":1,\"name\":\"Startseite\",\"item\":\"https:\/\/blog.zeit.de\/stoerungsmelder\"},{\"@type\":\"ListItem\",\"position\":2,\"name\":\"\u201eWenn sich andere bei uns breit machen, muss man ihnen unter Umst\u00e4nden unter Anwendung von Gewalt zeigen, wer Herr im Hause ist.\u201c\"}]},{\"@type\":\"WebSite\",\"@id\":\"https:\/\/blog.zeit.de\/stoerungsmelder\/#website\",\"url\":\"https:\/\/blog.zeit.de\/stoerungsmelder\/\",\"name\":\"St\u00f6rungsmelder\",\"description\":\"Recherchen und Analysen \u00fcber die extreme Rechte\",\"potentialAction\":[{\"@type\":\"SearchAction\",\"target\":{\"@type\":\"EntryPoint\",\"urlTemplate\":\"https:\/\/blog.zeit.de\/stoerungsmelder\/?s={search_term_string}\"},\"query-input\":\"required name=search_term_string\"}],\"inLanguage\":\"de\"},{\"@type\":\"Person\",\"@id\":\"https:\/\/blog.zeit.de\/stoerungsmelder\/#\/schema\/person\/6dde68b2ffc1c76324fac9eb8c0c9ad2\",\"name\":\"Julian Schr\u00f6der\",\"image\":{\"@type\":\"ImageObject\",\"inLanguage\":\"de\",\"@id\":\"https:\/\/blog.zeit.de\/stoerungsmelder\/#\/schema\/person\/image\/\",\"url\":\"https:\/\/secure.gravatar.com\/avatar\/44830b5583ed0e2cb7b6aee47f4e809c3bec618439077a569d60ad280f5ac3c8?s=96&d=mm&r=pg\",\"contentUrl\":\"https:\/\/secure.gravatar.com\/avatar\/44830b5583ed0e2cb7b6aee47f4e809c3bec618439077a569d60ad280f5ac3c8?s=96&d=mm&r=pg\",\"caption\":\"Julian Schr\u00f6der\"},\"description\":\"Ich komme aus dem Ruhrgebiet, bin 22 Jahre alt und habe schon relativ fr\u00fch Kontakt mit rechten Gedanken gehabt. Ich erinnere mich da an einen Jungen in meiner Grundschule, der etwas \u00e4lter als ich war und ein oder zwei Stufen \u00fcber mir war. Immer wieder rief er Parolen wie \\\"Heil Hitler!\\\" oder andere Spr\u00fcche aus der NS-Zeit. Ich hatte \u00fcberhaupt gar keine Ahnung, was er damit sagen wollte. Nat\u00fcrlich nicht. Von Zeit zu Zeit wurde mir dann immer bewusster, was der Typ da f\u00fcr einen Mist redete. Ich fing an mich zu informieren und finde es ziemlich krass, dass auch ziemlich viele normal scheinende Typen immer wieder rechten Dreck von sich geben. Gewollt oder auch nicht. Mit den Artikeln hier will ich also nicht die krassen Nazi-Geschichten mit der ultimativen Gewalt und dem unglaublichsten Hass thematisieren, sondern Alltagsgeschichten schildern in denen das Thema aber genauso pr\u00e4sent ist.\",\"url\":\"https:\/\/blog.zeit.de\/stoerungsmelder\/author\/julianschroeder\"}]}<\/script>\n<!-- \/ Yoast SEO plugin. -->","yoast_head_json":{"title":"\u201eWenn sich andere bei uns breit machen, muss man ihnen unter Umst\u00e4nden unter Anwendung von Gewalt zeigen, wer Herr im Hause ist.\u201c - St\u00f6rungsmelder","robots":{"index":"index","follow":"follow","max-snippet":"max-snippet:-1","max-image-preview":"max-image-preview:large","max-video-preview":"max-video-preview:-1"},"canonical":"https:\/\/blog.zeit.de\/stoerungsmelder\/2011\/12\/16\/\u201ewenn-sich-andere-bei-uns-breit-machen-muss-man-ihnen-unter-umstanden-unter-anwendung-von-gewalt-zeigen-wer-herr-im-hause-ist-\u201c_7789","og_locale":"de_DE","og_type":"article","og_title":"\u201eWenn sich andere bei uns breit machen, muss man ihnen unter Umst\u00e4nden unter Anwendung von Gewalt zeigen, wer Herr im Hause ist.\u201c - St\u00f6rungsmelder","og_description":"\u201eKrasse Sache\u201c, dachte ich mir, als ich in den Tagesthemen die Ergebnisse der Langzeitstudie \u201eDeutsche Zust\u00e4nde\u201c der Uni Bielefeld sah. Oben stehender Aussage w\u00fcrden \u00fcbrigens nicht nur NPD Mitglieder, Besucher des \u201eHappy Holocaust\u201c-Grills in Jamel oder ein paar andere Neonazis zustimmen, nein. 19% der Deutschen w\u00fcrden mit dieser Aussage \u00fcbereinstimmen.","og_url":"https:\/\/blog.zeit.de\/stoerungsmelder\/2011\/12\/16\/\u201ewenn-sich-andere-bei-uns-breit-machen-muss-man-ihnen-unter-umstanden-unter-anwendung-von-gewalt-zeigen-wer-herr-im-hause-ist-\u201c_7789","og_site_name":"St\u00f6rungsmelder","article_published_time":"2011-12-16T10:56:29+00:00","author":"Julian Schr\u00f6der","twitter_card":"summary_large_image","twitter_misc":{"Geschrieben von":"Julian Schr\u00f6der","Gesch\u00e4tzte Lesezeit":"3\u00a0Minuten"},"schema":{"@context":"https:\/\/schema.org","@graph":[{"@type":"WebPage","@id":"https:\/\/blog.zeit.de\/stoerungsmelder\/2011\/12\/16\/%e2%80%9ewenn-sich-andere-bei-uns-breit-machen-muss-man-ihnen-unter-umstanden-unter-anwendung-von-gewalt-zeigen-wer-herr-im-hause-ist-%e2%80%9c_7789","url":"https:\/\/blog.zeit.de\/stoerungsmelder\/2011\/12\/16\/%e2%80%9ewenn-sich-andere-bei-uns-breit-machen-muss-man-ihnen-unter-umstanden-unter-anwendung-von-gewalt-zeigen-wer-herr-im-hause-ist-%e2%80%9c_7789","name":"\u201eWenn sich andere bei uns breit machen, muss man ihnen unter Umst\u00e4nden unter Anwendung von Gewalt zeigen, wer Herr im Hause ist.\u201c - St\u00f6rungsmelder","isPartOf":{"@id":"https:\/\/blog.zeit.de\/stoerungsmelder\/#website"},"datePublished":"2011-12-16T10:56:29+00:00","dateModified":"2011-12-16T10:56:29+00:00","author":{"@id":"https:\/\/blog.zeit.de\/stoerungsmelder\/#\/schema\/person\/6dde68b2ffc1c76324fac9eb8c0c9ad2"},"breadcrumb":{"@id":"https:\/\/blog.zeit.de\/stoerungsmelder\/2011\/12\/16\/%e2%80%9ewenn-sich-andere-bei-uns-breit-machen-muss-man-ihnen-unter-umstanden-unter-anwendung-von-gewalt-zeigen-wer-herr-im-hause-ist-%e2%80%9c_7789#breadcrumb"},"inLanguage":"de","potentialAction":[{"@type":"ReadAction","target":["https:\/\/blog.zeit.de\/stoerungsmelder\/2011\/12\/16\/%e2%80%9ewenn-sich-andere-bei-uns-breit-machen-muss-man-ihnen-unter-umstanden-unter-anwendung-von-gewalt-zeigen-wer-herr-im-hause-ist-%e2%80%9c_7789"]}]},{"@type":"BreadcrumbList","@id":"https:\/\/blog.zeit.de\/stoerungsmelder\/2011\/12\/16\/%e2%80%9ewenn-sich-andere-bei-uns-breit-machen-muss-man-ihnen-unter-umstanden-unter-anwendung-von-gewalt-zeigen-wer-herr-im-hause-ist-%e2%80%9c_7789#breadcrumb","itemListElement":[{"@type":"ListItem","position":1,"name":"Startseite","item":"https:\/\/blog.zeit.de\/stoerungsmelder"},{"@type":"ListItem","position":2,"name":"\u201eWenn sich andere bei uns breit machen, muss man ihnen unter Umst\u00e4nden unter Anwendung von Gewalt zeigen, wer Herr im Hause ist.\u201c"}]},{"@type":"WebSite","@id":"https:\/\/blog.zeit.de\/stoerungsmelder\/#website","url":"https:\/\/blog.zeit.de\/stoerungsmelder\/","name":"St\u00f6rungsmelder","description":"Recherchen und Analysen \u00fcber die extreme Rechte","potentialAction":[{"@type":"SearchAction","target":{"@type":"EntryPoint","urlTemplate":"https:\/\/blog.zeit.de\/stoerungsmelder\/?s={search_term_string}"},"query-input":"required name=search_term_string"}],"inLanguage":"de"},{"@type":"Person","@id":"https:\/\/blog.zeit.de\/stoerungsmelder\/#\/schema\/person\/6dde68b2ffc1c76324fac9eb8c0c9ad2","name":"Julian Schr\u00f6der","image":{"@type":"ImageObject","inLanguage":"de","@id":"https:\/\/blog.zeit.de\/stoerungsmelder\/#\/schema\/person\/image\/","url":"https:\/\/secure.gravatar.com\/avatar\/44830b5583ed0e2cb7b6aee47f4e809c3bec618439077a569d60ad280f5ac3c8?s=96&d=mm&r=pg","contentUrl":"https:\/\/secure.gravatar.com\/avatar\/44830b5583ed0e2cb7b6aee47f4e809c3bec618439077a569d60ad280f5ac3c8?s=96&d=mm&r=pg","caption":"Julian Schr\u00f6der"},"description":"Ich komme aus dem Ruhrgebiet, bin 22 Jahre alt und habe schon relativ fr\u00fch Kontakt mit rechten Gedanken gehabt. Ich erinnere mich da an einen Jungen in meiner Grundschule, der etwas \u00e4lter als ich war und ein oder zwei Stufen \u00fcber mir war. Immer wieder rief er Parolen wie \"Heil Hitler!\" oder andere Spr\u00fcche aus der NS-Zeit. Ich hatte \u00fcberhaupt gar keine Ahnung, was er damit sagen wollte. Nat\u00fcrlich nicht. Von Zeit zu Zeit wurde mir dann immer bewusster, was der Typ da f\u00fcr einen Mist redete. Ich fing an mich zu informieren und finde es ziemlich krass, dass auch ziemlich viele normal scheinende Typen immer wieder rechten Dreck von sich geben. Gewollt oder auch nicht. Mit den Artikeln hier will ich also nicht die krassen Nazi-Geschichten mit der ultimativen Gewalt und dem unglaublichsten Hass thematisieren, sondern Alltagsgeschichten schildern in denen das Thema aber genauso pr\u00e4sent ist.","url":"https:\/\/blog.zeit.de\/stoerungsmelder\/author\/julianschroeder"}]}},"jetpack_featured_media_url":"","jetpack_sharing_enabled":true,"_links":{"self":[{"href":"https:\/\/blog.zeit.de\/stoerungsmelder\/wp-json\/wp\/v2\/posts\/7789","targetHints":{"allow":["GET"]}}],"collection":[{"href":"https:\/\/blog.zeit.de\/stoerungsmelder\/wp-json\/wp\/v2\/posts"}],"about":[{"href":"https:\/\/blog.zeit.de\/stoerungsmelder\/wp-json\/wp\/v2\/types\/post"}],"author":[{"embeddable":true,"href":"https:\/\/blog.zeit.de\/stoerungsmelder\/wp-json\/wp\/v2\/users\/352"}],"replies":[{"embeddable":true,"href":"https:\/\/blog.zeit.de\/stoerungsmelder\/wp-json\/wp\/v2\/comments?post=7789"}],"version-history":[{"count":3,"href":"https:\/\/blog.zeit.de\/stoerungsmelder\/wp-json\/wp\/v2\/posts\/7789\/revisions"}],"predecessor-version":[{"id":7792,"href":"https:\/\/blog.zeit.de\/stoerungsmelder\/wp-json\/wp\/v2\/posts\/7789\/revisions\/7792"}],"wp:attachment":[{"href":"https:\/\/blog.zeit.de\/stoerungsmelder\/wp-json\/wp\/v2\/media?parent=7789"}],"wp:term":[{"taxonomy":"category","embeddable":true,"href":"https:\/\/blog.zeit.de\/stoerungsmelder\/wp-json\/wp\/v2\/categories?post=7789"},{"taxonomy":"post_tag","embeddable":true,"href":"https:\/\/blog.zeit.de\/stoerungsmelder\/wp-json\/wp\/v2\/tags?post=7789"}],"curies":[{"name":"wp","href":"https:\/\/api.w.org\/{rel}","templated":true}]}}