{"id":7816,"date":"2011-12-21T10:52:41","date_gmt":"2011-12-21T09:52:41","guid":{"rendered":"http:\/\/blog.zeit.de\/stoerungsmelder\/?p=7816"},"modified":"2011-12-21T10:59:03","modified_gmt":"2011-12-21T09:59:03","slug":"beratungsstelle-fordert-neue-untersuchung-zu-todesopfern-rechter-gewalt","status":"publish","type":"post","link":"https:\/\/blog.zeit.de\/stoerungsmelder\/2011\/12\/21\/beratungsstelle-fordert-neue-untersuchung-zu-todesopfern-rechter-gewalt_7816","title":{"rendered":"Beratungsstelle fordert neue Untersuchung zu Todesopfern rechter Gewalt"},"content":{"rendered":"<p><a href=\"https:\/\/blog.zeit.de\/stoerungsmelder\/files\/2011\/12\/header.jpg\"><img loading=\"lazy\" decoding=\"async\" class=\"aligncenter size-full wp-image-7819\" src=\"https:\/\/blog.zeit.de\/stoerungsmelder\/files\/2011\/12\/header.jpg\" alt=\"\" width=\"534\" height=\"45\" srcset=\"https:\/\/blog.zeit.de\/stoerungsmelder\/files\/2011\/12\/header.jpg 770w, https:\/\/blog.zeit.de\/stoerungsmelder\/files\/2011\/12\/header-300x25.jpg 300w\" sizes=\"auto, (max-width: 534px) 100vw, 534px\" \/><\/a><\/p>\n<p>Die\u00a0 <a href=\"http:\/\/www.mobile-opferberatung.de\" target=\"_blank\">Mobile Opferberatung<\/a> in Sachsen-Anhalt kritisiert die Pr\u00fcfung der T\u00f6tungsverbrechen durch das Innenministerium des Landes als \u201eNebelkerze\u201c. Eine &#8222;l\u00e4ngst f\u00e4llige Anerkennung des rechten Tatmotivs&#8220; werde den Angeh\u00f6rigen von Todesopfern rechter Gewalt weiter verwehrt.<!--more--><\/p>\n<p><strong>Der St\u00f6rungsmelder dokumentiert die Forderung der Mobilen Beratung:<\/strong><\/p>\n<p>Das Innenministerium Sachsen-Anhalts hat in der vergangenen Woche erkl\u00e4rt, die Zahl der Todesopfer rechter Gewalt in Sachsen-Anhalt habe sich nach der \u00dcberpr\u00fcfung von acht T\u00f6tungsdelikten aus den Jahren 1993 bis 2008 nicht ver\u00e4ndert. Diese acht F\u00e4lle werden hingegen von der Mobilen Opferberatung sowie von ZEIT, ZEIT-ONLINE und Tagesspiegel als politisch rechts motivierte T\u00f6tungsdelikte gewertet.<\/p>\n<p>Damit wird den Angeh\u00f6rigen der Todesopfer weiterhin die Anerkennung des Tatmotivs durch offizielle Stellen verweigert, schreibt die Beratungsstelle. &#8222;Auch nach seit 2001 bundeseinheitlich geltenden Kriterien der Sicherheitsbeh\u00f6rden f\u00fcr politisch motivierte Kriminalit\u00e4t (PMK) handelt es sich zweifelsfrei um politisch rechts motivierte T\u00f6tungsverbrechen.&#8220; Danach fallen darunter Straftaten, die u.a. \u201e&#8230; gegen eine Person gerichtet sind, wegen ihrer politischen Einstellung, Nationalit\u00e4t, Volkszugeh\u00f6rigkeit, &#8230; Hautfarbe, Religion, Weltanschauung, Herkunft oder aufgrund ihres \u00e4u\u00dferen Erscheinungsbildes, ihrer Behinderung, sexuellen Orientierung oder gesellschaftlichen Status und die Tathandlung damit im Kausalzusammenhang steht.&#8220;<\/p>\n<p>So entsteht der Eindruck, dass die versprochene Pr\u00fcfung in erster Linie eine Nebelkerze war. \u201eF\u00fcr die Angeh\u00f6rigen und Betroffene rechter Gewalt sind derartige Lippenbekenntnisse eine ungeheure Belastung, wenn sie nicht auch tats\u00e4chlich zu einem ver\u00e4nderten politischen Umgang f\u00fchren&#8220;, so die Sprecherin weiter. Bei den Opfern handelt es sich um Matthias L\u00fcders (get\u00f6tet am 24. April 1993 in Obhausen), Eberhart Tennstedt (5. April 1994 Quedlinburg), Hans-Werner G\u00e4rtner (8. Oktober 1999 L\u00f6bej\u00fcn), Helmut Sackers (29. April 2000 Halberstadt), Willi Worg (25. M\u00e4rz 2001), Andreas Oertel (21. M\u00e4rz 2003 Naumburg), Martin G\u00f6rges (30. Januar 2004 Burg) und Hans-Joachim Sbresny (1. August 2008 Dessau-Ro\u00dflau).<\/p>\n<p><strong>Zum Hintergrund<\/strong><\/p>\n<p>Die sachsen-anhaltischen Beh\u00f6rden erkennen bislang lediglich vier von insgesamt zw\u00f6lf dokumentierten, politisch rechts motivierten T\u00f6tungsverbrechen seit 1992 als solche an. Insgesamt gehen Opferberatungsprojekte deutschlandweit von mindestens 150 Todesopfern rechter Gewalt seit 1990 aus. Demgegen\u00fcber erkennen die Sicherheitsbeh\u00f6rden bisher lediglich 47 Todesopfer an. Nach Bekanntwerden der rassistischen Mordserie des \u201eNationalsozialistischen Untergrunds\u201c hatten einige Bundesl\u00e4nder, darunter Sachsen, Sachsen-Anhalt und Nordrhein-Westfalen \u00f6ffentlich eine \u00dcberpr\u00fcfung der T\u00f6tungsdelikte angek\u00fcndigt.<\/p>\n<p>Das Innenministerium in Magdeburg hatte Ende vergangener Woche den Abschluss seiner \u00dcberpr\u00fcfungen, bei der LKA, die Polizeidirektionen, der Verfassungsschutz und die Generalstaatsanwaltschaft einbezogen worden seien, bekannt gegeben.<\/p>\n","protected":false},"excerpt":{"rendered":"<p>Die\u00a0 Mobile Opferberatung in Sachsen-Anhalt kritisiert die Pr\u00fcfung der T\u00f6tungsverbrechen durch das Innenministerium des Landes als \u201eNebelkerze\u201c. Eine &#8222;l\u00e4ngst f\u00e4llige Anerkennung des rechten Tatmotivs&#8220; werde den Angeh\u00f6rigen von Todesopfern rechter Gewalt weiter verwehrt.<\/p>\n","protected":false},"author":229,"featured_media":0,"comment_status":"open","ping_status":"open","sticky":false,"template":"","format":"standard","meta":{"_jetpack_memberships_contains_paid_content":false,"footnotes":""},"categories":[1457],"tags":[1755,6377],"class_list":["post-7816","post","type-post","status-publish","format-standard","hentry","category-sachsen-anhalt","tag-rechte-gewalt","tag-todesopfer"],"yoast_head":"<!-- This site is optimized with the Yoast SEO plugin v21.0 - https:\/\/yoast.com\/wordpress\/plugins\/seo\/ -->\n<title>Beratungsstelle fordert neue Untersuchung zu Todesopfern rechter Gewalt - St\u00f6rungsmelder<\/title>\n<meta name=\"robots\" content=\"index, follow, max-snippet:-1, max-image-preview:large, max-video-preview:-1\" \/>\n<link rel=\"canonical\" href=\"https:\/\/blog.zeit.de\/stoerungsmelder\/2011\/12\/21\/beratungsstelle-fordert-neue-untersuchung-zu-todesopfern-rechter-gewalt_7816\" \/>\n<meta property=\"og:locale\" content=\"de_DE\" \/>\n<meta property=\"og:type\" content=\"article\" \/>\n<meta property=\"og:title\" content=\"Beratungsstelle fordert neue Untersuchung zu Todesopfern rechter Gewalt - St\u00f6rungsmelder\" \/>\n<meta property=\"og:description\" content=\"Die\u00a0 Mobile Opferberatung in Sachsen-Anhalt kritisiert die Pr\u00fcfung der T\u00f6tungsverbrechen durch das Innenministerium des Landes als \u201eNebelkerze\u201c. Eine &#8222;l\u00e4ngst f\u00e4llige Anerkennung des rechten Tatmotivs&#8220; werde den Angeh\u00f6rigen von Todesopfern rechter Gewalt weiter verwehrt.\" \/>\n<meta property=\"og:url\" content=\"https:\/\/blog.zeit.de\/stoerungsmelder\/2011\/12\/21\/beratungsstelle-fordert-neue-untersuchung-zu-todesopfern-rechter-gewalt_7816\" \/>\n<meta property=\"og:site_name\" content=\"St\u00f6rungsmelder\" \/>\n<meta property=\"article:published_time\" content=\"2011-12-21T09:52:41+00:00\" \/>\n<meta property=\"article:modified_time\" content=\"2011-12-21T09:59:03+00:00\" \/>\n<meta property=\"og:image\" content=\"https:\/\/blog.zeit.de\/stoerungsmelder\/files\/2011\/12\/header.jpg\" \/>\n<meta name=\"author\" content=\"St\u00f6rungsmelder\" \/>\n<meta name=\"twitter:card\" content=\"summary_large_image\" \/>\n<meta name=\"twitter:label1\" content=\"Geschrieben von\" \/>\n\t<meta name=\"twitter:data1\" content=\"St\u00f6rungsmelder\" \/>\n\t<meta name=\"twitter:label2\" content=\"Gesch\u00e4tzte Lesezeit\" \/>\n\t<meta name=\"twitter:data2\" content=\"2\u00a0Minuten\" \/>\n<script type=\"application\/ld+json\" class=\"yoast-schema-graph\">{\"@context\":\"https:\/\/schema.org\",\"@graph\":[{\"@type\":\"WebPage\",\"@id\":\"https:\/\/blog.zeit.de\/stoerungsmelder\/2011\/12\/21\/beratungsstelle-fordert-neue-untersuchung-zu-todesopfern-rechter-gewalt_7816\",\"url\":\"https:\/\/blog.zeit.de\/stoerungsmelder\/2011\/12\/21\/beratungsstelle-fordert-neue-untersuchung-zu-todesopfern-rechter-gewalt_7816\",\"name\":\"Beratungsstelle fordert neue Untersuchung zu Todesopfern rechter Gewalt - St\u00f6rungsmelder\",\"isPartOf\":{\"@id\":\"https:\/\/blog.zeit.de\/stoerungsmelder\/#website\"},\"datePublished\":\"2011-12-21T09:52:41+00:00\",\"dateModified\":\"2011-12-21T09:59:03+00:00\",\"author\":{\"@id\":\"https:\/\/blog.zeit.de\/stoerungsmelder\/#\/schema\/person\/fdd0b9818f65738672810b6d6f037f71\"},\"breadcrumb\":{\"@id\":\"https:\/\/blog.zeit.de\/stoerungsmelder\/2011\/12\/21\/beratungsstelle-fordert-neue-untersuchung-zu-todesopfern-rechter-gewalt_7816#breadcrumb\"},\"inLanguage\":\"de\",\"potentialAction\":[{\"@type\":\"ReadAction\",\"target\":[\"https:\/\/blog.zeit.de\/stoerungsmelder\/2011\/12\/21\/beratungsstelle-fordert-neue-untersuchung-zu-todesopfern-rechter-gewalt_7816\"]}]},{\"@type\":\"BreadcrumbList\",\"@id\":\"https:\/\/blog.zeit.de\/stoerungsmelder\/2011\/12\/21\/beratungsstelle-fordert-neue-untersuchung-zu-todesopfern-rechter-gewalt_7816#breadcrumb\",\"itemListElement\":[{\"@type\":\"ListItem\",\"position\":1,\"name\":\"Startseite\",\"item\":\"https:\/\/blog.zeit.de\/stoerungsmelder\"},{\"@type\":\"ListItem\",\"position\":2,\"name\":\"Beratungsstelle fordert neue Untersuchung zu Todesopfern rechter Gewalt\"}]},{\"@type\":\"WebSite\",\"@id\":\"https:\/\/blog.zeit.de\/stoerungsmelder\/#website\",\"url\":\"https:\/\/blog.zeit.de\/stoerungsmelder\/\",\"name\":\"St\u00f6rungsmelder\",\"description\":\"Recherchen und Analysen \u00fcber die extreme Rechte\",\"potentialAction\":[{\"@type\":\"SearchAction\",\"target\":{\"@type\":\"EntryPoint\",\"urlTemplate\":\"https:\/\/blog.zeit.de\/stoerungsmelder\/?s={search_term_string}\"},\"query-input\":\"required name=search_term_string\"}],\"inLanguage\":\"de\"},{\"@type\":\"Person\",\"@id\":\"https:\/\/blog.zeit.de\/stoerungsmelder\/#\/schema\/person\/fdd0b9818f65738672810b6d6f037f71\",\"name\":\"St\u00f6rungsmelder\",\"image\":{\"@type\":\"ImageObject\",\"inLanguage\":\"de\",\"@id\":\"https:\/\/blog.zeit.de\/stoerungsmelder\/#\/schema\/person\/image\/\",\"url\":\"https:\/\/secure.gravatar.com\/avatar\/dfa4be514c3e82a71e4f9a0020035d38192d080ccaa5e4e6d7a1472c763535c5?s=96&d=mm&r=pg\",\"contentUrl\":\"https:\/\/secure.gravatar.com\/avatar\/dfa4be514c3e82a71e4f9a0020035d38192d080ccaa5e4e6d7a1472c763535c5?s=96&d=mm&r=pg\",\"caption\":\"St\u00f6rungsmelder\"},\"url\":\"https:\/\/blog.zeit.de\/stoerungsmelder\/author\/stoerungsmelder\"}]}<\/script>\n<!-- \/ Yoast SEO plugin. -->","yoast_head_json":{"title":"Beratungsstelle fordert neue Untersuchung zu Todesopfern rechter Gewalt - St\u00f6rungsmelder","robots":{"index":"index","follow":"follow","max-snippet":"max-snippet:-1","max-image-preview":"max-image-preview:large","max-video-preview":"max-video-preview:-1"},"canonical":"https:\/\/blog.zeit.de\/stoerungsmelder\/2011\/12\/21\/beratungsstelle-fordert-neue-untersuchung-zu-todesopfern-rechter-gewalt_7816","og_locale":"de_DE","og_type":"article","og_title":"Beratungsstelle fordert neue Untersuchung zu Todesopfern rechter Gewalt - St\u00f6rungsmelder","og_description":"Die\u00a0 Mobile Opferberatung in Sachsen-Anhalt kritisiert die Pr\u00fcfung der T\u00f6tungsverbrechen durch das Innenministerium des Landes als \u201eNebelkerze\u201c. Eine &#8222;l\u00e4ngst f\u00e4llige Anerkennung des rechten Tatmotivs&#8220; werde den Angeh\u00f6rigen von Todesopfern rechter Gewalt weiter verwehrt.","og_url":"https:\/\/blog.zeit.de\/stoerungsmelder\/2011\/12\/21\/beratungsstelle-fordert-neue-untersuchung-zu-todesopfern-rechter-gewalt_7816","og_site_name":"St\u00f6rungsmelder","article_published_time":"2011-12-21T09:52:41+00:00","article_modified_time":"2011-12-21T09:59:03+00:00","og_image":[{"url":"https:\/\/blog.zeit.de\/stoerungsmelder\/files\/2011\/12\/header.jpg"}],"author":"St\u00f6rungsmelder","twitter_card":"summary_large_image","twitter_misc":{"Geschrieben von":"St\u00f6rungsmelder","Gesch\u00e4tzte Lesezeit":"2\u00a0Minuten"},"schema":{"@context":"https:\/\/schema.org","@graph":[{"@type":"WebPage","@id":"https:\/\/blog.zeit.de\/stoerungsmelder\/2011\/12\/21\/beratungsstelle-fordert-neue-untersuchung-zu-todesopfern-rechter-gewalt_7816","url":"https:\/\/blog.zeit.de\/stoerungsmelder\/2011\/12\/21\/beratungsstelle-fordert-neue-untersuchung-zu-todesopfern-rechter-gewalt_7816","name":"Beratungsstelle fordert neue Untersuchung zu Todesopfern rechter Gewalt - St\u00f6rungsmelder","isPartOf":{"@id":"https:\/\/blog.zeit.de\/stoerungsmelder\/#website"},"datePublished":"2011-12-21T09:52:41+00:00","dateModified":"2011-12-21T09:59:03+00:00","author":{"@id":"https:\/\/blog.zeit.de\/stoerungsmelder\/#\/schema\/person\/fdd0b9818f65738672810b6d6f037f71"},"breadcrumb":{"@id":"https:\/\/blog.zeit.de\/stoerungsmelder\/2011\/12\/21\/beratungsstelle-fordert-neue-untersuchung-zu-todesopfern-rechter-gewalt_7816#breadcrumb"},"inLanguage":"de","potentialAction":[{"@type":"ReadAction","target":["https:\/\/blog.zeit.de\/stoerungsmelder\/2011\/12\/21\/beratungsstelle-fordert-neue-untersuchung-zu-todesopfern-rechter-gewalt_7816"]}]},{"@type":"BreadcrumbList","@id":"https:\/\/blog.zeit.de\/stoerungsmelder\/2011\/12\/21\/beratungsstelle-fordert-neue-untersuchung-zu-todesopfern-rechter-gewalt_7816#breadcrumb","itemListElement":[{"@type":"ListItem","position":1,"name":"Startseite","item":"https:\/\/blog.zeit.de\/stoerungsmelder"},{"@type":"ListItem","position":2,"name":"Beratungsstelle fordert neue Untersuchung zu Todesopfern rechter Gewalt"}]},{"@type":"WebSite","@id":"https:\/\/blog.zeit.de\/stoerungsmelder\/#website","url":"https:\/\/blog.zeit.de\/stoerungsmelder\/","name":"St\u00f6rungsmelder","description":"Recherchen und Analysen \u00fcber die extreme Rechte","potentialAction":[{"@type":"SearchAction","target":{"@type":"EntryPoint","urlTemplate":"https:\/\/blog.zeit.de\/stoerungsmelder\/?s={search_term_string}"},"query-input":"required name=search_term_string"}],"inLanguage":"de"},{"@type":"Person","@id":"https:\/\/blog.zeit.de\/stoerungsmelder\/#\/schema\/person\/fdd0b9818f65738672810b6d6f037f71","name":"St\u00f6rungsmelder","image":{"@type":"ImageObject","inLanguage":"de","@id":"https:\/\/blog.zeit.de\/stoerungsmelder\/#\/schema\/person\/image\/","url":"https:\/\/secure.gravatar.com\/avatar\/dfa4be514c3e82a71e4f9a0020035d38192d080ccaa5e4e6d7a1472c763535c5?s=96&d=mm&r=pg","contentUrl":"https:\/\/secure.gravatar.com\/avatar\/dfa4be514c3e82a71e4f9a0020035d38192d080ccaa5e4e6d7a1472c763535c5?s=96&d=mm&r=pg","caption":"St\u00f6rungsmelder"},"url":"https:\/\/blog.zeit.de\/stoerungsmelder\/author\/stoerungsmelder"}]}},"jetpack_featured_media_url":"","jetpack_sharing_enabled":true,"_links":{"self":[{"href":"https:\/\/blog.zeit.de\/stoerungsmelder\/wp-json\/wp\/v2\/posts\/7816","targetHints":{"allow":["GET"]}}],"collection":[{"href":"https:\/\/blog.zeit.de\/stoerungsmelder\/wp-json\/wp\/v2\/posts"}],"about":[{"href":"https:\/\/blog.zeit.de\/stoerungsmelder\/wp-json\/wp\/v2\/types\/post"}],"author":[{"embeddable":true,"href":"https:\/\/blog.zeit.de\/stoerungsmelder\/wp-json\/wp\/v2\/users\/229"}],"replies":[{"embeddable":true,"href":"https:\/\/blog.zeit.de\/stoerungsmelder\/wp-json\/wp\/v2\/comments?post=7816"}],"version-history":[{"count":5,"href":"https:\/\/blog.zeit.de\/stoerungsmelder\/wp-json\/wp\/v2\/posts\/7816\/revisions"}],"predecessor-version":[{"id":7821,"href":"https:\/\/blog.zeit.de\/stoerungsmelder\/wp-json\/wp\/v2\/posts\/7816\/revisions\/7821"}],"wp:attachment":[{"href":"https:\/\/blog.zeit.de\/stoerungsmelder\/wp-json\/wp\/v2\/media?parent=7816"}],"wp:term":[{"taxonomy":"category","embeddable":true,"href":"https:\/\/blog.zeit.de\/stoerungsmelder\/wp-json\/wp\/v2\/categories?post=7816"},{"taxonomy":"post_tag","embeddable":true,"href":"https:\/\/blog.zeit.de\/stoerungsmelder\/wp-json\/wp\/v2\/tags?post=7816"}],"curies":[{"name":"wp","href":"https:\/\/api.w.org\/{rel}","templated":true}]}}