{"id":7831,"date":"2011-12-27T10:04:54","date_gmt":"2011-12-27T09:04:54","guid":{"rendered":"http:\/\/blog.zeit.de\/stoerungsmelder\/?p=7831"},"modified":"2011-12-29T12:12:10","modified_gmt":"2011-12-29T11:12:10","slug":"geheimhaltung-von-naziveranstaltungen-stoppen","status":"publish","type":"post","link":"https:\/\/blog.zeit.de\/stoerungsmelder\/2011\/12\/27\/geheimhaltung-von-naziveranstaltungen-stoppen_7831","title":{"rendered":"Geheimhaltung von Naziveranstaltungen stoppen"},"content":{"rendered":"<p><figure id=\"attachment_6303\" aria-describedby=\"caption-attachment-6303\" style=\"width: 540px\" class=\"wp-caption aligncenter\"><a href=\"https:\/\/blog.zeit.de\/stoerungsmelder\/files\/2011\/05\/kreuzbergweb.jpg\"><img loading=\"lazy\" decoding=\"async\" class=\"size-full wp-image-6303 \" src=\"https:\/\/blog.zeit.de\/stoerungsmelder\/files\/2011\/05\/kreuzbergweb.jpg\" alt=\"\" width=\"540\" height=\"200\" srcset=\"https:\/\/blog.zeit.de\/stoerungsmelder\/files\/2011\/05\/kreuzbergweb.jpg 540w, https:\/\/blog.zeit.de\/stoerungsmelder\/files\/2011\/05\/kreuzbergweb-300x111.jpg 300w\" sizes=\"auto, (max-width: 540px) 100vw, 540px\" \/><\/a><figcaption id=\"caption-attachment-6303\" class=\"wp-caption-text\">Bei einem von Polizei und rechter Szene geheim gehaltenen Naziaufmarsch in Kreuzberg im Mai 2011 wurden mehrere Gegendemonstranten von Neonazis zusamengeschlagen.<\/figcaption><\/figure><\/p>\n<p style=\"text-align: center\">\n<p>Zivilgesellschaftliches Engagement gegen Rechts ist nicht nur jetzt wo das Thema noch in den K\u00f6pfen der Menschen ist, sondern immer notwendig. Es muss von Seiten der Politik gesch\u00e4tzt und unterst\u00fctzt werden. Ein Kommentar.<!--more--><\/p>\n<p>Auch in Berlin ist rechte Gewalt und Gewaltbereitschaft allt\u00e4glich sp\u00fcrbar und erfahrbar. Und auch in Berlin sollte der Einsatz gegen die Verbreitung des rechten Gedankenguts gest\u00e4rkt werden. Noch im Mai 2011wurde eine Demonstration von Neonazis durch den Rot- Roten Senat und die Polizei bis zum Schluss geheim gehalten und bewusst Fehlinformationen herausgegeben.<\/p>\n<p>&#8222;Ich meine, dass am Tag vor einer Veranstaltung die \u00d6ffentlichkeit ein Recht hat zu erfahren, dass eine solche Veranstaltung stattfindet&#8220; das sind auch die Worte des ehemaligen Innensenator K\u00f6rting. Er k\u00fcndigt an, die \u00d6ffentlichkeit mindestens 24 Stunden vor Beginn rechtsextremer Veranstaltungen \u00fcber Einzelheiten zu Informieren<\/p>\n<p>Dem kann ich zustimmen, aber leider scheint Herr K\u00f6rting seine Meinungen sehr schnell ge\u00e4ndert zu haben. Bereits im Sommer hielt er diese Versprechen nicht ein und die NPD konnte in aller Ruhe eine Veranstaltung auf dem Alexander Platz durchf\u00fchren und kaum jemand wusste davon.<\/p>\n<p>In der Antwort auf meine kleine Anfrage zum Thema \u201eRechtspopulistische und rechtsextremistische Veranstaltungen vor der Wahl in Berlin?\u201c\u00a0 <a href=\"http:\/\/www.clara-herrmann.net\/artikel\/2011\/11\/rechtspopulistische-und-rechtsextremistische-veranstaltungen-vor-der-wahl-berlin\">verteidigt der ehemalige Innensenator die Geheimhaltung <\/a>wieder.<\/p>\n<p>Das kann nicht sein! Statt einer Geheimhaltungsstrategie brauchen wir mehr Transparenz und Unterst\u00fctzung f\u00fcr zivilgesellschaftlichen Protest! Wer die Menschen aufruft Gesicht gegen Nazis zu zeigen, der muss auch die Voraussetzungen daf\u00fcr schaffen und INFORMIEREN! Die Zivilgesellschaft hat ein Recht darauf zu erfahren, wann und wo rechtsextreme Veranstaltungen stattfinden und in H\u00f6r- und Sichtweite zu demonstrieren.<\/p>\n<p>Ob sich die Lage mit unserem neuen Innensenator Henkel (CDU) bessern wird, ist fraglich. Aber in diesem Fall lasse ich mich gerne \u00fcberraschen!<\/p>\n","protected":false},"excerpt":{"rendered":"<p>Zivilgesellschaftliches Engagement gegen Rechts ist nicht nur jetzt wo das Thema noch in den K\u00f6pfen der Menschen ist, sondern immer notwendig. Es muss von Seiten der Politik gesch\u00e4tzt und unterst\u00fctzt werden. Ein Kommentar.<\/p>\n","protected":false},"author":255,"featured_media":0,"comment_status":"open","ping_status":"open","sticky":false,"template":"","format":"standard","meta":{"_jetpack_memberships_contains_paid_content":false,"footnotes":""},"categories":[249],"tags":[1707,1752,1858],"class_list":["post-7831","post","type-post","status-publish","format-standard","hentry","category-berlin","tag-naziaufmarsch","tag-protest","tag-zivilcourage"],"yoast_head":"<!-- This site is optimized with the Yoast SEO plugin v21.0 - https:\/\/yoast.com\/wordpress\/plugins\/seo\/ -->\n<title>Geheimhaltung von Naziveranstaltungen stoppen - St\u00f6rungsmelder<\/title>\n<meta name=\"robots\" content=\"index, follow, max-snippet:-1, max-image-preview:large, max-video-preview:-1\" \/>\n<link rel=\"canonical\" href=\"https:\/\/blog.zeit.de\/stoerungsmelder\/2011\/12\/27\/geheimhaltung-von-naziveranstaltungen-stoppen_7831\" \/>\n<meta property=\"og:locale\" content=\"de_DE\" \/>\n<meta property=\"og:type\" content=\"article\" \/>\n<meta property=\"og:title\" content=\"Geheimhaltung von Naziveranstaltungen stoppen - St\u00f6rungsmelder\" \/>\n<meta property=\"og:description\" content=\"Zivilgesellschaftliches Engagement gegen Rechts ist nicht nur jetzt wo das Thema noch in den K\u00f6pfen der Menschen ist, sondern immer notwendig. Es muss von Seiten der Politik gesch\u00e4tzt und unterst\u00fctzt werden. Ein Kommentar.\" \/>\n<meta property=\"og:url\" content=\"https:\/\/blog.zeit.de\/stoerungsmelder\/2011\/12\/27\/geheimhaltung-von-naziveranstaltungen-stoppen_7831\" \/>\n<meta property=\"og:site_name\" content=\"St\u00f6rungsmelder\" \/>\n<meta property=\"article:published_time\" content=\"2011-12-27T09:04:54+00:00\" \/>\n<meta property=\"article:modified_time\" content=\"2011-12-29T11:12:10+00:00\" \/>\n<meta property=\"og:image\" content=\"https:\/\/blog.zeit.de\/stoerungsmelder\/files\/2011\/05\/kreuzbergweb.jpg\" \/>\n<meta name=\"author\" content=\"Clara Herrmann\" \/>\n<meta name=\"twitter:card\" content=\"summary_large_image\" \/>\n<meta name=\"twitter:label1\" content=\"Geschrieben von\" \/>\n\t<meta name=\"twitter:data1\" content=\"Clara Herrmann\" \/>\n\t<meta name=\"twitter:label2\" content=\"Gesch\u00e4tzte Lesezeit\" \/>\n\t<meta name=\"twitter:data2\" content=\"2\u00a0Minuten\" \/>\n<script type=\"application\/ld+json\" class=\"yoast-schema-graph\">{\"@context\":\"https:\/\/schema.org\",\"@graph\":[{\"@type\":\"WebPage\",\"@id\":\"https:\/\/blog.zeit.de\/stoerungsmelder\/2011\/12\/27\/geheimhaltung-von-naziveranstaltungen-stoppen_7831\",\"url\":\"https:\/\/blog.zeit.de\/stoerungsmelder\/2011\/12\/27\/geheimhaltung-von-naziveranstaltungen-stoppen_7831\",\"name\":\"Geheimhaltung von Naziveranstaltungen stoppen - St\u00f6rungsmelder\",\"isPartOf\":{\"@id\":\"https:\/\/blog.zeit.de\/stoerungsmelder\/#website\"},\"datePublished\":\"2011-12-27T09:04:54+00:00\",\"dateModified\":\"2011-12-29T11:12:10+00:00\",\"author\":{\"@id\":\"https:\/\/blog.zeit.de\/stoerungsmelder\/#\/schema\/person\/edc999bf09f96e71c295c3551c323fa2\"},\"breadcrumb\":{\"@id\":\"https:\/\/blog.zeit.de\/stoerungsmelder\/2011\/12\/27\/geheimhaltung-von-naziveranstaltungen-stoppen_7831#breadcrumb\"},\"inLanguage\":\"de\",\"potentialAction\":[{\"@type\":\"ReadAction\",\"target\":[\"https:\/\/blog.zeit.de\/stoerungsmelder\/2011\/12\/27\/geheimhaltung-von-naziveranstaltungen-stoppen_7831\"]}]},{\"@type\":\"BreadcrumbList\",\"@id\":\"https:\/\/blog.zeit.de\/stoerungsmelder\/2011\/12\/27\/geheimhaltung-von-naziveranstaltungen-stoppen_7831#breadcrumb\",\"itemListElement\":[{\"@type\":\"ListItem\",\"position\":1,\"name\":\"Startseite\",\"item\":\"https:\/\/blog.zeit.de\/stoerungsmelder\"},{\"@type\":\"ListItem\",\"position\":2,\"name\":\"Geheimhaltung von Naziveranstaltungen stoppen\"}]},{\"@type\":\"WebSite\",\"@id\":\"https:\/\/blog.zeit.de\/stoerungsmelder\/#website\",\"url\":\"https:\/\/blog.zeit.de\/stoerungsmelder\/\",\"name\":\"St\u00f6rungsmelder\",\"description\":\"Recherchen und Analysen \u00fcber die extreme Rechte\",\"potentialAction\":[{\"@type\":\"SearchAction\",\"target\":{\"@type\":\"EntryPoint\",\"urlTemplate\":\"https:\/\/blog.zeit.de\/stoerungsmelder\/?s={search_term_string}\"},\"query-input\":\"required name=search_term_string\"}],\"inLanguage\":\"de\"},{\"@type\":\"Person\",\"@id\":\"https:\/\/blog.zeit.de\/stoerungsmelder\/#\/schema\/person\/edc999bf09f96e71c295c3551c323fa2\",\"name\":\"Clara Herrmann\",\"image\":{\"@type\":\"ImageObject\",\"inLanguage\":\"de\",\"@id\":\"https:\/\/blog.zeit.de\/stoerungsmelder\/#\/schema\/person\/image\/\",\"url\":\"https:\/\/secure.gravatar.com\/avatar\/04b40705f948898f2d062b2baf918db0e44716afe022753fee34274b82cee0d7?s=96&d=mm&r=pg\",\"contentUrl\":\"https:\/\/secure.gravatar.com\/avatar\/04b40705f948898f2d062b2baf918db0e44716afe022753fee34274b82cee0d7?s=96&d=mm&r=pg\",\"caption\":\"Clara Herrmann\"},\"url\":\"https:\/\/blog.zeit.de\/stoerungsmelder\/author\/clara-herrmann\"}]}<\/script>\n<!-- \/ Yoast SEO plugin. -->","yoast_head_json":{"title":"Geheimhaltung von Naziveranstaltungen stoppen - St\u00f6rungsmelder","robots":{"index":"index","follow":"follow","max-snippet":"max-snippet:-1","max-image-preview":"max-image-preview:large","max-video-preview":"max-video-preview:-1"},"canonical":"https:\/\/blog.zeit.de\/stoerungsmelder\/2011\/12\/27\/geheimhaltung-von-naziveranstaltungen-stoppen_7831","og_locale":"de_DE","og_type":"article","og_title":"Geheimhaltung von Naziveranstaltungen stoppen - St\u00f6rungsmelder","og_description":"Zivilgesellschaftliches Engagement gegen Rechts ist nicht nur jetzt wo das Thema noch in den K\u00f6pfen der Menschen ist, sondern immer notwendig. Es muss von Seiten der Politik gesch\u00e4tzt und unterst\u00fctzt werden. Ein Kommentar.","og_url":"https:\/\/blog.zeit.de\/stoerungsmelder\/2011\/12\/27\/geheimhaltung-von-naziveranstaltungen-stoppen_7831","og_site_name":"St\u00f6rungsmelder","article_published_time":"2011-12-27T09:04:54+00:00","article_modified_time":"2011-12-29T11:12:10+00:00","og_image":[{"url":"https:\/\/blog.zeit.de\/stoerungsmelder\/files\/2011\/05\/kreuzbergweb.jpg"}],"author":"Clara Herrmann","twitter_card":"summary_large_image","twitter_misc":{"Geschrieben von":"Clara Herrmann","Gesch\u00e4tzte Lesezeit":"2\u00a0Minuten"},"schema":{"@context":"https:\/\/schema.org","@graph":[{"@type":"WebPage","@id":"https:\/\/blog.zeit.de\/stoerungsmelder\/2011\/12\/27\/geheimhaltung-von-naziveranstaltungen-stoppen_7831","url":"https:\/\/blog.zeit.de\/stoerungsmelder\/2011\/12\/27\/geheimhaltung-von-naziveranstaltungen-stoppen_7831","name":"Geheimhaltung von Naziveranstaltungen stoppen - St\u00f6rungsmelder","isPartOf":{"@id":"https:\/\/blog.zeit.de\/stoerungsmelder\/#website"},"datePublished":"2011-12-27T09:04:54+00:00","dateModified":"2011-12-29T11:12:10+00:00","author":{"@id":"https:\/\/blog.zeit.de\/stoerungsmelder\/#\/schema\/person\/edc999bf09f96e71c295c3551c323fa2"},"breadcrumb":{"@id":"https:\/\/blog.zeit.de\/stoerungsmelder\/2011\/12\/27\/geheimhaltung-von-naziveranstaltungen-stoppen_7831#breadcrumb"},"inLanguage":"de","potentialAction":[{"@type":"ReadAction","target":["https:\/\/blog.zeit.de\/stoerungsmelder\/2011\/12\/27\/geheimhaltung-von-naziveranstaltungen-stoppen_7831"]}]},{"@type":"BreadcrumbList","@id":"https:\/\/blog.zeit.de\/stoerungsmelder\/2011\/12\/27\/geheimhaltung-von-naziveranstaltungen-stoppen_7831#breadcrumb","itemListElement":[{"@type":"ListItem","position":1,"name":"Startseite","item":"https:\/\/blog.zeit.de\/stoerungsmelder"},{"@type":"ListItem","position":2,"name":"Geheimhaltung von Naziveranstaltungen stoppen"}]},{"@type":"WebSite","@id":"https:\/\/blog.zeit.de\/stoerungsmelder\/#website","url":"https:\/\/blog.zeit.de\/stoerungsmelder\/","name":"St\u00f6rungsmelder","description":"Recherchen und Analysen \u00fcber die extreme Rechte","potentialAction":[{"@type":"SearchAction","target":{"@type":"EntryPoint","urlTemplate":"https:\/\/blog.zeit.de\/stoerungsmelder\/?s={search_term_string}"},"query-input":"required name=search_term_string"}],"inLanguage":"de"},{"@type":"Person","@id":"https:\/\/blog.zeit.de\/stoerungsmelder\/#\/schema\/person\/edc999bf09f96e71c295c3551c323fa2","name":"Clara Herrmann","image":{"@type":"ImageObject","inLanguage":"de","@id":"https:\/\/blog.zeit.de\/stoerungsmelder\/#\/schema\/person\/image\/","url":"https:\/\/secure.gravatar.com\/avatar\/04b40705f948898f2d062b2baf918db0e44716afe022753fee34274b82cee0d7?s=96&d=mm&r=pg","contentUrl":"https:\/\/secure.gravatar.com\/avatar\/04b40705f948898f2d062b2baf918db0e44716afe022753fee34274b82cee0d7?s=96&d=mm&r=pg","caption":"Clara Herrmann"},"url":"https:\/\/blog.zeit.de\/stoerungsmelder\/author\/clara-herrmann"}]}},"jetpack_featured_media_url":"","jetpack_sharing_enabled":true,"_links":{"self":[{"href":"https:\/\/blog.zeit.de\/stoerungsmelder\/wp-json\/wp\/v2\/posts\/7831","targetHints":{"allow":["GET"]}}],"collection":[{"href":"https:\/\/blog.zeit.de\/stoerungsmelder\/wp-json\/wp\/v2\/posts"}],"about":[{"href":"https:\/\/blog.zeit.de\/stoerungsmelder\/wp-json\/wp\/v2\/types\/post"}],"author":[{"embeddable":true,"href":"https:\/\/blog.zeit.de\/stoerungsmelder\/wp-json\/wp\/v2\/users\/255"}],"replies":[{"embeddable":true,"href":"https:\/\/blog.zeit.de\/stoerungsmelder\/wp-json\/wp\/v2\/comments?post=7831"}],"version-history":[{"count":7,"href":"https:\/\/blog.zeit.de\/stoerungsmelder\/wp-json\/wp\/v2\/posts\/7831\/revisions"}],"predecessor-version":[{"id":7843,"href":"https:\/\/blog.zeit.de\/stoerungsmelder\/wp-json\/wp\/v2\/posts\/7831\/revisions\/7843"}],"wp:attachment":[{"href":"https:\/\/blog.zeit.de\/stoerungsmelder\/wp-json\/wp\/v2\/media?parent=7831"}],"wp:term":[{"taxonomy":"category","embeddable":true,"href":"https:\/\/blog.zeit.de\/stoerungsmelder\/wp-json\/wp\/v2\/categories?post=7831"},{"taxonomy":"post_tag","embeddable":true,"href":"https:\/\/blog.zeit.de\/stoerungsmelder\/wp-json\/wp\/v2\/tags?post=7831"}],"curies":[{"name":"wp","href":"https:\/\/api.w.org\/{rel}","templated":true}]}}