{"id":7838,"date":"2011-12-29T12:11:01","date_gmt":"2011-12-29T11:11:01","guid":{"rendered":"http:\/\/blog.zeit.de\/stoerungsmelder\/?p=7838"},"modified":"2011-12-29T12:11:01","modified_gmt":"2011-12-29T11:11:01","slug":"alles-alte-bekannte-das-neue-aib-zu-rechtsterrorismus-und-nsu","status":"publish","type":"post","link":"https:\/\/blog.zeit.de\/stoerungsmelder\/2011\/12\/29\/alles-alte-bekannte-das-neue-aib-zu-rechtsterrorismus-und-nsu_7838","title":{"rendered":"Alles alte Bekannte &#8211; das neue AIB zu Rechtsterrorismus und NSU"},"content":{"rendered":"<p><a href=\"https:\/\/blog.zeit.de\/stoerungsmelder\/files\/2011\/12\/16-93cover.gif\"><img loading=\"lazy\" decoding=\"async\" class=\"alignleft size-full wp-image-7839\" src=\"https:\/\/blog.zeit.de\/stoerungsmelder\/files\/2011\/12\/16-93cover.gif\" alt=\"\" width=\"118\" height=\"168\" \/><\/a>Die <a href=\"http:\/\/aib.nadir.org\/index.php\/archiv\/74-ausgabe-93\">Winterausgabe des Antifaschistischen Infoblatts<\/a> (AIB) ist erschienen. Schwerpunkt der AIB Ausgabe 93 ist der Rechtsterrorismus. Gerade dieser zeigt die Notwenigkeit von ehrenamtlich gef\u00fchrten und weder staatlich alimentierten noch von gro\u00dfen Verlagen unterst\u00fctzen unabh\u00e4ngigen Fachzeitungen.<!--more--><\/p>\n<p>Wie bedeutend unabh\u00e4ngiger Journalismus und au\u00dferparlamentarische Initiativen im Kampf gegen Neonazis und andere Formen der extremen Rechten ist, zeigt einmal wieder die m\u00f6rderische Nazigang welche unter dem Namen <a href=\"http:\/\/aib.nadir.org\/index.php\/archiv\/76-dernsu-93\">&#8222;Nationalsozialistischer Untergrund&#8220; (NSU)<\/a> durch Deutschland zog. Schon im Jahr 1998 berichtete das Antifaschistische Infoblatt (AIB) \u00fcber das Th\u00fcringer Nazitrio Uwe Mundlos, Uwe B\u00f6hnhardt und Beate Zsch\u00e4pe. Bei der Berichterstattung \u00fcber die NSU Morde f\u00e4llt auf, wie oft sich neben den Fotos in den Artikel der gro\u00dfen Medienformate sich als Quelle \u201eAntifaschistisches Infoblatt\u201c, \u201eApabiz\u201c oder einfach nur \u201eAntifa\u201c befindet. Macht sich doch hier die jahrelange Flei\u00dfarbeit von Recherchecracks wie der AIB-Redaktion bezahlt.<\/p>\n<p>So schweift der Blick in dieser AIB-Ausgabe in die ehemalige Bergbaustadt Johannesgeorgstadt im Erzgebirge, nach S\u00fcdafrika zum bewaffneten deutschen Rassisten Claus Nordbruch und in die Schweiz. Ebenso wird das Netzwerk der \u201eHammerskins\u201c beleuchtet, welche den Soundtrack zu den rassistischen NSU Morden verbreiten. Der Artikel \u201eDeliktserie oder Vorstufe zum Rechtsterrorismus\u201c geht auf die \u201eNationale Bewegung\u201c ein. Diese hatte mit \u00e4hnlichen Aktionen wie die der Vorl\u00e4uferstrukturen der NSU in Brandenburg in den Jahren 2000 und 2001 von sich Reden gemacht. \u00c4hnlichkeiten zwischen der \u201eNationalen Bewegung\u201c und der NSU im Anfangsstadium waren aber nicht nur die Aktionsformen, welche sich immer weiter radikalisiert haben, sondern auch die unr\u00fchmliche Rolle der \u00f6rtlichen Verfassungsschutz\u00e4mter. Immer wenn Neonazis den Schritt in den organisierten Rechtsterror \u00fcbergehen m\u00f6chten, sind V-M\u00e4nner bundesdeutscher Geheimdienste nicht weit. So erkl\u00e4rt sich der Mangel an Aufkl\u00e4rungsinteresse von staatlichen Stellen beziehungsweise l\u00e4sst dieses hinter den geschlossenen T\u00fcren von im Geheimen tagenden Aussch\u00fcssen geschehen.<\/p>\n<p>Fachzeitschriften wie das Antifaschistische Infoblatt stellen die materielle Grundlage von investigativen, kritischen und unabh\u00e4ngigen Journalismus. Damit wir weiter wissen, was bei der extremen Rechten geschieht.<\/p>\n<p><a href=\"http:\/\/aib.nadir.org\/\">Antifaschistisches Infoblatt 93, 60 Seiten. 3,10 Euro<\/a><\/p>\n","protected":false},"excerpt":{"rendered":"<p>Die Winterausgabe des Antifaschistischen Infoblatts (AIB) ist erschienen. Schwerpunkt der AIB Ausgabe 93 ist der Rechtsterrorismus. Gerade dieser zeigt die Notwenigkeit von ehrenamtlich gef\u00fchrten und weder staatlich alimentierten noch von gro\u00dfen Verlagen unterst\u00fctzen unabh\u00e4ngigen Fachzeitungen.<\/p>\n","protected":false},"author":258,"featured_media":0,"comment_status":"open","ping_status":"open","sticky":false,"template":"","format":"standard","meta":{"_jetpack_memberships_contains_paid_content":false,"footnotes":""},"categories":[1515],"tags":[12752,1755,12739],"class_list":["post-7838","post","type-post","status-publish","format-standard","hentry","category-bundesweit","tag-nsu","tag-rechte-gewalt","tag-rechtsterrorismus"],"yoast_head":"<!-- This site is optimized with the Yoast SEO plugin v21.0 - https:\/\/yoast.com\/wordpress\/plugins\/seo\/ -->\n<title>Alles alte Bekannte - das neue AIB zu Rechtsterrorismus und NSU - St\u00f6rungsmelder<\/title>\n<meta name=\"robots\" content=\"index, follow, max-snippet:-1, max-image-preview:large, max-video-preview:-1\" \/>\n<link rel=\"canonical\" href=\"https:\/\/blog.zeit.de\/stoerungsmelder\/2011\/12\/29\/alles-alte-bekannte-das-neue-aib-zu-rechtsterrorismus-und-nsu_7838\" \/>\n<meta property=\"og:locale\" content=\"de_DE\" \/>\n<meta property=\"og:type\" content=\"article\" \/>\n<meta property=\"og:title\" content=\"Alles alte Bekannte - das neue AIB zu Rechtsterrorismus und NSU - St\u00f6rungsmelder\" \/>\n<meta property=\"og:description\" content=\"Die Winterausgabe des Antifaschistischen Infoblatts (AIB) ist erschienen. Schwerpunkt der AIB Ausgabe 93 ist der Rechtsterrorismus. Gerade dieser zeigt die Notwenigkeit von ehrenamtlich gef\u00fchrten und weder staatlich alimentierten noch von gro\u00dfen Verlagen unterst\u00fctzen unabh\u00e4ngigen Fachzeitungen.\" \/>\n<meta property=\"og:url\" content=\"https:\/\/blog.zeit.de\/stoerungsmelder\/2011\/12\/29\/alles-alte-bekannte-das-neue-aib-zu-rechtsterrorismus-und-nsu_7838\" \/>\n<meta property=\"og:site_name\" content=\"St\u00f6rungsmelder\" \/>\n<meta property=\"article:published_time\" content=\"2011-12-29T11:11:01+00:00\" \/>\n<meta property=\"og:image\" content=\"https:\/\/blog.zeit.de\/stoerungsmelder\/files\/2011\/12\/16-93cover.gif\" \/>\n<meta name=\"author\" content=\"Fabian Kunow\" \/>\n<meta name=\"twitter:card\" content=\"summary_large_image\" \/>\n<meta name=\"twitter:label1\" content=\"Geschrieben von\" \/>\n\t<meta name=\"twitter:data1\" content=\"Fabian Kunow\" \/>\n\t<meta name=\"twitter:label2\" content=\"Gesch\u00e4tzte Lesezeit\" \/>\n\t<meta name=\"twitter:data2\" content=\"2\u00a0Minuten\" \/>\n<script type=\"application\/ld+json\" class=\"yoast-schema-graph\">{\"@context\":\"https:\/\/schema.org\",\"@graph\":[{\"@type\":\"WebPage\",\"@id\":\"https:\/\/blog.zeit.de\/stoerungsmelder\/2011\/12\/29\/alles-alte-bekannte-das-neue-aib-zu-rechtsterrorismus-und-nsu_7838\",\"url\":\"https:\/\/blog.zeit.de\/stoerungsmelder\/2011\/12\/29\/alles-alte-bekannte-das-neue-aib-zu-rechtsterrorismus-und-nsu_7838\",\"name\":\"Alles alte Bekannte - das neue AIB zu Rechtsterrorismus und NSU - St\u00f6rungsmelder\",\"isPartOf\":{\"@id\":\"https:\/\/blog.zeit.de\/stoerungsmelder\/#website\"},\"datePublished\":\"2011-12-29T11:11:01+00:00\",\"dateModified\":\"2011-12-29T11:11:01+00:00\",\"author\":{\"@id\":\"https:\/\/blog.zeit.de\/stoerungsmelder\/#\/schema\/person\/686c0f1b023624d4a5fc183aeea54fe5\"},\"breadcrumb\":{\"@id\":\"https:\/\/blog.zeit.de\/stoerungsmelder\/2011\/12\/29\/alles-alte-bekannte-das-neue-aib-zu-rechtsterrorismus-und-nsu_7838#breadcrumb\"},\"inLanguage\":\"de\",\"potentialAction\":[{\"@type\":\"ReadAction\",\"target\":[\"https:\/\/blog.zeit.de\/stoerungsmelder\/2011\/12\/29\/alles-alte-bekannte-das-neue-aib-zu-rechtsterrorismus-und-nsu_7838\"]}]},{\"@type\":\"BreadcrumbList\",\"@id\":\"https:\/\/blog.zeit.de\/stoerungsmelder\/2011\/12\/29\/alles-alte-bekannte-das-neue-aib-zu-rechtsterrorismus-und-nsu_7838#breadcrumb\",\"itemListElement\":[{\"@type\":\"ListItem\",\"position\":1,\"name\":\"Startseite\",\"item\":\"https:\/\/blog.zeit.de\/stoerungsmelder\"},{\"@type\":\"ListItem\",\"position\":2,\"name\":\"Alles alte Bekannte &#8211; das neue AIB zu Rechtsterrorismus und NSU\"}]},{\"@type\":\"WebSite\",\"@id\":\"https:\/\/blog.zeit.de\/stoerungsmelder\/#website\",\"url\":\"https:\/\/blog.zeit.de\/stoerungsmelder\/\",\"name\":\"St\u00f6rungsmelder\",\"description\":\"Recherchen und Analysen \u00fcber die extreme Rechte\",\"potentialAction\":[{\"@type\":\"SearchAction\",\"target\":{\"@type\":\"EntryPoint\",\"urlTemplate\":\"https:\/\/blog.zeit.de\/stoerungsmelder\/?s={search_term_string}\"},\"query-input\":\"required name=search_term_string\"}],\"inLanguage\":\"de\"},{\"@type\":\"Person\",\"@id\":\"https:\/\/blog.zeit.de\/stoerungsmelder\/#\/schema\/person\/686c0f1b023624d4a5fc183aeea54fe5\",\"name\":\"Fabian Kunow\",\"image\":{\"@type\":\"ImageObject\",\"inLanguage\":\"de\",\"@id\":\"https:\/\/blog.zeit.de\/stoerungsmelder\/#\/schema\/person\/image\/\",\"url\":\"https:\/\/secure.gravatar.com\/avatar\/43018aefc8bfcaadd6a43ca3a0b264eeb64ed92a101e0d742fa260071838275e?s=96&d=mm&r=pg\",\"contentUrl\":\"https:\/\/secure.gravatar.com\/avatar\/43018aefc8bfcaadd6a43ca3a0b264eeb64ed92a101e0d742fa260071838275e?s=96&d=mm&r=pg\",\"caption\":\"Fabian Kunow\"},\"url\":\"https:\/\/blog.zeit.de\/stoerungsmelder\/author\/fabian-kunow\"}]}<\/script>\n<!-- \/ Yoast SEO plugin. -->","yoast_head_json":{"title":"Alles alte Bekannte - das neue AIB zu Rechtsterrorismus und NSU - St\u00f6rungsmelder","robots":{"index":"index","follow":"follow","max-snippet":"max-snippet:-1","max-image-preview":"max-image-preview:large","max-video-preview":"max-video-preview:-1"},"canonical":"https:\/\/blog.zeit.de\/stoerungsmelder\/2011\/12\/29\/alles-alte-bekannte-das-neue-aib-zu-rechtsterrorismus-und-nsu_7838","og_locale":"de_DE","og_type":"article","og_title":"Alles alte Bekannte - das neue AIB zu Rechtsterrorismus und NSU - St\u00f6rungsmelder","og_description":"Die Winterausgabe des Antifaschistischen Infoblatts (AIB) ist erschienen. Schwerpunkt der AIB Ausgabe 93 ist der Rechtsterrorismus. Gerade dieser zeigt die Notwenigkeit von ehrenamtlich gef\u00fchrten und weder staatlich alimentierten noch von gro\u00dfen Verlagen unterst\u00fctzen unabh\u00e4ngigen Fachzeitungen.","og_url":"https:\/\/blog.zeit.de\/stoerungsmelder\/2011\/12\/29\/alles-alte-bekannte-das-neue-aib-zu-rechtsterrorismus-und-nsu_7838","og_site_name":"St\u00f6rungsmelder","article_published_time":"2011-12-29T11:11:01+00:00","og_image":[{"url":"https:\/\/blog.zeit.de\/stoerungsmelder\/files\/2011\/12\/16-93cover.gif"}],"author":"Fabian Kunow","twitter_card":"summary_large_image","twitter_misc":{"Geschrieben von":"Fabian Kunow","Gesch\u00e4tzte Lesezeit":"2\u00a0Minuten"},"schema":{"@context":"https:\/\/schema.org","@graph":[{"@type":"WebPage","@id":"https:\/\/blog.zeit.de\/stoerungsmelder\/2011\/12\/29\/alles-alte-bekannte-das-neue-aib-zu-rechtsterrorismus-und-nsu_7838","url":"https:\/\/blog.zeit.de\/stoerungsmelder\/2011\/12\/29\/alles-alte-bekannte-das-neue-aib-zu-rechtsterrorismus-und-nsu_7838","name":"Alles alte Bekannte - das neue AIB zu Rechtsterrorismus und NSU - St\u00f6rungsmelder","isPartOf":{"@id":"https:\/\/blog.zeit.de\/stoerungsmelder\/#website"},"datePublished":"2011-12-29T11:11:01+00:00","dateModified":"2011-12-29T11:11:01+00:00","author":{"@id":"https:\/\/blog.zeit.de\/stoerungsmelder\/#\/schema\/person\/686c0f1b023624d4a5fc183aeea54fe5"},"breadcrumb":{"@id":"https:\/\/blog.zeit.de\/stoerungsmelder\/2011\/12\/29\/alles-alte-bekannte-das-neue-aib-zu-rechtsterrorismus-und-nsu_7838#breadcrumb"},"inLanguage":"de","potentialAction":[{"@type":"ReadAction","target":["https:\/\/blog.zeit.de\/stoerungsmelder\/2011\/12\/29\/alles-alte-bekannte-das-neue-aib-zu-rechtsterrorismus-und-nsu_7838"]}]},{"@type":"BreadcrumbList","@id":"https:\/\/blog.zeit.de\/stoerungsmelder\/2011\/12\/29\/alles-alte-bekannte-das-neue-aib-zu-rechtsterrorismus-und-nsu_7838#breadcrumb","itemListElement":[{"@type":"ListItem","position":1,"name":"Startseite","item":"https:\/\/blog.zeit.de\/stoerungsmelder"},{"@type":"ListItem","position":2,"name":"Alles alte Bekannte &#8211; das neue AIB zu Rechtsterrorismus und NSU"}]},{"@type":"WebSite","@id":"https:\/\/blog.zeit.de\/stoerungsmelder\/#website","url":"https:\/\/blog.zeit.de\/stoerungsmelder\/","name":"St\u00f6rungsmelder","description":"Recherchen und Analysen \u00fcber die extreme Rechte","potentialAction":[{"@type":"SearchAction","target":{"@type":"EntryPoint","urlTemplate":"https:\/\/blog.zeit.de\/stoerungsmelder\/?s={search_term_string}"},"query-input":"required name=search_term_string"}],"inLanguage":"de"},{"@type":"Person","@id":"https:\/\/blog.zeit.de\/stoerungsmelder\/#\/schema\/person\/686c0f1b023624d4a5fc183aeea54fe5","name":"Fabian Kunow","image":{"@type":"ImageObject","inLanguage":"de","@id":"https:\/\/blog.zeit.de\/stoerungsmelder\/#\/schema\/person\/image\/","url":"https:\/\/secure.gravatar.com\/avatar\/43018aefc8bfcaadd6a43ca3a0b264eeb64ed92a101e0d742fa260071838275e?s=96&d=mm&r=pg","contentUrl":"https:\/\/secure.gravatar.com\/avatar\/43018aefc8bfcaadd6a43ca3a0b264eeb64ed92a101e0d742fa260071838275e?s=96&d=mm&r=pg","caption":"Fabian Kunow"},"url":"https:\/\/blog.zeit.de\/stoerungsmelder\/author\/fabian-kunow"}]}},"jetpack_featured_media_url":"","jetpack_sharing_enabled":true,"_links":{"self":[{"href":"https:\/\/blog.zeit.de\/stoerungsmelder\/wp-json\/wp\/v2\/posts\/7838","targetHints":{"allow":["GET"]}}],"collection":[{"href":"https:\/\/blog.zeit.de\/stoerungsmelder\/wp-json\/wp\/v2\/posts"}],"about":[{"href":"https:\/\/blog.zeit.de\/stoerungsmelder\/wp-json\/wp\/v2\/types\/post"}],"author":[{"embeddable":true,"href":"https:\/\/blog.zeit.de\/stoerungsmelder\/wp-json\/wp\/v2\/users\/258"}],"replies":[{"embeddable":true,"href":"https:\/\/blog.zeit.de\/stoerungsmelder\/wp-json\/wp\/v2\/comments?post=7838"}],"version-history":[{"count":2,"href":"https:\/\/blog.zeit.de\/stoerungsmelder\/wp-json\/wp\/v2\/posts\/7838\/revisions"}],"predecessor-version":[{"id":7841,"href":"https:\/\/blog.zeit.de\/stoerungsmelder\/wp-json\/wp\/v2\/posts\/7838\/revisions\/7841"}],"wp:attachment":[{"href":"https:\/\/blog.zeit.de\/stoerungsmelder\/wp-json\/wp\/v2\/media?parent=7838"}],"wp:term":[{"taxonomy":"category","embeddable":true,"href":"https:\/\/blog.zeit.de\/stoerungsmelder\/wp-json\/wp\/v2\/categories?post=7838"},{"taxonomy":"post_tag","embeddable":true,"href":"https:\/\/blog.zeit.de\/stoerungsmelder\/wp-json\/wp\/v2\/tags?post=7838"}],"curies":[{"name":"wp","href":"https:\/\/api.w.org\/{rel}","templated":true}]}}