{"id":7848,"date":"2011-12-30T19:32:49","date_gmt":"2011-12-30T18:32:49","guid":{"rendered":"http:\/\/blog.zeit.de\/stoerungsmelder\/?p=7848"},"modified":"2011-12-30T19:32:49","modified_gmt":"2011-12-30T18:32:49","slug":"buchtipp-%e2%80%9edistanzieren-leugnen-drohen-die-europaische-extreme-rechte-nach-oslo%e2%80%9c","status":"publish","type":"post","link":"https:\/\/blog.zeit.de\/stoerungsmelder\/2011\/12\/30\/buchtipp-%e2%80%9edistanzieren-leugnen-drohen-die-europaische-extreme-rechte-nach-oslo%e2%80%9c_7848","title":{"rendered":"Buchtipp: \u201eDistanzieren, Leugnen, Drohen. Die europ\u00e4ische extreme Rechte nach Oslo\u201c"},"content":{"rendered":"<p><a href=\"https:\/\/blog.zeit.de\/stoerungsmelder\/files\/2011\/12\/buch.jpg\"><img loading=\"lazy\" decoding=\"async\" class=\"alignleft size-medium wp-image-7849\" src=\"https:\/\/blog.zeit.de\/stoerungsmelder\/files\/2011\/12\/buch-183x300.jpg\" alt=\"\" width=\"183\" height=\"300\" srcset=\"https:\/\/blog.zeit.de\/stoerungsmelder\/files\/2011\/12\/buch-183x300.jpg 183w, https:\/\/blog.zeit.de\/stoerungsmelder\/files\/2011\/12\/buch.jpg 396w\" sizes=\"auto, (max-width: 183px) 100vw, 183px\" \/><\/a>W\u00e4hrend zurzeit in Deutschland das Bild rassistischer und faschistischer Gewalt von den Taten der NSU gepr\u00e4gt ist, geht der Blick auf den Massenmord eines Rechtsextremen in Norwegen im Juli dieses Jahres verloren. Dabei steht diese Tat f\u00fcr eine bedeutende Z\u00e4sur in der europ\u00e4ischen Rechten. Ein gerade erschienenes Buch liefert eine europaweite Momentaufnahme des politischen Milieus, auf welches sich der T\u00e4ter von Oslo und der Fjordinsel Utoeya bezieht.<!--more--><\/p>\n<p>In Deutschland zieht &#8211; angeblich unbemerkt &#8211; eine Nazibande zw\u00f6lf Jahre lang durchs Land. Diese ermordet neun zuf\u00e4llig ausgew\u00e4hlte m\u00e4nnliche Migranten und legt mindestens eine Bombe in einen migrantisch gepr\u00e4gten K\u00f6lner Stra\u00dfenzug. Taten aus unvermitteltem Rassismus, welcher sich aus einem glasklaren neonazistischen Weltbild der T\u00e4ter speist. Ein herausragendes Unikum aus einem Meer extrem rechter Gewalt in Deutschland, welche seit der \u201eWiedervereinigung\u201c weit \u00fcber hundert Tote gekostet hat. Schwer verst\u00e4ndlich, dass dieses nicht vorher erkannt und gehandelt wurde, aber umso leichter jetzt klar einzuordnen.<\/p>\n<p>Anders verh\u00e4lt es sich bei den Taten des Norwegers Anders Behring Breivik. Dieser ist selbst f\u00fcr Menschen, die im Thema stehen, nicht leicht einzustufen, da es sich bei ihm nicht um einen gew\u00f6hnlichen Neonazi handelt. Aber wie ist er nun ideologisch einzuordnen? Ist er ein \u201eRechtsextremer\u201c, ein \u201echristlicher Fundamentalist\u201c, ein \u201eFaschist\u201c oder gar ein \u201eKonservativer\u201c, wie er sich selbst bezeichnet? Fest steht, er wird von einer wahnhaften, rassistischen Idee angetrieben: Westeuropa werde mit Hilfe heimischer M\u00e4chte vom \u201eIslam\u201c systematisch erobert und besetzt.<\/p>\n<p>Breivik ist Rassist, der aber nicht, wie die NSU-Neonazis, die Objekte seines fanatischen Moslem- und Einwandererhass umbringt, sondern gegen die in den Krieg zieht, die seiner Meinung nach die Verantwortung tragen an der angeblich apokalyptischen Situation in Westeuropa: Die Verbreiter von \u201ekulturellem Marxismus\u201c.<\/p>\n<p>So legt er eine Autobombe vor ein Regierungsgeb\u00e4ude und erschie\u00dft wahllos Angeh\u00f6rige der regierenden Sozialdemokratischen Partei Norwegens, welche sich in einem Jugendsommerlager der Partei befinden. Es sterben 77 Menschen. Das gr\u00f6\u00dfte Verbrechen aus den Reihen der extremen Rechten in Europa seit dem Bombenanschlag auf den Bahnhof von Bologna im Jahr 1980.<\/p>\n<p>Diese Gewalttat ist \u00fcber die 77 Tote hinaus noch aus einem anderen Grund eine Z\u00e4sur f\u00fcr die Beurteilung der extremen Rechten in (West-)Europa. Breivik entstammt dem Milieu der K\u00e4mpfer gegen die \u201eIslamisierung\u201c Europas, welches Rechtspopulisten verschiedener Couleur, \u201emodernisierte\u201c Rechtsau\u00dfenpolitiker, christliche Fundamentalisten sowie weitere Verteidiger \u201ewestlicher Werte\u201c vereint. Traten diese bislang mit grellen Auftritten und rassistischer Hetze in Wahlk\u00e4mpfen sowie im Internet auf, so hat Breivik den Worten \u2013 auch er schrieb 1500 Seiten mit seinem Manifest voll \u2013 Taten folgen lassen. Vorher galt dieser Teil der Rechten \u2013 im Gegensatz zu gewaltt\u00e4tigen Neonazis \u2013 als zivilisiert, da diese sich an bestimmte demokratische Gepflogenheiten hielten. Teile des Milieus, auf welches sich Breivik bezieht, erschraken sogar vor den Taten des norwegischen Massenm\u00f6rders.<br \/>\nDer in Frankreich lebende Journalist Bernhard Schmid unternimmt in seinem gerade erschienenen Buch \u201eDistanzieren, Leugnen, Drohen. Die europ\u00e4ische extreme Rechte nach Oslo\u201c eine Reise durch dieses in den letzten 10 Jahren entstandene Spektrum. Er stellt dabei auch die Vorl\u00e4ufer vor sowie die Verrenkungen, welche manche traditionelle Rechtspartei wie die franz\u00f6sische Front Nationale begehen musste, um heute entsprechend argumentieren zu k\u00f6nnen. Obwohl fast ganz Westeuropa \u2013 in Osteuropa herrschen noch die traditionellen Feindbilder der extremen Rechten vor &#8211; abgedeckt wird, gibt es in diesem Buch einen Schwerpunkt in Richtung Frankreich. Schmid begr\u00fcndet dieses damit, dass in Breiviks 1500 Seiten starken Wahnpamphlets Frankreich 548mal und damit deutlich \u00f6fter als Deutschland (457mal) und sogar Norwegen (422mal) genannt wird. M\u00f6glicherweise d\u00fcrften es aber eher die exzellenten Frankreichkenntnisse von Schmid sein, die dazu f\u00fchrten, dass viele franz\u00f6sische Splittergruppen Erw\u00e4hnung finden, die beiden gro\u00dfen skandinavischen rechtspopulistischen Parteien \u201eSchwedendemokraten\u201c (Sverigedemokraterna) sowie die \u201eD\u00e4nische Volkspartei\u201c (Dansk Folks Partiet) nicht wirklich abgehandelt werden.<\/p>\n<p>Dennoch bildet Schmids Buch eine gute Analyse und Momentaufnahmen des rechtspopulistischen Spektrums und Milieus der organisierten Islamhasser in Europa. Einer politischen Formation, die neben Wahlerfolgen aufgrund von rassistischen Zuspitzungen auch fanatisierte Killer hervorbringen kann.<\/p>\n<p><strong>Bernhard Schmid (2011): <a href=\"http:\/\/www.edition-assemblage.de\/distanzieren-leugnen-drohen-die-europaische-extreme-rechte-nach-oslo\/\">\u201eDistanzieren, Leugnen, Drohen. Die europ\u00e4ische extreme Rechte nach Oslo\u201c<\/a>. Edition Assemblage. 125 S., 12,80 Euro<\/strong><\/p>\n","protected":false},"excerpt":{"rendered":"<p>W\u00e4hrend zurzeit in Deutschland das Bild rassistischer und faschistischer Gewalt von den Taten der NSU gepr\u00e4gt ist, geht der Blick auf den Massenmord eines Rechtsextremen in Norwegen im Juli dieses Jahres verloren. Dabei steht diese Tat f\u00fcr eine bedeutende Z\u00e4sur in der europ\u00e4ischen Rechten. Ein gerade erschienenes Buch liefert eine europaweite Momentaufnahme des politischen Milieus, [&hellip;]<\/p>\n","protected":false},"author":258,"featured_media":0,"comment_status":"open","ping_status":"open","sticky":false,"template":"","format":"standard","meta":{"_jetpack_memberships_contains_paid_content":false,"footnotes":""},"categories":[1515],"tags":[11428,1755,1763],"class_list":["post-7848","post","type-post","status-publish","format-standard","hentry","category-bundesweit","tag-anders-breivik","tag-rechte-gewalt","tag-rechtspopulismus"],"yoast_head":"<!-- This site is optimized with the Yoast SEO plugin v21.0 - https:\/\/yoast.com\/wordpress\/plugins\/seo\/ -->\n<title>Buchtipp: \u201eDistanzieren, Leugnen, Drohen. Die europ\u00e4ische extreme Rechte nach Oslo\u201c - St\u00f6rungsmelder<\/title>\n<meta name=\"robots\" content=\"index, follow, max-snippet:-1, max-image-preview:large, max-video-preview:-1\" \/>\n<link rel=\"canonical\" href=\"https:\/\/blog.zeit.de\/stoerungsmelder\/2011\/12\/30\/buchtipp-\u201edistanzieren-leugnen-drohen-die-europaische-extreme-rechte-nach-oslo\u201c_7848\" \/>\n<meta property=\"og:locale\" content=\"de_DE\" \/>\n<meta property=\"og:type\" content=\"article\" \/>\n<meta property=\"og:title\" content=\"Buchtipp: \u201eDistanzieren, Leugnen, Drohen. Die europ\u00e4ische extreme Rechte nach Oslo\u201c - St\u00f6rungsmelder\" \/>\n<meta property=\"og:description\" content=\"W\u00e4hrend zurzeit in Deutschland das Bild rassistischer und faschistischer Gewalt von den Taten der NSU gepr\u00e4gt ist, geht der Blick auf den Massenmord eines Rechtsextremen in Norwegen im Juli dieses Jahres verloren. Dabei steht diese Tat f\u00fcr eine bedeutende Z\u00e4sur in der europ\u00e4ischen Rechten. Ein gerade erschienenes Buch liefert eine europaweite Momentaufnahme des politischen Milieus, [&hellip;]\" \/>\n<meta property=\"og:url\" content=\"https:\/\/blog.zeit.de\/stoerungsmelder\/2011\/12\/30\/buchtipp-\u201edistanzieren-leugnen-drohen-die-europaische-extreme-rechte-nach-oslo\u201c_7848\" \/>\n<meta property=\"og:site_name\" content=\"St\u00f6rungsmelder\" \/>\n<meta property=\"article:published_time\" content=\"2011-12-30T18:32:49+00:00\" \/>\n<meta property=\"og:image\" content=\"https:\/\/blog.zeit.de\/stoerungsmelder\/files\/2011\/12\/buch-183x300.jpg\" \/>\n<meta name=\"author\" content=\"Fabian Kunow\" \/>\n<meta name=\"twitter:card\" content=\"summary_large_image\" \/>\n<meta name=\"twitter:label1\" content=\"Geschrieben von\" \/>\n\t<meta name=\"twitter:data1\" content=\"Fabian Kunow\" \/>\n\t<meta name=\"twitter:label2\" content=\"Gesch\u00e4tzte Lesezeit\" \/>\n\t<meta name=\"twitter:data2\" content=\"3\u00a0Minuten\" \/>\n<script type=\"application\/ld+json\" class=\"yoast-schema-graph\">{\"@context\":\"https:\/\/schema.org\",\"@graph\":[{\"@type\":\"WebPage\",\"@id\":\"https:\/\/blog.zeit.de\/stoerungsmelder\/2011\/12\/30\/buchtipp-%e2%80%9edistanzieren-leugnen-drohen-die-europaische-extreme-rechte-nach-oslo%e2%80%9c_7848\",\"url\":\"https:\/\/blog.zeit.de\/stoerungsmelder\/2011\/12\/30\/buchtipp-%e2%80%9edistanzieren-leugnen-drohen-die-europaische-extreme-rechte-nach-oslo%e2%80%9c_7848\",\"name\":\"Buchtipp: \u201eDistanzieren, Leugnen, Drohen. Die europ\u00e4ische extreme Rechte nach Oslo\u201c - St\u00f6rungsmelder\",\"isPartOf\":{\"@id\":\"https:\/\/blog.zeit.de\/stoerungsmelder\/#website\"},\"datePublished\":\"2011-12-30T18:32:49+00:00\",\"dateModified\":\"2011-12-30T18:32:49+00:00\",\"author\":{\"@id\":\"https:\/\/blog.zeit.de\/stoerungsmelder\/#\/schema\/person\/686c0f1b023624d4a5fc183aeea54fe5\"},\"breadcrumb\":{\"@id\":\"https:\/\/blog.zeit.de\/stoerungsmelder\/2011\/12\/30\/buchtipp-%e2%80%9edistanzieren-leugnen-drohen-die-europaische-extreme-rechte-nach-oslo%e2%80%9c_7848#breadcrumb\"},\"inLanguage\":\"de\",\"potentialAction\":[{\"@type\":\"ReadAction\",\"target\":[\"https:\/\/blog.zeit.de\/stoerungsmelder\/2011\/12\/30\/buchtipp-%e2%80%9edistanzieren-leugnen-drohen-die-europaische-extreme-rechte-nach-oslo%e2%80%9c_7848\"]}]},{\"@type\":\"BreadcrumbList\",\"@id\":\"https:\/\/blog.zeit.de\/stoerungsmelder\/2011\/12\/30\/buchtipp-%e2%80%9edistanzieren-leugnen-drohen-die-europaische-extreme-rechte-nach-oslo%e2%80%9c_7848#breadcrumb\",\"itemListElement\":[{\"@type\":\"ListItem\",\"position\":1,\"name\":\"Startseite\",\"item\":\"https:\/\/blog.zeit.de\/stoerungsmelder\"},{\"@type\":\"ListItem\",\"position\":2,\"name\":\"Buchtipp: \u201eDistanzieren, Leugnen, Drohen. Die europ\u00e4ische extreme Rechte nach Oslo\u201c\"}]},{\"@type\":\"WebSite\",\"@id\":\"https:\/\/blog.zeit.de\/stoerungsmelder\/#website\",\"url\":\"https:\/\/blog.zeit.de\/stoerungsmelder\/\",\"name\":\"St\u00f6rungsmelder\",\"description\":\"Recherchen und Analysen \u00fcber die extreme Rechte\",\"potentialAction\":[{\"@type\":\"SearchAction\",\"target\":{\"@type\":\"EntryPoint\",\"urlTemplate\":\"https:\/\/blog.zeit.de\/stoerungsmelder\/?s={search_term_string}\"},\"query-input\":\"required name=search_term_string\"}],\"inLanguage\":\"de\"},{\"@type\":\"Person\",\"@id\":\"https:\/\/blog.zeit.de\/stoerungsmelder\/#\/schema\/person\/686c0f1b023624d4a5fc183aeea54fe5\",\"name\":\"Fabian Kunow\",\"image\":{\"@type\":\"ImageObject\",\"inLanguage\":\"de\",\"@id\":\"https:\/\/blog.zeit.de\/stoerungsmelder\/#\/schema\/person\/image\/\",\"url\":\"https:\/\/secure.gravatar.com\/avatar\/43018aefc8bfcaadd6a43ca3a0b264eeb64ed92a101e0d742fa260071838275e?s=96&d=mm&r=pg\",\"contentUrl\":\"https:\/\/secure.gravatar.com\/avatar\/43018aefc8bfcaadd6a43ca3a0b264eeb64ed92a101e0d742fa260071838275e?s=96&d=mm&r=pg\",\"caption\":\"Fabian Kunow\"},\"url\":\"https:\/\/blog.zeit.de\/stoerungsmelder\/author\/fabian-kunow\"}]}<\/script>\n<!-- \/ Yoast SEO plugin. -->","yoast_head_json":{"title":"Buchtipp: \u201eDistanzieren, Leugnen, Drohen. Die europ\u00e4ische extreme Rechte nach Oslo\u201c - St\u00f6rungsmelder","robots":{"index":"index","follow":"follow","max-snippet":"max-snippet:-1","max-image-preview":"max-image-preview:large","max-video-preview":"max-video-preview:-1"},"canonical":"https:\/\/blog.zeit.de\/stoerungsmelder\/2011\/12\/30\/buchtipp-\u201edistanzieren-leugnen-drohen-die-europaische-extreme-rechte-nach-oslo\u201c_7848","og_locale":"de_DE","og_type":"article","og_title":"Buchtipp: \u201eDistanzieren, Leugnen, Drohen. Die europ\u00e4ische extreme Rechte nach Oslo\u201c - St\u00f6rungsmelder","og_description":"W\u00e4hrend zurzeit in Deutschland das Bild rassistischer und faschistischer Gewalt von den Taten der NSU gepr\u00e4gt ist, geht der Blick auf den Massenmord eines Rechtsextremen in Norwegen im Juli dieses Jahres verloren. Dabei steht diese Tat f\u00fcr eine bedeutende Z\u00e4sur in der europ\u00e4ischen Rechten. Ein gerade erschienenes Buch liefert eine europaweite Momentaufnahme des politischen Milieus, [&hellip;]","og_url":"https:\/\/blog.zeit.de\/stoerungsmelder\/2011\/12\/30\/buchtipp-\u201edistanzieren-leugnen-drohen-die-europaische-extreme-rechte-nach-oslo\u201c_7848","og_site_name":"St\u00f6rungsmelder","article_published_time":"2011-12-30T18:32:49+00:00","og_image":[{"url":"https:\/\/blog.zeit.de\/stoerungsmelder\/files\/2011\/12\/buch-183x300.jpg"}],"author":"Fabian Kunow","twitter_card":"summary_large_image","twitter_misc":{"Geschrieben von":"Fabian Kunow","Gesch\u00e4tzte Lesezeit":"3\u00a0Minuten"},"schema":{"@context":"https:\/\/schema.org","@graph":[{"@type":"WebPage","@id":"https:\/\/blog.zeit.de\/stoerungsmelder\/2011\/12\/30\/buchtipp-%e2%80%9edistanzieren-leugnen-drohen-die-europaische-extreme-rechte-nach-oslo%e2%80%9c_7848","url":"https:\/\/blog.zeit.de\/stoerungsmelder\/2011\/12\/30\/buchtipp-%e2%80%9edistanzieren-leugnen-drohen-die-europaische-extreme-rechte-nach-oslo%e2%80%9c_7848","name":"Buchtipp: \u201eDistanzieren, Leugnen, Drohen. Die europ\u00e4ische extreme Rechte nach Oslo\u201c - St\u00f6rungsmelder","isPartOf":{"@id":"https:\/\/blog.zeit.de\/stoerungsmelder\/#website"},"datePublished":"2011-12-30T18:32:49+00:00","dateModified":"2011-12-30T18:32:49+00:00","author":{"@id":"https:\/\/blog.zeit.de\/stoerungsmelder\/#\/schema\/person\/686c0f1b023624d4a5fc183aeea54fe5"},"breadcrumb":{"@id":"https:\/\/blog.zeit.de\/stoerungsmelder\/2011\/12\/30\/buchtipp-%e2%80%9edistanzieren-leugnen-drohen-die-europaische-extreme-rechte-nach-oslo%e2%80%9c_7848#breadcrumb"},"inLanguage":"de","potentialAction":[{"@type":"ReadAction","target":["https:\/\/blog.zeit.de\/stoerungsmelder\/2011\/12\/30\/buchtipp-%e2%80%9edistanzieren-leugnen-drohen-die-europaische-extreme-rechte-nach-oslo%e2%80%9c_7848"]}]},{"@type":"BreadcrumbList","@id":"https:\/\/blog.zeit.de\/stoerungsmelder\/2011\/12\/30\/buchtipp-%e2%80%9edistanzieren-leugnen-drohen-die-europaische-extreme-rechte-nach-oslo%e2%80%9c_7848#breadcrumb","itemListElement":[{"@type":"ListItem","position":1,"name":"Startseite","item":"https:\/\/blog.zeit.de\/stoerungsmelder"},{"@type":"ListItem","position":2,"name":"Buchtipp: \u201eDistanzieren, Leugnen, Drohen. Die europ\u00e4ische extreme Rechte nach Oslo\u201c"}]},{"@type":"WebSite","@id":"https:\/\/blog.zeit.de\/stoerungsmelder\/#website","url":"https:\/\/blog.zeit.de\/stoerungsmelder\/","name":"St\u00f6rungsmelder","description":"Recherchen und Analysen \u00fcber die extreme Rechte","potentialAction":[{"@type":"SearchAction","target":{"@type":"EntryPoint","urlTemplate":"https:\/\/blog.zeit.de\/stoerungsmelder\/?s={search_term_string}"},"query-input":"required name=search_term_string"}],"inLanguage":"de"},{"@type":"Person","@id":"https:\/\/blog.zeit.de\/stoerungsmelder\/#\/schema\/person\/686c0f1b023624d4a5fc183aeea54fe5","name":"Fabian Kunow","image":{"@type":"ImageObject","inLanguage":"de","@id":"https:\/\/blog.zeit.de\/stoerungsmelder\/#\/schema\/person\/image\/","url":"https:\/\/secure.gravatar.com\/avatar\/43018aefc8bfcaadd6a43ca3a0b264eeb64ed92a101e0d742fa260071838275e?s=96&d=mm&r=pg","contentUrl":"https:\/\/secure.gravatar.com\/avatar\/43018aefc8bfcaadd6a43ca3a0b264eeb64ed92a101e0d742fa260071838275e?s=96&d=mm&r=pg","caption":"Fabian Kunow"},"url":"https:\/\/blog.zeit.de\/stoerungsmelder\/author\/fabian-kunow"}]}},"jetpack_featured_media_url":"","jetpack_sharing_enabled":true,"_links":{"self":[{"href":"https:\/\/blog.zeit.de\/stoerungsmelder\/wp-json\/wp\/v2\/posts\/7848","targetHints":{"allow":["GET"]}}],"collection":[{"href":"https:\/\/blog.zeit.de\/stoerungsmelder\/wp-json\/wp\/v2\/posts"}],"about":[{"href":"https:\/\/blog.zeit.de\/stoerungsmelder\/wp-json\/wp\/v2\/types\/post"}],"author":[{"embeddable":true,"href":"https:\/\/blog.zeit.de\/stoerungsmelder\/wp-json\/wp\/v2\/users\/258"}],"replies":[{"embeddable":true,"href":"https:\/\/blog.zeit.de\/stoerungsmelder\/wp-json\/wp\/v2\/comments?post=7848"}],"version-history":[{"count":2,"href":"https:\/\/blog.zeit.de\/stoerungsmelder\/wp-json\/wp\/v2\/posts\/7848\/revisions"}],"predecessor-version":[{"id":7851,"href":"https:\/\/blog.zeit.de\/stoerungsmelder\/wp-json\/wp\/v2\/posts\/7848\/revisions\/7851"}],"wp:attachment":[{"href":"https:\/\/blog.zeit.de\/stoerungsmelder\/wp-json\/wp\/v2\/media?parent=7848"}],"wp:term":[{"taxonomy":"category","embeddable":true,"href":"https:\/\/blog.zeit.de\/stoerungsmelder\/wp-json\/wp\/v2\/categories?post=7848"},{"taxonomy":"post_tag","embeddable":true,"href":"https:\/\/blog.zeit.de\/stoerungsmelder\/wp-json\/wp\/v2\/tags?post=7848"}],"curies":[{"name":"wp","href":"https:\/\/api.w.org\/{rel}","templated":true}]}}