{"id":7863,"date":"2012-01-06T12:47:47","date_gmt":"2012-01-06T11:47:47","guid":{"rendered":"http:\/\/blog.zeit.de\/stoerungsmelder\/?p=7863"},"modified":"2012-01-08T13:34:58","modified_gmt":"2012-01-08T12:34:58","slug":"dortmund-will-neonazizentrum-schliesen","status":"publish","type":"post","link":"https:\/\/blog.zeit.de\/stoerungsmelder\/2012\/01\/06\/dortmund-will-neonazizentrum-schliesen_7863","title":{"rendered":"Dortmund will Neonazizentrum schlie\u00dfen"},"content":{"rendered":"<p><figure id=\"attachment_7864\" aria-describedby=\"caption-attachment-7864\" style=\"width: 468px\" class=\"wp-caption aligncenter\"><a href=\"https:\/\/blog.zeit.de\/stoerungsmelder\/files\/2012\/01\/lage_natioanleszentrumwei.jpg\"><img loading=\"lazy\" decoding=\"async\" class=\"size-full wp-image-7864\" src=\"https:\/\/blog.zeit.de\/stoerungsmelder\/files\/2012\/01\/lage_natioanleszentrumwei.jpg\" alt=\"\" width=\"468\" height=\"200\" srcset=\"https:\/\/blog.zeit.de\/stoerungsmelder\/files\/2012\/01\/lage_natioanleszentrumwei.jpg 468w, https:\/\/blog.zeit.de\/stoerungsmelder\/files\/2012\/01\/lage_natioanleszentrumwei-300x128.jpg 300w\" sizes=\"auto, (max-width: 468px) 100vw, 468px\" \/><\/a><figcaption id=\"caption-attachment-7864\" class=\"wp-caption-text\">Das &quot;Nationale Zentrum&quot; in Dortmund ist seit Jahren der zentrale Treffpunkt der Szene und Ausgangspunkt f\u00fcr Gewalttaten<\/figcaption><\/figure><\/p>\n<p>Den Mietern des &#8222;Nationalen Zentrums&#8220;, ein wichtiger Treffpunkt der rechten Szene in Dortmund, wurde von der Stadt gek\u00fcndigt. Dies k\u00f6nnte ein wichtiger Schritt zur Bek\u00e4mpfung der Neonazi-Szene sein. Mehrfach hatten in den vergangenen Jahren Initiativen gegen Rechts kritisiert, dass die Stadt das Rechtsextremismus-Problem nicht ernst nimmt und keine Konsequenzen aus den Gewalttaten des rechten Spektrums zieht.<!--more--><\/p>\n<p>Von au\u00dfen sieht das Haus in der Rheinischen Stra\u00dfe mit der Nummer 135 im Dortmunder Westen unscheinbar und leer aus. Die Fenster sind mit Holzplatten abgedeckt, die T\u00fcr ist durch ein Gitter gesch\u00fctzt. Doch hinter der trostlosen Fassade verbirgt sich das Hauptquartier der Dortmunder Neonazi-Szene.<\/p>\n<p>Die Immobilie, in der zwischen 2002 bis 2005 der Naziladen &#8222;Buy or Die&#8220; residierte, fungiert seit 2009 als Treffpunkt f\u00fcr Neonazis. Das Haus wird vor allem vom &#8222;Nationalen Widerstand Dortmund&#8220; genutzt, die hier unter anderem ihren w\u00f6chentlichen Kameradschaftsabend abhalten. Schon bei der Einweihungsfeier im September 2009 zeigte sich das Gesicht der neuen Nutzer: Die Party m\u00fcndete in einer Schl\u00e4gerei mit einer Gruppe von Jugendlichen. Seitdem dient das Zentrum nicht nur als Treffpunkt, sondern auch als Veranstaltungsort f\u00fcr extrem rechte Vortr\u00e4ge. So war zum Beispiel der Holocaust-Leugner Dirk Zimmermann zu Gast. Ebenso finden hier Events wie Rechtsrockkonzerte und Partys statt, die auch zur Finanzierung des Zentrums beitragen. Zuletzt sorgte eine geplante Jubil\u00e4umsfeier der rechtsradikalen Hooligangruppe &#8222;Borussenfront&#8220; an Ostern 2011 f\u00fcr gro\u00dfe Aufregung, nachdem der Termin publik gemacht worden war. Das &#8222;Nationale Zentrum&#8220; stellt daher f\u00fcr die Dortmunder Neonazis einen nicht zu untersch\u00e4tzenden Teil ihrer Infrastruktur da.<\/p>\n<p>Es ist daher kaum verwunderlich, dass die Neonazis das Zentrum auch auf lange Sicht behalten wollten. So gab es Pl\u00e4ne, die R\u00e4umlichkeiten, welche \u00fcber eine Gewerbefl\u00e4che als auch Wohneinheiten verf\u00fcgt, zu kaufen. Nach den Vorstellungen der Nazis sollte hier ein &#8222;nationales Kultur &#8211; und Schulungszentrum&#8220; entstehen. Da die Summe f\u00fcr den Kauf allerdings nicht aufzubringen war, entschied man sich, im Fr\u00fchjahr 2010 einen weiteren Mietvertrag f\u00fcr f\u00fcnf Jahre zu unterschreiben. Nachdem die misslungen Kaufabsichten und damit auch die Gefahr eines langfristigen Nazizentrums in Dortmund bekannt geworden waren, trat die Stadt Dortmund auf den Plan. Nach l\u00e4ngeren \u00dcberlegungen und auf Druck antifaschistischer Initiativen kaufte sie schlie\u00dflich das Haus Anfang des Jahres 2011. \u201eZiel der Stadt ist es, einen B\u00fcrger- oder Jugendtreff in dem Haus einzurichten, erkl\u00e4rte der Stadtsprecher Udo Bullerdieck damals. Da die Stadt mit dem Kauf des Hauses auch den Mietvertrag der Neonazis \u00fcbernahm, wurde ebenfalls &#8222;\u00fcber m\u00f6gliche Gr\u00fcnde, die eine au\u00dferordentliche K\u00fcndigung rechtfertigen&#8220; nachgedacht. Danach wurde es allerdings erst einmal ruhig um die angek\u00fcndigten Vorhaben.<\/p>\n<p>Doch seit ein paar Tagen ist klar: Die Neonazis werden ausziehen m\u00fcssen. Die Stadt k\u00fcndigte den entsprechenden Mietvertrag unter Angabe des Eigenbedarfs der Immobilie. Ob dort wirklich ein Jugendtreff entsteht, bleibt abzuwarten. Mit der K\u00fcndigung wurde den Dortmunder Neonazis jedenfalls einen wichtigen Anlaufpunkt genommen und damit die Strukturen der Rechten geschw\u00e4cht. Zwar bleibt fraglich, warum die Stadt Dortmund diesen Schritt erst jetzt, \u00fcber einem Jahr nach dem Kauf, get\u00e4tigt hat, der Ansatz ist dennoch richtig. Gerade im Hinblick auf zwei geplante Naziaufm\u00e4rsche in Dortmund im Mai und September, wurde hier ein Zeichen gesetzt. Es bliebt zu hoffen, dass die Stadt ihr Engagement gegen Rechts dabei nicht bel\u00e4sst.<\/p>\n<p>Die Dortmunder Neonazis geben sich indessen trotzig. &#8222;Rheinische Stra\u00dfe 135 bleibt!&#8220;, schreiben sie auf ihrer Homepage und k\u00fcndigen gleichzeitig rechtliche Schritte an. Neben dem Bericht ist ein Foto zu sehen, auf dem Neonazis vermummt und mit Kn\u00fcppeln bewaffnet vor dem &#8222;Nationalen Zentrum&#8220; posieren. Ob eine K\u00fcndigung so abzuwenden ist, darf bezweifelt werden.<\/p>\n","protected":false},"excerpt":{"rendered":"<p>Den Mietern des &#8222;Nationalen Zentrums&#8220;, ein wichtiger Treffpunkt der rechten Szene in Dortmund, wurde von der Stadt gek\u00fcndigt. Dies k\u00f6nnte ein wichtiger Schritt zur Bek\u00e4mpfung der Neonazi-Szene sein. Mehrfach hatten in den vergangenen Jahren Initiativen gegen Rechts kritisiert, dass die Stadt das Rechtsextremismus-Problem nicht ernst nimmt und keine Konsequenzen aus den Gewalttaten des rechten Spektrums [&hellip;]<\/p>\n","protected":false},"author":348,"featured_media":0,"comment_status":"open","ping_status":"open","sticky":false,"template":"","format":"standard","meta":{"_jetpack_memberships_contains_paid_content":false,"footnotes":""},"categories":[1291],"tags":[1493,12782,1538,12783,1752],"class_list":["post-7863","post","type-post","status-publish","format-standard","hentry","category-nordrhein-westfalen","tag-autonome-nationalisten","tag-borussenfront","tag-dortmund","tag-nationales-zentrum","tag-protest"],"yoast_head":"<!-- This site is optimized with the Yoast SEO plugin v21.0 - https:\/\/yoast.com\/wordpress\/plugins\/seo\/ -->\n<title>Dortmund will Neonazizentrum schlie\u00dfen - St\u00f6rungsmelder<\/title>\n<meta name=\"robots\" content=\"index, follow, max-snippet:-1, max-image-preview:large, max-video-preview:-1\" \/>\n<link rel=\"canonical\" href=\"https:\/\/blog.zeit.de\/stoerungsmelder\/2012\/01\/06\/dortmund-will-neonazizentrum-schliesen_7863\" \/>\n<meta property=\"og:locale\" content=\"de_DE\" \/>\n<meta property=\"og:type\" content=\"article\" \/>\n<meta property=\"og:title\" content=\"Dortmund will Neonazizentrum schlie\u00dfen - St\u00f6rungsmelder\" \/>\n<meta property=\"og:description\" content=\"Den Mietern des &#8222;Nationalen Zentrums&#8220;, ein wichtiger Treffpunkt der rechten Szene in Dortmund, wurde von der Stadt gek\u00fcndigt. Dies k\u00f6nnte ein wichtiger Schritt zur Bek\u00e4mpfung der Neonazi-Szene sein. Mehrfach hatten in den vergangenen Jahren Initiativen gegen Rechts kritisiert, dass die Stadt das Rechtsextremismus-Problem nicht ernst nimmt und keine Konsequenzen aus den Gewalttaten des rechten Spektrums [&hellip;]\" \/>\n<meta property=\"og:url\" content=\"https:\/\/blog.zeit.de\/stoerungsmelder\/2012\/01\/06\/dortmund-will-neonazizentrum-schliesen_7863\" \/>\n<meta property=\"og:site_name\" content=\"St\u00f6rungsmelder\" \/>\n<meta property=\"article:published_time\" content=\"2012-01-06T11:47:47+00:00\" \/>\n<meta property=\"article:modified_time\" content=\"2012-01-08T12:34:58+00:00\" \/>\n<meta property=\"og:image\" content=\"https:\/\/blog.zeit.de\/stoerungsmelder\/files\/2012\/01\/lage_natioanleszentrumwei.jpg\" \/>\n<meta name=\"author\" content=\"Micha Neumann\" \/>\n<meta name=\"twitter:card\" content=\"summary_large_image\" \/>\n<meta name=\"twitter:label1\" content=\"Geschrieben von\" \/>\n\t<meta name=\"twitter:data1\" content=\"Micha Neumann\" \/>\n\t<meta name=\"twitter:label2\" content=\"Gesch\u00e4tzte Lesezeit\" \/>\n\t<meta name=\"twitter:data2\" content=\"3\u00a0Minuten\" \/>\n<script type=\"application\/ld+json\" class=\"yoast-schema-graph\">{\"@context\":\"https:\/\/schema.org\",\"@graph\":[{\"@type\":\"WebPage\",\"@id\":\"https:\/\/blog.zeit.de\/stoerungsmelder\/2012\/01\/06\/dortmund-will-neonazizentrum-schliesen_7863\",\"url\":\"https:\/\/blog.zeit.de\/stoerungsmelder\/2012\/01\/06\/dortmund-will-neonazizentrum-schliesen_7863\",\"name\":\"Dortmund will Neonazizentrum schlie\u00dfen - St\u00f6rungsmelder\",\"isPartOf\":{\"@id\":\"https:\/\/blog.zeit.de\/stoerungsmelder\/#website\"},\"datePublished\":\"2012-01-06T11:47:47+00:00\",\"dateModified\":\"2012-01-08T12:34:58+00:00\",\"author\":{\"@id\":\"https:\/\/blog.zeit.de\/stoerungsmelder\/#\/schema\/person\/c2a1bbe07d7e3342c2082d12a06fac8f\"},\"breadcrumb\":{\"@id\":\"https:\/\/blog.zeit.de\/stoerungsmelder\/2012\/01\/06\/dortmund-will-neonazizentrum-schliesen_7863#breadcrumb\"},\"inLanguage\":\"de\",\"potentialAction\":[{\"@type\":\"ReadAction\",\"target\":[\"https:\/\/blog.zeit.de\/stoerungsmelder\/2012\/01\/06\/dortmund-will-neonazizentrum-schliesen_7863\"]}]},{\"@type\":\"BreadcrumbList\",\"@id\":\"https:\/\/blog.zeit.de\/stoerungsmelder\/2012\/01\/06\/dortmund-will-neonazizentrum-schliesen_7863#breadcrumb\",\"itemListElement\":[{\"@type\":\"ListItem\",\"position\":1,\"name\":\"Startseite\",\"item\":\"https:\/\/blog.zeit.de\/stoerungsmelder\"},{\"@type\":\"ListItem\",\"position\":2,\"name\":\"Dortmund will Neonazizentrum schlie\u00dfen\"}]},{\"@type\":\"WebSite\",\"@id\":\"https:\/\/blog.zeit.de\/stoerungsmelder\/#website\",\"url\":\"https:\/\/blog.zeit.de\/stoerungsmelder\/\",\"name\":\"St\u00f6rungsmelder\",\"description\":\"Recherchen und Analysen \u00fcber die extreme Rechte\",\"potentialAction\":[{\"@type\":\"SearchAction\",\"target\":{\"@type\":\"EntryPoint\",\"urlTemplate\":\"https:\/\/blog.zeit.de\/stoerungsmelder\/?s={search_term_string}\"},\"query-input\":\"required name=search_term_string\"}],\"inLanguage\":\"de\"},{\"@type\":\"Person\",\"@id\":\"https:\/\/blog.zeit.de\/stoerungsmelder\/#\/schema\/person\/c2a1bbe07d7e3342c2082d12a06fac8f\",\"name\":\"Micha Neumann\",\"image\":{\"@type\":\"ImageObject\",\"inLanguage\":\"de\",\"@id\":\"https:\/\/blog.zeit.de\/stoerungsmelder\/#\/schema\/person\/image\/\",\"url\":\"https:\/\/secure.gravatar.com\/avatar\/6748aac4453bbf5a6f4a2b6178217e8ce9cfb80af4151087543bb2331a978075?s=96&d=mm&r=pg\",\"contentUrl\":\"https:\/\/secure.gravatar.com\/avatar\/6748aac4453bbf5a6f4a2b6178217e8ce9cfb80af4151087543bb2331a978075?s=96&d=mm&r=pg\",\"caption\":\"Micha Neumann\"},\"url\":\"https:\/\/blog.zeit.de\/stoerungsmelder\/author\/mneumann\"}]}<\/script>\n<!-- \/ Yoast SEO plugin. -->","yoast_head_json":{"title":"Dortmund will Neonazizentrum schlie\u00dfen - St\u00f6rungsmelder","robots":{"index":"index","follow":"follow","max-snippet":"max-snippet:-1","max-image-preview":"max-image-preview:large","max-video-preview":"max-video-preview:-1"},"canonical":"https:\/\/blog.zeit.de\/stoerungsmelder\/2012\/01\/06\/dortmund-will-neonazizentrum-schliesen_7863","og_locale":"de_DE","og_type":"article","og_title":"Dortmund will Neonazizentrum schlie\u00dfen - St\u00f6rungsmelder","og_description":"Den Mietern des &#8222;Nationalen Zentrums&#8220;, ein wichtiger Treffpunkt der rechten Szene in Dortmund, wurde von der Stadt gek\u00fcndigt. Dies k\u00f6nnte ein wichtiger Schritt zur Bek\u00e4mpfung der Neonazi-Szene sein. Mehrfach hatten in den vergangenen Jahren Initiativen gegen Rechts kritisiert, dass die Stadt das Rechtsextremismus-Problem nicht ernst nimmt und keine Konsequenzen aus den Gewalttaten des rechten Spektrums [&hellip;]","og_url":"https:\/\/blog.zeit.de\/stoerungsmelder\/2012\/01\/06\/dortmund-will-neonazizentrum-schliesen_7863","og_site_name":"St\u00f6rungsmelder","article_published_time":"2012-01-06T11:47:47+00:00","article_modified_time":"2012-01-08T12:34:58+00:00","og_image":[{"url":"https:\/\/blog.zeit.de\/stoerungsmelder\/files\/2012\/01\/lage_natioanleszentrumwei.jpg"}],"author":"Micha Neumann","twitter_card":"summary_large_image","twitter_misc":{"Geschrieben von":"Micha Neumann","Gesch\u00e4tzte Lesezeit":"3\u00a0Minuten"},"schema":{"@context":"https:\/\/schema.org","@graph":[{"@type":"WebPage","@id":"https:\/\/blog.zeit.de\/stoerungsmelder\/2012\/01\/06\/dortmund-will-neonazizentrum-schliesen_7863","url":"https:\/\/blog.zeit.de\/stoerungsmelder\/2012\/01\/06\/dortmund-will-neonazizentrum-schliesen_7863","name":"Dortmund will Neonazizentrum schlie\u00dfen - St\u00f6rungsmelder","isPartOf":{"@id":"https:\/\/blog.zeit.de\/stoerungsmelder\/#website"},"datePublished":"2012-01-06T11:47:47+00:00","dateModified":"2012-01-08T12:34:58+00:00","author":{"@id":"https:\/\/blog.zeit.de\/stoerungsmelder\/#\/schema\/person\/c2a1bbe07d7e3342c2082d12a06fac8f"},"breadcrumb":{"@id":"https:\/\/blog.zeit.de\/stoerungsmelder\/2012\/01\/06\/dortmund-will-neonazizentrum-schliesen_7863#breadcrumb"},"inLanguage":"de","potentialAction":[{"@type":"ReadAction","target":["https:\/\/blog.zeit.de\/stoerungsmelder\/2012\/01\/06\/dortmund-will-neonazizentrum-schliesen_7863"]}]},{"@type":"BreadcrumbList","@id":"https:\/\/blog.zeit.de\/stoerungsmelder\/2012\/01\/06\/dortmund-will-neonazizentrum-schliesen_7863#breadcrumb","itemListElement":[{"@type":"ListItem","position":1,"name":"Startseite","item":"https:\/\/blog.zeit.de\/stoerungsmelder"},{"@type":"ListItem","position":2,"name":"Dortmund will Neonazizentrum schlie\u00dfen"}]},{"@type":"WebSite","@id":"https:\/\/blog.zeit.de\/stoerungsmelder\/#website","url":"https:\/\/blog.zeit.de\/stoerungsmelder\/","name":"St\u00f6rungsmelder","description":"Recherchen und Analysen \u00fcber die extreme Rechte","potentialAction":[{"@type":"SearchAction","target":{"@type":"EntryPoint","urlTemplate":"https:\/\/blog.zeit.de\/stoerungsmelder\/?s={search_term_string}"},"query-input":"required name=search_term_string"}],"inLanguage":"de"},{"@type":"Person","@id":"https:\/\/blog.zeit.de\/stoerungsmelder\/#\/schema\/person\/c2a1bbe07d7e3342c2082d12a06fac8f","name":"Micha Neumann","image":{"@type":"ImageObject","inLanguage":"de","@id":"https:\/\/blog.zeit.de\/stoerungsmelder\/#\/schema\/person\/image\/","url":"https:\/\/secure.gravatar.com\/avatar\/6748aac4453bbf5a6f4a2b6178217e8ce9cfb80af4151087543bb2331a978075?s=96&d=mm&r=pg","contentUrl":"https:\/\/secure.gravatar.com\/avatar\/6748aac4453bbf5a6f4a2b6178217e8ce9cfb80af4151087543bb2331a978075?s=96&d=mm&r=pg","caption":"Micha Neumann"},"url":"https:\/\/blog.zeit.de\/stoerungsmelder\/author\/mneumann"}]}},"jetpack_featured_media_url":"","jetpack_sharing_enabled":true,"_links":{"self":[{"href":"https:\/\/blog.zeit.de\/stoerungsmelder\/wp-json\/wp\/v2\/posts\/7863","targetHints":{"allow":["GET"]}}],"collection":[{"href":"https:\/\/blog.zeit.de\/stoerungsmelder\/wp-json\/wp\/v2\/posts"}],"about":[{"href":"https:\/\/blog.zeit.de\/stoerungsmelder\/wp-json\/wp\/v2\/types\/post"}],"author":[{"embeddable":true,"href":"https:\/\/blog.zeit.de\/stoerungsmelder\/wp-json\/wp\/v2\/users\/348"}],"replies":[{"embeddable":true,"href":"https:\/\/blog.zeit.de\/stoerungsmelder\/wp-json\/wp\/v2\/comments?post=7863"}],"version-history":[{"count":6,"href":"https:\/\/blog.zeit.de\/stoerungsmelder\/wp-json\/wp\/v2\/posts\/7863\/revisions"}],"predecessor-version":[{"id":7869,"href":"https:\/\/blog.zeit.de\/stoerungsmelder\/wp-json\/wp\/v2\/posts\/7863\/revisions\/7869"}],"wp:attachment":[{"href":"https:\/\/blog.zeit.de\/stoerungsmelder\/wp-json\/wp\/v2\/media?parent=7863"}],"wp:term":[{"taxonomy":"category","embeddable":true,"href":"https:\/\/blog.zeit.de\/stoerungsmelder\/wp-json\/wp\/v2\/categories?post=7863"},{"taxonomy":"post_tag","embeddable":true,"href":"https:\/\/blog.zeit.de\/stoerungsmelder\/wp-json\/wp\/v2\/tags?post=7863"}],"curies":[{"name":"wp","href":"https:\/\/api.w.org\/{rel}","templated":true}]}}