{"id":7888,"date":"2012-01-12T10:10:55","date_gmt":"2012-01-12T09:10:55","guid":{"rendered":"http:\/\/blog.zeit.de\/stoerungsmelder\/?p=7888"},"modified":"2017-07-17T21:13:26","modified_gmt":"2017-07-17T19:13:26","slug":"in-gedenken-an-die-todesopfer-rechter-gewalt","status":"publish","type":"post","link":"https:\/\/blog.zeit.de\/stoerungsmelder\/2012\/01\/12\/in-gedenken-an-die-todesopfer-rechter-gewalt_7888","title":{"rendered":"In Gedenken an die Todesopfer rechter Gewalt"},"content":{"rendered":"<p><a href=\"https:\/\/blog.zeit.de\/stoerungsmelder\/files\/2012\/01\/ausstellung.jpg\"><img loading=\"lazy\" decoding=\"async\" class=\"aligncenter size-full wp-image-7889\" src=\"https:\/\/blog.zeit.de\/stoerungsmelder\/files\/2012\/01\/ausstellung.jpg\" alt=\"\" width=\"540\" height=\"286\" srcset=\"https:\/\/blog.zeit.de\/stoerungsmelder\/files\/2012\/01\/ausstellung.jpg 540w, https:\/\/blog.zeit.de\/stoerungsmelder\/files\/2012\/01\/ausstellung-300x158.jpg 300w\" sizes=\"auto, (max-width: 540px) 100vw, 540px\" \/><\/a><\/p>\n<p>Am 11. Januar 2012 startete in der Dortmunder St. Petri-Kirche die Wanderausstellung zum Gedenken der Opfer rechter Gewalt. Mit Bildern und einer kurzen Geschichte ihres Schicksals wird noch bis zum 28. Januar 2012 jenen Menschen gedacht, die ihr Leben durch rechtsextreme \u00dcbergriffe verloren haben.<!--more--><\/p>\n<p>In Zusammenarbeit mit dem gemeinn\u00fctzigen Verein Opferperspektive erm\u00f6glichte die Friedrich-Ebert-Stiftung die <a href=\"http:\/\/www.opfer-rechter-gewalt.de\/\" target=\"_blank\" rel=\"noopener noreferrer\">Wanderausstellung \u201eOpfer rechter Gewalt\u201c<\/a>. Ziel der Ausstellung ist \u201eeine Dokumentation wider das Verdr\u00e4ngen und Relativieren rechter Gewalt\u201c. Derzeit werden die Portraits von 156 Menschen in der St. Petri-Kirche in Dortmund ausgestellt.<\/p>\n<p>Obwohl die Bundesregierung lediglich 47 Todesopfer rechter Gewalt zwischen 1990 und 2010 ausweist, war es den Veranstaltern der Wanderausstellung m\u00f6glich 156 F\u00e4lle aufzudecken. Dies geschah unter anderem in Zusammenarbeit mit dem Tagesspiegel und der Zeit. Rebecca Forner, eine politisch engagierte Grafikerin, kam im Jahre 2000 auf die Idee, die Opfer rechter Gewalt visuell zu dokumentieren. \u201eIch wollte ohne\u2028viele Worte die Realit\u00e4t zeigen, an der sich der Kampf gegen\u2028Rechts messen muss.\u201d Aus Zeitungsartikel suchte sich die K\u00fcnstlerin Bilder der Opfer zusammen. Sie erstellte eine Gedenktafel mit dem Bild des Opfers, einem Text auf Deutsch und Englisch \u00fcber die Todesursachen sowie die rechtsextremen T\u00e4ter. Zudem ziert die Tafel eine bunte Ansichtskarte aus verschiedenen Teilen Deutschlands. Ziel dieser Ansichtskarten ist es, den \u00e4u\u00dferen friedlichen Schein zu durchbrechen und auf die grausame Wirklichkeit des Rechtsextremismus aufmerksam zu machen. Die Chroniken auf den einzelnen Gedenktafeln wurden in Zusammenarbeit mit den Journalisten Frank Jansen, Toralf Staud und heike Kleffner erstellt.<\/p>\n<p>Die Seitenschiffe der St. Petri-Kirche sind ges\u00e4umt mit den furchtbaren Schicksalen verschiedenster Menschen. Es sind die Geschichten von Kindern, Jugendlichen, Obdachlosen, Polizisten und sogar ganzen Familien, die ihr Leben durch blanken Hass zwischen 1990 und 2010 verlieren mussten. Die dunkle Kirche ist am ersten Ausstellungstag gut besucht. Zahlreiche Menschen verschiedener Nationalit\u00e4ten und unterschiedlichstem Alter stehen stillschweigend vor den Gedenktafeln. Verteilt zwischen den Gedenktafeln sind Spiegel installiert. Diese tragen die Aufschriften \u201eT\u00e4ter?\u201c, \u201eOpfer?\u201c, \u201eZuschauer?\u201c. Sie regen zum Nachdenken \u00fcber das eigene Verhalten gegen\u00fcber dem Rechtsextremismus an.<\/p>\n<p>L\u00e4ngst vergessene oder verdr\u00e4ngte Gewalttaten, wie das in Brand gesetzte Hauses, welches von einer aus dem Ausland stammenden Familie in Nordrhein-Westfalen bewohnt wurde, werden den Besuchern der Ausstellung wieder in Erinnerung gerufen. F\u00fcr einige ist es sogar das erste Mal, dass sie von solchen Ereignissen erfahren.<\/p>\n<p>In der Kirche wurde ein Buch aufgestellt, in welches die Besucher ihre Eindr\u00fccke und Empfindungen eintragen k\u00f6nnen. Einige Seiten sind bereits am ersten Tag der Ausstellung gef\u00fcllt. Zu lesen ist das Entsetzen der Besucher \u00fcber den Hass und die Gewalt rechtsextremer Menschen. Ebenfalls \u00e4u\u00dfern viele ihre Anteilnahme mit den Familien der Opfer. Andere sind der Meinung: \u201eDie Ausstellung sollte Pflicht f\u00fcr alle Menschen sein.\u201c<br \/>\nBislang nicht mit in die Ausstellung aufgenommen sind die Menschen, die der Terrorzelle des Nationalsozialistischen Untergrund (NSU) zum Opfer gefallen sind. Zwei Tafeln am Eingang der St. Petri-Kirche erinnern jedoch an die traurigen Ereignisse.<\/p>\n<p><strong>Die Wanderausstellung \u201eOpfer rechter Gewalt\u201c gibt den Opfern einen Namen und macht die \u00d6ffentlichkeit auf die enormen Gefahren des Rechtsextremismus aufmerksam.<\/strong><br \/>\n<strong> Die Ausstellung ist von Dienstag bis Freitag von 11:00 Uhr bis 17:00 Uhr und Samstag von 10:00 Uhr bis 16:00 Uhr ge\u00f6ffnet.<\/strong><\/p>\n","protected":false},"excerpt":{"rendered":"<p>Am 11. Januar 2012 startete in der Dortmunder St. Petri-Kirche die Wanderausstellung zum Gedenken der Opfer rechter Gewalt. Mit Bildern und einer kurzen Geschichte ihres Schicksals wird noch bis zum 28. Januar 2012 jenen Menschen gedacht, die ihr Leben durch rechtsextreme \u00dcbergriffe verloren haben.<\/p>\n","protected":false},"author":336,"featured_media":0,"comment_status":"open","ping_status":"open","sticky":false,"template":"","format":"standard","meta":{"_jetpack_memberships_contains_paid_content":false,"footnotes":""},"categories":[1291],"tags":[22,12752,1755,12739,6377],"class_list":["post-7888","post","type-post","status-publish","format-standard","hentry","category-nordrhein-westfalen","tag-ausstellung","tag-nsu","tag-rechte-gewalt","tag-rechtsterrorismus","tag-todesopfer"],"yoast_head":"<!-- This site is optimized with the Yoast SEO plugin v21.0 - https:\/\/yoast.com\/wordpress\/plugins\/seo\/ -->\n<title>In Gedenken an die Todesopfer rechter Gewalt - St\u00f6rungsmelder<\/title>\n<meta name=\"robots\" content=\"index, follow, max-snippet:-1, max-image-preview:large, max-video-preview:-1\" \/>\n<link rel=\"canonical\" href=\"https:\/\/blog.zeit.de\/stoerungsmelder\/2012\/01\/12\/in-gedenken-an-die-todesopfer-rechter-gewalt_7888\" \/>\n<meta property=\"og:locale\" content=\"de_DE\" \/>\n<meta property=\"og:type\" content=\"article\" \/>\n<meta property=\"og:title\" content=\"In Gedenken an die Todesopfer rechter Gewalt - St\u00f6rungsmelder\" \/>\n<meta property=\"og:description\" content=\"Am 11. Januar 2012 startete in der Dortmunder St. Petri-Kirche die Wanderausstellung zum Gedenken der Opfer rechter Gewalt. Mit Bildern und einer kurzen Geschichte ihres Schicksals wird noch bis zum 28. Januar 2012 jenen Menschen gedacht, die ihr Leben durch rechtsextreme \u00dcbergriffe verloren haben.\" \/>\n<meta property=\"og:url\" content=\"https:\/\/blog.zeit.de\/stoerungsmelder\/2012\/01\/12\/in-gedenken-an-die-todesopfer-rechter-gewalt_7888\" \/>\n<meta property=\"og:site_name\" content=\"St\u00f6rungsmelder\" \/>\n<meta property=\"article:published_time\" content=\"2012-01-12T09:10:55+00:00\" \/>\n<meta property=\"article:modified_time\" content=\"2017-07-17T19:13:26+00:00\" \/>\n<meta property=\"og:image\" content=\"https:\/\/blog.zeit.de\/stoerungsmelder\/files\/2012\/01\/ausstellung.jpg\" \/>\n<meta name=\"author\" content=\"Julia Wilde\" \/>\n<meta name=\"twitter:card\" content=\"summary_large_image\" \/>\n<meta name=\"twitter:label1\" content=\"Geschrieben von\" \/>\n\t<meta name=\"twitter:data1\" content=\"Julia Wilde\" \/>\n\t<meta name=\"twitter:label2\" content=\"Gesch\u00e4tzte Lesezeit\" \/>\n\t<meta name=\"twitter:data2\" content=\"3\u00a0Minuten\" \/>\n<script type=\"application\/ld+json\" class=\"yoast-schema-graph\">{\"@context\":\"https:\/\/schema.org\",\"@graph\":[{\"@type\":\"WebPage\",\"@id\":\"https:\/\/blog.zeit.de\/stoerungsmelder\/2012\/01\/12\/in-gedenken-an-die-todesopfer-rechter-gewalt_7888\",\"url\":\"https:\/\/blog.zeit.de\/stoerungsmelder\/2012\/01\/12\/in-gedenken-an-die-todesopfer-rechter-gewalt_7888\",\"name\":\"In Gedenken an die Todesopfer rechter Gewalt - St\u00f6rungsmelder\",\"isPartOf\":{\"@id\":\"https:\/\/blog.zeit.de\/stoerungsmelder\/#website\"},\"datePublished\":\"2012-01-12T09:10:55+00:00\",\"dateModified\":\"2017-07-17T19:13:26+00:00\",\"author\":{\"@id\":\"https:\/\/blog.zeit.de\/stoerungsmelder\/#\/schema\/person\/d78fa28f098b1ff452fe3ba8417f769e\"},\"breadcrumb\":{\"@id\":\"https:\/\/blog.zeit.de\/stoerungsmelder\/2012\/01\/12\/in-gedenken-an-die-todesopfer-rechter-gewalt_7888#breadcrumb\"},\"inLanguage\":\"de\",\"potentialAction\":[{\"@type\":\"ReadAction\",\"target\":[\"https:\/\/blog.zeit.de\/stoerungsmelder\/2012\/01\/12\/in-gedenken-an-die-todesopfer-rechter-gewalt_7888\"]}]},{\"@type\":\"BreadcrumbList\",\"@id\":\"https:\/\/blog.zeit.de\/stoerungsmelder\/2012\/01\/12\/in-gedenken-an-die-todesopfer-rechter-gewalt_7888#breadcrumb\",\"itemListElement\":[{\"@type\":\"ListItem\",\"position\":1,\"name\":\"Startseite\",\"item\":\"https:\/\/blog.zeit.de\/stoerungsmelder\"},{\"@type\":\"ListItem\",\"position\":2,\"name\":\"In Gedenken an die Todesopfer rechter Gewalt\"}]},{\"@type\":\"WebSite\",\"@id\":\"https:\/\/blog.zeit.de\/stoerungsmelder\/#website\",\"url\":\"https:\/\/blog.zeit.de\/stoerungsmelder\/\",\"name\":\"St\u00f6rungsmelder\",\"description\":\"Recherchen und Analysen \u00fcber die extreme Rechte\",\"potentialAction\":[{\"@type\":\"SearchAction\",\"target\":{\"@type\":\"EntryPoint\",\"urlTemplate\":\"https:\/\/blog.zeit.de\/stoerungsmelder\/?s={search_term_string}\"},\"query-input\":\"required name=search_term_string\"}],\"inLanguage\":\"de\"},{\"@type\":\"Person\",\"@id\":\"https:\/\/blog.zeit.de\/stoerungsmelder\/#\/schema\/person\/d78fa28f098b1ff452fe3ba8417f769e\",\"name\":\"Julia Wilde\",\"image\":{\"@type\":\"ImageObject\",\"inLanguage\":\"de\",\"@id\":\"https:\/\/blog.zeit.de\/stoerungsmelder\/#\/schema\/person\/image\/\",\"url\":\"https:\/\/secure.gravatar.com\/avatar\/b7cdae82ec86e544c659027f3455fb8b42c473a3191fa5d169853ba37df409f7?s=96&d=mm&r=pg\",\"contentUrl\":\"https:\/\/secure.gravatar.com\/avatar\/b7cdae82ec86e544c659027f3455fb8b42c473a3191fa5d169853ba37df409f7?s=96&d=mm&r=pg\",\"caption\":\"Julia Wilde\"},\"url\":\"https:\/\/blog.zeit.de\/stoerungsmelder\/author\/juliawilde\"}]}<\/script>\n<!-- \/ Yoast SEO plugin. -->","yoast_head_json":{"title":"In Gedenken an die Todesopfer rechter Gewalt - St\u00f6rungsmelder","robots":{"index":"index","follow":"follow","max-snippet":"max-snippet:-1","max-image-preview":"max-image-preview:large","max-video-preview":"max-video-preview:-1"},"canonical":"https:\/\/blog.zeit.de\/stoerungsmelder\/2012\/01\/12\/in-gedenken-an-die-todesopfer-rechter-gewalt_7888","og_locale":"de_DE","og_type":"article","og_title":"In Gedenken an die Todesopfer rechter Gewalt - St\u00f6rungsmelder","og_description":"Am 11. Januar 2012 startete in der Dortmunder St. Petri-Kirche die Wanderausstellung zum Gedenken der Opfer rechter Gewalt. Mit Bildern und einer kurzen Geschichte ihres Schicksals wird noch bis zum 28. Januar 2012 jenen Menschen gedacht, die ihr Leben durch rechtsextreme \u00dcbergriffe verloren haben.","og_url":"https:\/\/blog.zeit.de\/stoerungsmelder\/2012\/01\/12\/in-gedenken-an-die-todesopfer-rechter-gewalt_7888","og_site_name":"St\u00f6rungsmelder","article_published_time":"2012-01-12T09:10:55+00:00","article_modified_time":"2017-07-17T19:13:26+00:00","og_image":[{"url":"https:\/\/blog.zeit.de\/stoerungsmelder\/files\/2012\/01\/ausstellung.jpg"}],"author":"Julia Wilde","twitter_card":"summary_large_image","twitter_misc":{"Geschrieben von":"Julia Wilde","Gesch\u00e4tzte Lesezeit":"3\u00a0Minuten"},"schema":{"@context":"https:\/\/schema.org","@graph":[{"@type":"WebPage","@id":"https:\/\/blog.zeit.de\/stoerungsmelder\/2012\/01\/12\/in-gedenken-an-die-todesopfer-rechter-gewalt_7888","url":"https:\/\/blog.zeit.de\/stoerungsmelder\/2012\/01\/12\/in-gedenken-an-die-todesopfer-rechter-gewalt_7888","name":"In Gedenken an die Todesopfer rechter Gewalt - St\u00f6rungsmelder","isPartOf":{"@id":"https:\/\/blog.zeit.de\/stoerungsmelder\/#website"},"datePublished":"2012-01-12T09:10:55+00:00","dateModified":"2017-07-17T19:13:26+00:00","author":{"@id":"https:\/\/blog.zeit.de\/stoerungsmelder\/#\/schema\/person\/d78fa28f098b1ff452fe3ba8417f769e"},"breadcrumb":{"@id":"https:\/\/blog.zeit.de\/stoerungsmelder\/2012\/01\/12\/in-gedenken-an-die-todesopfer-rechter-gewalt_7888#breadcrumb"},"inLanguage":"de","potentialAction":[{"@type":"ReadAction","target":["https:\/\/blog.zeit.de\/stoerungsmelder\/2012\/01\/12\/in-gedenken-an-die-todesopfer-rechter-gewalt_7888"]}]},{"@type":"BreadcrumbList","@id":"https:\/\/blog.zeit.de\/stoerungsmelder\/2012\/01\/12\/in-gedenken-an-die-todesopfer-rechter-gewalt_7888#breadcrumb","itemListElement":[{"@type":"ListItem","position":1,"name":"Startseite","item":"https:\/\/blog.zeit.de\/stoerungsmelder"},{"@type":"ListItem","position":2,"name":"In Gedenken an die Todesopfer rechter Gewalt"}]},{"@type":"WebSite","@id":"https:\/\/blog.zeit.de\/stoerungsmelder\/#website","url":"https:\/\/blog.zeit.de\/stoerungsmelder\/","name":"St\u00f6rungsmelder","description":"Recherchen und Analysen \u00fcber die extreme Rechte","potentialAction":[{"@type":"SearchAction","target":{"@type":"EntryPoint","urlTemplate":"https:\/\/blog.zeit.de\/stoerungsmelder\/?s={search_term_string}"},"query-input":"required name=search_term_string"}],"inLanguage":"de"},{"@type":"Person","@id":"https:\/\/blog.zeit.de\/stoerungsmelder\/#\/schema\/person\/d78fa28f098b1ff452fe3ba8417f769e","name":"Julia Wilde","image":{"@type":"ImageObject","inLanguage":"de","@id":"https:\/\/blog.zeit.de\/stoerungsmelder\/#\/schema\/person\/image\/","url":"https:\/\/secure.gravatar.com\/avatar\/b7cdae82ec86e544c659027f3455fb8b42c473a3191fa5d169853ba37df409f7?s=96&d=mm&r=pg","contentUrl":"https:\/\/secure.gravatar.com\/avatar\/b7cdae82ec86e544c659027f3455fb8b42c473a3191fa5d169853ba37df409f7?s=96&d=mm&r=pg","caption":"Julia Wilde"},"url":"https:\/\/blog.zeit.de\/stoerungsmelder\/author\/juliawilde"}]}},"jetpack_featured_media_url":"","jetpack_sharing_enabled":true,"_links":{"self":[{"href":"https:\/\/blog.zeit.de\/stoerungsmelder\/wp-json\/wp\/v2\/posts\/7888","targetHints":{"allow":["GET"]}}],"collection":[{"href":"https:\/\/blog.zeit.de\/stoerungsmelder\/wp-json\/wp\/v2\/posts"}],"about":[{"href":"https:\/\/blog.zeit.de\/stoerungsmelder\/wp-json\/wp\/v2\/types\/post"}],"author":[{"embeddable":true,"href":"https:\/\/blog.zeit.de\/stoerungsmelder\/wp-json\/wp\/v2\/users\/336"}],"replies":[{"embeddable":true,"href":"https:\/\/blog.zeit.de\/stoerungsmelder\/wp-json\/wp\/v2\/comments?post=7888"}],"version-history":[{"count":2,"href":"https:\/\/blog.zeit.de\/stoerungsmelder\/wp-json\/wp\/v2\/posts\/7888\/revisions"}],"predecessor-version":[{"id":24426,"href":"https:\/\/blog.zeit.de\/stoerungsmelder\/wp-json\/wp\/v2\/posts\/7888\/revisions\/24426"}],"wp:attachment":[{"href":"https:\/\/blog.zeit.de\/stoerungsmelder\/wp-json\/wp\/v2\/media?parent=7888"}],"wp:term":[{"taxonomy":"category","embeddable":true,"href":"https:\/\/blog.zeit.de\/stoerungsmelder\/wp-json\/wp\/v2\/categories?post=7888"},{"taxonomy":"post_tag","embeddable":true,"href":"https:\/\/blog.zeit.de\/stoerungsmelder\/wp-json\/wp\/v2\/tags?post=7888"}],"curies":[{"name":"wp","href":"https:\/\/api.w.org\/{rel}","templated":true}]}}