{"id":7893,"date":"2012-01-13T17:18:38","date_gmt":"2012-01-13T16:18:38","guid":{"rendered":"http:\/\/blog.zeit.de\/stoerungsmelder\/?p=7893"},"modified":"2017-07-08T16:37:55","modified_gmt":"2017-07-08T14:37:55","slug":"nsu-mordserie-initiativen-fordern-wirksame-aufklarung","status":"publish","type":"post","link":"https:\/\/blog.zeit.de\/stoerungsmelder\/2012\/01\/13\/nsu-mordserie-initiativen-fordern-wirksame-aufklarung_7893","title":{"rendered":"NSU-Mordserie: Initiativen fordern wirksame Aufkl\u00e4rung"},"content":{"rendered":"<p><figure id=\"attachment_7488\" aria-describedby=\"caption-attachment-7488\" style=\"width: 540px\" class=\"wp-caption aligncenter\"><a href=\"https:\/\/blog.zeit.de\/stoerungsmelder\/files\/2011\/11\/festnahme-nazi-mord-540x304.jpg\"><img loading=\"lazy\" decoding=\"async\" class=\"size-full wp-image-7488\" src=\"https:\/\/blog.zeit.de\/stoerungsmelder\/files\/2011\/11\/festnahme-nazi-mord-540x304.jpg\" alt=\"\" width=\"540\" height=\"304\" srcset=\"https:\/\/blog.zeit.de\/stoerungsmelder\/files\/2011\/11\/festnahme-nazi-mord-540x304.jpg 540w, https:\/\/blog.zeit.de\/stoerungsmelder\/files\/2011\/11\/festnahme-nazi-mord-540x304-300x168.jpg 300w\" sizes=\"auto, (max-width: 540px) 100vw, 540px\" \/><\/a><figcaption id=\"caption-attachment-7488\" class=\"wp-caption-text\">Das zerst\u00f6rte Versteck der Rechtsterroristen in Zwickau \u00a9 Peter Endig\/dpa<\/figcaption><\/figure><\/p>\n<p>Zeitgleich zur parlamentarischen Diskussion \u00fcber die Einrichtung eines Untersuchungsausschusses des Deutschen Bundestags trafen sich am Freitag in Berlin mehr als 30 Vertreterinnen und Vertreter zivilgesellschaftlicher und antifaschistischer Organisationen zum Thema NSU.<!--more--><\/p>\n<p>Die anwesenden Initiativen recherchieren und arbeiten seit Jahren, weit vor dem Bekanntwerden der NSU-Verbrechen, zu Strukturen und Erscheinungsformen von Rechtsextremismus und Rassismus. Sie fordern eine l\u00fcckenlose Aufkl\u00e4rung der Umst\u00e4nde unter denen der NSU seine Mordtaten begehen konnte. Im M\u00e4rz sollen zudem mit einem \u00f6ffentlichen &#8222;Hearing&#8220; weitere Details und Hintergr\u00fcnde des rechten Terrornetzwerkes beleuchtet werden.<\/p>\n<p>Die ersten Schlussfolgerungen des bundesweiten Treffens vom Freitag lauten:<\/p>\n<p><strong>1. Die Beh\u00f6rden haben \u00fcber 15 Jahre bei der Verfolgung der Neonazis mindestens versagt, wenn nicht mit ihnen kooperiert, so dass die Opfer ihnen schutzlos ausgeliefert waren.<\/strong><\/p>\n<p><strong>2. Die Parlamente haben w\u00e4hrend dieser Zeit ihre Aufgabe nicht erf\u00fcllt, die T\u00e4tigkeit der zust\u00e4ndigen Beh\u00f6rden zu kontrollieren und haben deren Versagen nicht erkannt. Weder Gesellschaft noch Medien haben die rassistischen Morde und ihren gesellschaftspolitischen Hintergrund ausreichend problematisiert.<\/strong><\/p>\n<p><strong>3. Auch seit Bekanntwerden der NSU-Morde vor zwei Monaten haben die Parlamente keine befriedigende Aufkl\u00e4rung erhalten, sondern wurden von den zust\u00e4ndigen Beh\u00f6rden hingehalten. Die Aufkl\u00e4rung durch parlamentarische Untersuchungsaussch\u00fcsse ist \u00fcberf\u00e4llig und darf nicht weiter verz\u00f6gert werden.<\/strong><\/p>\n<p><strong>4. Die Ungewissheit \u00fcber die weitere Einrichtung und Gestaltung von Untersuchungsaussch\u00fcssen best\u00e4rkt das ohnehin bestehende Misstrauen, ob dies \u00fcberhaupt jemals zu einer vollst\u00e4ndigen Aufkl\u00e4rung der Nazi-Morde und der Rolle der Beh\u00f6rden dabei f\u00fchren kann.<\/strong><\/p>\n<p><strong>5. Nicht hinnehmbar ist es, dass Beh\u00f6rden Informationen filtern und bewerten: ihnen darf nicht weiter die Deutungshoheit \u00fcberlassen werden.<\/strong><\/p>\n<p><strong>6. Weitere au\u00dferparlamentarische Aufkl\u00e4rung muss gest\u00e4rkt und der dort vorhandene Sachverstand der Initiativen genutzt werden. Dazu stehen diese mit all ihrem Fachwissen gegen\u00fcber den Betroffenen, der Politik und der \u00d6ffentlichkeit bereit. Die bisher v\u00f6llig unzureichende gesellschaftliche Debatte \u00fcber Rechtsextremismus und Rassismus muss bef\u00f6rdert werden.<\/strong><\/p>\n<p><strong>7. Die Vertreterinnen und Vertreter des Treffens k\u00fcndigen zum 3. M\u00e4rz 2012 in Berlin ein \u00f6ffentliches Hearing an, wo sie Einzelheiten ihrer Erkenntnisse, Analysen und Forderungen vorstellen und diskutieren.<\/strong><\/p>\n<p>Stellvertretend f\u00fcr die Teilnehmenden und f\u00fcr R\u00fcckfragen ist das <a href=\"http:\/\/www.apabiz.de\" target=\"_blank\">Antifaschistische Pressearchiv und Bildungszentrum apabiz e.V.<\/a> erreichbar.<\/p>\n","protected":false},"excerpt":{"rendered":"<p>Zeitgleich zur parlamentarischen Diskussion \u00fcber die Einrichtung eines Untersuchungsausschusses des Deutschen Bundestags trafen sich am Freitag in Berlin mehr als 30 Vertreterinnen und Vertreter zivilgesellschaftlicher und antifaschistischer Organisationen zum Thema NSU.<\/p>\n","protected":false},"author":229,"featured_media":0,"comment_status":"open","ping_status":"open","sticky":false,"template":"","format":"standard","meta":{"_jetpack_memberships_contains_paid_content":false,"footnotes":""},"categories":[1515],"tags":[12752,1755,12739],"class_list":["post-7893","post","type-post","status-publish","format-standard","hentry","category-bundesweit","tag-nsu","tag-rechte-gewalt","tag-rechtsterrorismus"],"yoast_head":"<!-- This site is optimized with the Yoast SEO plugin v21.0 - https:\/\/yoast.com\/wordpress\/plugins\/seo\/ -->\n<title>NSU-Mordserie: Initiativen fordern wirksame Aufkl\u00e4rung - St\u00f6rungsmelder<\/title>\n<meta name=\"robots\" content=\"index, follow, max-snippet:-1, max-image-preview:large, max-video-preview:-1\" \/>\n<link rel=\"canonical\" href=\"https:\/\/blog.zeit.de\/stoerungsmelder\/2012\/01\/13\/nsu-mordserie-initiativen-fordern-wirksame-aufklarung_7893\" \/>\n<meta property=\"og:locale\" content=\"de_DE\" \/>\n<meta property=\"og:type\" content=\"article\" \/>\n<meta property=\"og:title\" content=\"NSU-Mordserie: Initiativen fordern wirksame Aufkl\u00e4rung - St\u00f6rungsmelder\" \/>\n<meta property=\"og:description\" content=\"Zeitgleich zur parlamentarischen Diskussion \u00fcber die Einrichtung eines Untersuchungsausschusses des Deutschen Bundestags trafen sich am Freitag in Berlin mehr als 30 Vertreterinnen und Vertreter zivilgesellschaftlicher und antifaschistischer Organisationen zum Thema NSU.\" \/>\n<meta property=\"og:url\" content=\"https:\/\/blog.zeit.de\/stoerungsmelder\/2012\/01\/13\/nsu-mordserie-initiativen-fordern-wirksame-aufklarung_7893\" \/>\n<meta property=\"og:site_name\" content=\"St\u00f6rungsmelder\" \/>\n<meta property=\"article:published_time\" content=\"2012-01-13T16:18:38+00:00\" \/>\n<meta property=\"article:modified_time\" content=\"2017-07-08T14:37:55+00:00\" \/>\n<meta property=\"og:image\" content=\"https:\/\/blog.zeit.de\/stoerungsmelder\/files\/2011\/11\/festnahme-nazi-mord-540x304.jpg\" \/>\n<meta name=\"author\" content=\"St\u00f6rungsmelder\" \/>\n<meta name=\"twitter:card\" content=\"summary_large_image\" \/>\n<meta name=\"twitter:label1\" content=\"Geschrieben von\" \/>\n\t<meta name=\"twitter:data1\" content=\"St\u00f6rungsmelder\" \/>\n\t<meta name=\"twitter:label2\" content=\"Gesch\u00e4tzte Lesezeit\" \/>\n\t<meta name=\"twitter:data2\" content=\"2\u00a0Minuten\" \/>\n<script type=\"application\/ld+json\" class=\"yoast-schema-graph\">{\"@context\":\"https:\/\/schema.org\",\"@graph\":[{\"@type\":\"WebPage\",\"@id\":\"https:\/\/blog.zeit.de\/stoerungsmelder\/2012\/01\/13\/nsu-mordserie-initiativen-fordern-wirksame-aufklarung_7893\",\"url\":\"https:\/\/blog.zeit.de\/stoerungsmelder\/2012\/01\/13\/nsu-mordserie-initiativen-fordern-wirksame-aufklarung_7893\",\"name\":\"NSU-Mordserie: Initiativen fordern wirksame Aufkl\u00e4rung - St\u00f6rungsmelder\",\"isPartOf\":{\"@id\":\"https:\/\/blog.zeit.de\/stoerungsmelder\/#website\"},\"datePublished\":\"2012-01-13T16:18:38+00:00\",\"dateModified\":\"2017-07-08T14:37:55+00:00\",\"author\":{\"@id\":\"https:\/\/blog.zeit.de\/stoerungsmelder\/#\/schema\/person\/fdd0b9818f65738672810b6d6f037f71\"},\"breadcrumb\":{\"@id\":\"https:\/\/blog.zeit.de\/stoerungsmelder\/2012\/01\/13\/nsu-mordserie-initiativen-fordern-wirksame-aufklarung_7893#breadcrumb\"},\"inLanguage\":\"de\",\"potentialAction\":[{\"@type\":\"ReadAction\",\"target\":[\"https:\/\/blog.zeit.de\/stoerungsmelder\/2012\/01\/13\/nsu-mordserie-initiativen-fordern-wirksame-aufklarung_7893\"]}]},{\"@type\":\"BreadcrumbList\",\"@id\":\"https:\/\/blog.zeit.de\/stoerungsmelder\/2012\/01\/13\/nsu-mordserie-initiativen-fordern-wirksame-aufklarung_7893#breadcrumb\",\"itemListElement\":[{\"@type\":\"ListItem\",\"position\":1,\"name\":\"Startseite\",\"item\":\"https:\/\/blog.zeit.de\/stoerungsmelder\"},{\"@type\":\"ListItem\",\"position\":2,\"name\":\"NSU-Mordserie: Initiativen fordern wirksame Aufkl\u00e4rung\"}]},{\"@type\":\"WebSite\",\"@id\":\"https:\/\/blog.zeit.de\/stoerungsmelder\/#website\",\"url\":\"https:\/\/blog.zeit.de\/stoerungsmelder\/\",\"name\":\"St\u00f6rungsmelder\",\"description\":\"Recherchen und Analysen \u00fcber die extreme Rechte\",\"potentialAction\":[{\"@type\":\"SearchAction\",\"target\":{\"@type\":\"EntryPoint\",\"urlTemplate\":\"https:\/\/blog.zeit.de\/stoerungsmelder\/?s={search_term_string}\"},\"query-input\":\"required name=search_term_string\"}],\"inLanguage\":\"de\"},{\"@type\":\"Person\",\"@id\":\"https:\/\/blog.zeit.de\/stoerungsmelder\/#\/schema\/person\/fdd0b9818f65738672810b6d6f037f71\",\"name\":\"St\u00f6rungsmelder\",\"image\":{\"@type\":\"ImageObject\",\"inLanguage\":\"de\",\"@id\":\"https:\/\/blog.zeit.de\/stoerungsmelder\/#\/schema\/person\/image\/\",\"url\":\"https:\/\/secure.gravatar.com\/avatar\/dfa4be514c3e82a71e4f9a0020035d38192d080ccaa5e4e6d7a1472c763535c5?s=96&d=mm&r=pg\",\"contentUrl\":\"https:\/\/secure.gravatar.com\/avatar\/dfa4be514c3e82a71e4f9a0020035d38192d080ccaa5e4e6d7a1472c763535c5?s=96&d=mm&r=pg\",\"caption\":\"St\u00f6rungsmelder\"},\"url\":\"https:\/\/blog.zeit.de\/stoerungsmelder\/author\/stoerungsmelder\"}]}<\/script>\n<!-- \/ Yoast SEO plugin. -->","yoast_head_json":{"title":"NSU-Mordserie: Initiativen fordern wirksame Aufkl\u00e4rung - St\u00f6rungsmelder","robots":{"index":"index","follow":"follow","max-snippet":"max-snippet:-1","max-image-preview":"max-image-preview:large","max-video-preview":"max-video-preview:-1"},"canonical":"https:\/\/blog.zeit.de\/stoerungsmelder\/2012\/01\/13\/nsu-mordserie-initiativen-fordern-wirksame-aufklarung_7893","og_locale":"de_DE","og_type":"article","og_title":"NSU-Mordserie: Initiativen fordern wirksame Aufkl\u00e4rung - St\u00f6rungsmelder","og_description":"Zeitgleich zur parlamentarischen Diskussion \u00fcber die Einrichtung eines Untersuchungsausschusses des Deutschen Bundestags trafen sich am Freitag in Berlin mehr als 30 Vertreterinnen und Vertreter zivilgesellschaftlicher und antifaschistischer Organisationen zum Thema NSU.","og_url":"https:\/\/blog.zeit.de\/stoerungsmelder\/2012\/01\/13\/nsu-mordserie-initiativen-fordern-wirksame-aufklarung_7893","og_site_name":"St\u00f6rungsmelder","article_published_time":"2012-01-13T16:18:38+00:00","article_modified_time":"2017-07-08T14:37:55+00:00","og_image":[{"url":"https:\/\/blog.zeit.de\/stoerungsmelder\/files\/2011\/11\/festnahme-nazi-mord-540x304.jpg"}],"author":"St\u00f6rungsmelder","twitter_card":"summary_large_image","twitter_misc":{"Geschrieben von":"St\u00f6rungsmelder","Gesch\u00e4tzte Lesezeit":"2\u00a0Minuten"},"schema":{"@context":"https:\/\/schema.org","@graph":[{"@type":"WebPage","@id":"https:\/\/blog.zeit.de\/stoerungsmelder\/2012\/01\/13\/nsu-mordserie-initiativen-fordern-wirksame-aufklarung_7893","url":"https:\/\/blog.zeit.de\/stoerungsmelder\/2012\/01\/13\/nsu-mordserie-initiativen-fordern-wirksame-aufklarung_7893","name":"NSU-Mordserie: Initiativen fordern wirksame Aufkl\u00e4rung - St\u00f6rungsmelder","isPartOf":{"@id":"https:\/\/blog.zeit.de\/stoerungsmelder\/#website"},"datePublished":"2012-01-13T16:18:38+00:00","dateModified":"2017-07-08T14:37:55+00:00","author":{"@id":"https:\/\/blog.zeit.de\/stoerungsmelder\/#\/schema\/person\/fdd0b9818f65738672810b6d6f037f71"},"breadcrumb":{"@id":"https:\/\/blog.zeit.de\/stoerungsmelder\/2012\/01\/13\/nsu-mordserie-initiativen-fordern-wirksame-aufklarung_7893#breadcrumb"},"inLanguage":"de","potentialAction":[{"@type":"ReadAction","target":["https:\/\/blog.zeit.de\/stoerungsmelder\/2012\/01\/13\/nsu-mordserie-initiativen-fordern-wirksame-aufklarung_7893"]}]},{"@type":"BreadcrumbList","@id":"https:\/\/blog.zeit.de\/stoerungsmelder\/2012\/01\/13\/nsu-mordserie-initiativen-fordern-wirksame-aufklarung_7893#breadcrumb","itemListElement":[{"@type":"ListItem","position":1,"name":"Startseite","item":"https:\/\/blog.zeit.de\/stoerungsmelder"},{"@type":"ListItem","position":2,"name":"NSU-Mordserie: Initiativen fordern wirksame Aufkl\u00e4rung"}]},{"@type":"WebSite","@id":"https:\/\/blog.zeit.de\/stoerungsmelder\/#website","url":"https:\/\/blog.zeit.de\/stoerungsmelder\/","name":"St\u00f6rungsmelder","description":"Recherchen und Analysen \u00fcber die extreme Rechte","potentialAction":[{"@type":"SearchAction","target":{"@type":"EntryPoint","urlTemplate":"https:\/\/blog.zeit.de\/stoerungsmelder\/?s={search_term_string}"},"query-input":"required name=search_term_string"}],"inLanguage":"de"},{"@type":"Person","@id":"https:\/\/blog.zeit.de\/stoerungsmelder\/#\/schema\/person\/fdd0b9818f65738672810b6d6f037f71","name":"St\u00f6rungsmelder","image":{"@type":"ImageObject","inLanguage":"de","@id":"https:\/\/blog.zeit.de\/stoerungsmelder\/#\/schema\/person\/image\/","url":"https:\/\/secure.gravatar.com\/avatar\/dfa4be514c3e82a71e4f9a0020035d38192d080ccaa5e4e6d7a1472c763535c5?s=96&d=mm&r=pg","contentUrl":"https:\/\/secure.gravatar.com\/avatar\/dfa4be514c3e82a71e4f9a0020035d38192d080ccaa5e4e6d7a1472c763535c5?s=96&d=mm&r=pg","caption":"St\u00f6rungsmelder"},"url":"https:\/\/blog.zeit.de\/stoerungsmelder\/author\/stoerungsmelder"}]}},"jetpack_featured_media_url":"","jetpack_sharing_enabled":true,"_links":{"self":[{"href":"https:\/\/blog.zeit.de\/stoerungsmelder\/wp-json\/wp\/v2\/posts\/7893","targetHints":{"allow":["GET"]}}],"collection":[{"href":"https:\/\/blog.zeit.de\/stoerungsmelder\/wp-json\/wp\/v2\/posts"}],"about":[{"href":"https:\/\/blog.zeit.de\/stoerungsmelder\/wp-json\/wp\/v2\/types\/post"}],"author":[{"embeddable":true,"href":"https:\/\/blog.zeit.de\/stoerungsmelder\/wp-json\/wp\/v2\/users\/229"}],"replies":[{"embeddable":true,"href":"https:\/\/blog.zeit.de\/stoerungsmelder\/wp-json\/wp\/v2\/comments?post=7893"}],"version-history":[{"count":4,"href":"https:\/\/blog.zeit.de\/stoerungsmelder\/wp-json\/wp\/v2\/posts\/7893\/revisions"}],"predecessor-version":[{"id":24127,"href":"https:\/\/blog.zeit.de\/stoerungsmelder\/wp-json\/wp\/v2\/posts\/7893\/revisions\/24127"}],"wp:attachment":[{"href":"https:\/\/blog.zeit.de\/stoerungsmelder\/wp-json\/wp\/v2\/media?parent=7893"}],"wp:term":[{"taxonomy":"category","embeddable":true,"href":"https:\/\/blog.zeit.de\/stoerungsmelder\/wp-json\/wp\/v2\/categories?post=7893"},{"taxonomy":"post_tag","embeddable":true,"href":"https:\/\/blog.zeit.de\/stoerungsmelder\/wp-json\/wp\/v2\/tags?post=7893"}],"curies":[{"name":"wp","href":"https:\/\/api.w.org\/{rel}","templated":true}]}}