{"id":79,"date":"2007-11-05T16:55:29","date_gmt":"2007-11-05T14:55:29","guid":{"rendered":"http:\/\/blog.zeit.de\/stoerungsmelder\/2007\/11\/05\/ein-besuch-beim-holocaust-mahnmal-in-berlin_79"},"modified":"2007-11-05T16:55:29","modified_gmt":"2007-11-05T14:55:29","slug":"ein-besuch-beim-holocaust-mahnmal-in-berlin","status":"publish","type":"post","link":"https:\/\/blog.zeit.de\/stoerungsmelder\/2007\/11\/05\/ein-besuch-beim-holocaust-mahnmal-in-berlin_79","title":{"rendered":"Ein Besuch beim Holocaust-Mahnmal in Berlin"},"content":{"rendered":"<p>\u201eEs ist geschehen, und folglich kann es wieder geschehen: darin liegt der Kern dessen, was wir zu sagen haben.\u201c<br \/>\nPrimo Levi<\/p>\n<p>Gestern war ich mal wieder mit meiner Freundin beim Berliner Holocaust-Mahnmal. <!--more-->Wir sind \u00f6fter hier und wandern durch das Stelenfeld. Erstmalig waren wir auch im unterirdisch gelegenen Ort der Erinnerung. Die Art und Weise, wie multimedial und modern die deutsche NS-Vergangenheit und der V\u00f6lkermord an den Juden Europas aufgearbeitet wird, ist einnehmend. Die Informationen sind auf das Wesentliche reduziert, so dass sich der Eindruck des Gesehenen, Geh\u00f6rten und Gelesenen immens verst\u00e4rkt. Obwohl wir  nat\u00fcrlich beinahe t\u00e4glich mit den schrecklichen Fakten des Judenmordes konfrontiert wurden hat uns der Aufenthalt hier ein weiteres Mal in stilles und einsames Gedenken gest\u00fcrzt. Es ist einfach nicht zu fassen. Ich glaube, deswegen hat uns die Einfachheit der Darstellung, diese rationale Herangehensweise auch einen neuen Zugang zu den Greueltaten gegen\u00fcber der j\u00fcdischen Gemeinde Europas geschaffen.<\/p>\n<p>Diesen kalten Fakten steht die konsequente Darstellung pers\u00f6nlicher Schicksale gegen\u00fcber. Kurze Ausz\u00fcge aus Postkarten, Briefen oder Tageb\u00fcchern von deportierten Juden aus ganz Europa sowie die akkustischen Nachzeichnungen von j\u00fcdischen Lebens- und Leidenswegen haben bei uns tiefe Betroffenheit ausgel\u00f6st.<\/p>\n<p>Beim Rausgehen durchtr\u00e4nkte sich meine Betroffenheit aber auch mit einem Gef\u00fchl von Stolz. Stolz dar\u00fcber, das das demokratische Deutschland es schafft sich seiner monstr\u00f6sen Vergangenheit zu stellen. Und darin liegt auch die Verantwortung eines jeden Einzelnen von uns. Gegen das Vergessen anzuk\u00e4mpfen, sich immer wieder mit der eigenen Geschichte auseinander zu setzen und dar\u00fcber zu diskutieren. Mit unseren Verwandten, Freunden, Kindern und Kollegen.<\/p>\n<p>Als wir danach wieder im Taxi auf dem Weg nach Hause waren, stellten wir uns die oft diskutierte Frage, warum sich eigentlich so wenige Soldaten gegen die Massenvernichtungen des Regimes und den Krieg aufgelehnt haben. Wie konnten junge M\u00e4nner massenhaft selbst Kinder und Frauen t\u00f6ten und in Massengr\u00e4bern verscharren? Unser iranischer Taxifahrer stieg in unsere Diskussion ein und erz\u00e4hlte von seinen Kriegserfahrungen als junger Soldat in der iranischen Armee beim Iran-Irak-Krieg in den 8oer Jahren. Er sagte, das die Emotionen die w\u00e4hrend des Krieges in ihm hochpeitscht wurden, die Brutalit\u00e4t und der pure Kampf ums eigene \u00dcberleben, nach dem Krieg f\u00fcr ihn nicht mehr nachvollziehbar waren. Wir d\u00fcrfen es nie mehr soweit kommen lassen.<\/p>\n","protected":false},"excerpt":{"rendered":"<p>\u201eEs ist geschehen, und folglich kann es wieder geschehen: darin liegt der Kern dessen, was wir zu sagen haben.\u201c Primo Levi Gestern war ich mal wieder mit meiner Freundin beim Berliner Holocaust-Mahnmal.<\/p>\n","protected":false},"author":223,"featured_media":0,"comment_status":"open","ping_status":"open","sticky":false,"template":"","format":"standard","meta":{"_jetpack_memberships_contains_paid_content":false,"footnotes":""},"categories":[249],"tags":[1606,1702],"class_list":["post-79","post","type-post","status-publish","format-standard","hentry","category-berlin","tag-holocaust","tag-nationalsozialismus"],"yoast_head":"<!-- This site is optimized with the Yoast SEO plugin v21.0 - https:\/\/yoast.com\/wordpress\/plugins\/seo\/ -->\n<title>Ein Besuch beim Holocaust-Mahnmal in Berlin - St\u00f6rungsmelder<\/title>\n<meta name=\"robots\" content=\"index, follow, max-snippet:-1, max-image-preview:large, max-video-preview:-1\" \/>\n<link rel=\"canonical\" href=\"https:\/\/blog.zeit.de\/stoerungsmelder\/2007\/11\/05\/ein-besuch-beim-holocaust-mahnmal-in-berlin_79\" \/>\n<meta property=\"og:locale\" content=\"de_DE\" \/>\n<meta property=\"og:type\" content=\"article\" \/>\n<meta property=\"og:title\" content=\"Ein Besuch beim Holocaust-Mahnmal in Berlin - St\u00f6rungsmelder\" \/>\n<meta property=\"og:description\" content=\"\u201eEs ist geschehen, und folglich kann es wieder geschehen: darin liegt der Kern dessen, was wir zu sagen haben.\u201c Primo Levi Gestern war ich mal wieder mit meiner Freundin beim Berliner Holocaust-Mahnmal.\" \/>\n<meta property=\"og:url\" content=\"https:\/\/blog.zeit.de\/stoerungsmelder\/2007\/11\/05\/ein-besuch-beim-holocaust-mahnmal-in-berlin_79\" \/>\n<meta property=\"og:site_name\" content=\"St\u00f6rungsmelder\" \/>\n<meta property=\"article:published_time\" content=\"2007-11-05T14:55:29+00:00\" \/>\n<meta name=\"author\" content=\"Ole Tillmann\" \/>\n<meta name=\"twitter:card\" content=\"summary_large_image\" \/>\n<meta name=\"twitter:label1\" content=\"Geschrieben von\" \/>\n\t<meta name=\"twitter:data1\" content=\"Ole Tillmann\" \/>\n\t<meta name=\"twitter:label2\" content=\"Gesch\u00e4tzte Lesezeit\" \/>\n\t<meta name=\"twitter:data2\" content=\"2\u00a0Minuten\" \/>\n<script type=\"application\/ld+json\" class=\"yoast-schema-graph\">{\"@context\":\"https:\/\/schema.org\",\"@graph\":[{\"@type\":\"WebPage\",\"@id\":\"https:\/\/blog.zeit.de\/stoerungsmelder\/2007\/11\/05\/ein-besuch-beim-holocaust-mahnmal-in-berlin_79\",\"url\":\"https:\/\/blog.zeit.de\/stoerungsmelder\/2007\/11\/05\/ein-besuch-beim-holocaust-mahnmal-in-berlin_79\",\"name\":\"Ein Besuch beim Holocaust-Mahnmal in Berlin - St\u00f6rungsmelder\",\"isPartOf\":{\"@id\":\"https:\/\/blog.zeit.de\/stoerungsmelder\/#website\"},\"datePublished\":\"2007-11-05T14:55:29+00:00\",\"dateModified\":\"2007-11-05T14:55:29+00:00\",\"author\":{\"@id\":\"https:\/\/blog.zeit.de\/stoerungsmelder\/#\/schema\/person\/613a3a515a2fe6207d9fe7038c2ce237\"},\"breadcrumb\":{\"@id\":\"https:\/\/blog.zeit.de\/stoerungsmelder\/2007\/11\/05\/ein-besuch-beim-holocaust-mahnmal-in-berlin_79#breadcrumb\"},\"inLanguage\":\"de\",\"potentialAction\":[{\"@type\":\"ReadAction\",\"target\":[\"https:\/\/blog.zeit.de\/stoerungsmelder\/2007\/11\/05\/ein-besuch-beim-holocaust-mahnmal-in-berlin_79\"]}]},{\"@type\":\"BreadcrumbList\",\"@id\":\"https:\/\/blog.zeit.de\/stoerungsmelder\/2007\/11\/05\/ein-besuch-beim-holocaust-mahnmal-in-berlin_79#breadcrumb\",\"itemListElement\":[{\"@type\":\"ListItem\",\"position\":1,\"name\":\"Startseite\",\"item\":\"https:\/\/blog.zeit.de\/stoerungsmelder\"},{\"@type\":\"ListItem\",\"position\":2,\"name\":\"Ein Besuch beim Holocaust-Mahnmal in Berlin\"}]},{\"@type\":\"WebSite\",\"@id\":\"https:\/\/blog.zeit.de\/stoerungsmelder\/#website\",\"url\":\"https:\/\/blog.zeit.de\/stoerungsmelder\/\",\"name\":\"St\u00f6rungsmelder\",\"description\":\"Recherchen und Analysen \u00fcber die extreme Rechte\",\"potentialAction\":[{\"@type\":\"SearchAction\",\"target\":{\"@type\":\"EntryPoint\",\"urlTemplate\":\"https:\/\/blog.zeit.de\/stoerungsmelder\/?s={search_term_string}\"},\"query-input\":\"required name=search_term_string\"}],\"inLanguage\":\"de\"},{\"@type\":\"Person\",\"@id\":\"https:\/\/blog.zeit.de\/stoerungsmelder\/#\/schema\/person\/613a3a515a2fe6207d9fe7038c2ce237\",\"name\":\"Ole Tillmann\",\"image\":{\"@type\":\"ImageObject\",\"inLanguage\":\"de\",\"@id\":\"https:\/\/blog.zeit.de\/stoerungsmelder\/#\/schema\/person\/image\/\",\"url\":\"https:\/\/secure.gravatar.com\/avatar\/5b21d914f1814681a46060ab0c0fc2dadfb31f150ef4c2a7ce8c88515df928c6?s=96&d=mm&r=pg\",\"contentUrl\":\"https:\/\/secure.gravatar.com\/avatar\/5b21d914f1814681a46060ab0c0fc2dadfb31f150ef4c2a7ce8c88515df928c6?s=96&d=mm&r=pg\",\"caption\":\"Ole Tillmann\"},\"url\":\"https:\/\/blog.zeit.de\/stoerungsmelder\/author\/ole-tillmann\"}]}<\/script>\n<!-- \/ Yoast SEO plugin. -->","yoast_head_json":{"title":"Ein Besuch beim Holocaust-Mahnmal in Berlin - St\u00f6rungsmelder","robots":{"index":"index","follow":"follow","max-snippet":"max-snippet:-1","max-image-preview":"max-image-preview:large","max-video-preview":"max-video-preview:-1"},"canonical":"https:\/\/blog.zeit.de\/stoerungsmelder\/2007\/11\/05\/ein-besuch-beim-holocaust-mahnmal-in-berlin_79","og_locale":"de_DE","og_type":"article","og_title":"Ein Besuch beim Holocaust-Mahnmal in Berlin - St\u00f6rungsmelder","og_description":"\u201eEs ist geschehen, und folglich kann es wieder geschehen: darin liegt der Kern dessen, was wir zu sagen haben.\u201c Primo Levi Gestern war ich mal wieder mit meiner Freundin beim Berliner Holocaust-Mahnmal.","og_url":"https:\/\/blog.zeit.de\/stoerungsmelder\/2007\/11\/05\/ein-besuch-beim-holocaust-mahnmal-in-berlin_79","og_site_name":"St\u00f6rungsmelder","article_published_time":"2007-11-05T14:55:29+00:00","author":"Ole Tillmann","twitter_card":"summary_large_image","twitter_misc":{"Geschrieben von":"Ole Tillmann","Gesch\u00e4tzte Lesezeit":"2\u00a0Minuten"},"schema":{"@context":"https:\/\/schema.org","@graph":[{"@type":"WebPage","@id":"https:\/\/blog.zeit.de\/stoerungsmelder\/2007\/11\/05\/ein-besuch-beim-holocaust-mahnmal-in-berlin_79","url":"https:\/\/blog.zeit.de\/stoerungsmelder\/2007\/11\/05\/ein-besuch-beim-holocaust-mahnmal-in-berlin_79","name":"Ein Besuch beim Holocaust-Mahnmal in Berlin - St\u00f6rungsmelder","isPartOf":{"@id":"https:\/\/blog.zeit.de\/stoerungsmelder\/#website"},"datePublished":"2007-11-05T14:55:29+00:00","dateModified":"2007-11-05T14:55:29+00:00","author":{"@id":"https:\/\/blog.zeit.de\/stoerungsmelder\/#\/schema\/person\/613a3a515a2fe6207d9fe7038c2ce237"},"breadcrumb":{"@id":"https:\/\/blog.zeit.de\/stoerungsmelder\/2007\/11\/05\/ein-besuch-beim-holocaust-mahnmal-in-berlin_79#breadcrumb"},"inLanguage":"de","potentialAction":[{"@type":"ReadAction","target":["https:\/\/blog.zeit.de\/stoerungsmelder\/2007\/11\/05\/ein-besuch-beim-holocaust-mahnmal-in-berlin_79"]}]},{"@type":"BreadcrumbList","@id":"https:\/\/blog.zeit.de\/stoerungsmelder\/2007\/11\/05\/ein-besuch-beim-holocaust-mahnmal-in-berlin_79#breadcrumb","itemListElement":[{"@type":"ListItem","position":1,"name":"Startseite","item":"https:\/\/blog.zeit.de\/stoerungsmelder"},{"@type":"ListItem","position":2,"name":"Ein Besuch beim Holocaust-Mahnmal in Berlin"}]},{"@type":"WebSite","@id":"https:\/\/blog.zeit.de\/stoerungsmelder\/#website","url":"https:\/\/blog.zeit.de\/stoerungsmelder\/","name":"St\u00f6rungsmelder","description":"Recherchen und Analysen \u00fcber die extreme Rechte","potentialAction":[{"@type":"SearchAction","target":{"@type":"EntryPoint","urlTemplate":"https:\/\/blog.zeit.de\/stoerungsmelder\/?s={search_term_string}"},"query-input":"required name=search_term_string"}],"inLanguage":"de"},{"@type":"Person","@id":"https:\/\/blog.zeit.de\/stoerungsmelder\/#\/schema\/person\/613a3a515a2fe6207d9fe7038c2ce237","name":"Ole Tillmann","image":{"@type":"ImageObject","inLanguage":"de","@id":"https:\/\/blog.zeit.de\/stoerungsmelder\/#\/schema\/person\/image\/","url":"https:\/\/secure.gravatar.com\/avatar\/5b21d914f1814681a46060ab0c0fc2dadfb31f150ef4c2a7ce8c88515df928c6?s=96&d=mm&r=pg","contentUrl":"https:\/\/secure.gravatar.com\/avatar\/5b21d914f1814681a46060ab0c0fc2dadfb31f150ef4c2a7ce8c88515df928c6?s=96&d=mm&r=pg","caption":"Ole Tillmann"},"url":"https:\/\/blog.zeit.de\/stoerungsmelder\/author\/ole-tillmann"}]}},"jetpack_featured_media_url":"","jetpack_sharing_enabled":true,"_links":{"self":[{"href":"https:\/\/blog.zeit.de\/stoerungsmelder\/wp-json\/wp\/v2\/posts\/79","targetHints":{"allow":["GET"]}}],"collection":[{"href":"https:\/\/blog.zeit.de\/stoerungsmelder\/wp-json\/wp\/v2\/posts"}],"about":[{"href":"https:\/\/blog.zeit.de\/stoerungsmelder\/wp-json\/wp\/v2\/types\/post"}],"author":[{"embeddable":true,"href":"https:\/\/blog.zeit.de\/stoerungsmelder\/wp-json\/wp\/v2\/users\/223"}],"replies":[{"embeddable":true,"href":"https:\/\/blog.zeit.de\/stoerungsmelder\/wp-json\/wp\/v2\/comments?post=79"}],"version-history":[{"count":0,"href":"https:\/\/blog.zeit.de\/stoerungsmelder\/wp-json\/wp\/v2\/posts\/79\/revisions"}],"wp:attachment":[{"href":"https:\/\/blog.zeit.de\/stoerungsmelder\/wp-json\/wp\/v2\/media?parent=79"}],"wp:term":[{"taxonomy":"category","embeddable":true,"href":"https:\/\/blog.zeit.de\/stoerungsmelder\/wp-json\/wp\/v2\/categories?post=79"},{"taxonomy":"post_tag","embeddable":true,"href":"https:\/\/blog.zeit.de\/stoerungsmelder\/wp-json\/wp\/v2\/tags?post=79"}],"curies":[{"name":"wp","href":"https:\/\/api.w.org\/{rel}","templated":true}]}}