{"id":7917,"date":"2012-01-17T16:54:41","date_gmt":"2012-01-17T15:54:41","guid":{"rendered":"http:\/\/blog.zeit.de\/stoerungsmelder\/?p=7917"},"modified":"2017-07-08T16:37:54","modified_gmt":"2017-07-08T14:37:54","slug":"arger-um-auserung-von-csu-politiker-zur-nsu-mordserie","status":"publish","type":"post","link":"https:\/\/blog.zeit.de\/stoerungsmelder\/2012\/01\/17\/arger-um-auserung-von-csu-politiker-zur-nsu-mordserie_7917","title":{"rendered":"\u00c4rger um \u00c4u\u00dferung von CSU-Politiker zur NSU-Mordserie"},"content":{"rendered":"<p><a href=\"https:\/\/blog.zeit.de\/stoerungsmelder\/files\/2012\/01\/uhl.jpg\"><img loading=\"lazy\" decoding=\"async\" class=\"aligncenter size-full wp-image-7918\" src=\"https:\/\/blog.zeit.de\/stoerungsmelder\/files\/2012\/01\/uhl.jpg\" alt=\"\" width=\"540\" height=\"248\" srcset=\"https:\/\/blog.zeit.de\/stoerungsmelder\/files\/2012\/01\/uhl.jpg 627w, https:\/\/blog.zeit.de\/stoerungsmelder\/files\/2012\/01\/uhl-300x137.jpg 300w\" sizes=\"auto, (max-width: 540px) 100vw, 540px\" \/><\/a><\/p>\n<p>Der CSU-Politiker Hans-Peter Uhl steht nach seinem Auftritt bei einer Podiumsdiskussion in der Kritik. In Bezug auf die Neonazi-Mordserie soll er unter anderem gesagt haben: &#8222;Eine gute und vern\u00fcnftige Einwanderungspolitik muss zum Ziel haben, dass keine Kampfgruppen am rechten Rand entstehen. [&#8230;] Der soziale Frieden d\u00fcrfe nicht gef\u00e4hrdet werden&#8220;. Es n\u00fctze nichts, wenn man die ganze Welt umarme, dabei aber die eigenen B\u00fcrger aus den Augen verliere. Die Seite <a href=\"http:\/\/www.migazin.de\/2012\/01\/16\/neonazi-opfer-schuld-tod-hans-peter-uhl\/\">&#8222;Migazin&#8220;<\/a> griff die Meldung auf und fragte provozierend: &#8222;Sind die Neonazi-Opfer selbst Schuld an ihrem Tod, Herr Uhl?&#8220; Seither l\u00e4uft im Netz eine hitzige Diskussion um Uhls Aussagen. Das <a href=\"http:\/\/wissen.dradio.de\/sicherheitspolitik-uhl-kritisiert-zentraldatei-fuer.33.de.html?dram:article_id=14562\">Deutschlandradio-Wissen<\/a> hat dazu ebenfalls einen lesenswerten Artikel ver\u00f6ffentlicht.Das B\u00fcro von Uhl verschickte am Dienstag eine eigene Erkl\u00e4rung zu den Vorw\u00fcrfen, die wir an dieser Stelle dokumentieren:<!--more--><\/p>\n<p><em><span style=\"font-size: x-small\">Selbstverst\u00e4ndlich sind im demokratischen Rechtsstaat schwere Straftaten niemals eine legitime oder nachvollziehbare Antwort auf eine wom\u00f6glich verfehlte Politik.<\/span><\/em><\/p>\n<p>Auf einer Podiumsdiskussion der Hochschule f\u00fcr Philosophie zum Umgang mit Fl\u00fcchtlingen hatte Dr. Uhl die asylpolitischen Erfahrungen in Deutschland gegen Kritik verteidigt. Die Einzelfallpr\u00fcfung von Asylantr\u00e4gen sei ein bew\u00e4hrtes Prinzip. F\u00fcr Kriegs- und B\u00fcrgerkriegsfl\u00fcchtlinge gebe es subsidi\u00e4re Schutzm\u00f6glichkeiten. Die Antwort auf weltweite Missst\u00e4nde k\u00f6nne jedoch nicht lauten ,Macht hoch die T\u00fcr, die Tor macht weit&#8216;. Eine vern\u00fcnftige Asylpolitik d\u00fcrfe keine falschen Anreize f\u00fcr Armutsmigration setzen. Generell d\u00fcrfe Zuwanderung nicht die Integrationsf\u00e4higkeit der aufnehmenden Gesellschaft und den sozialen Frieden gef\u00e4hrden.<\/p>\n<p>Nachdem ein Diskussionsteilnehmer den Begriff &#8222;Kampfgruppen&#8220; eingef\u00fchrt hatte, sinngem\u00e4\u00df mit der Aussage, fr\u00fcher habe es politische Kampfgruppen zugunsten von Migranten gegeben, griff Dr. Uhl diesen Begriff sp\u00e4ter auf und bezeichnete es u.a. als Anliegen der Politik, das Entstehen von Kampfgruppen rechtsextremistischer Orientierung zu verhindern.<\/p>\n<p>Es liegt Herrn Dr. Uhl v\u00f6llig fern, Einwanderern eine Schuld an ihrer Ermordung zu geben. Es gibt keinerlei Legitimation f\u00fcr die verabscheuungsw\u00fcrdigen Mordtaten der Rechtsterroristen.<br \/>\nEine derartige Intention zu unterstellen ist abwegig und scheint auf einer mutwilligen Fehlinterpretation zu basieren.<\/p>\n","protected":false},"excerpt":{"rendered":"<p>Der CSU-Politiker Hans-Peter Uhl steht nach seinem Auftritt bei einer Podiumsdiskussion in der Kritik. In Bezug auf die Neonazi-Mordserie soll er unter anderem gesagt haben: &#8222;Eine gute und vern\u00fcnftige Einwanderungspolitik muss zum Ziel haben, dass keine Kampfgruppen am rechten Rand entstehen. [&#8230;] Der soziale Frieden d\u00fcrfe nicht gef\u00e4hrdet werden&#8220;. Es n\u00fctze nichts, wenn man die [&hellip;]<\/p>\n","protected":false},"author":229,"featured_media":0,"comment_status":"open","ping_status":"open","sticky":false,"template":"","format":"standard","meta":{"_jetpack_memberships_contains_paid_content":false,"footnotes":""},"categories":[1515],"tags":[903,12752,97,1755],"class_list":["post-7917","post","type-post","status-publish","format-standard","hentry","category-bundesweit","tag-csu","tag-nsu","tag-rassismus","tag-rechte-gewalt"],"yoast_head":"<!-- This site is optimized with the Yoast SEO plugin v21.0 - https:\/\/yoast.com\/wordpress\/plugins\/seo\/ -->\n<title>\u00c4rger um \u00c4u\u00dferung von CSU-Politiker zur NSU-Mordserie - St\u00f6rungsmelder<\/title>\n<meta name=\"robots\" content=\"index, follow, max-snippet:-1, max-image-preview:large, max-video-preview:-1\" \/>\n<link rel=\"canonical\" href=\"https:\/\/blog.zeit.de\/stoerungsmelder\/2012\/01\/17\/arger-um-auserung-von-csu-politiker-zur-nsu-mordserie_7917\" \/>\n<meta property=\"og:locale\" content=\"de_DE\" \/>\n<meta property=\"og:type\" content=\"article\" \/>\n<meta property=\"og:title\" content=\"\u00c4rger um \u00c4u\u00dferung von CSU-Politiker zur NSU-Mordserie - St\u00f6rungsmelder\" \/>\n<meta property=\"og:description\" content=\"Der CSU-Politiker Hans-Peter Uhl steht nach seinem Auftritt bei einer Podiumsdiskussion in der Kritik. In Bezug auf die Neonazi-Mordserie soll er unter anderem gesagt haben: &#8222;Eine gute und vern\u00fcnftige Einwanderungspolitik muss zum Ziel haben, dass keine Kampfgruppen am rechten Rand entstehen. [&#8230;] Der soziale Frieden d\u00fcrfe nicht gef\u00e4hrdet werden&#8220;. Es n\u00fctze nichts, wenn man die [&hellip;]\" \/>\n<meta property=\"og:url\" content=\"https:\/\/blog.zeit.de\/stoerungsmelder\/2012\/01\/17\/arger-um-auserung-von-csu-politiker-zur-nsu-mordserie_7917\" \/>\n<meta property=\"og:site_name\" content=\"St\u00f6rungsmelder\" \/>\n<meta property=\"article:published_time\" content=\"2012-01-17T15:54:41+00:00\" \/>\n<meta property=\"article:modified_time\" content=\"2017-07-08T14:37:54+00:00\" \/>\n<meta property=\"og:image\" content=\"https:\/\/blog.zeit.de\/stoerungsmelder\/files\/2012\/01\/uhl.jpg\" \/>\n<meta name=\"author\" content=\"St\u00f6rungsmelder\" \/>\n<meta name=\"twitter:card\" content=\"summary_large_image\" \/>\n<meta name=\"twitter:label1\" content=\"Geschrieben von\" \/>\n\t<meta name=\"twitter:data1\" content=\"St\u00f6rungsmelder\" \/>\n\t<meta name=\"twitter:label2\" content=\"Gesch\u00e4tzte Lesezeit\" \/>\n\t<meta name=\"twitter:data2\" content=\"2\u00a0Minuten\" \/>\n<script type=\"application\/ld+json\" class=\"yoast-schema-graph\">{\"@context\":\"https:\/\/schema.org\",\"@graph\":[{\"@type\":\"WebPage\",\"@id\":\"https:\/\/blog.zeit.de\/stoerungsmelder\/2012\/01\/17\/arger-um-auserung-von-csu-politiker-zur-nsu-mordserie_7917\",\"url\":\"https:\/\/blog.zeit.de\/stoerungsmelder\/2012\/01\/17\/arger-um-auserung-von-csu-politiker-zur-nsu-mordserie_7917\",\"name\":\"\u00c4rger um \u00c4u\u00dferung von CSU-Politiker zur NSU-Mordserie - St\u00f6rungsmelder\",\"isPartOf\":{\"@id\":\"https:\/\/blog.zeit.de\/stoerungsmelder\/#website\"},\"datePublished\":\"2012-01-17T15:54:41+00:00\",\"dateModified\":\"2017-07-08T14:37:54+00:00\",\"author\":{\"@id\":\"https:\/\/blog.zeit.de\/stoerungsmelder\/#\/schema\/person\/fdd0b9818f65738672810b6d6f037f71\"},\"breadcrumb\":{\"@id\":\"https:\/\/blog.zeit.de\/stoerungsmelder\/2012\/01\/17\/arger-um-auserung-von-csu-politiker-zur-nsu-mordserie_7917#breadcrumb\"},\"inLanguage\":\"de\",\"potentialAction\":[{\"@type\":\"ReadAction\",\"target\":[\"https:\/\/blog.zeit.de\/stoerungsmelder\/2012\/01\/17\/arger-um-auserung-von-csu-politiker-zur-nsu-mordserie_7917\"]}]},{\"@type\":\"BreadcrumbList\",\"@id\":\"https:\/\/blog.zeit.de\/stoerungsmelder\/2012\/01\/17\/arger-um-auserung-von-csu-politiker-zur-nsu-mordserie_7917#breadcrumb\",\"itemListElement\":[{\"@type\":\"ListItem\",\"position\":1,\"name\":\"Startseite\",\"item\":\"https:\/\/blog.zeit.de\/stoerungsmelder\"},{\"@type\":\"ListItem\",\"position\":2,\"name\":\"\u00c4rger um \u00c4u\u00dferung von CSU-Politiker zur NSU-Mordserie\"}]},{\"@type\":\"WebSite\",\"@id\":\"https:\/\/blog.zeit.de\/stoerungsmelder\/#website\",\"url\":\"https:\/\/blog.zeit.de\/stoerungsmelder\/\",\"name\":\"St\u00f6rungsmelder\",\"description\":\"Recherchen und Analysen \u00fcber die extreme Rechte\",\"potentialAction\":[{\"@type\":\"SearchAction\",\"target\":{\"@type\":\"EntryPoint\",\"urlTemplate\":\"https:\/\/blog.zeit.de\/stoerungsmelder\/?s={search_term_string}\"},\"query-input\":\"required name=search_term_string\"}],\"inLanguage\":\"de\"},{\"@type\":\"Person\",\"@id\":\"https:\/\/blog.zeit.de\/stoerungsmelder\/#\/schema\/person\/fdd0b9818f65738672810b6d6f037f71\",\"name\":\"St\u00f6rungsmelder\",\"image\":{\"@type\":\"ImageObject\",\"inLanguage\":\"de\",\"@id\":\"https:\/\/blog.zeit.de\/stoerungsmelder\/#\/schema\/person\/image\/\",\"url\":\"https:\/\/secure.gravatar.com\/avatar\/dfa4be514c3e82a71e4f9a0020035d38192d080ccaa5e4e6d7a1472c763535c5?s=96&d=mm&r=pg\",\"contentUrl\":\"https:\/\/secure.gravatar.com\/avatar\/dfa4be514c3e82a71e4f9a0020035d38192d080ccaa5e4e6d7a1472c763535c5?s=96&d=mm&r=pg\",\"caption\":\"St\u00f6rungsmelder\"},\"url\":\"https:\/\/blog.zeit.de\/stoerungsmelder\/author\/stoerungsmelder\"}]}<\/script>\n<!-- \/ Yoast SEO plugin. -->","yoast_head_json":{"title":"\u00c4rger um \u00c4u\u00dferung von CSU-Politiker zur NSU-Mordserie - St\u00f6rungsmelder","robots":{"index":"index","follow":"follow","max-snippet":"max-snippet:-1","max-image-preview":"max-image-preview:large","max-video-preview":"max-video-preview:-1"},"canonical":"https:\/\/blog.zeit.de\/stoerungsmelder\/2012\/01\/17\/arger-um-auserung-von-csu-politiker-zur-nsu-mordserie_7917","og_locale":"de_DE","og_type":"article","og_title":"\u00c4rger um \u00c4u\u00dferung von CSU-Politiker zur NSU-Mordserie - St\u00f6rungsmelder","og_description":"Der CSU-Politiker Hans-Peter Uhl steht nach seinem Auftritt bei einer Podiumsdiskussion in der Kritik. In Bezug auf die Neonazi-Mordserie soll er unter anderem gesagt haben: &#8222;Eine gute und vern\u00fcnftige Einwanderungspolitik muss zum Ziel haben, dass keine Kampfgruppen am rechten Rand entstehen. [&#8230;] Der soziale Frieden d\u00fcrfe nicht gef\u00e4hrdet werden&#8220;. Es n\u00fctze nichts, wenn man die [&hellip;]","og_url":"https:\/\/blog.zeit.de\/stoerungsmelder\/2012\/01\/17\/arger-um-auserung-von-csu-politiker-zur-nsu-mordserie_7917","og_site_name":"St\u00f6rungsmelder","article_published_time":"2012-01-17T15:54:41+00:00","article_modified_time":"2017-07-08T14:37:54+00:00","og_image":[{"url":"https:\/\/blog.zeit.de\/stoerungsmelder\/files\/2012\/01\/uhl.jpg"}],"author":"St\u00f6rungsmelder","twitter_card":"summary_large_image","twitter_misc":{"Geschrieben von":"St\u00f6rungsmelder","Gesch\u00e4tzte Lesezeit":"2\u00a0Minuten"},"schema":{"@context":"https:\/\/schema.org","@graph":[{"@type":"WebPage","@id":"https:\/\/blog.zeit.de\/stoerungsmelder\/2012\/01\/17\/arger-um-auserung-von-csu-politiker-zur-nsu-mordserie_7917","url":"https:\/\/blog.zeit.de\/stoerungsmelder\/2012\/01\/17\/arger-um-auserung-von-csu-politiker-zur-nsu-mordserie_7917","name":"\u00c4rger um \u00c4u\u00dferung von CSU-Politiker zur NSU-Mordserie - St\u00f6rungsmelder","isPartOf":{"@id":"https:\/\/blog.zeit.de\/stoerungsmelder\/#website"},"datePublished":"2012-01-17T15:54:41+00:00","dateModified":"2017-07-08T14:37:54+00:00","author":{"@id":"https:\/\/blog.zeit.de\/stoerungsmelder\/#\/schema\/person\/fdd0b9818f65738672810b6d6f037f71"},"breadcrumb":{"@id":"https:\/\/blog.zeit.de\/stoerungsmelder\/2012\/01\/17\/arger-um-auserung-von-csu-politiker-zur-nsu-mordserie_7917#breadcrumb"},"inLanguage":"de","potentialAction":[{"@type":"ReadAction","target":["https:\/\/blog.zeit.de\/stoerungsmelder\/2012\/01\/17\/arger-um-auserung-von-csu-politiker-zur-nsu-mordserie_7917"]}]},{"@type":"BreadcrumbList","@id":"https:\/\/blog.zeit.de\/stoerungsmelder\/2012\/01\/17\/arger-um-auserung-von-csu-politiker-zur-nsu-mordserie_7917#breadcrumb","itemListElement":[{"@type":"ListItem","position":1,"name":"Startseite","item":"https:\/\/blog.zeit.de\/stoerungsmelder"},{"@type":"ListItem","position":2,"name":"\u00c4rger um \u00c4u\u00dferung von CSU-Politiker zur NSU-Mordserie"}]},{"@type":"WebSite","@id":"https:\/\/blog.zeit.de\/stoerungsmelder\/#website","url":"https:\/\/blog.zeit.de\/stoerungsmelder\/","name":"St\u00f6rungsmelder","description":"Recherchen und Analysen \u00fcber die extreme Rechte","potentialAction":[{"@type":"SearchAction","target":{"@type":"EntryPoint","urlTemplate":"https:\/\/blog.zeit.de\/stoerungsmelder\/?s={search_term_string}"},"query-input":"required name=search_term_string"}],"inLanguage":"de"},{"@type":"Person","@id":"https:\/\/blog.zeit.de\/stoerungsmelder\/#\/schema\/person\/fdd0b9818f65738672810b6d6f037f71","name":"St\u00f6rungsmelder","image":{"@type":"ImageObject","inLanguage":"de","@id":"https:\/\/blog.zeit.de\/stoerungsmelder\/#\/schema\/person\/image\/","url":"https:\/\/secure.gravatar.com\/avatar\/dfa4be514c3e82a71e4f9a0020035d38192d080ccaa5e4e6d7a1472c763535c5?s=96&d=mm&r=pg","contentUrl":"https:\/\/secure.gravatar.com\/avatar\/dfa4be514c3e82a71e4f9a0020035d38192d080ccaa5e4e6d7a1472c763535c5?s=96&d=mm&r=pg","caption":"St\u00f6rungsmelder"},"url":"https:\/\/blog.zeit.de\/stoerungsmelder\/author\/stoerungsmelder"}]}},"jetpack_featured_media_url":"","jetpack_sharing_enabled":true,"_links":{"self":[{"href":"https:\/\/blog.zeit.de\/stoerungsmelder\/wp-json\/wp\/v2\/posts\/7917","targetHints":{"allow":["GET"]}}],"collection":[{"href":"https:\/\/blog.zeit.de\/stoerungsmelder\/wp-json\/wp\/v2\/posts"}],"about":[{"href":"https:\/\/blog.zeit.de\/stoerungsmelder\/wp-json\/wp\/v2\/types\/post"}],"author":[{"embeddable":true,"href":"https:\/\/blog.zeit.de\/stoerungsmelder\/wp-json\/wp\/v2\/users\/229"}],"replies":[{"embeddable":true,"href":"https:\/\/blog.zeit.de\/stoerungsmelder\/wp-json\/wp\/v2\/comments?post=7917"}],"version-history":[{"count":8,"href":"https:\/\/blog.zeit.de\/stoerungsmelder\/wp-json\/wp\/v2\/posts\/7917\/revisions"}],"predecessor-version":[{"id":24126,"href":"https:\/\/blog.zeit.de\/stoerungsmelder\/wp-json\/wp\/v2\/posts\/7917\/revisions\/24126"}],"wp:attachment":[{"href":"https:\/\/blog.zeit.de\/stoerungsmelder\/wp-json\/wp\/v2\/media?parent=7917"}],"wp:term":[{"taxonomy":"category","embeddable":true,"href":"https:\/\/blog.zeit.de\/stoerungsmelder\/wp-json\/wp\/v2\/categories?post=7917"},{"taxonomy":"post_tag","embeddable":true,"href":"https:\/\/blog.zeit.de\/stoerungsmelder\/wp-json\/wp\/v2\/tags?post=7917"}],"curies":[{"name":"wp","href":"https:\/\/api.w.org\/{rel}","templated":true}]}}