{"id":7937,"date":"2012-01-23T14:01:48","date_gmt":"2012-01-23T13:01:48","guid":{"rendered":"http:\/\/blog.zeit.de\/stoerungsmelder\/?p=7937"},"modified":"2012-01-23T18:52:57","modified_gmt":"2012-01-23T17:52:57","slug":"audio-interview-es-war-unser-ding%e2%80%a6%e2%80%9c","status":"publish","type":"post","link":"https:\/\/blog.zeit.de\/stoerungsmelder\/2012\/01\/23\/audio-interview-es-war-unser-ding%e2%80%a6%e2%80%9c_7937","title":{"rendered":"Audio-Interview: &#8222;Es war unser Ding\u2026\u201c"},"content":{"rendered":"<p><a href=\"https:\/\/blog.zeit.de\/stoerungsmelder\/files\/2012\/01\/image_145661_detail.jpg\"><img loading=\"lazy\" decoding=\"async\" class=\"aligncenter size-full wp-image-7943\" src=\"https:\/\/blog.zeit.de\/stoerungsmelder\/files\/2012\/01\/image_145661_detail.jpg\" alt=\"\" width=\"330\" height=\"229\" srcset=\"https:\/\/blog.zeit.de\/stoerungsmelder\/files\/2012\/01\/image_145661_detail.jpg 330w, https:\/\/blog.zeit.de\/stoerungsmelder\/files\/2012\/01\/image_145661_detail-300x208.jpg 300w\" sizes=\"auto, (max-width: 330px) 100vw, 330px\" \/><\/a><\/p>\n<p>Kutlu Yurtseven geh\u00f6rt zur zweiten Generation t\u00fcrkischer Einwanderer in Deutschland und ist von Beginn an Mitglied der Microphone Mafia, einer K\u00f6lner Rap-Gruppe, die seit Ende der 1980er Jahre Musik macht. Weit entfernt von den \u00fcblichen Klischees macht die Gruppe politisch gepr\u00e4gten Rap, der sich mit Themen wie Rassismus, Neonazis und der Situation von Migranten in Deutschland besch\u00e4ftigt. 2009 entstand gemeinsam mit der Auschwitz\u00fcberlebenden Esther Bejarano die Platte Per la Vita, auf der alle Beteiligten ihre sehr unterschiedlichen Hintergr\u00fcnde in einem gemeinsamen Musik-Projekt verbanden.<!--more--><\/p>\n<p>Jugendliche Subkulturen pr\u00e4gten teils ganze Generationen und waren als Gegenkulturen immer auch Artikulationsm\u00f6glichkeit junger Menschen. Durch eigene Kleidungsstile, eigene Musik oder Kunstformen konnten Jugendliche so ihren Protest \u00e4u\u00dfern und sich ein St\u00fcck weit von der Mehrheitsgesellschaft abgrenzen.<\/p>\n<p>Eine Subkultur, die heute kaum noch aus dem Erscheinungsbild deutscher St\u00e4dte oder den Charts wegzudenken ist, ist HipHop. Sp\u00e4testens mit den 1980er Jahren schwappte diese von jungen Migranten und Afro-Amerikanern in den USA entwickelte Subkultur nach Deutschland und war besonders in ihren Anf\u00e4ngen von jungen Deutschen mit Migrationshintergrund gepr\u00e4gt. Besonders Rap ist heute fast allgegenw\u00e4rtig und aus seiner subkulturellen Existenz angekommen.<\/p>\n<p>Gerade Anfang der 1990er Jahre, im Klima rassistischer Ausschreitungen in Deutschland, wurde unter anderem durch Bands wie Advanced Chemistry oder der Microphone Mafia die gemachten Erfahrungen, als Migranten in Deutschland zu leben, in ihren Texten verarbeitet.<\/p>\n<p>Felix M. Steiner sprach mit Kutlu Yurtseven \u00fcber die Entstehung der Microphone Mafia, die Bedeutung der Subkultur f\u00fcr die eigene Identit\u00e4t, das gemeinsame Projekt mit Esther Bejarano und \u00fcber die Situation in K\u00f6ln nach der Aufdeckung des rechtsextremen Terrors.<\/p>\n<p><a href=\"https:\/\/blog.zeit.de\/stoerungsmelder\/files\/2012\/01\/Frage-1-Norm.mp3\">Teil 1<\/a><\/p>\n<p><a href=\"https:\/\/blog.zeit.de\/stoerungsmelder\/files\/2012\/01\/Frage-2-Norm.mp3\">Teil 2<\/a><\/p>\n<p><a href=\"https:\/\/blog.zeit.de\/stoerungsmelder\/files\/2012\/01\/Frage-3-Norm.mp3\">Teil 3<\/a><\/p>\n<p><a href=\"https:\/\/blog.zeit.de\/stoerungsmelder\/files\/2012\/01\/Frage-4-Norm-lang.mp3\">Teil 4<\/a><\/p>\n<p><a href=\"https:\/\/blog.zeit.de\/stoerungsmelder\/files\/2012\/01\/Frage-5-Norm.mp3\">Teil 5<\/a><\/p>\n<p>Felix M. Steiner ist Mitarbeiter des <a href=\"http:\/\/www.demokratie-goettingen.de\">G\u00f6ttinger Instituts f\u00fcr Demokratieforschung<\/a><\/p>\n","protected":false},"excerpt":{"rendered":"<p>Kutlu Yurtseven geh\u00f6rt zur zweiten Generation t\u00fcrkischer Einwanderer in Deutschland und ist von Beginn an Mitglied der Microphone Mafia, einer K\u00f6lner Rap-Gruppe, die seit Ende der 1980er Jahre Musik macht. Weit entfernt von den \u00fcblichen Klischees macht die Gruppe politisch gepr\u00e4gten Rap, der sich mit Themen wie Rassismus, Neonazis und der Situation von Migranten in [&hellip;]<\/p>\n","protected":false},"author":229,"featured_media":0,"comment_status":"open","ping_status":"open","sticky":false,"template":"","format":"standard","meta":{"_jetpack_memberships_contains_paid_content":false,"footnotes":""},"categories":[1515],"tags":[1633,12789,97],"class_list":["post-7937","post","type-post","status-publish","format-standard","hentry","category-bundesweit","tag-jugendkultur","tag-kutlu-yurtseven","tag-rassismus"],"yoast_head":"<!-- This site is optimized with the Yoast SEO plugin v21.0 - https:\/\/yoast.com\/wordpress\/plugins\/seo\/ -->\n<title>Audio-Interview: &quot;Es war unser Ding\u2026\u201c - St\u00f6rungsmelder<\/title>\n<meta name=\"robots\" content=\"index, follow, max-snippet:-1, max-image-preview:large, max-video-preview:-1\" \/>\n<link rel=\"canonical\" href=\"https:\/\/blog.zeit.de\/stoerungsmelder\/2012\/01\/23\/audio-interview-es-war-unser-ding\u2026\u201c_7937\" \/>\n<meta property=\"og:locale\" content=\"de_DE\" \/>\n<meta property=\"og:type\" content=\"article\" \/>\n<meta property=\"og:title\" content=\"Audio-Interview: &quot;Es war unser Ding\u2026\u201c - St\u00f6rungsmelder\" \/>\n<meta property=\"og:description\" content=\"Kutlu Yurtseven geh\u00f6rt zur zweiten Generation t\u00fcrkischer Einwanderer in Deutschland und ist von Beginn an Mitglied der Microphone Mafia, einer K\u00f6lner Rap-Gruppe, die seit Ende der 1980er Jahre Musik macht. Weit entfernt von den \u00fcblichen Klischees macht die Gruppe politisch gepr\u00e4gten Rap, der sich mit Themen wie Rassismus, Neonazis und der Situation von Migranten in [&hellip;]\" \/>\n<meta property=\"og:url\" content=\"https:\/\/blog.zeit.de\/stoerungsmelder\/2012\/01\/23\/audio-interview-es-war-unser-ding\u2026\u201c_7937\" \/>\n<meta property=\"og:site_name\" content=\"St\u00f6rungsmelder\" \/>\n<meta property=\"article:published_time\" content=\"2012-01-23T13:01:48+00:00\" \/>\n<meta property=\"article:modified_time\" content=\"2012-01-23T17:52:57+00:00\" \/>\n<meta property=\"og:image\" content=\"https:\/\/blog.zeit.de\/stoerungsmelder\/files\/2012\/01\/image_145661_detail.jpg\" \/>\n<meta name=\"author\" content=\"St\u00f6rungsmelder\" \/>\n<meta name=\"twitter:card\" content=\"summary_large_image\" \/>\n<meta name=\"twitter:label1\" content=\"Geschrieben von\" \/>\n\t<meta name=\"twitter:data1\" content=\"St\u00f6rungsmelder\" \/>\n\t<meta name=\"twitter:label2\" content=\"Gesch\u00e4tzte Lesezeit\" \/>\n\t<meta name=\"twitter:data2\" content=\"1\u00a0Minute\" \/>\n<script type=\"application\/ld+json\" class=\"yoast-schema-graph\">{\"@context\":\"https:\/\/schema.org\",\"@graph\":[{\"@type\":\"WebPage\",\"@id\":\"https:\/\/blog.zeit.de\/stoerungsmelder\/2012\/01\/23\/audio-interview-es-war-unser-ding%e2%80%a6%e2%80%9c_7937\",\"url\":\"https:\/\/blog.zeit.de\/stoerungsmelder\/2012\/01\/23\/audio-interview-es-war-unser-ding%e2%80%a6%e2%80%9c_7937\",\"name\":\"Audio-Interview: \\\"Es war unser Ding\u2026\u201c - St\u00f6rungsmelder\",\"isPartOf\":{\"@id\":\"https:\/\/blog.zeit.de\/stoerungsmelder\/#website\"},\"datePublished\":\"2012-01-23T13:01:48+00:00\",\"dateModified\":\"2012-01-23T17:52:57+00:00\",\"author\":{\"@id\":\"https:\/\/blog.zeit.de\/stoerungsmelder\/#\/schema\/person\/fdd0b9818f65738672810b6d6f037f71\"},\"breadcrumb\":{\"@id\":\"https:\/\/blog.zeit.de\/stoerungsmelder\/2012\/01\/23\/audio-interview-es-war-unser-ding%e2%80%a6%e2%80%9c_7937#breadcrumb\"},\"inLanguage\":\"de\",\"potentialAction\":[{\"@type\":\"ReadAction\",\"target\":[\"https:\/\/blog.zeit.de\/stoerungsmelder\/2012\/01\/23\/audio-interview-es-war-unser-ding%e2%80%a6%e2%80%9c_7937\"]}]},{\"@type\":\"BreadcrumbList\",\"@id\":\"https:\/\/blog.zeit.de\/stoerungsmelder\/2012\/01\/23\/audio-interview-es-war-unser-ding%e2%80%a6%e2%80%9c_7937#breadcrumb\",\"itemListElement\":[{\"@type\":\"ListItem\",\"position\":1,\"name\":\"Startseite\",\"item\":\"https:\/\/blog.zeit.de\/stoerungsmelder\"},{\"@type\":\"ListItem\",\"position\":2,\"name\":\"Audio-Interview: &#8222;Es war unser Ding\u2026\u201c\"}]},{\"@type\":\"WebSite\",\"@id\":\"https:\/\/blog.zeit.de\/stoerungsmelder\/#website\",\"url\":\"https:\/\/blog.zeit.de\/stoerungsmelder\/\",\"name\":\"St\u00f6rungsmelder\",\"description\":\"Recherchen und Analysen \u00fcber die extreme Rechte\",\"potentialAction\":[{\"@type\":\"SearchAction\",\"target\":{\"@type\":\"EntryPoint\",\"urlTemplate\":\"https:\/\/blog.zeit.de\/stoerungsmelder\/?s={search_term_string}\"},\"query-input\":\"required name=search_term_string\"}],\"inLanguage\":\"de\"},{\"@type\":\"Person\",\"@id\":\"https:\/\/blog.zeit.de\/stoerungsmelder\/#\/schema\/person\/fdd0b9818f65738672810b6d6f037f71\",\"name\":\"St\u00f6rungsmelder\",\"image\":{\"@type\":\"ImageObject\",\"inLanguage\":\"de\",\"@id\":\"https:\/\/blog.zeit.de\/stoerungsmelder\/#\/schema\/person\/image\/\",\"url\":\"https:\/\/secure.gravatar.com\/avatar\/dfa4be514c3e82a71e4f9a0020035d38192d080ccaa5e4e6d7a1472c763535c5?s=96&d=mm&r=pg\",\"contentUrl\":\"https:\/\/secure.gravatar.com\/avatar\/dfa4be514c3e82a71e4f9a0020035d38192d080ccaa5e4e6d7a1472c763535c5?s=96&d=mm&r=pg\",\"caption\":\"St\u00f6rungsmelder\"},\"url\":\"https:\/\/blog.zeit.de\/stoerungsmelder\/author\/stoerungsmelder\"}]}<\/script>\n<!-- \/ Yoast SEO plugin. -->","yoast_head_json":{"title":"Audio-Interview: \"Es war unser Ding\u2026\u201c - St\u00f6rungsmelder","robots":{"index":"index","follow":"follow","max-snippet":"max-snippet:-1","max-image-preview":"max-image-preview:large","max-video-preview":"max-video-preview:-1"},"canonical":"https:\/\/blog.zeit.de\/stoerungsmelder\/2012\/01\/23\/audio-interview-es-war-unser-ding\u2026\u201c_7937","og_locale":"de_DE","og_type":"article","og_title":"Audio-Interview: \"Es war unser Ding\u2026\u201c - St\u00f6rungsmelder","og_description":"Kutlu Yurtseven geh\u00f6rt zur zweiten Generation t\u00fcrkischer Einwanderer in Deutschland und ist von Beginn an Mitglied der Microphone Mafia, einer K\u00f6lner Rap-Gruppe, die seit Ende der 1980er Jahre Musik macht. Weit entfernt von den \u00fcblichen Klischees macht die Gruppe politisch gepr\u00e4gten Rap, der sich mit Themen wie Rassismus, Neonazis und der Situation von Migranten in [&hellip;]","og_url":"https:\/\/blog.zeit.de\/stoerungsmelder\/2012\/01\/23\/audio-interview-es-war-unser-ding\u2026\u201c_7937","og_site_name":"St\u00f6rungsmelder","article_published_time":"2012-01-23T13:01:48+00:00","article_modified_time":"2012-01-23T17:52:57+00:00","og_image":[{"url":"https:\/\/blog.zeit.de\/stoerungsmelder\/files\/2012\/01\/image_145661_detail.jpg"}],"author":"St\u00f6rungsmelder","twitter_card":"summary_large_image","twitter_misc":{"Geschrieben von":"St\u00f6rungsmelder","Gesch\u00e4tzte Lesezeit":"1\u00a0Minute"},"schema":{"@context":"https:\/\/schema.org","@graph":[{"@type":"WebPage","@id":"https:\/\/blog.zeit.de\/stoerungsmelder\/2012\/01\/23\/audio-interview-es-war-unser-ding%e2%80%a6%e2%80%9c_7937","url":"https:\/\/blog.zeit.de\/stoerungsmelder\/2012\/01\/23\/audio-interview-es-war-unser-ding%e2%80%a6%e2%80%9c_7937","name":"Audio-Interview: \"Es war unser Ding\u2026\u201c - St\u00f6rungsmelder","isPartOf":{"@id":"https:\/\/blog.zeit.de\/stoerungsmelder\/#website"},"datePublished":"2012-01-23T13:01:48+00:00","dateModified":"2012-01-23T17:52:57+00:00","author":{"@id":"https:\/\/blog.zeit.de\/stoerungsmelder\/#\/schema\/person\/fdd0b9818f65738672810b6d6f037f71"},"breadcrumb":{"@id":"https:\/\/blog.zeit.de\/stoerungsmelder\/2012\/01\/23\/audio-interview-es-war-unser-ding%e2%80%a6%e2%80%9c_7937#breadcrumb"},"inLanguage":"de","potentialAction":[{"@type":"ReadAction","target":["https:\/\/blog.zeit.de\/stoerungsmelder\/2012\/01\/23\/audio-interview-es-war-unser-ding%e2%80%a6%e2%80%9c_7937"]}]},{"@type":"BreadcrumbList","@id":"https:\/\/blog.zeit.de\/stoerungsmelder\/2012\/01\/23\/audio-interview-es-war-unser-ding%e2%80%a6%e2%80%9c_7937#breadcrumb","itemListElement":[{"@type":"ListItem","position":1,"name":"Startseite","item":"https:\/\/blog.zeit.de\/stoerungsmelder"},{"@type":"ListItem","position":2,"name":"Audio-Interview: &#8222;Es war unser Ding\u2026\u201c"}]},{"@type":"WebSite","@id":"https:\/\/blog.zeit.de\/stoerungsmelder\/#website","url":"https:\/\/blog.zeit.de\/stoerungsmelder\/","name":"St\u00f6rungsmelder","description":"Recherchen und Analysen \u00fcber die extreme Rechte","potentialAction":[{"@type":"SearchAction","target":{"@type":"EntryPoint","urlTemplate":"https:\/\/blog.zeit.de\/stoerungsmelder\/?s={search_term_string}"},"query-input":"required name=search_term_string"}],"inLanguage":"de"},{"@type":"Person","@id":"https:\/\/blog.zeit.de\/stoerungsmelder\/#\/schema\/person\/fdd0b9818f65738672810b6d6f037f71","name":"St\u00f6rungsmelder","image":{"@type":"ImageObject","inLanguage":"de","@id":"https:\/\/blog.zeit.de\/stoerungsmelder\/#\/schema\/person\/image\/","url":"https:\/\/secure.gravatar.com\/avatar\/dfa4be514c3e82a71e4f9a0020035d38192d080ccaa5e4e6d7a1472c763535c5?s=96&d=mm&r=pg","contentUrl":"https:\/\/secure.gravatar.com\/avatar\/dfa4be514c3e82a71e4f9a0020035d38192d080ccaa5e4e6d7a1472c763535c5?s=96&d=mm&r=pg","caption":"St\u00f6rungsmelder"},"url":"https:\/\/blog.zeit.de\/stoerungsmelder\/author\/stoerungsmelder"}]}},"jetpack_featured_media_url":"","jetpack_sharing_enabled":true,"_links":{"self":[{"href":"https:\/\/blog.zeit.de\/stoerungsmelder\/wp-json\/wp\/v2\/posts\/7937","targetHints":{"allow":["GET"]}}],"collection":[{"href":"https:\/\/blog.zeit.de\/stoerungsmelder\/wp-json\/wp\/v2\/posts"}],"about":[{"href":"https:\/\/blog.zeit.de\/stoerungsmelder\/wp-json\/wp\/v2\/types\/post"}],"author":[{"embeddable":true,"href":"https:\/\/blog.zeit.de\/stoerungsmelder\/wp-json\/wp\/v2\/users\/229"}],"replies":[{"embeddable":true,"href":"https:\/\/blog.zeit.de\/stoerungsmelder\/wp-json\/wp\/v2\/comments?post=7937"}],"version-history":[{"count":6,"href":"https:\/\/blog.zeit.de\/stoerungsmelder\/wp-json\/wp\/v2\/posts\/7937\/revisions"}],"predecessor-version":[{"id":7952,"href":"https:\/\/blog.zeit.de\/stoerungsmelder\/wp-json\/wp\/v2\/posts\/7937\/revisions\/7952"}],"wp:attachment":[{"href":"https:\/\/blog.zeit.de\/stoerungsmelder\/wp-json\/wp\/v2\/media?parent=7937"}],"wp:term":[{"taxonomy":"category","embeddable":true,"href":"https:\/\/blog.zeit.de\/stoerungsmelder\/wp-json\/wp\/v2\/categories?post=7937"},{"taxonomy":"post_tag","embeddable":true,"href":"https:\/\/blog.zeit.de\/stoerungsmelder\/wp-json\/wp\/v2\/tags?post=7937"}],"curies":[{"name":"wp","href":"https:\/\/api.w.org\/{rel}","templated":true}]}}