{"id":7998,"date":"2012-02-08T10:18:04","date_gmt":"2012-02-08T09:18:04","guid":{"rendered":"http:\/\/blog.zeit.de\/stoerungsmelder\/?p=7998"},"modified":"2017-07-08T16:37:49","modified_gmt":"2017-07-08T14:37:49","slug":"lesetipp-militante-neonazis-aus-deutschland-in-sudafrika","status":"publish","type":"post","link":"https:\/\/blog.zeit.de\/stoerungsmelder\/2012\/02\/08\/lesetipp-militante-neonazis-aus-deutschland-in-sudafrika_7998","title":{"rendered":"Lesetipp: Militante Neonazis aus Deutschland in S\u00fcdafrika"},"content":{"rendered":"<p>Die Wochenzeitung Kontext hat einen <a href=\"http:\/\/www.kontextwochenzeitung.de\/newsartikel\/2012\/02\/die-augen-rechts\/\">lesenswerten Artikel<\/a> \u00fcber Verbindungen militanter Neonazis zu ausgewanderten &#8222;Kameraden&#8220; in S\u00fcdafrika ver\u00f6ffentlicht. Auch nach dem Ende der Apartheid sind am Kap der Guten Hoffnung weiterhin Neonazis aktiv. Vor allem solche aus Deutschland. Ein fr\u00fcherer Panzergrenadier der Bundeswehr zum Beispiel, nach dem man gar nicht lange suchen muss. Er hinterl\u00e4sst ganz offen Spuren bis nach Baden-W\u00fcrttemberg.<\/p>\n","protected":false},"excerpt":{"rendered":"<p>Die Wochenzeitung Kontext hat einen lesenswerten Artikel \u00fcber Verbindungen militanter Neonazis zu ausgewanderten &#8222;Kameraden&#8220; in S\u00fcdafrika ver\u00f6ffentlicht. Auch nach dem Ende der Apartheid sind am Kap der Guten Hoffnung weiterhin Neonazis aktiv. Vor allem solche aus Deutschland. Ein fr\u00fcherer Panzergrenadier der Bundeswehr zum Beispiel, nach dem man gar nicht lange suchen muss. Er hinterl\u00e4sst ganz [&hellip;]<\/p>\n","protected":false},"author":229,"featured_media":0,"comment_status":"open","ping_status":"open","sticky":false,"template":"","format":"standard","meta":{"_jetpack_memberships_contains_paid_content":false,"footnotes":""},"categories":[1515],"tags":[12793,12752,1755,12739],"class_list":["post-7998","post","type-post","status-publish","format-standard","hentry","category-bundesweit","tag-claus-nordbruch","tag-nsu","tag-rechte-gewalt","tag-rechtsterrorismus"],"yoast_head":"<!-- This site is optimized with the Yoast SEO plugin v21.0 - https:\/\/yoast.com\/wordpress\/plugins\/seo\/ -->\n<title>Lesetipp: Militante Neonazis aus Deutschland in S\u00fcdafrika - St\u00f6rungsmelder<\/title>\n<meta name=\"robots\" content=\"index, follow, max-snippet:-1, max-image-preview:large, max-video-preview:-1\" \/>\n<link rel=\"canonical\" href=\"https:\/\/blog.zeit.de\/stoerungsmelder\/2012\/02\/08\/lesetipp-militante-neonazis-aus-deutschland-in-sudafrika_7998\" \/>\n<meta property=\"og:locale\" content=\"de_DE\" \/>\n<meta property=\"og:type\" content=\"article\" \/>\n<meta property=\"og:title\" content=\"Lesetipp: Militante Neonazis aus Deutschland in S\u00fcdafrika - St\u00f6rungsmelder\" \/>\n<meta property=\"og:description\" content=\"Die Wochenzeitung Kontext hat einen lesenswerten Artikel \u00fcber Verbindungen militanter Neonazis zu ausgewanderten &#8222;Kameraden&#8220; in S\u00fcdafrika ver\u00f6ffentlicht. Auch nach dem Ende der Apartheid sind am Kap der Guten Hoffnung weiterhin Neonazis aktiv. Vor allem solche aus Deutschland. Ein fr\u00fcherer Panzergrenadier der Bundeswehr zum Beispiel, nach dem man gar nicht lange suchen muss. Er hinterl\u00e4sst ganz [&hellip;]\" \/>\n<meta property=\"og:url\" content=\"https:\/\/blog.zeit.de\/stoerungsmelder\/2012\/02\/08\/lesetipp-militante-neonazis-aus-deutschland-in-sudafrika_7998\" \/>\n<meta property=\"og:site_name\" content=\"St\u00f6rungsmelder\" \/>\n<meta property=\"article:published_time\" content=\"2012-02-08T09:18:04+00:00\" \/>\n<meta property=\"article:modified_time\" content=\"2017-07-08T14:37:49+00:00\" \/>\n<meta name=\"author\" content=\"St\u00f6rungsmelder\" \/>\n<meta name=\"twitter:card\" content=\"summary_large_image\" \/>\n<meta name=\"twitter:label1\" content=\"Geschrieben von\" \/>\n\t<meta name=\"twitter:data1\" content=\"St\u00f6rungsmelder\" \/>\n<script type=\"application\/ld+json\" class=\"yoast-schema-graph\">{\"@context\":\"https:\/\/schema.org\",\"@graph\":[{\"@type\":\"WebPage\",\"@id\":\"https:\/\/blog.zeit.de\/stoerungsmelder\/2012\/02\/08\/lesetipp-militante-neonazis-aus-deutschland-in-sudafrika_7998\",\"url\":\"https:\/\/blog.zeit.de\/stoerungsmelder\/2012\/02\/08\/lesetipp-militante-neonazis-aus-deutschland-in-sudafrika_7998\",\"name\":\"Lesetipp: Militante Neonazis aus Deutschland in S\u00fcdafrika - St\u00f6rungsmelder\",\"isPartOf\":{\"@id\":\"https:\/\/blog.zeit.de\/stoerungsmelder\/#website\"},\"datePublished\":\"2012-02-08T09:18:04+00:00\",\"dateModified\":\"2017-07-08T14:37:49+00:00\",\"author\":{\"@id\":\"https:\/\/blog.zeit.de\/stoerungsmelder\/#\/schema\/person\/fdd0b9818f65738672810b6d6f037f71\"},\"breadcrumb\":{\"@id\":\"https:\/\/blog.zeit.de\/stoerungsmelder\/2012\/02\/08\/lesetipp-militante-neonazis-aus-deutschland-in-sudafrika_7998#breadcrumb\"},\"inLanguage\":\"de\",\"potentialAction\":[{\"@type\":\"ReadAction\",\"target\":[\"https:\/\/blog.zeit.de\/stoerungsmelder\/2012\/02\/08\/lesetipp-militante-neonazis-aus-deutschland-in-sudafrika_7998\"]}]},{\"@type\":\"BreadcrumbList\",\"@id\":\"https:\/\/blog.zeit.de\/stoerungsmelder\/2012\/02\/08\/lesetipp-militante-neonazis-aus-deutschland-in-sudafrika_7998#breadcrumb\",\"itemListElement\":[{\"@type\":\"ListItem\",\"position\":1,\"name\":\"Startseite\",\"item\":\"https:\/\/blog.zeit.de\/stoerungsmelder\"},{\"@type\":\"ListItem\",\"position\":2,\"name\":\"Lesetipp: Militante Neonazis aus Deutschland in S\u00fcdafrika\"}]},{\"@type\":\"WebSite\",\"@id\":\"https:\/\/blog.zeit.de\/stoerungsmelder\/#website\",\"url\":\"https:\/\/blog.zeit.de\/stoerungsmelder\/\",\"name\":\"St\u00f6rungsmelder\",\"description\":\"Recherchen und Analysen \u00fcber die extreme Rechte\",\"potentialAction\":[{\"@type\":\"SearchAction\",\"target\":{\"@type\":\"EntryPoint\",\"urlTemplate\":\"https:\/\/blog.zeit.de\/stoerungsmelder\/?s={search_term_string}\"},\"query-input\":\"required name=search_term_string\"}],\"inLanguage\":\"de\"},{\"@type\":\"Person\",\"@id\":\"https:\/\/blog.zeit.de\/stoerungsmelder\/#\/schema\/person\/fdd0b9818f65738672810b6d6f037f71\",\"name\":\"St\u00f6rungsmelder\",\"image\":{\"@type\":\"ImageObject\",\"inLanguage\":\"de\",\"@id\":\"https:\/\/blog.zeit.de\/stoerungsmelder\/#\/schema\/person\/image\/\",\"url\":\"https:\/\/secure.gravatar.com\/avatar\/dfa4be514c3e82a71e4f9a0020035d38192d080ccaa5e4e6d7a1472c763535c5?s=96&d=mm&r=pg\",\"contentUrl\":\"https:\/\/secure.gravatar.com\/avatar\/dfa4be514c3e82a71e4f9a0020035d38192d080ccaa5e4e6d7a1472c763535c5?s=96&d=mm&r=pg\",\"caption\":\"St\u00f6rungsmelder\"},\"url\":\"https:\/\/blog.zeit.de\/stoerungsmelder\/author\/stoerungsmelder\"}]}<\/script>\n<!-- \/ Yoast SEO plugin. -->","yoast_head_json":{"title":"Lesetipp: Militante Neonazis aus Deutschland in S\u00fcdafrika - St\u00f6rungsmelder","robots":{"index":"index","follow":"follow","max-snippet":"max-snippet:-1","max-image-preview":"max-image-preview:large","max-video-preview":"max-video-preview:-1"},"canonical":"https:\/\/blog.zeit.de\/stoerungsmelder\/2012\/02\/08\/lesetipp-militante-neonazis-aus-deutschland-in-sudafrika_7998","og_locale":"de_DE","og_type":"article","og_title":"Lesetipp: Militante Neonazis aus Deutschland in S\u00fcdafrika - St\u00f6rungsmelder","og_description":"Die Wochenzeitung Kontext hat einen lesenswerten Artikel \u00fcber Verbindungen militanter Neonazis zu ausgewanderten &#8222;Kameraden&#8220; in S\u00fcdafrika ver\u00f6ffentlicht. Auch nach dem Ende der Apartheid sind am Kap der Guten Hoffnung weiterhin Neonazis aktiv. Vor allem solche aus Deutschland. Ein fr\u00fcherer Panzergrenadier der Bundeswehr zum Beispiel, nach dem man gar nicht lange suchen muss. Er hinterl\u00e4sst ganz [&hellip;]","og_url":"https:\/\/blog.zeit.de\/stoerungsmelder\/2012\/02\/08\/lesetipp-militante-neonazis-aus-deutschland-in-sudafrika_7998","og_site_name":"St\u00f6rungsmelder","article_published_time":"2012-02-08T09:18:04+00:00","article_modified_time":"2017-07-08T14:37:49+00:00","author":"St\u00f6rungsmelder","twitter_card":"summary_large_image","twitter_misc":{"Geschrieben von":"St\u00f6rungsmelder"},"schema":{"@context":"https:\/\/schema.org","@graph":[{"@type":"WebPage","@id":"https:\/\/blog.zeit.de\/stoerungsmelder\/2012\/02\/08\/lesetipp-militante-neonazis-aus-deutschland-in-sudafrika_7998","url":"https:\/\/blog.zeit.de\/stoerungsmelder\/2012\/02\/08\/lesetipp-militante-neonazis-aus-deutschland-in-sudafrika_7998","name":"Lesetipp: Militante Neonazis aus Deutschland in S\u00fcdafrika - St\u00f6rungsmelder","isPartOf":{"@id":"https:\/\/blog.zeit.de\/stoerungsmelder\/#website"},"datePublished":"2012-02-08T09:18:04+00:00","dateModified":"2017-07-08T14:37:49+00:00","author":{"@id":"https:\/\/blog.zeit.de\/stoerungsmelder\/#\/schema\/person\/fdd0b9818f65738672810b6d6f037f71"},"breadcrumb":{"@id":"https:\/\/blog.zeit.de\/stoerungsmelder\/2012\/02\/08\/lesetipp-militante-neonazis-aus-deutschland-in-sudafrika_7998#breadcrumb"},"inLanguage":"de","potentialAction":[{"@type":"ReadAction","target":["https:\/\/blog.zeit.de\/stoerungsmelder\/2012\/02\/08\/lesetipp-militante-neonazis-aus-deutschland-in-sudafrika_7998"]}]},{"@type":"BreadcrumbList","@id":"https:\/\/blog.zeit.de\/stoerungsmelder\/2012\/02\/08\/lesetipp-militante-neonazis-aus-deutschland-in-sudafrika_7998#breadcrumb","itemListElement":[{"@type":"ListItem","position":1,"name":"Startseite","item":"https:\/\/blog.zeit.de\/stoerungsmelder"},{"@type":"ListItem","position":2,"name":"Lesetipp: Militante Neonazis aus Deutschland in S\u00fcdafrika"}]},{"@type":"WebSite","@id":"https:\/\/blog.zeit.de\/stoerungsmelder\/#website","url":"https:\/\/blog.zeit.de\/stoerungsmelder\/","name":"St\u00f6rungsmelder","description":"Recherchen und Analysen \u00fcber die extreme Rechte","potentialAction":[{"@type":"SearchAction","target":{"@type":"EntryPoint","urlTemplate":"https:\/\/blog.zeit.de\/stoerungsmelder\/?s={search_term_string}"},"query-input":"required name=search_term_string"}],"inLanguage":"de"},{"@type":"Person","@id":"https:\/\/blog.zeit.de\/stoerungsmelder\/#\/schema\/person\/fdd0b9818f65738672810b6d6f037f71","name":"St\u00f6rungsmelder","image":{"@type":"ImageObject","inLanguage":"de","@id":"https:\/\/blog.zeit.de\/stoerungsmelder\/#\/schema\/person\/image\/","url":"https:\/\/secure.gravatar.com\/avatar\/dfa4be514c3e82a71e4f9a0020035d38192d080ccaa5e4e6d7a1472c763535c5?s=96&d=mm&r=pg","contentUrl":"https:\/\/secure.gravatar.com\/avatar\/dfa4be514c3e82a71e4f9a0020035d38192d080ccaa5e4e6d7a1472c763535c5?s=96&d=mm&r=pg","caption":"St\u00f6rungsmelder"},"url":"https:\/\/blog.zeit.de\/stoerungsmelder\/author\/stoerungsmelder"}]}},"jetpack_featured_media_url":"","jetpack_sharing_enabled":true,"_links":{"self":[{"href":"https:\/\/blog.zeit.de\/stoerungsmelder\/wp-json\/wp\/v2\/posts\/7998","targetHints":{"allow":["GET"]}}],"collection":[{"href":"https:\/\/blog.zeit.de\/stoerungsmelder\/wp-json\/wp\/v2\/posts"}],"about":[{"href":"https:\/\/blog.zeit.de\/stoerungsmelder\/wp-json\/wp\/v2\/types\/post"}],"author":[{"embeddable":true,"href":"https:\/\/blog.zeit.de\/stoerungsmelder\/wp-json\/wp\/v2\/users\/229"}],"replies":[{"embeddable":true,"href":"https:\/\/blog.zeit.de\/stoerungsmelder\/wp-json\/wp\/v2\/comments?post=7998"}],"version-history":[{"count":1,"href":"https:\/\/blog.zeit.de\/stoerungsmelder\/wp-json\/wp\/v2\/posts\/7998\/revisions"}],"predecessor-version":[{"id":7999,"href":"https:\/\/blog.zeit.de\/stoerungsmelder\/wp-json\/wp\/v2\/posts\/7998\/revisions\/7999"}],"wp:attachment":[{"href":"https:\/\/blog.zeit.de\/stoerungsmelder\/wp-json\/wp\/v2\/media?parent=7998"}],"wp:term":[{"taxonomy":"category","embeddable":true,"href":"https:\/\/blog.zeit.de\/stoerungsmelder\/wp-json\/wp\/v2\/categories?post=7998"},{"taxonomy":"post_tag","embeddable":true,"href":"https:\/\/blog.zeit.de\/stoerungsmelder\/wp-json\/wp\/v2\/tags?post=7998"}],"curies":[{"name":"wp","href":"https:\/\/api.w.org\/{rel}","templated":true}]}}