{"id":8010,"date":"2012-02-13T07:06:21","date_gmt":"2012-02-13T06:06:21","guid":{"rendered":"http:\/\/blog.zeit.de\/stoerungsmelder\/?p=8010"},"modified":"2012-02-13T07:06:21","modified_gmt":"2012-02-13T06:06:21","slug":"kirchen-mobilisieren-nach-dresden","status":"publish","type":"post","link":"https:\/\/blog.zeit.de\/stoerungsmelder\/2012\/02\/13\/kirchen-mobilisieren-nach-dresden_8010","title":{"rendered":"Kirchen mobilisieren nach Dresden"},"content":{"rendered":"<p>Unter dem Motto \u201eN\u00e4chstenliebe verlangt Klarheit \u2013 Kein Naziaufmarsch, nirgendwo\u201c rufen inzwischen \u00fcber 300 PolitikerInnen, Bisch\u00f6fInnen, PfarrerInnen, TheologInnen, EKD-Synodale und kirchlich Engagierte zu einer Beteiligung an den Blockaden gegen den Neonaziaufmarsch am 13. Februar 2012 in Dresden auf. Zu den ErstunterzeichnerInnen des Aufrufs geh\u00f6ren u.a. die Bundestagsvizepr\u00e4sidenten Katrin G\u00f6ring-Eckardt (B\u00fcndnis 90\/Die Gr\u00fcnen) und Wolfgang Thierse (SPD), die Landesbisch\u00f6fin der Evangelischen Kirche Mitteldeutschlands, Ilse Junkermann, der Hannoveraner Landesbischof Ralf Meister sowie Oberkirchenrat Christhard Wagner aus Th\u00fcringen und Martin Salm, Vorstandsvorsitzender der Stiftung \u201eErinnerung, Verantwortung und Zukunft\u201c (EVZ).<!--more--><\/p>\n<p>Anlaufpunkt f\u00fcr alle diejenigen, die sich am Montag, den 13.Februar 2012 an dem christlichen Sammelpunkt im Kontext der Proteste von \u201eDresden Nazifrei!\u201c beteiligen wollen, ist ab 16:30 Uhr der Dippoldiswalder Platz in Dresden-Mitte. In dem Aufruf der Bundesarbeitsgemeinschaft Kirche und Rechtsextremismus (BAGKR) hei\u00dft es dazu: \u201eGerade als Christinnen und Christen sind wir aufgefordert uns der menschenverachtenden und menschenfeindlichen Ideologie der Neonazis massiv entgegenzustellen. Wir laden alle Menschen ein, sich am 13. Februar 2012 unter dem Motto &#8222;N\u00e4chstenliebe verlangt Klarheit \u2013 Keine Naziaufm\u00e4rsche, nirgendwo&#8220; an unserem christlichen Blockadepunkt zu beteiligen.\u201c<\/p>\n<p>\u201eWir freuen uns, dass wir mit unserem Aufruf auch eine Debatte \u00fcber kirchliche Beteiligung an den Protesten gegen Neonazis angesto\u00dfen haben,\u201c so der Sprecher_innenrat der Bundesarbeitsgemeinschaft Kirche und Rechtsextremismus. \u201eAngesichts der t\u00f6dlichen Dimension von Rechtsextremismus und Rassismus halten wir es f\u00fcr notwendiger denn je daran zu erinnern, dass gewaltfreie Blockaden gegen Neonazis eine Gewissensentscheidung sind und zum Grundrecht auf freie Meinungs\u00e4u\u00dferung geh\u00f6ren.\u201c<\/p>\n<p><strong>Der ganze Aufruf steht online unter <a href=\"http:\/\/www.bagkr.de\" target=\"_blank\">www.bagkr.de<\/a><\/strong><\/p>\n","protected":false},"excerpt":{"rendered":"<p>Unter dem Motto \u201eN\u00e4chstenliebe verlangt Klarheit \u2013 Kein Naziaufmarsch, nirgendwo\u201c rufen inzwischen \u00fcber 300 PolitikerInnen, Bisch\u00f6fInnen, PfarrerInnen, TheologInnen, EKD-Synodale und kirchlich Engagierte zu einer Beteiligung an den Blockaden gegen den Neonaziaufmarsch am 13. Februar 2012 in Dresden auf. Zu den ErstunterzeichnerInnen des Aufrufs geh\u00f6ren u.a. die Bundestagsvizepr\u00e4sidenten Katrin G\u00f6ring-Eckardt (B\u00fcndnis 90\/Die Gr\u00fcnen) und Wolfgang Thierse [&hellip;]<\/p>\n","protected":false},"author":229,"featured_media":0,"comment_status":"open","ping_status":"open","sticky":false,"template":"","format":"standard","meta":{"_jetpack_memberships_contains_paid_content":false,"footnotes":""},"categories":[1456],"tags":[1539,1707,1752,1858],"class_list":["post-8010","post","type-post","status-publish","format-standard","hentry","category-sachsen","tag-dresden","tag-naziaufmarsch","tag-protest","tag-zivilcourage"],"yoast_head":"<!-- This site is optimized with the Yoast SEO plugin v21.0 - https:\/\/yoast.com\/wordpress\/plugins\/seo\/ -->\n<title>Kirchen mobilisieren nach Dresden - St\u00f6rungsmelder<\/title>\n<meta name=\"robots\" content=\"index, follow, max-snippet:-1, max-image-preview:large, max-video-preview:-1\" \/>\n<link rel=\"canonical\" href=\"https:\/\/blog.zeit.de\/stoerungsmelder\/2012\/02\/13\/kirchen-mobilisieren-nach-dresden_8010\" \/>\n<meta property=\"og:locale\" content=\"de_DE\" \/>\n<meta property=\"og:type\" content=\"article\" \/>\n<meta property=\"og:title\" content=\"Kirchen mobilisieren nach Dresden - St\u00f6rungsmelder\" \/>\n<meta property=\"og:description\" content=\"Unter dem Motto \u201eN\u00e4chstenliebe verlangt Klarheit \u2013 Kein Naziaufmarsch, nirgendwo\u201c rufen inzwischen \u00fcber 300 PolitikerInnen, Bisch\u00f6fInnen, PfarrerInnen, TheologInnen, EKD-Synodale und kirchlich Engagierte zu einer Beteiligung an den Blockaden gegen den Neonaziaufmarsch am 13. Februar 2012 in Dresden auf. Zu den ErstunterzeichnerInnen des Aufrufs geh\u00f6ren u.a. die Bundestagsvizepr\u00e4sidenten Katrin G\u00f6ring-Eckardt (B\u00fcndnis 90\/Die Gr\u00fcnen) und Wolfgang Thierse [&hellip;]\" \/>\n<meta property=\"og:url\" content=\"https:\/\/blog.zeit.de\/stoerungsmelder\/2012\/02\/13\/kirchen-mobilisieren-nach-dresden_8010\" \/>\n<meta property=\"og:site_name\" content=\"St\u00f6rungsmelder\" \/>\n<meta property=\"article:published_time\" content=\"2012-02-13T06:06:21+00:00\" \/>\n<meta name=\"author\" content=\"St\u00f6rungsmelder\" \/>\n<meta name=\"twitter:card\" content=\"summary_large_image\" \/>\n<meta name=\"twitter:label1\" content=\"Geschrieben von\" \/>\n\t<meta name=\"twitter:data1\" content=\"St\u00f6rungsmelder\" \/>\n\t<meta name=\"twitter:label2\" content=\"Gesch\u00e4tzte Lesezeit\" \/>\n\t<meta name=\"twitter:data2\" content=\"1\u00a0Minute\" \/>\n<script type=\"application\/ld+json\" class=\"yoast-schema-graph\">{\"@context\":\"https:\/\/schema.org\",\"@graph\":[{\"@type\":\"WebPage\",\"@id\":\"https:\/\/blog.zeit.de\/stoerungsmelder\/2012\/02\/13\/kirchen-mobilisieren-nach-dresden_8010\",\"url\":\"https:\/\/blog.zeit.de\/stoerungsmelder\/2012\/02\/13\/kirchen-mobilisieren-nach-dresden_8010\",\"name\":\"Kirchen mobilisieren nach Dresden - St\u00f6rungsmelder\",\"isPartOf\":{\"@id\":\"https:\/\/blog.zeit.de\/stoerungsmelder\/#website\"},\"datePublished\":\"2012-02-13T06:06:21+00:00\",\"dateModified\":\"2012-02-13T06:06:21+00:00\",\"author\":{\"@id\":\"https:\/\/blog.zeit.de\/stoerungsmelder\/#\/schema\/person\/fdd0b9818f65738672810b6d6f037f71\"},\"breadcrumb\":{\"@id\":\"https:\/\/blog.zeit.de\/stoerungsmelder\/2012\/02\/13\/kirchen-mobilisieren-nach-dresden_8010#breadcrumb\"},\"inLanguage\":\"de\",\"potentialAction\":[{\"@type\":\"ReadAction\",\"target\":[\"https:\/\/blog.zeit.de\/stoerungsmelder\/2012\/02\/13\/kirchen-mobilisieren-nach-dresden_8010\"]}]},{\"@type\":\"BreadcrumbList\",\"@id\":\"https:\/\/blog.zeit.de\/stoerungsmelder\/2012\/02\/13\/kirchen-mobilisieren-nach-dresden_8010#breadcrumb\",\"itemListElement\":[{\"@type\":\"ListItem\",\"position\":1,\"name\":\"Startseite\",\"item\":\"https:\/\/blog.zeit.de\/stoerungsmelder\"},{\"@type\":\"ListItem\",\"position\":2,\"name\":\"Kirchen mobilisieren nach Dresden\"}]},{\"@type\":\"WebSite\",\"@id\":\"https:\/\/blog.zeit.de\/stoerungsmelder\/#website\",\"url\":\"https:\/\/blog.zeit.de\/stoerungsmelder\/\",\"name\":\"St\u00f6rungsmelder\",\"description\":\"Recherchen und Analysen \u00fcber die extreme Rechte\",\"potentialAction\":[{\"@type\":\"SearchAction\",\"target\":{\"@type\":\"EntryPoint\",\"urlTemplate\":\"https:\/\/blog.zeit.de\/stoerungsmelder\/?s={search_term_string}\"},\"query-input\":\"required name=search_term_string\"}],\"inLanguage\":\"de\"},{\"@type\":\"Person\",\"@id\":\"https:\/\/blog.zeit.de\/stoerungsmelder\/#\/schema\/person\/fdd0b9818f65738672810b6d6f037f71\",\"name\":\"St\u00f6rungsmelder\",\"image\":{\"@type\":\"ImageObject\",\"inLanguage\":\"de\",\"@id\":\"https:\/\/blog.zeit.de\/stoerungsmelder\/#\/schema\/person\/image\/\",\"url\":\"https:\/\/secure.gravatar.com\/avatar\/dfa4be514c3e82a71e4f9a0020035d38192d080ccaa5e4e6d7a1472c763535c5?s=96&d=mm&r=pg\",\"contentUrl\":\"https:\/\/secure.gravatar.com\/avatar\/dfa4be514c3e82a71e4f9a0020035d38192d080ccaa5e4e6d7a1472c763535c5?s=96&d=mm&r=pg\",\"caption\":\"St\u00f6rungsmelder\"},\"url\":\"https:\/\/blog.zeit.de\/stoerungsmelder\/author\/stoerungsmelder\"}]}<\/script>\n<!-- \/ Yoast SEO plugin. -->","yoast_head_json":{"title":"Kirchen mobilisieren nach Dresden - St\u00f6rungsmelder","robots":{"index":"index","follow":"follow","max-snippet":"max-snippet:-1","max-image-preview":"max-image-preview:large","max-video-preview":"max-video-preview:-1"},"canonical":"https:\/\/blog.zeit.de\/stoerungsmelder\/2012\/02\/13\/kirchen-mobilisieren-nach-dresden_8010","og_locale":"de_DE","og_type":"article","og_title":"Kirchen mobilisieren nach Dresden - St\u00f6rungsmelder","og_description":"Unter dem Motto \u201eN\u00e4chstenliebe verlangt Klarheit \u2013 Kein Naziaufmarsch, nirgendwo\u201c rufen inzwischen \u00fcber 300 PolitikerInnen, Bisch\u00f6fInnen, PfarrerInnen, TheologInnen, EKD-Synodale und kirchlich Engagierte zu einer Beteiligung an den Blockaden gegen den Neonaziaufmarsch am 13. Februar 2012 in Dresden auf. Zu den ErstunterzeichnerInnen des Aufrufs geh\u00f6ren u.a. die Bundestagsvizepr\u00e4sidenten Katrin G\u00f6ring-Eckardt (B\u00fcndnis 90\/Die Gr\u00fcnen) und Wolfgang Thierse [&hellip;]","og_url":"https:\/\/blog.zeit.de\/stoerungsmelder\/2012\/02\/13\/kirchen-mobilisieren-nach-dresden_8010","og_site_name":"St\u00f6rungsmelder","article_published_time":"2012-02-13T06:06:21+00:00","author":"St\u00f6rungsmelder","twitter_card":"summary_large_image","twitter_misc":{"Geschrieben von":"St\u00f6rungsmelder","Gesch\u00e4tzte Lesezeit":"1\u00a0Minute"},"schema":{"@context":"https:\/\/schema.org","@graph":[{"@type":"WebPage","@id":"https:\/\/blog.zeit.de\/stoerungsmelder\/2012\/02\/13\/kirchen-mobilisieren-nach-dresden_8010","url":"https:\/\/blog.zeit.de\/stoerungsmelder\/2012\/02\/13\/kirchen-mobilisieren-nach-dresden_8010","name":"Kirchen mobilisieren nach Dresden - St\u00f6rungsmelder","isPartOf":{"@id":"https:\/\/blog.zeit.de\/stoerungsmelder\/#website"},"datePublished":"2012-02-13T06:06:21+00:00","dateModified":"2012-02-13T06:06:21+00:00","author":{"@id":"https:\/\/blog.zeit.de\/stoerungsmelder\/#\/schema\/person\/fdd0b9818f65738672810b6d6f037f71"},"breadcrumb":{"@id":"https:\/\/blog.zeit.de\/stoerungsmelder\/2012\/02\/13\/kirchen-mobilisieren-nach-dresden_8010#breadcrumb"},"inLanguage":"de","potentialAction":[{"@type":"ReadAction","target":["https:\/\/blog.zeit.de\/stoerungsmelder\/2012\/02\/13\/kirchen-mobilisieren-nach-dresden_8010"]}]},{"@type":"BreadcrumbList","@id":"https:\/\/blog.zeit.de\/stoerungsmelder\/2012\/02\/13\/kirchen-mobilisieren-nach-dresden_8010#breadcrumb","itemListElement":[{"@type":"ListItem","position":1,"name":"Startseite","item":"https:\/\/blog.zeit.de\/stoerungsmelder"},{"@type":"ListItem","position":2,"name":"Kirchen mobilisieren nach Dresden"}]},{"@type":"WebSite","@id":"https:\/\/blog.zeit.de\/stoerungsmelder\/#website","url":"https:\/\/blog.zeit.de\/stoerungsmelder\/","name":"St\u00f6rungsmelder","description":"Recherchen und Analysen \u00fcber die extreme Rechte","potentialAction":[{"@type":"SearchAction","target":{"@type":"EntryPoint","urlTemplate":"https:\/\/blog.zeit.de\/stoerungsmelder\/?s={search_term_string}"},"query-input":"required name=search_term_string"}],"inLanguage":"de"},{"@type":"Person","@id":"https:\/\/blog.zeit.de\/stoerungsmelder\/#\/schema\/person\/fdd0b9818f65738672810b6d6f037f71","name":"St\u00f6rungsmelder","image":{"@type":"ImageObject","inLanguage":"de","@id":"https:\/\/blog.zeit.de\/stoerungsmelder\/#\/schema\/person\/image\/","url":"https:\/\/secure.gravatar.com\/avatar\/dfa4be514c3e82a71e4f9a0020035d38192d080ccaa5e4e6d7a1472c763535c5?s=96&d=mm&r=pg","contentUrl":"https:\/\/secure.gravatar.com\/avatar\/dfa4be514c3e82a71e4f9a0020035d38192d080ccaa5e4e6d7a1472c763535c5?s=96&d=mm&r=pg","caption":"St\u00f6rungsmelder"},"url":"https:\/\/blog.zeit.de\/stoerungsmelder\/author\/stoerungsmelder"}]}},"jetpack_featured_media_url":"","jetpack_sharing_enabled":true,"_links":{"self":[{"href":"https:\/\/blog.zeit.de\/stoerungsmelder\/wp-json\/wp\/v2\/posts\/8010","targetHints":{"allow":["GET"]}}],"collection":[{"href":"https:\/\/blog.zeit.de\/stoerungsmelder\/wp-json\/wp\/v2\/posts"}],"about":[{"href":"https:\/\/blog.zeit.de\/stoerungsmelder\/wp-json\/wp\/v2\/types\/post"}],"author":[{"embeddable":true,"href":"https:\/\/blog.zeit.de\/stoerungsmelder\/wp-json\/wp\/v2\/users\/229"}],"replies":[{"embeddable":true,"href":"https:\/\/blog.zeit.de\/stoerungsmelder\/wp-json\/wp\/v2\/comments?post=8010"}],"version-history":[{"count":4,"href":"https:\/\/blog.zeit.de\/stoerungsmelder\/wp-json\/wp\/v2\/posts\/8010\/revisions"}],"predecessor-version":[{"id":8014,"href":"https:\/\/blog.zeit.de\/stoerungsmelder\/wp-json\/wp\/v2\/posts\/8010\/revisions\/8014"}],"wp:attachment":[{"href":"https:\/\/blog.zeit.de\/stoerungsmelder\/wp-json\/wp\/v2\/media?parent=8010"}],"wp:term":[{"taxonomy":"category","embeddable":true,"href":"https:\/\/blog.zeit.de\/stoerungsmelder\/wp-json\/wp\/v2\/categories?post=8010"},{"taxonomy":"post_tag","embeddable":true,"href":"https:\/\/blog.zeit.de\/stoerungsmelder\/wp-json\/wp\/v2\/tags?post=8010"}],"curies":[{"name":"wp","href":"https:\/\/api.w.org\/{rel}","templated":true}]}}