{"id":8110,"date":"2012-02-25T16:27:02","date_gmt":"2012-02-25T15:27:02","guid":{"rendered":"http:\/\/blog.zeit.de\/stoerungsmelder\/?p=8110"},"modified":"2017-07-08T16:36:11","modified_gmt":"2017-07-08T14:36:11","slug":"lesetipp-krach-zwischen-npd-und-militanter-szene-in-sachsen","status":"publish","type":"post","link":"https:\/\/blog.zeit.de\/stoerungsmelder\/2012\/02\/25\/lesetipp-krach-zwischen-npd-und-militanter-szene-in-sachsen_8110","title":{"rendered":"Lesetipp: Krach zwischen NPD und militanter Szene in Sachsen"},"content":{"rendered":"<p>Die Gamma-Redaktion aus Leipzig hat einen <a href=\"http:\/\/gamma.noblogs.org\/archives\/885#more-885\">interessanten Hintergrundbericht<\/a> zu den Verbindungen zwischen NPD und militanter Szene ver\u00f6ffentlicht.<br \/>\nAuszug:<em> Interne Dokumente belegen: Das militante Neonazi-Netzwerk \u201cFreies Netz\u201d ist enger mit der NPD verwoben als gedacht. Doch f\u00fcr die Partei werden die radikalen Aktivisten, die an der \u201cUnsterblichen\u201d-Kampagne mitwirken, zur Last. Durch Austrittsdrohungen spielt das \u201cFreie Netz\u201d nun seine letzten Tr\u00fcmpfe aus, f\u00fchrende Aktivisten treten schon den R\u00fcckzug an.<\/em><\/p>\n","protected":false},"excerpt":{"rendered":"<p>Die Gamma-Redaktion aus Leipzig hat einen interessanten Hintergrundbericht zu den Verbindungen zwischen NPD und militanter Szene ver\u00f6ffentlicht. Auszug: Interne Dokumente belegen: Das militante Neonazi-Netzwerk \u201cFreies Netz\u201d ist enger mit der NPD verwoben als gedacht. Doch f\u00fcr die Partei werden die radikalen Aktivisten, die an der \u201cUnsterblichen\u201d-Kampagne mitwirken, zur Last. Durch Austrittsdrohungen spielt das \u201cFreie Netz\u201d [&hellip;]<\/p>\n","protected":false},"author":229,"featured_media":0,"comment_status":"open","ping_status":"open","sticky":false,"template":"","format":"standard","meta":{"_jetpack_memberships_contains_paid_content":false,"footnotes":""},"categories":[1456],"tags":[12738,12796,12734,1716,12801,1823],"class_list":["post-8110","post","type-post","status-publish","format-standard","hentry","category-sachsen","tag-freies-netz","tag-maik-muller","tag-maik-scheffler","tag-npd","tag-thomas-gerlach","tag-tommy-naumann"],"yoast_head":"<!-- This site is optimized with the Yoast SEO plugin v21.0 - https:\/\/yoast.com\/wordpress\/plugins\/seo\/ -->\n<title>Lesetipp: Krach zwischen NPD und militanter Szene in Sachsen - St\u00f6rungsmelder<\/title>\n<meta name=\"robots\" content=\"index, follow, max-snippet:-1, max-image-preview:large, max-video-preview:-1\" \/>\n<link rel=\"canonical\" href=\"https:\/\/blog.zeit.de\/stoerungsmelder\/2012\/02\/25\/lesetipp-krach-zwischen-npd-und-militanter-szene-in-sachsen_8110\" \/>\n<meta property=\"og:locale\" content=\"de_DE\" \/>\n<meta property=\"og:type\" content=\"article\" \/>\n<meta property=\"og:title\" content=\"Lesetipp: Krach zwischen NPD und militanter Szene in Sachsen - St\u00f6rungsmelder\" \/>\n<meta property=\"og:description\" content=\"Die Gamma-Redaktion aus Leipzig hat einen interessanten Hintergrundbericht zu den Verbindungen zwischen NPD und militanter Szene ver\u00f6ffentlicht. Auszug: Interne Dokumente belegen: Das militante Neonazi-Netzwerk \u201cFreies Netz\u201d ist enger mit der NPD verwoben als gedacht. Doch f\u00fcr die Partei werden die radikalen Aktivisten, die an der \u201cUnsterblichen\u201d-Kampagne mitwirken, zur Last. Durch Austrittsdrohungen spielt das \u201cFreie Netz\u201d [&hellip;]\" \/>\n<meta property=\"og:url\" content=\"https:\/\/blog.zeit.de\/stoerungsmelder\/2012\/02\/25\/lesetipp-krach-zwischen-npd-und-militanter-szene-in-sachsen_8110\" \/>\n<meta property=\"og:site_name\" content=\"St\u00f6rungsmelder\" \/>\n<meta property=\"article:published_time\" content=\"2012-02-25T15:27:02+00:00\" \/>\n<meta property=\"article:modified_time\" content=\"2017-07-08T14:36:11+00:00\" \/>\n<meta name=\"author\" content=\"St\u00f6rungsmelder\" \/>\n<meta name=\"twitter:card\" content=\"summary_large_image\" \/>\n<meta name=\"twitter:label1\" content=\"Geschrieben von\" \/>\n\t<meta name=\"twitter:data1\" content=\"St\u00f6rungsmelder\" \/>\n<script type=\"application\/ld+json\" class=\"yoast-schema-graph\">{\"@context\":\"https:\/\/schema.org\",\"@graph\":[{\"@type\":\"WebPage\",\"@id\":\"https:\/\/blog.zeit.de\/stoerungsmelder\/2012\/02\/25\/lesetipp-krach-zwischen-npd-und-militanter-szene-in-sachsen_8110\",\"url\":\"https:\/\/blog.zeit.de\/stoerungsmelder\/2012\/02\/25\/lesetipp-krach-zwischen-npd-und-militanter-szene-in-sachsen_8110\",\"name\":\"Lesetipp: Krach zwischen NPD und militanter Szene in Sachsen - St\u00f6rungsmelder\",\"isPartOf\":{\"@id\":\"https:\/\/blog.zeit.de\/stoerungsmelder\/#website\"},\"datePublished\":\"2012-02-25T15:27:02+00:00\",\"dateModified\":\"2017-07-08T14:36:11+00:00\",\"author\":{\"@id\":\"https:\/\/blog.zeit.de\/stoerungsmelder\/#\/schema\/person\/fdd0b9818f65738672810b6d6f037f71\"},\"breadcrumb\":{\"@id\":\"https:\/\/blog.zeit.de\/stoerungsmelder\/2012\/02\/25\/lesetipp-krach-zwischen-npd-und-militanter-szene-in-sachsen_8110#breadcrumb\"},\"inLanguage\":\"de\",\"potentialAction\":[{\"@type\":\"ReadAction\",\"target\":[\"https:\/\/blog.zeit.de\/stoerungsmelder\/2012\/02\/25\/lesetipp-krach-zwischen-npd-und-militanter-szene-in-sachsen_8110\"]}]},{\"@type\":\"BreadcrumbList\",\"@id\":\"https:\/\/blog.zeit.de\/stoerungsmelder\/2012\/02\/25\/lesetipp-krach-zwischen-npd-und-militanter-szene-in-sachsen_8110#breadcrumb\",\"itemListElement\":[{\"@type\":\"ListItem\",\"position\":1,\"name\":\"Startseite\",\"item\":\"https:\/\/blog.zeit.de\/stoerungsmelder\"},{\"@type\":\"ListItem\",\"position\":2,\"name\":\"Lesetipp: Krach zwischen NPD und militanter Szene in Sachsen\"}]},{\"@type\":\"WebSite\",\"@id\":\"https:\/\/blog.zeit.de\/stoerungsmelder\/#website\",\"url\":\"https:\/\/blog.zeit.de\/stoerungsmelder\/\",\"name\":\"St\u00f6rungsmelder\",\"description\":\"Recherchen und Analysen \u00fcber die extreme Rechte\",\"potentialAction\":[{\"@type\":\"SearchAction\",\"target\":{\"@type\":\"EntryPoint\",\"urlTemplate\":\"https:\/\/blog.zeit.de\/stoerungsmelder\/?s={search_term_string}\"},\"query-input\":\"required name=search_term_string\"}],\"inLanguage\":\"de\"},{\"@type\":\"Person\",\"@id\":\"https:\/\/blog.zeit.de\/stoerungsmelder\/#\/schema\/person\/fdd0b9818f65738672810b6d6f037f71\",\"name\":\"St\u00f6rungsmelder\",\"image\":{\"@type\":\"ImageObject\",\"inLanguage\":\"de\",\"@id\":\"https:\/\/blog.zeit.de\/stoerungsmelder\/#\/schema\/person\/image\/\",\"url\":\"https:\/\/secure.gravatar.com\/avatar\/dfa4be514c3e82a71e4f9a0020035d38192d080ccaa5e4e6d7a1472c763535c5?s=96&d=mm&r=pg\",\"contentUrl\":\"https:\/\/secure.gravatar.com\/avatar\/dfa4be514c3e82a71e4f9a0020035d38192d080ccaa5e4e6d7a1472c763535c5?s=96&d=mm&r=pg\",\"caption\":\"St\u00f6rungsmelder\"},\"url\":\"https:\/\/blog.zeit.de\/stoerungsmelder\/author\/stoerungsmelder\"}]}<\/script>\n<!-- \/ Yoast SEO plugin. -->","yoast_head_json":{"title":"Lesetipp: Krach zwischen NPD und militanter Szene in Sachsen - St\u00f6rungsmelder","robots":{"index":"index","follow":"follow","max-snippet":"max-snippet:-1","max-image-preview":"max-image-preview:large","max-video-preview":"max-video-preview:-1"},"canonical":"https:\/\/blog.zeit.de\/stoerungsmelder\/2012\/02\/25\/lesetipp-krach-zwischen-npd-und-militanter-szene-in-sachsen_8110","og_locale":"de_DE","og_type":"article","og_title":"Lesetipp: Krach zwischen NPD und militanter Szene in Sachsen - St\u00f6rungsmelder","og_description":"Die Gamma-Redaktion aus Leipzig hat einen interessanten Hintergrundbericht zu den Verbindungen zwischen NPD und militanter Szene ver\u00f6ffentlicht. Auszug: Interne Dokumente belegen: Das militante Neonazi-Netzwerk \u201cFreies Netz\u201d ist enger mit der NPD verwoben als gedacht. Doch f\u00fcr die Partei werden die radikalen Aktivisten, die an der \u201cUnsterblichen\u201d-Kampagne mitwirken, zur Last. Durch Austrittsdrohungen spielt das \u201cFreie Netz\u201d [&hellip;]","og_url":"https:\/\/blog.zeit.de\/stoerungsmelder\/2012\/02\/25\/lesetipp-krach-zwischen-npd-und-militanter-szene-in-sachsen_8110","og_site_name":"St\u00f6rungsmelder","article_published_time":"2012-02-25T15:27:02+00:00","article_modified_time":"2017-07-08T14:36:11+00:00","author":"St\u00f6rungsmelder","twitter_card":"summary_large_image","twitter_misc":{"Geschrieben von":"St\u00f6rungsmelder"},"schema":{"@context":"https:\/\/schema.org","@graph":[{"@type":"WebPage","@id":"https:\/\/blog.zeit.de\/stoerungsmelder\/2012\/02\/25\/lesetipp-krach-zwischen-npd-und-militanter-szene-in-sachsen_8110","url":"https:\/\/blog.zeit.de\/stoerungsmelder\/2012\/02\/25\/lesetipp-krach-zwischen-npd-und-militanter-szene-in-sachsen_8110","name":"Lesetipp: Krach zwischen NPD und militanter Szene in Sachsen - St\u00f6rungsmelder","isPartOf":{"@id":"https:\/\/blog.zeit.de\/stoerungsmelder\/#website"},"datePublished":"2012-02-25T15:27:02+00:00","dateModified":"2017-07-08T14:36:11+00:00","author":{"@id":"https:\/\/blog.zeit.de\/stoerungsmelder\/#\/schema\/person\/fdd0b9818f65738672810b6d6f037f71"},"breadcrumb":{"@id":"https:\/\/blog.zeit.de\/stoerungsmelder\/2012\/02\/25\/lesetipp-krach-zwischen-npd-und-militanter-szene-in-sachsen_8110#breadcrumb"},"inLanguage":"de","potentialAction":[{"@type":"ReadAction","target":["https:\/\/blog.zeit.de\/stoerungsmelder\/2012\/02\/25\/lesetipp-krach-zwischen-npd-und-militanter-szene-in-sachsen_8110"]}]},{"@type":"BreadcrumbList","@id":"https:\/\/blog.zeit.de\/stoerungsmelder\/2012\/02\/25\/lesetipp-krach-zwischen-npd-und-militanter-szene-in-sachsen_8110#breadcrumb","itemListElement":[{"@type":"ListItem","position":1,"name":"Startseite","item":"https:\/\/blog.zeit.de\/stoerungsmelder"},{"@type":"ListItem","position":2,"name":"Lesetipp: Krach zwischen NPD und militanter Szene in Sachsen"}]},{"@type":"WebSite","@id":"https:\/\/blog.zeit.de\/stoerungsmelder\/#website","url":"https:\/\/blog.zeit.de\/stoerungsmelder\/","name":"St\u00f6rungsmelder","description":"Recherchen und Analysen \u00fcber die extreme Rechte","potentialAction":[{"@type":"SearchAction","target":{"@type":"EntryPoint","urlTemplate":"https:\/\/blog.zeit.de\/stoerungsmelder\/?s={search_term_string}"},"query-input":"required name=search_term_string"}],"inLanguage":"de"},{"@type":"Person","@id":"https:\/\/blog.zeit.de\/stoerungsmelder\/#\/schema\/person\/fdd0b9818f65738672810b6d6f037f71","name":"St\u00f6rungsmelder","image":{"@type":"ImageObject","inLanguage":"de","@id":"https:\/\/blog.zeit.de\/stoerungsmelder\/#\/schema\/person\/image\/","url":"https:\/\/secure.gravatar.com\/avatar\/dfa4be514c3e82a71e4f9a0020035d38192d080ccaa5e4e6d7a1472c763535c5?s=96&d=mm&r=pg","contentUrl":"https:\/\/secure.gravatar.com\/avatar\/dfa4be514c3e82a71e4f9a0020035d38192d080ccaa5e4e6d7a1472c763535c5?s=96&d=mm&r=pg","caption":"St\u00f6rungsmelder"},"url":"https:\/\/blog.zeit.de\/stoerungsmelder\/author\/stoerungsmelder"}]}},"jetpack_featured_media_url":"","jetpack_sharing_enabled":true,"_links":{"self":[{"href":"https:\/\/blog.zeit.de\/stoerungsmelder\/wp-json\/wp\/v2\/posts\/8110","targetHints":{"allow":["GET"]}}],"collection":[{"href":"https:\/\/blog.zeit.de\/stoerungsmelder\/wp-json\/wp\/v2\/posts"}],"about":[{"href":"https:\/\/blog.zeit.de\/stoerungsmelder\/wp-json\/wp\/v2\/types\/post"}],"author":[{"embeddable":true,"href":"https:\/\/blog.zeit.de\/stoerungsmelder\/wp-json\/wp\/v2\/users\/229"}],"replies":[{"embeddable":true,"href":"https:\/\/blog.zeit.de\/stoerungsmelder\/wp-json\/wp\/v2\/comments?post=8110"}],"version-history":[{"count":4,"href":"https:\/\/blog.zeit.de\/stoerungsmelder\/wp-json\/wp\/v2\/posts\/8110\/revisions"}],"predecessor-version":[{"id":24115,"href":"https:\/\/blog.zeit.de\/stoerungsmelder\/wp-json\/wp\/v2\/posts\/8110\/revisions\/24115"}],"wp:attachment":[{"href":"https:\/\/blog.zeit.de\/stoerungsmelder\/wp-json\/wp\/v2\/media?parent=8110"}],"wp:term":[{"taxonomy":"category","embeddable":true,"href":"https:\/\/blog.zeit.de\/stoerungsmelder\/wp-json\/wp\/v2\/categories?post=8110"},{"taxonomy":"post_tag","embeddable":true,"href":"https:\/\/blog.zeit.de\/stoerungsmelder\/wp-json\/wp\/v2\/tags?post=8110"}],"curies":[{"name":"wp","href":"https:\/\/api.w.org\/{rel}","templated":true}]}}