{"id":8113,"date":"2012-02-26T16:03:39","date_gmt":"2012-02-26T15:03:39","guid":{"rendered":"http:\/\/blog.zeit.de\/stoerungsmelder\/?p=8113"},"modified":"2012-02-27T10:18:21","modified_gmt":"2012-02-27T09:18:21","slug":"npd-kandidat-fuhrt-versuchten-angriff-auf-gedenkveranstaltung-an","status":"publish","type":"post","link":"https:\/\/blog.zeit.de\/stoerungsmelder\/2012\/02\/26\/npd-kandidat-fuhrt-versuchten-angriff-auf-gedenkveranstaltung-an_8113","title":{"rendered":"NPD-Funktion\u00e4r fotografiert bei versuchtem Angriff auf Gedenkveranstaltung"},"content":{"rendered":"<p><figure id=\"attachment_8114\" aria-describedby=\"caption-attachment-8114\" style=\"width: 540px\" class=\"wp-caption aligncenter\"><a href=\"https:\/\/blog.zeit.de\/stoerungsmelder\/files\/2012\/02\/325475.jpg\"><img loading=\"lazy\" decoding=\"async\" class=\" wp-image-8114\" src=\"https:\/\/blog.zeit.de\/stoerungsmelder\/files\/2012\/02\/325475.jpg\" alt=\"\" width=\"540\" height=\"358\" srcset=\"https:\/\/blog.zeit.de\/stoerungsmelder\/files\/2012\/02\/325475.jpg 640w, https:\/\/blog.zeit.de\/stoerungsmelder\/files\/2012\/02\/325475-300x199.jpg 300w\" sizes=\"auto, (max-width: 540px) 100vw, 540px\" \/><\/a><figcaption id=\"caption-attachment-8114\" class=\"wp-caption-text\">NPD-Politiker Michael Fischer (links) steht in der Gruppe der sp\u00e4teren Angreifer \u00a9 kombinat-fortschritt.com<\/figcaption><\/figure><\/p>\n<p>Es sollte eine ruhige Gedenkkundgebung f\u00fcr die Opfer der NSU-Mordserie werden, doch dann versuchten Neonazis die Veranstaltung anzugreifen. Im Rostocker Stadtteil Toitenwinkel hatten sich am Samstag anl\u00e4sslich des Todestages von Mehmet Turgut rund 120 Personen aus antirassistischen und antifaschistischen Gruppen, sowie B\u00fcrger versammelt. Doch kurz nach Ende der Veranstaltung kam es zu Tumulten. Eine etwa 16-k\u00f6pfige Gruppe, die meisten von ihnen vermummt, versuchte die noch nicht abgereisten Kundgebungsteilnehmer anzugreifen. Angef\u00fchrt wurden sie dabei augenscheinlich von Michael Fischer, Kameradschaftsf\u00fchrer und Direktkandidat f\u00fcr die NPD bei den Landtagswahlen 2011.<!--more--><\/p>\n<p>Nach Angaben der Polizei soll die Personengruppe bis zu 30 Mitglieder umfasst haben und war, wie auch eigene Beobachtungen best\u00e4tigen k\u00f6nnen, teilweise bewaffnet. Szenekenner konnten einige der Angreifer identifizieren. Unter ihnen befand sich etwa Danny Brandt, der im so genannten \u201eGehlsdorf-Prozess\u201c zu einer mehrj\u00e4hrigen Haftstrafe verurteilt worden ist. Ihm wurde vorgeworfenen mit weiteren Neonazis Polizeibeamte angegriffen zu haben, als diese ein illegales Neonazikonzert aufl\u00f6sen wollten.<\/p>\n<p>Auch im Zusammenhang mit den Tumulten vom Samstag kam es wieder zu Attacken auf Einsatzkr\u00e4fte. Ein Beamter in Zivil ist von einem Teil der Fl\u00fcchtenden mit einer Eisenstange verletzt worden. \u201eDer genaue Tathergang des Angriffs auf die Polizeibeamten ist uns unbekannt. Allerdings schien Michael Fischer, 2011 Direktkandidat im Wahlkreis Rostock IV, die Gruppe anzuf\u00fchren, die sich zun\u00e4chst unter Gegr\u00f6hle und martialischen Gesten unserem Kundgebungsort gen\u00e4hert hatte, bevor sie den R\u00fcckzug antrat\u201c, sagte die Pressesprecherin der <a href=\"http:\/\/kombinat-fortschritt.com\/\">Gruppe Kombinat Fortschritt<\/a>, Stefanie Hahnfeld.<\/p>\n<p><figure id=\"attachment_8115\" aria-describedby=\"caption-attachment-8115\" style=\"width: 200px\" class=\"wp-caption alignleft\"><a href=\"https:\/\/blog.zeit.de\/stoerungsmelder\/files\/2012\/02\/325474.jpg\"><img loading=\"lazy\" decoding=\"async\" class=\"size-full wp-image-8115\" src=\"https:\/\/blog.zeit.de\/stoerungsmelder\/files\/2012\/02\/325474.jpg\" alt=\"\" width=\"200\" height=\"133\" \/><\/a><figcaption id=\"caption-attachment-8115\" class=\"wp-caption-text\">Ber der Veranstaltung wurde dem NSU-Opfer Mehmet Turgut gedacht \u00a9 Kombinat Fortschrit<\/figcaption><\/figure><\/p>\n<p>Bei der anschlie\u00dfenden Fahndung ergriff die Polizei neun M\u00e4nner, &#8222;die Sturmhauben und Schlauchschals zur Vermummung bei sich trugen und der rechten Szene zuzuordnen sind&#8220;. Die Polizei pr\u00fcft nun, ob einer von ihnen die Stange geworfen hat. Die Kriminalpolizei ermittelt wegen des Verdachts des Landfriedensbruchs.<\/p>\n<p>NPD-Funktion\u00e4r Michael Fischer ist der einzige der Gruppe, bei dem eine Kamera nachgewiesen werden kann. Wenige Stunden sp\u00e4ter erschien auf dem Portal \u201einfo-rostock.org\u201c Bilder, die aus seiner Perspektive aufgenommen worden sind. Bereits seit L\u00e4ngerem wird spekuliert, dass Michael Fischer ma\u00dfgeblich hinter diesem Projekt der \u201eNationalen Sozialisten Rostock\u201c steckt. Bemerkenswert: Bereits der Vorbericht \u201eToitenwinkel wartet\u201c wurde mit dem Begriff \u201eTotschl\u00e4ger\u201c verschlagwortet.<\/p>\n<p>Der Pressesprecher Sebastian Weigand des Organisationskreis der Veranstaltung \u00e4u\u00dferte dazu: \u201eSchon Tage vorher gab es Hetze im Netz, die Nazis haben sich vermummt und teilweise bewaffnet gezeigt. Damit ist klar, dass es sich um ein gezielten und planvollen Angriff gehandelt hat.\u201c Den Umstand, dass f\u00fchrende NPD-Kader sich bei den Tumulten beteiligten wertet Stefanie Hahnfeld so: \u201eIn keinem Bundesland sind die Verbindungen zwischen NPD und Gewaltt\u00e4tern so eng wie in Mecklenburg\u2013Vorpommern. Der Angriff in Toitenwinkel zeigt erneut den aggressiv-k\u00e4mpferischen Charakter der Partei und ihrer Anh\u00e4nger.\u201c<\/p>\n<p><figure id=\"attachment_8116\" aria-describedby=\"caption-attachment-8116\" style=\"width: 539px\" class=\"wp-caption aligncenter\"><a href=\"https:\/\/blog.zeit.de\/stoerungsmelder\/files\/2012\/02\/325476.jpg\"><img loading=\"lazy\" decoding=\"async\" class=\" wp-image-8116\" src=\"https:\/\/blog.zeit.de\/stoerungsmelder\/files\/2012\/02\/325476.jpg\" alt=\"\" width=\"539\" height=\"359\" srcset=\"https:\/\/blog.zeit.de\/stoerungsmelder\/files\/2012\/02\/325476.jpg 640w, https:\/\/blog.zeit.de\/stoerungsmelder\/files\/2012\/02\/325476-300x200.jpg 300w\" sizes=\"auto, (max-width: 539px) 100vw, 539px\" \/><\/a><figcaption id=\"caption-attachment-8116\" class=\"wp-caption-text\">Die von NPD-Mitglied Michael Fischer (links) aufgenommenen Bilder, tauchten sp\u00e4ter auf der Webseite der militanten Gruppe &quot;Nationale Sozialisten Rostock&quot; auf \u00a9 Kombinat Fortschritt<\/figcaption><\/figure><\/p>\n<p>W\u00e4hrend des Landtagswahlkampfes 2011 kam es bereits im selben Stadtteil zu einem <a href=\"https:\/\/blog.zeit.de\/stoerungsmelder\/2011\/07\/19\/naziangriff-auf-stadtspaziergang-gegen-rechts-in-rostock_6673\">Angriff auf linksgerichtete Jugendliche<\/a>. Damals wollten drei stadtbekannte und mit Pfefferspray bewaffnete Schl\u00e4ger Jagd auf Sympathisanten der Kampagne \u201eWake up \u2013 Stand up\u201c machen, die dort Flyer gegen den Einzug der NPD ins Schweriner Schloss machten.<\/p>\n<p><img alt=\"\" \/><\/p>\n","protected":false},"excerpt":{"rendered":"<p>Es sollte eine ruhige Gedenkkundgebung f\u00fcr die Opfer der NSU-Mordserie werden, doch dann versuchten Neonazis die Veranstaltung anzugreifen. Im Rostocker Stadtteil Toitenwinkel hatten sich am Samstag anl\u00e4sslich des Todestages von Mehmet Turgut rund 120 Personen aus antirassistischen und antifaschistischen Gruppen, sowie B\u00fcrger versammelt. Doch kurz nach Ende der Veranstaltung kam es zu Tumulten. Eine etwa [&hellip;]<\/p>\n","protected":false},"author":229,"featured_media":0,"comment_status":"open","ping_status":"open","sticky":false,"template":"","format":"standard","meta":{"_jetpack_memberships_contains_paid_content":false,"footnotes":""},"categories":[90],"tags":[1577,12802,12803,1716,12752,1755],"class_list":["post-8113","post","type-post","status-publish","format-standard","hentry","category-mecklenburg-vorpommern","tag-gedenken","tag-michael-fischer","tag-nationale-sozialisten-rostock","tag-npd","tag-nsu","tag-rechte-gewalt"],"yoast_head":"<!-- This site is optimized with the Yoast SEO plugin v21.0 - https:\/\/yoast.com\/wordpress\/plugins\/seo\/ -->\n<title>NPD-Funktion\u00e4r fotografiert bei versuchtem Angriff auf Gedenkveranstaltung - St\u00f6rungsmelder<\/title>\n<meta name=\"robots\" content=\"index, follow, max-snippet:-1, max-image-preview:large, max-video-preview:-1\" \/>\n<link rel=\"canonical\" href=\"https:\/\/blog.zeit.de\/stoerungsmelder\/2012\/02\/26\/npd-kandidat-fuhrt-versuchten-angriff-auf-gedenkveranstaltung-an_8113\" \/>\n<meta property=\"og:locale\" content=\"de_DE\" \/>\n<meta property=\"og:type\" content=\"article\" \/>\n<meta property=\"og:title\" content=\"NPD-Funktion\u00e4r fotografiert bei versuchtem Angriff auf Gedenkveranstaltung - St\u00f6rungsmelder\" \/>\n<meta property=\"og:description\" content=\"Es sollte eine ruhige Gedenkkundgebung f\u00fcr die Opfer der NSU-Mordserie werden, doch dann versuchten Neonazis die Veranstaltung anzugreifen. Im Rostocker Stadtteil Toitenwinkel hatten sich am Samstag anl\u00e4sslich des Todestages von Mehmet Turgut rund 120 Personen aus antirassistischen und antifaschistischen Gruppen, sowie B\u00fcrger versammelt. Doch kurz nach Ende der Veranstaltung kam es zu Tumulten. Eine etwa [&hellip;]\" \/>\n<meta property=\"og:url\" content=\"https:\/\/blog.zeit.de\/stoerungsmelder\/2012\/02\/26\/npd-kandidat-fuhrt-versuchten-angriff-auf-gedenkveranstaltung-an_8113\" \/>\n<meta property=\"og:site_name\" content=\"St\u00f6rungsmelder\" \/>\n<meta property=\"article:published_time\" content=\"2012-02-26T15:03:39+00:00\" \/>\n<meta property=\"article:modified_time\" content=\"2012-02-27T09:18:21+00:00\" \/>\n<meta property=\"og:image\" content=\"https:\/\/blog.zeit.de\/stoerungsmelder\/files\/2012\/02\/325475.jpg\" \/>\n<meta name=\"author\" content=\"St\u00f6rungsmelder\" \/>\n<meta name=\"twitter:card\" content=\"summary_large_image\" \/>\n<meta name=\"twitter:label1\" content=\"Geschrieben von\" \/>\n\t<meta name=\"twitter:data1\" content=\"St\u00f6rungsmelder\" \/>\n\t<meta name=\"twitter:label2\" content=\"Gesch\u00e4tzte Lesezeit\" \/>\n\t<meta name=\"twitter:data2\" content=\"3\u00a0Minuten\" \/>\n<script type=\"application\/ld+json\" class=\"yoast-schema-graph\">{\"@context\":\"https:\/\/schema.org\",\"@graph\":[{\"@type\":\"WebPage\",\"@id\":\"https:\/\/blog.zeit.de\/stoerungsmelder\/2012\/02\/26\/npd-kandidat-fuhrt-versuchten-angriff-auf-gedenkveranstaltung-an_8113\",\"url\":\"https:\/\/blog.zeit.de\/stoerungsmelder\/2012\/02\/26\/npd-kandidat-fuhrt-versuchten-angriff-auf-gedenkveranstaltung-an_8113\",\"name\":\"NPD-Funktion\u00e4r fotografiert bei versuchtem Angriff auf Gedenkveranstaltung - St\u00f6rungsmelder\",\"isPartOf\":{\"@id\":\"https:\/\/blog.zeit.de\/stoerungsmelder\/#website\"},\"datePublished\":\"2012-02-26T15:03:39+00:00\",\"dateModified\":\"2012-02-27T09:18:21+00:00\",\"author\":{\"@id\":\"https:\/\/blog.zeit.de\/stoerungsmelder\/#\/schema\/person\/fdd0b9818f65738672810b6d6f037f71\"},\"breadcrumb\":{\"@id\":\"https:\/\/blog.zeit.de\/stoerungsmelder\/2012\/02\/26\/npd-kandidat-fuhrt-versuchten-angriff-auf-gedenkveranstaltung-an_8113#breadcrumb\"},\"inLanguage\":\"de\",\"potentialAction\":[{\"@type\":\"ReadAction\",\"target\":[\"https:\/\/blog.zeit.de\/stoerungsmelder\/2012\/02\/26\/npd-kandidat-fuhrt-versuchten-angriff-auf-gedenkveranstaltung-an_8113\"]}]},{\"@type\":\"BreadcrumbList\",\"@id\":\"https:\/\/blog.zeit.de\/stoerungsmelder\/2012\/02\/26\/npd-kandidat-fuhrt-versuchten-angriff-auf-gedenkveranstaltung-an_8113#breadcrumb\",\"itemListElement\":[{\"@type\":\"ListItem\",\"position\":1,\"name\":\"Startseite\",\"item\":\"https:\/\/blog.zeit.de\/stoerungsmelder\"},{\"@type\":\"ListItem\",\"position\":2,\"name\":\"NPD-Funktion\u00e4r fotografiert bei versuchtem Angriff auf Gedenkveranstaltung\"}]},{\"@type\":\"WebSite\",\"@id\":\"https:\/\/blog.zeit.de\/stoerungsmelder\/#website\",\"url\":\"https:\/\/blog.zeit.de\/stoerungsmelder\/\",\"name\":\"St\u00f6rungsmelder\",\"description\":\"Recherchen und Analysen \u00fcber die extreme Rechte\",\"potentialAction\":[{\"@type\":\"SearchAction\",\"target\":{\"@type\":\"EntryPoint\",\"urlTemplate\":\"https:\/\/blog.zeit.de\/stoerungsmelder\/?s={search_term_string}\"},\"query-input\":\"required name=search_term_string\"}],\"inLanguage\":\"de\"},{\"@type\":\"Person\",\"@id\":\"https:\/\/blog.zeit.de\/stoerungsmelder\/#\/schema\/person\/fdd0b9818f65738672810b6d6f037f71\",\"name\":\"St\u00f6rungsmelder\",\"image\":{\"@type\":\"ImageObject\",\"inLanguage\":\"de\",\"@id\":\"https:\/\/blog.zeit.de\/stoerungsmelder\/#\/schema\/person\/image\/\",\"url\":\"https:\/\/secure.gravatar.com\/avatar\/dfa4be514c3e82a71e4f9a0020035d38192d080ccaa5e4e6d7a1472c763535c5?s=96&d=mm&r=pg\",\"contentUrl\":\"https:\/\/secure.gravatar.com\/avatar\/dfa4be514c3e82a71e4f9a0020035d38192d080ccaa5e4e6d7a1472c763535c5?s=96&d=mm&r=pg\",\"caption\":\"St\u00f6rungsmelder\"},\"url\":\"https:\/\/blog.zeit.de\/stoerungsmelder\/author\/stoerungsmelder\"}]}<\/script>\n<!-- \/ Yoast SEO plugin. -->","yoast_head_json":{"title":"NPD-Funktion\u00e4r fotografiert bei versuchtem Angriff auf Gedenkveranstaltung - St\u00f6rungsmelder","robots":{"index":"index","follow":"follow","max-snippet":"max-snippet:-1","max-image-preview":"max-image-preview:large","max-video-preview":"max-video-preview:-1"},"canonical":"https:\/\/blog.zeit.de\/stoerungsmelder\/2012\/02\/26\/npd-kandidat-fuhrt-versuchten-angriff-auf-gedenkveranstaltung-an_8113","og_locale":"de_DE","og_type":"article","og_title":"NPD-Funktion\u00e4r fotografiert bei versuchtem Angriff auf Gedenkveranstaltung - St\u00f6rungsmelder","og_description":"Es sollte eine ruhige Gedenkkundgebung f\u00fcr die Opfer der NSU-Mordserie werden, doch dann versuchten Neonazis die Veranstaltung anzugreifen. Im Rostocker Stadtteil Toitenwinkel hatten sich am Samstag anl\u00e4sslich des Todestages von Mehmet Turgut rund 120 Personen aus antirassistischen und antifaschistischen Gruppen, sowie B\u00fcrger versammelt. Doch kurz nach Ende der Veranstaltung kam es zu Tumulten. Eine etwa [&hellip;]","og_url":"https:\/\/blog.zeit.de\/stoerungsmelder\/2012\/02\/26\/npd-kandidat-fuhrt-versuchten-angriff-auf-gedenkveranstaltung-an_8113","og_site_name":"St\u00f6rungsmelder","article_published_time":"2012-02-26T15:03:39+00:00","article_modified_time":"2012-02-27T09:18:21+00:00","og_image":[{"url":"https:\/\/blog.zeit.de\/stoerungsmelder\/files\/2012\/02\/325475.jpg"}],"author":"St\u00f6rungsmelder","twitter_card":"summary_large_image","twitter_misc":{"Geschrieben von":"St\u00f6rungsmelder","Gesch\u00e4tzte Lesezeit":"3\u00a0Minuten"},"schema":{"@context":"https:\/\/schema.org","@graph":[{"@type":"WebPage","@id":"https:\/\/blog.zeit.de\/stoerungsmelder\/2012\/02\/26\/npd-kandidat-fuhrt-versuchten-angriff-auf-gedenkveranstaltung-an_8113","url":"https:\/\/blog.zeit.de\/stoerungsmelder\/2012\/02\/26\/npd-kandidat-fuhrt-versuchten-angriff-auf-gedenkveranstaltung-an_8113","name":"NPD-Funktion\u00e4r fotografiert bei versuchtem Angriff auf Gedenkveranstaltung - St\u00f6rungsmelder","isPartOf":{"@id":"https:\/\/blog.zeit.de\/stoerungsmelder\/#website"},"datePublished":"2012-02-26T15:03:39+00:00","dateModified":"2012-02-27T09:18:21+00:00","author":{"@id":"https:\/\/blog.zeit.de\/stoerungsmelder\/#\/schema\/person\/fdd0b9818f65738672810b6d6f037f71"},"breadcrumb":{"@id":"https:\/\/blog.zeit.de\/stoerungsmelder\/2012\/02\/26\/npd-kandidat-fuhrt-versuchten-angriff-auf-gedenkveranstaltung-an_8113#breadcrumb"},"inLanguage":"de","potentialAction":[{"@type":"ReadAction","target":["https:\/\/blog.zeit.de\/stoerungsmelder\/2012\/02\/26\/npd-kandidat-fuhrt-versuchten-angriff-auf-gedenkveranstaltung-an_8113"]}]},{"@type":"BreadcrumbList","@id":"https:\/\/blog.zeit.de\/stoerungsmelder\/2012\/02\/26\/npd-kandidat-fuhrt-versuchten-angriff-auf-gedenkveranstaltung-an_8113#breadcrumb","itemListElement":[{"@type":"ListItem","position":1,"name":"Startseite","item":"https:\/\/blog.zeit.de\/stoerungsmelder"},{"@type":"ListItem","position":2,"name":"NPD-Funktion\u00e4r fotografiert bei versuchtem Angriff auf Gedenkveranstaltung"}]},{"@type":"WebSite","@id":"https:\/\/blog.zeit.de\/stoerungsmelder\/#website","url":"https:\/\/blog.zeit.de\/stoerungsmelder\/","name":"St\u00f6rungsmelder","description":"Recherchen und Analysen \u00fcber die extreme Rechte","potentialAction":[{"@type":"SearchAction","target":{"@type":"EntryPoint","urlTemplate":"https:\/\/blog.zeit.de\/stoerungsmelder\/?s={search_term_string}"},"query-input":"required name=search_term_string"}],"inLanguage":"de"},{"@type":"Person","@id":"https:\/\/blog.zeit.de\/stoerungsmelder\/#\/schema\/person\/fdd0b9818f65738672810b6d6f037f71","name":"St\u00f6rungsmelder","image":{"@type":"ImageObject","inLanguage":"de","@id":"https:\/\/blog.zeit.de\/stoerungsmelder\/#\/schema\/person\/image\/","url":"https:\/\/secure.gravatar.com\/avatar\/dfa4be514c3e82a71e4f9a0020035d38192d080ccaa5e4e6d7a1472c763535c5?s=96&d=mm&r=pg","contentUrl":"https:\/\/secure.gravatar.com\/avatar\/dfa4be514c3e82a71e4f9a0020035d38192d080ccaa5e4e6d7a1472c763535c5?s=96&d=mm&r=pg","caption":"St\u00f6rungsmelder"},"url":"https:\/\/blog.zeit.de\/stoerungsmelder\/author\/stoerungsmelder"}]}},"jetpack_featured_media_url":"","jetpack_sharing_enabled":true,"_links":{"self":[{"href":"https:\/\/blog.zeit.de\/stoerungsmelder\/wp-json\/wp\/v2\/posts\/8113","targetHints":{"allow":["GET"]}}],"collection":[{"href":"https:\/\/blog.zeit.de\/stoerungsmelder\/wp-json\/wp\/v2\/posts"}],"about":[{"href":"https:\/\/blog.zeit.de\/stoerungsmelder\/wp-json\/wp\/v2\/types\/post"}],"author":[{"embeddable":true,"href":"https:\/\/blog.zeit.de\/stoerungsmelder\/wp-json\/wp\/v2\/users\/229"}],"replies":[{"embeddable":true,"href":"https:\/\/blog.zeit.de\/stoerungsmelder\/wp-json\/wp\/v2\/comments?post=8113"}],"version-history":[{"count":9,"href":"https:\/\/blog.zeit.de\/stoerungsmelder\/wp-json\/wp\/v2\/posts\/8113\/revisions"}],"predecessor-version":[{"id":8119,"href":"https:\/\/blog.zeit.de\/stoerungsmelder\/wp-json\/wp\/v2\/posts\/8113\/revisions\/8119"}],"wp:attachment":[{"href":"https:\/\/blog.zeit.de\/stoerungsmelder\/wp-json\/wp\/v2\/media?parent=8113"}],"wp:term":[{"taxonomy":"category","embeddable":true,"href":"https:\/\/blog.zeit.de\/stoerungsmelder\/wp-json\/wp\/v2\/categories?post=8113"},{"taxonomy":"post_tag","embeddable":true,"href":"https:\/\/blog.zeit.de\/stoerungsmelder\/wp-json\/wp\/v2\/tags?post=8113"}],"curies":[{"name":"wp","href":"https:\/\/api.w.org\/{rel}","templated":true}]}}