{"id":8168,"date":"2012-03-02T18:23:25","date_gmt":"2012-03-02T17:23:25","guid":{"rendered":"http:\/\/blog.zeit.de\/stoerungsmelder\/?p=8168"},"modified":"2012-03-02T18:23:25","modified_gmt":"2012-03-02T17:23:25","slug":"lese-tipp-vielleicht-haben-die-sich-selber-angezundet","status":"publish","type":"post","link":"https:\/\/blog.zeit.de\/stoerungsmelder\/2012\/03\/02\/lese-tipp-vielleicht-haben-die-sich-selber-angezundet_8168","title":{"rendered":"Lese-Tipp: &#8222;Vielleicht haben die sich selber angez\u00fcndet&#8220;"},"content":{"rendered":"<p>Vor dem Landgericht Stuttgart l\u00e4uft der Prozess gegen Rechtsextreme, die im vergangenen April eine Gartenh\u00fctte in Winterbach angez\u00fcndet haben sollen. Darin hatten sich f\u00fcnf M\u00e4nner t\u00fcrkischer und italienischer Herkunft aus Angst vor den Nazis verschanzt. Die Aufarbeitung der Geschehnisse f\u00e4llt schwer: Die Verd\u00e4chtigen schweigen. Oder sie spotten \u00fcber die Opfer. Ein <a href=\"http:\/\/www.zeit.de\/politik\/deutschland\/2012-03\/brandanschlag-winterbach-prozess\">lesenswerter Beitrag<\/a> von unserem Kollegen R\u00fcdiger B\u00e4\u00dfler.<\/p>\n","protected":false},"excerpt":{"rendered":"<p>Vor dem Landgericht Stuttgart l\u00e4uft der Prozess gegen Rechtsextreme, die im vergangenen April eine Gartenh\u00fctte in Winterbach angez\u00fcndet haben sollen. Darin hatten sich f\u00fcnf M\u00e4nner t\u00fcrkischer und italienischer Herkunft aus Angst vor den Nazis verschanzt. Die Aufarbeitung der Geschehnisse f\u00e4llt schwer: Die Verd\u00e4chtigen schweigen. Oder sie spotten \u00fcber die Opfer. Ein lesenswerter Beitrag von unserem [&hellip;]<\/p>\n","protected":false},"author":350,"featured_media":0,"comment_status":"open","ping_status":"open","sticky":false,"template":"","format":"standard","meta":{"_jetpack_memberships_contains_paid_content":false,"footnotes":""},"categories":[1515],"tags":[1511,1711],"class_list":["post-8168","post","type-post","status-publish","format-standard","hentry","category-bundesweit","tag-brandanschlag","tag-neonazis"],"yoast_head":"<!-- This site is optimized with the Yoast SEO plugin v21.0 - https:\/\/yoast.com\/wordpress\/plugins\/seo\/ -->\n<title>Lese-Tipp: &quot;Vielleicht haben die sich selber angez\u00fcndet&quot; - St\u00f6rungsmelder<\/title>\n<meta name=\"robots\" content=\"index, follow, max-snippet:-1, max-image-preview:large, max-video-preview:-1\" \/>\n<link rel=\"canonical\" href=\"https:\/\/blog.zeit.de\/stoerungsmelder\/2012\/03\/02\/lese-tipp-vielleicht-haben-die-sich-selber-angezundet_8168\" \/>\n<meta property=\"og:locale\" content=\"de_DE\" \/>\n<meta property=\"og:type\" content=\"article\" \/>\n<meta property=\"og:title\" content=\"Lese-Tipp: &quot;Vielleicht haben die sich selber angez\u00fcndet&quot; - St\u00f6rungsmelder\" \/>\n<meta property=\"og:description\" content=\"Vor dem Landgericht Stuttgart l\u00e4uft der Prozess gegen Rechtsextreme, die im vergangenen April eine Gartenh\u00fctte in Winterbach angez\u00fcndet haben sollen. Darin hatten sich f\u00fcnf M\u00e4nner t\u00fcrkischer und italienischer Herkunft aus Angst vor den Nazis verschanzt. Die Aufarbeitung der Geschehnisse f\u00e4llt schwer: Die Verd\u00e4chtigen schweigen. Oder sie spotten \u00fcber die Opfer. Ein lesenswerter Beitrag von unserem [&hellip;]\" \/>\n<meta property=\"og:url\" content=\"https:\/\/blog.zeit.de\/stoerungsmelder\/2012\/03\/02\/lese-tipp-vielleicht-haben-die-sich-selber-angezundet_8168\" \/>\n<meta property=\"og:site_name\" content=\"St\u00f6rungsmelder\" \/>\n<meta property=\"article:published_time\" content=\"2012-03-02T17:23:25+00:00\" \/>\n<meta name=\"author\" content=\"Lisa Caspari\" \/>\n<meta name=\"twitter:card\" content=\"summary_large_image\" \/>\n<meta name=\"twitter:label1\" content=\"Geschrieben von\" \/>\n\t<meta name=\"twitter:data1\" content=\"Lisa Caspari\" \/>\n<script type=\"application\/ld+json\" class=\"yoast-schema-graph\">{\"@context\":\"https:\/\/schema.org\",\"@graph\":[{\"@type\":\"WebPage\",\"@id\":\"https:\/\/blog.zeit.de\/stoerungsmelder\/2012\/03\/02\/lese-tipp-vielleicht-haben-die-sich-selber-angezundet_8168\",\"url\":\"https:\/\/blog.zeit.de\/stoerungsmelder\/2012\/03\/02\/lese-tipp-vielleicht-haben-die-sich-selber-angezundet_8168\",\"name\":\"Lese-Tipp: \\\"Vielleicht haben die sich selber angez\u00fcndet\\\" - St\u00f6rungsmelder\",\"isPartOf\":{\"@id\":\"https:\/\/blog.zeit.de\/stoerungsmelder\/#website\"},\"datePublished\":\"2012-03-02T17:23:25+00:00\",\"dateModified\":\"2012-03-02T17:23:25+00:00\",\"author\":{\"@id\":\"https:\/\/blog.zeit.de\/stoerungsmelder\/#\/schema\/person\/3863bcab169f6697a6d5c63117df8405\"},\"breadcrumb\":{\"@id\":\"https:\/\/blog.zeit.de\/stoerungsmelder\/2012\/03\/02\/lese-tipp-vielleicht-haben-die-sich-selber-angezundet_8168#breadcrumb\"},\"inLanguage\":\"de\",\"potentialAction\":[{\"@type\":\"ReadAction\",\"target\":[\"https:\/\/blog.zeit.de\/stoerungsmelder\/2012\/03\/02\/lese-tipp-vielleicht-haben-die-sich-selber-angezundet_8168\"]}]},{\"@type\":\"BreadcrumbList\",\"@id\":\"https:\/\/blog.zeit.de\/stoerungsmelder\/2012\/03\/02\/lese-tipp-vielleicht-haben-die-sich-selber-angezundet_8168#breadcrumb\",\"itemListElement\":[{\"@type\":\"ListItem\",\"position\":1,\"name\":\"Startseite\",\"item\":\"https:\/\/blog.zeit.de\/stoerungsmelder\"},{\"@type\":\"ListItem\",\"position\":2,\"name\":\"Lese-Tipp: &#8222;Vielleicht haben die sich selber angez\u00fcndet&#8220;\"}]},{\"@type\":\"WebSite\",\"@id\":\"https:\/\/blog.zeit.de\/stoerungsmelder\/#website\",\"url\":\"https:\/\/blog.zeit.de\/stoerungsmelder\/\",\"name\":\"St\u00f6rungsmelder\",\"description\":\"Recherchen und Analysen \u00fcber die extreme Rechte\",\"potentialAction\":[{\"@type\":\"SearchAction\",\"target\":{\"@type\":\"EntryPoint\",\"urlTemplate\":\"https:\/\/blog.zeit.de\/stoerungsmelder\/?s={search_term_string}\"},\"query-input\":\"required name=search_term_string\"}],\"inLanguage\":\"de\"},{\"@type\":\"Person\",\"@id\":\"https:\/\/blog.zeit.de\/stoerungsmelder\/#\/schema\/person\/3863bcab169f6697a6d5c63117df8405\",\"name\":\"Lisa Caspari\",\"image\":{\"@type\":\"ImageObject\",\"inLanguage\":\"de\",\"@id\":\"https:\/\/blog.zeit.de\/stoerungsmelder\/#\/schema\/person\/image\/\",\"url\":\"https:\/\/secure.gravatar.com\/avatar\/24bd331e48d30258d7a5e9a5037e7c5af9e47c88ab2ecbc7568c2f10e40e93fc?s=96&d=mm&r=pg\",\"contentUrl\":\"https:\/\/secure.gravatar.com\/avatar\/24bd331e48d30258d7a5e9a5037e7c5af9e47c88ab2ecbc7568c2f10e40e93fc?s=96&d=mm&r=pg\",\"caption\":\"Lisa Caspari\"},\"description\":\"ist Redakteurin im Ressort Politik, Wirtschaft und Gesellschaft bei ZEIT ONLINE.\",\"url\":\"https:\/\/blog.zeit.de\/stoerungsmelder\/author\/lisacaspari\"}]}<\/script>\n<!-- \/ Yoast SEO plugin. -->","yoast_head_json":{"title":"Lese-Tipp: \"Vielleicht haben die sich selber angez\u00fcndet\" - St\u00f6rungsmelder","robots":{"index":"index","follow":"follow","max-snippet":"max-snippet:-1","max-image-preview":"max-image-preview:large","max-video-preview":"max-video-preview:-1"},"canonical":"https:\/\/blog.zeit.de\/stoerungsmelder\/2012\/03\/02\/lese-tipp-vielleicht-haben-die-sich-selber-angezundet_8168","og_locale":"de_DE","og_type":"article","og_title":"Lese-Tipp: \"Vielleicht haben die sich selber angez\u00fcndet\" - St\u00f6rungsmelder","og_description":"Vor dem Landgericht Stuttgart l\u00e4uft der Prozess gegen Rechtsextreme, die im vergangenen April eine Gartenh\u00fctte in Winterbach angez\u00fcndet haben sollen. Darin hatten sich f\u00fcnf M\u00e4nner t\u00fcrkischer und italienischer Herkunft aus Angst vor den Nazis verschanzt. Die Aufarbeitung der Geschehnisse f\u00e4llt schwer: Die Verd\u00e4chtigen schweigen. Oder sie spotten \u00fcber die Opfer. Ein lesenswerter Beitrag von unserem [&hellip;]","og_url":"https:\/\/blog.zeit.de\/stoerungsmelder\/2012\/03\/02\/lese-tipp-vielleicht-haben-die-sich-selber-angezundet_8168","og_site_name":"St\u00f6rungsmelder","article_published_time":"2012-03-02T17:23:25+00:00","author":"Lisa Caspari","twitter_card":"summary_large_image","twitter_misc":{"Geschrieben von":"Lisa Caspari"},"schema":{"@context":"https:\/\/schema.org","@graph":[{"@type":"WebPage","@id":"https:\/\/blog.zeit.de\/stoerungsmelder\/2012\/03\/02\/lese-tipp-vielleicht-haben-die-sich-selber-angezundet_8168","url":"https:\/\/blog.zeit.de\/stoerungsmelder\/2012\/03\/02\/lese-tipp-vielleicht-haben-die-sich-selber-angezundet_8168","name":"Lese-Tipp: \"Vielleicht haben die sich selber angez\u00fcndet\" - St\u00f6rungsmelder","isPartOf":{"@id":"https:\/\/blog.zeit.de\/stoerungsmelder\/#website"},"datePublished":"2012-03-02T17:23:25+00:00","dateModified":"2012-03-02T17:23:25+00:00","author":{"@id":"https:\/\/blog.zeit.de\/stoerungsmelder\/#\/schema\/person\/3863bcab169f6697a6d5c63117df8405"},"breadcrumb":{"@id":"https:\/\/blog.zeit.de\/stoerungsmelder\/2012\/03\/02\/lese-tipp-vielleicht-haben-die-sich-selber-angezundet_8168#breadcrumb"},"inLanguage":"de","potentialAction":[{"@type":"ReadAction","target":["https:\/\/blog.zeit.de\/stoerungsmelder\/2012\/03\/02\/lese-tipp-vielleicht-haben-die-sich-selber-angezundet_8168"]}]},{"@type":"BreadcrumbList","@id":"https:\/\/blog.zeit.de\/stoerungsmelder\/2012\/03\/02\/lese-tipp-vielleicht-haben-die-sich-selber-angezundet_8168#breadcrumb","itemListElement":[{"@type":"ListItem","position":1,"name":"Startseite","item":"https:\/\/blog.zeit.de\/stoerungsmelder"},{"@type":"ListItem","position":2,"name":"Lese-Tipp: &#8222;Vielleicht haben die sich selber angez\u00fcndet&#8220;"}]},{"@type":"WebSite","@id":"https:\/\/blog.zeit.de\/stoerungsmelder\/#website","url":"https:\/\/blog.zeit.de\/stoerungsmelder\/","name":"St\u00f6rungsmelder","description":"Recherchen und Analysen \u00fcber die extreme Rechte","potentialAction":[{"@type":"SearchAction","target":{"@type":"EntryPoint","urlTemplate":"https:\/\/blog.zeit.de\/stoerungsmelder\/?s={search_term_string}"},"query-input":"required name=search_term_string"}],"inLanguage":"de"},{"@type":"Person","@id":"https:\/\/blog.zeit.de\/stoerungsmelder\/#\/schema\/person\/3863bcab169f6697a6d5c63117df8405","name":"Lisa Caspari","image":{"@type":"ImageObject","inLanguage":"de","@id":"https:\/\/blog.zeit.de\/stoerungsmelder\/#\/schema\/person\/image\/","url":"https:\/\/secure.gravatar.com\/avatar\/24bd331e48d30258d7a5e9a5037e7c5af9e47c88ab2ecbc7568c2f10e40e93fc?s=96&d=mm&r=pg","contentUrl":"https:\/\/secure.gravatar.com\/avatar\/24bd331e48d30258d7a5e9a5037e7c5af9e47c88ab2ecbc7568c2f10e40e93fc?s=96&d=mm&r=pg","caption":"Lisa Caspari"},"description":"ist Redakteurin im Ressort Politik, Wirtschaft und Gesellschaft bei ZEIT ONLINE.","url":"https:\/\/blog.zeit.de\/stoerungsmelder\/author\/lisacaspari"}]}},"jetpack_featured_media_url":"","jetpack_sharing_enabled":true,"_links":{"self":[{"href":"https:\/\/blog.zeit.de\/stoerungsmelder\/wp-json\/wp\/v2\/posts\/8168","targetHints":{"allow":["GET"]}}],"collection":[{"href":"https:\/\/blog.zeit.de\/stoerungsmelder\/wp-json\/wp\/v2\/posts"}],"about":[{"href":"https:\/\/blog.zeit.de\/stoerungsmelder\/wp-json\/wp\/v2\/types\/post"}],"author":[{"embeddable":true,"href":"https:\/\/blog.zeit.de\/stoerungsmelder\/wp-json\/wp\/v2\/users\/350"}],"replies":[{"embeddable":true,"href":"https:\/\/blog.zeit.de\/stoerungsmelder\/wp-json\/wp\/v2\/comments?post=8168"}],"version-history":[{"count":1,"href":"https:\/\/blog.zeit.de\/stoerungsmelder\/wp-json\/wp\/v2\/posts\/8168\/revisions"}],"predecessor-version":[{"id":8169,"href":"https:\/\/blog.zeit.de\/stoerungsmelder\/wp-json\/wp\/v2\/posts\/8168\/revisions\/8169"}],"wp:attachment":[{"href":"https:\/\/blog.zeit.de\/stoerungsmelder\/wp-json\/wp\/v2\/media?parent=8168"}],"wp:term":[{"taxonomy":"category","embeddable":true,"href":"https:\/\/blog.zeit.de\/stoerungsmelder\/wp-json\/wp\/v2\/categories?post=8168"},{"taxonomy":"post_tag","embeddable":true,"href":"https:\/\/blog.zeit.de\/stoerungsmelder\/wp-json\/wp\/v2\/tags?post=8168"}],"curies":[{"name":"wp","href":"https:\/\/api.w.org\/{rel}","templated":true}]}}