{"id":8191,"date":"2012-03-08T14:22:43","date_gmt":"2012-03-08T13:22:43","guid":{"rendered":"http:\/\/blog.zeit.de\/stoerungsmelder\/?p=8191"},"modified":"2017-07-08T16:36:10","modified_gmt":"2017-07-08T14:36:10","slug":"neue-zeit-online-serie-zum-thema-rechtsextremismus","status":"publish","type":"post","link":"https:\/\/blog.zeit.de\/stoerungsmelder\/2012\/03\/08\/neue-zeit-online-serie-zum-thema-rechtsextremismus_8191","title":{"rendered":"Neue ZEIT ONLINE-Serie zum Thema Rechtsextremismus"},"content":{"rendered":"<p><figure id=\"attachment_8192\" aria-describedby=\"caption-attachment-8192\" style=\"width: 540px\" class=\"wp-caption aligncenter\"><a href=\"https:\/\/blog.zeit.de\/stoerungsmelder\/files\/2012\/03\/nazi-auftakt-540x304.jpg\"><img loading=\"lazy\" decoding=\"async\" class=\"size-full wp-image-8192\" src=\"https:\/\/blog.zeit.de\/stoerungsmelder\/files\/2012\/03\/nazi-auftakt-540x304.jpg\" alt=\"\" width=\"540\" height=\"304\" srcset=\"https:\/\/blog.zeit.de\/stoerungsmelder\/files\/2012\/03\/nazi-auftakt-540x304.jpg 540w, https:\/\/blog.zeit.de\/stoerungsmelder\/files\/2012\/03\/nazi-auftakt-540x304-300x168.jpg 300w\" sizes=\"auto, (max-width: 540px) 100vw, 540px\" \/><\/a><figcaption id=\"caption-attachment-8192\" class=\"wp-caption-text\">Die Nazi-Szene hat sich in den vergangenen Jahren komplett gewandelt \u00a9 Roland Geisheimer\/attenzione<\/figcaption><\/figure><\/p>\n<p>Medienberichterstattung zur Naziszene gibt es meist, wenn wieder eine besonders schwere Gewalttat, ein Anschlag oder ein rechtsextremer Wahlerfolg das Thema pr\u00e4sent machen. Nicht nur mit dem St\u00f6rungsmelder versuchen wir deshalb kontinuierlich zu berichten, auch wenn gerade kein spektakul\u00e4rer Fall bekannt wurde. Es geht um den rechtsextremen Alltag und die gesamtgesellschaftliche Entwicklung.<\/p>\n<p>ZEIT ONLINE zeigt in den kommenden Wochen, wie moderner Rechtsextremismus funktioniert und wo die Grenzen zwischen Demokratie und Rechtsextremismus aufweichen. Wir zeigen, wie &#8222;Angst-R\u00e4ume&#8220; entstehen, in denen auch die Zwickauer Terroristen zu ihren brutalen Entschl\u00fcssen gelangten. Unsere Serie hei\u00dft &#8222;Neue deutsche Nazis&#8220;, weil die moderne deutsche Neonazi-Szene dynamisch ist. Sie ist vernetzt, vielf\u00e4ltig und einflussreich. Wir sind sicher: Das Problem Rechtsextremismus wird sich nicht von selbst l\u00f6sen. Jeden Donnertstag erscheint ein neuer Artikel. Wir w\u00fcnschen Ihnen viel Spa\u00df beim Lesen und freuen uns auf interessante Diskussionen. <a href=\"http:\/\/www.zeit.de\/serie\/neue-deutsche-nazis\">Hier geht es direkt zur Serienseite<\/a>.<\/p>\n","protected":false},"excerpt":{"rendered":"<p>Medienberichterstattung zur Naziszene gibt es meist, wenn wieder eine besonders schwere Gewalttat, ein Anschlag oder ein rechtsextremer Wahlerfolg das Thema pr\u00e4sent machen. Nicht nur mit dem St\u00f6rungsmelder versuchen wir deshalb kontinuierlich zu berichten, auch wenn gerade kein spektakul\u00e4rer Fall bekannt wurde. Es geht um den rechtsextremen Alltag und die gesamtgesellschaftliche Entwicklung. ZEIT ONLINE zeigt in [&hellip;]<\/p>\n","protected":false},"author":229,"featured_media":0,"comment_status":"open","ping_status":"open","sticky":false,"template":"","format":"standard","meta":{"_jetpack_memberships_contains_paid_content":false,"footnotes":""},"categories":[1515],"tags":[1493,1564,1716,1755,17758],"class_list":["post-8191","post","type-post","status-publish","format-standard","hentry","category-bundesweit","tag-autonome-nationalisten","tag-freie-kameradschaften","tag-npd","tag-rechte-gewalt","tag-unsterbliche"],"yoast_head":"<!-- This site is optimized with the Yoast SEO plugin v21.0 - https:\/\/yoast.com\/wordpress\/plugins\/seo\/ -->\n<title>Neue ZEIT ONLINE-Serie zum Thema Rechtsextremismus - St\u00f6rungsmelder<\/title>\n<meta name=\"robots\" content=\"index, follow, max-snippet:-1, max-image-preview:large, max-video-preview:-1\" \/>\n<link rel=\"canonical\" href=\"https:\/\/blog.zeit.de\/stoerungsmelder\/2012\/03\/08\/neue-zeit-online-serie-zum-thema-rechtsextremismus_8191\" \/>\n<meta property=\"og:locale\" content=\"de_DE\" \/>\n<meta property=\"og:type\" content=\"article\" \/>\n<meta property=\"og:title\" content=\"Neue ZEIT ONLINE-Serie zum Thema Rechtsextremismus - St\u00f6rungsmelder\" \/>\n<meta property=\"og:description\" content=\"Medienberichterstattung zur Naziszene gibt es meist, wenn wieder eine besonders schwere Gewalttat, ein Anschlag oder ein rechtsextremer Wahlerfolg das Thema pr\u00e4sent machen. Nicht nur mit dem St\u00f6rungsmelder versuchen wir deshalb kontinuierlich zu berichten, auch wenn gerade kein spektakul\u00e4rer Fall bekannt wurde. Es geht um den rechtsextremen Alltag und die gesamtgesellschaftliche Entwicklung. ZEIT ONLINE zeigt in [&hellip;]\" \/>\n<meta property=\"og:url\" content=\"https:\/\/blog.zeit.de\/stoerungsmelder\/2012\/03\/08\/neue-zeit-online-serie-zum-thema-rechtsextremismus_8191\" \/>\n<meta property=\"og:site_name\" content=\"St\u00f6rungsmelder\" \/>\n<meta property=\"article:published_time\" content=\"2012-03-08T13:22:43+00:00\" \/>\n<meta property=\"article:modified_time\" content=\"2017-07-08T14:36:10+00:00\" \/>\n<meta property=\"og:image\" content=\"https:\/\/blog.zeit.de\/stoerungsmelder\/files\/2012\/03\/nazi-auftakt-540x304.jpg\" \/>\n<meta name=\"author\" content=\"St\u00f6rungsmelder\" \/>\n<meta name=\"twitter:card\" content=\"summary_large_image\" \/>\n<meta name=\"twitter:label1\" content=\"Geschrieben von\" \/>\n\t<meta name=\"twitter:data1\" content=\"St\u00f6rungsmelder\" \/>\n\t<meta name=\"twitter:label2\" content=\"Gesch\u00e4tzte Lesezeit\" \/>\n\t<meta name=\"twitter:data2\" content=\"1\u00a0Minute\" \/>\n<script type=\"application\/ld+json\" class=\"yoast-schema-graph\">{\"@context\":\"https:\/\/schema.org\",\"@graph\":[{\"@type\":\"WebPage\",\"@id\":\"https:\/\/blog.zeit.de\/stoerungsmelder\/2012\/03\/08\/neue-zeit-online-serie-zum-thema-rechtsextremismus_8191\",\"url\":\"https:\/\/blog.zeit.de\/stoerungsmelder\/2012\/03\/08\/neue-zeit-online-serie-zum-thema-rechtsextremismus_8191\",\"name\":\"Neue ZEIT ONLINE-Serie zum Thema Rechtsextremismus - St\u00f6rungsmelder\",\"isPartOf\":{\"@id\":\"https:\/\/blog.zeit.de\/stoerungsmelder\/#website\"},\"datePublished\":\"2012-03-08T13:22:43+00:00\",\"dateModified\":\"2017-07-08T14:36:10+00:00\",\"author\":{\"@id\":\"https:\/\/blog.zeit.de\/stoerungsmelder\/#\/schema\/person\/fdd0b9818f65738672810b6d6f037f71\"},\"breadcrumb\":{\"@id\":\"https:\/\/blog.zeit.de\/stoerungsmelder\/2012\/03\/08\/neue-zeit-online-serie-zum-thema-rechtsextremismus_8191#breadcrumb\"},\"inLanguage\":\"de\",\"potentialAction\":[{\"@type\":\"ReadAction\",\"target\":[\"https:\/\/blog.zeit.de\/stoerungsmelder\/2012\/03\/08\/neue-zeit-online-serie-zum-thema-rechtsextremismus_8191\"]}]},{\"@type\":\"BreadcrumbList\",\"@id\":\"https:\/\/blog.zeit.de\/stoerungsmelder\/2012\/03\/08\/neue-zeit-online-serie-zum-thema-rechtsextremismus_8191#breadcrumb\",\"itemListElement\":[{\"@type\":\"ListItem\",\"position\":1,\"name\":\"Startseite\",\"item\":\"https:\/\/blog.zeit.de\/stoerungsmelder\"},{\"@type\":\"ListItem\",\"position\":2,\"name\":\"Neue ZEIT ONLINE-Serie zum Thema Rechtsextremismus\"}]},{\"@type\":\"WebSite\",\"@id\":\"https:\/\/blog.zeit.de\/stoerungsmelder\/#website\",\"url\":\"https:\/\/blog.zeit.de\/stoerungsmelder\/\",\"name\":\"St\u00f6rungsmelder\",\"description\":\"Recherchen und Analysen \u00fcber die extreme Rechte\",\"potentialAction\":[{\"@type\":\"SearchAction\",\"target\":{\"@type\":\"EntryPoint\",\"urlTemplate\":\"https:\/\/blog.zeit.de\/stoerungsmelder\/?s={search_term_string}\"},\"query-input\":\"required name=search_term_string\"}],\"inLanguage\":\"de\"},{\"@type\":\"Person\",\"@id\":\"https:\/\/blog.zeit.de\/stoerungsmelder\/#\/schema\/person\/fdd0b9818f65738672810b6d6f037f71\",\"name\":\"St\u00f6rungsmelder\",\"image\":{\"@type\":\"ImageObject\",\"inLanguage\":\"de\",\"@id\":\"https:\/\/blog.zeit.de\/stoerungsmelder\/#\/schema\/person\/image\/\",\"url\":\"https:\/\/secure.gravatar.com\/avatar\/dfa4be514c3e82a71e4f9a0020035d38192d080ccaa5e4e6d7a1472c763535c5?s=96&d=mm&r=pg\",\"contentUrl\":\"https:\/\/secure.gravatar.com\/avatar\/dfa4be514c3e82a71e4f9a0020035d38192d080ccaa5e4e6d7a1472c763535c5?s=96&d=mm&r=pg\",\"caption\":\"St\u00f6rungsmelder\"},\"url\":\"https:\/\/blog.zeit.de\/stoerungsmelder\/author\/stoerungsmelder\"}]}<\/script>\n<!-- \/ Yoast SEO plugin. -->","yoast_head_json":{"title":"Neue ZEIT ONLINE-Serie zum Thema Rechtsextremismus - St\u00f6rungsmelder","robots":{"index":"index","follow":"follow","max-snippet":"max-snippet:-1","max-image-preview":"max-image-preview:large","max-video-preview":"max-video-preview:-1"},"canonical":"https:\/\/blog.zeit.de\/stoerungsmelder\/2012\/03\/08\/neue-zeit-online-serie-zum-thema-rechtsextremismus_8191","og_locale":"de_DE","og_type":"article","og_title":"Neue ZEIT ONLINE-Serie zum Thema Rechtsextremismus - St\u00f6rungsmelder","og_description":"Medienberichterstattung zur Naziszene gibt es meist, wenn wieder eine besonders schwere Gewalttat, ein Anschlag oder ein rechtsextremer Wahlerfolg das Thema pr\u00e4sent machen. Nicht nur mit dem St\u00f6rungsmelder versuchen wir deshalb kontinuierlich zu berichten, auch wenn gerade kein spektakul\u00e4rer Fall bekannt wurde. Es geht um den rechtsextremen Alltag und die gesamtgesellschaftliche Entwicklung. ZEIT ONLINE zeigt in [&hellip;]","og_url":"https:\/\/blog.zeit.de\/stoerungsmelder\/2012\/03\/08\/neue-zeit-online-serie-zum-thema-rechtsextremismus_8191","og_site_name":"St\u00f6rungsmelder","article_published_time":"2012-03-08T13:22:43+00:00","article_modified_time":"2017-07-08T14:36:10+00:00","og_image":[{"url":"https:\/\/blog.zeit.de\/stoerungsmelder\/files\/2012\/03\/nazi-auftakt-540x304.jpg"}],"author":"St\u00f6rungsmelder","twitter_card":"summary_large_image","twitter_misc":{"Geschrieben von":"St\u00f6rungsmelder","Gesch\u00e4tzte Lesezeit":"1\u00a0Minute"},"schema":{"@context":"https:\/\/schema.org","@graph":[{"@type":"WebPage","@id":"https:\/\/blog.zeit.de\/stoerungsmelder\/2012\/03\/08\/neue-zeit-online-serie-zum-thema-rechtsextremismus_8191","url":"https:\/\/blog.zeit.de\/stoerungsmelder\/2012\/03\/08\/neue-zeit-online-serie-zum-thema-rechtsextremismus_8191","name":"Neue ZEIT ONLINE-Serie zum Thema Rechtsextremismus - St\u00f6rungsmelder","isPartOf":{"@id":"https:\/\/blog.zeit.de\/stoerungsmelder\/#website"},"datePublished":"2012-03-08T13:22:43+00:00","dateModified":"2017-07-08T14:36:10+00:00","author":{"@id":"https:\/\/blog.zeit.de\/stoerungsmelder\/#\/schema\/person\/fdd0b9818f65738672810b6d6f037f71"},"breadcrumb":{"@id":"https:\/\/blog.zeit.de\/stoerungsmelder\/2012\/03\/08\/neue-zeit-online-serie-zum-thema-rechtsextremismus_8191#breadcrumb"},"inLanguage":"de","potentialAction":[{"@type":"ReadAction","target":["https:\/\/blog.zeit.de\/stoerungsmelder\/2012\/03\/08\/neue-zeit-online-serie-zum-thema-rechtsextremismus_8191"]}]},{"@type":"BreadcrumbList","@id":"https:\/\/blog.zeit.de\/stoerungsmelder\/2012\/03\/08\/neue-zeit-online-serie-zum-thema-rechtsextremismus_8191#breadcrumb","itemListElement":[{"@type":"ListItem","position":1,"name":"Startseite","item":"https:\/\/blog.zeit.de\/stoerungsmelder"},{"@type":"ListItem","position":2,"name":"Neue ZEIT ONLINE-Serie zum Thema Rechtsextremismus"}]},{"@type":"WebSite","@id":"https:\/\/blog.zeit.de\/stoerungsmelder\/#website","url":"https:\/\/blog.zeit.de\/stoerungsmelder\/","name":"St\u00f6rungsmelder","description":"Recherchen und Analysen \u00fcber die extreme Rechte","potentialAction":[{"@type":"SearchAction","target":{"@type":"EntryPoint","urlTemplate":"https:\/\/blog.zeit.de\/stoerungsmelder\/?s={search_term_string}"},"query-input":"required name=search_term_string"}],"inLanguage":"de"},{"@type":"Person","@id":"https:\/\/blog.zeit.de\/stoerungsmelder\/#\/schema\/person\/fdd0b9818f65738672810b6d6f037f71","name":"St\u00f6rungsmelder","image":{"@type":"ImageObject","inLanguage":"de","@id":"https:\/\/blog.zeit.de\/stoerungsmelder\/#\/schema\/person\/image\/","url":"https:\/\/secure.gravatar.com\/avatar\/dfa4be514c3e82a71e4f9a0020035d38192d080ccaa5e4e6d7a1472c763535c5?s=96&d=mm&r=pg","contentUrl":"https:\/\/secure.gravatar.com\/avatar\/dfa4be514c3e82a71e4f9a0020035d38192d080ccaa5e4e6d7a1472c763535c5?s=96&d=mm&r=pg","caption":"St\u00f6rungsmelder"},"url":"https:\/\/blog.zeit.de\/stoerungsmelder\/author\/stoerungsmelder"}]}},"jetpack_featured_media_url":"","jetpack_sharing_enabled":true,"_links":{"self":[{"href":"https:\/\/blog.zeit.de\/stoerungsmelder\/wp-json\/wp\/v2\/posts\/8191","targetHints":{"allow":["GET"]}}],"collection":[{"href":"https:\/\/blog.zeit.de\/stoerungsmelder\/wp-json\/wp\/v2\/posts"}],"about":[{"href":"https:\/\/blog.zeit.de\/stoerungsmelder\/wp-json\/wp\/v2\/types\/post"}],"author":[{"embeddable":true,"href":"https:\/\/blog.zeit.de\/stoerungsmelder\/wp-json\/wp\/v2\/users\/229"}],"replies":[{"embeddable":true,"href":"https:\/\/blog.zeit.de\/stoerungsmelder\/wp-json\/wp\/v2\/comments?post=8191"}],"version-history":[{"count":7,"href":"https:\/\/blog.zeit.de\/stoerungsmelder\/wp-json\/wp\/v2\/posts\/8191\/revisions"}],"predecessor-version":[{"id":24114,"href":"https:\/\/blog.zeit.de\/stoerungsmelder\/wp-json\/wp\/v2\/posts\/8191\/revisions\/24114"}],"wp:attachment":[{"href":"https:\/\/blog.zeit.de\/stoerungsmelder\/wp-json\/wp\/v2\/media?parent=8191"}],"wp:term":[{"taxonomy":"category","embeddable":true,"href":"https:\/\/blog.zeit.de\/stoerungsmelder\/wp-json\/wp\/v2\/categories?post=8191"},{"taxonomy":"post_tag","embeddable":true,"href":"https:\/\/blog.zeit.de\/stoerungsmelder\/wp-json\/wp\/v2\/tags?post=8191"}],"curies":[{"name":"wp","href":"https:\/\/api.w.org\/{rel}","templated":true}]}}