{"id":8199,"date":"2012-03-09T17:45:58","date_gmt":"2012-03-09T16:45:58","guid":{"rendered":"http:\/\/blog.zeit.de\/stoerungsmelder\/?p=8199"},"modified":"2012-03-12T15:34:41","modified_gmt":"2012-03-12T14:34:41","slug":"merkwurdiger-fehlgriff","status":"publish","type":"post","link":"https:\/\/blog.zeit.de\/stoerungsmelder\/2012\/03\/09\/merkwurdiger-fehlgriff_8199","title":{"rendered":"Merkw\u00fcrdiger Fehlgriff"},"content":{"rendered":"<p><figure id=\"attachment_8200\" aria-describedby=\"caption-attachment-8200\" style=\"width: 540px\" class=\"wp-caption aligncenter\"><a href=\"https:\/\/blog.zeit.de\/stoerungsmelder\/files\/2012\/03\/Bild-Taz-Mittelbau-Dora.png\"><img loading=\"lazy\" decoding=\"async\" class=\" wp-image-8200\" src=\"https:\/\/blog.zeit.de\/stoerungsmelder\/files\/2012\/03\/Bild-Taz-Mittelbau-Dora.png\" alt=\"\" width=\"540\" height=\"369\" srcset=\"https:\/\/blog.zeit.de\/stoerungsmelder\/files\/2012\/03\/Bild-Taz-Mittelbau-Dora.png 966w, https:\/\/blog.zeit.de\/stoerungsmelder\/files\/2012\/03\/Bild-Taz-Mittelbau-Dora-300x205.png 300w\" sizes=\"auto, (max-width: 540px) 100vw, 540px\" \/><\/a><figcaption id=\"caption-attachment-8200\" class=\"wp-caption-text\">Mit der V2 gegen Iran? \u00a9 Screenshot<\/figcaption><\/figure><\/p>\n<p>Die Situation zwischen Israel und dem Iran spitzt sich immer weiter zu. Bef\u00fcrchtet wird ein Pr\u00e4ventivschlag Israels, um das iranische Atomprogramm zu stoppen. Passend zur angespannten Lage fand sich ein Interview mit dem au\u00dfenpolitischen Sprecher der SPD-Bundestagsfraktion Gernot Erler bei <a href=\"http:\/\/www.taz.de\/Gernot-Erler-ueber-Israel-und-Iran\/!89294\/\" target=\"_blank\">taz-Online<\/a>. Bebildert wird der Artikel leider mehr als unpassend.<!--more--><\/p>\n<p><em>Ein Kommentar von Benjamin Mayer<\/em><\/p>\n<p>Interessant war jedoch vor allem die Bebilderung des Interviews. Ausgew\u00e4hlt hatten die Redakteure eine Aufnahme, welche aus dem Stollen der KZ-Gedenkst\u00e4tte Mittelbau-Dora stammt. Zu sehen war ein Antriebsteil der \u201eV2\u201c, die Rakete, mit welcher die Nationalsozialisten vor allem London und Antwerpen ab 1944 bombardierten. Die Waffen lie\u00dfen die Nazis seit 1944 in der N\u00e4he der Th\u00fcringischen Stadt Nordhausen im Konzentrationslager Mittelbau bauen. Tausende Menschen starben vor allem bei Arbeiten am Stollensystem, in welchem die Waffenproduktion als Schutz vor Luftangriffen untergebracht war. Und eben aus jenem Stollensystem stammt die Aufnahme, mit welcher die Redakteure von taz-Online das Interview \u00fcber Waffenlieferungen an Israel bebilderten. Ein Zusammenhang ist schlicht nicht erkennbar. Passend auch die Bildunterschrift: \u201eBunkerbrechende US-Waffen k\u00f6nnten einen Pr\u00e4ventivschlag verhindern.\u201c<\/p>\n<p><em>Erg\u00e4nzung vom 12. M\u00e4rz: Das Bild wurde inzwischen durch ein anderes Foto ausgetauscht. <\/em><\/p>\n","protected":false},"excerpt":{"rendered":"<p>Die Situation zwischen Israel und dem Iran spitzt sich immer weiter zu. Bef\u00fcrchtet wird ein Pr\u00e4ventivschlag Israels, um das iranische Atomprogramm zu stoppen. Passend zur angespannten Lage fand sich ein Interview mit dem au\u00dfenpolitischen Sprecher der SPD-Bundestagsfraktion Gernot Erler bei taz-Online. Bebildert wird der Artikel leider mehr als unpassend.<\/p>\n","protected":false},"author":229,"featured_media":0,"comment_status":"open","ping_status":"open","sticky":false,"template":"","format":"standard","meta":{"_jetpack_memberships_contains_paid_content":false,"footnotes":""},"categories":[1515],"tags":[],"class_list":["post-8199","post","type-post","status-publish","format-standard","hentry","category-bundesweit"],"yoast_head":"<!-- This site is optimized with the Yoast SEO plugin v21.0 - https:\/\/yoast.com\/wordpress\/plugins\/seo\/ -->\n<title>Merkw\u00fcrdiger Fehlgriff - St\u00f6rungsmelder<\/title>\n<meta name=\"robots\" content=\"index, follow, max-snippet:-1, max-image-preview:large, max-video-preview:-1\" \/>\n<link rel=\"canonical\" href=\"https:\/\/blog.zeit.de\/stoerungsmelder\/2012\/03\/09\/merkwurdiger-fehlgriff_8199\" \/>\n<meta property=\"og:locale\" content=\"de_DE\" \/>\n<meta property=\"og:type\" content=\"article\" \/>\n<meta property=\"og:title\" content=\"Merkw\u00fcrdiger Fehlgriff - St\u00f6rungsmelder\" \/>\n<meta property=\"og:description\" content=\"Die Situation zwischen Israel und dem Iran spitzt sich immer weiter zu. Bef\u00fcrchtet wird ein Pr\u00e4ventivschlag Israels, um das iranische Atomprogramm zu stoppen. Passend zur angespannten Lage fand sich ein Interview mit dem au\u00dfenpolitischen Sprecher der SPD-Bundestagsfraktion Gernot Erler bei taz-Online. Bebildert wird der Artikel leider mehr als unpassend.\" \/>\n<meta property=\"og:url\" content=\"https:\/\/blog.zeit.de\/stoerungsmelder\/2012\/03\/09\/merkwurdiger-fehlgriff_8199\" \/>\n<meta property=\"og:site_name\" content=\"St\u00f6rungsmelder\" \/>\n<meta property=\"article:published_time\" content=\"2012-03-09T16:45:58+00:00\" \/>\n<meta property=\"article:modified_time\" content=\"2012-03-12T14:34:41+00:00\" \/>\n<meta property=\"og:image\" content=\"https:\/\/blog.zeit.de\/stoerungsmelder\/files\/2012\/03\/Bild-Taz-Mittelbau-Dora.png\" \/>\n<meta name=\"author\" content=\"St\u00f6rungsmelder\" \/>\n<meta name=\"twitter:card\" content=\"summary_large_image\" \/>\n<meta name=\"twitter:label1\" content=\"Geschrieben von\" \/>\n\t<meta name=\"twitter:data1\" content=\"St\u00f6rungsmelder\" \/>\n\t<meta name=\"twitter:label2\" content=\"Gesch\u00e4tzte Lesezeit\" \/>\n\t<meta name=\"twitter:data2\" content=\"1\u00a0Minute\" \/>\n<script type=\"application\/ld+json\" class=\"yoast-schema-graph\">{\"@context\":\"https:\/\/schema.org\",\"@graph\":[{\"@type\":\"WebPage\",\"@id\":\"https:\/\/blog.zeit.de\/stoerungsmelder\/2012\/03\/09\/merkwurdiger-fehlgriff_8199\",\"url\":\"https:\/\/blog.zeit.de\/stoerungsmelder\/2012\/03\/09\/merkwurdiger-fehlgriff_8199\",\"name\":\"Merkw\u00fcrdiger Fehlgriff - St\u00f6rungsmelder\",\"isPartOf\":{\"@id\":\"https:\/\/blog.zeit.de\/stoerungsmelder\/#website\"},\"datePublished\":\"2012-03-09T16:45:58+00:00\",\"dateModified\":\"2012-03-12T14:34:41+00:00\",\"author\":{\"@id\":\"https:\/\/blog.zeit.de\/stoerungsmelder\/#\/schema\/person\/fdd0b9818f65738672810b6d6f037f71\"},\"breadcrumb\":{\"@id\":\"https:\/\/blog.zeit.de\/stoerungsmelder\/2012\/03\/09\/merkwurdiger-fehlgriff_8199#breadcrumb\"},\"inLanguage\":\"de\",\"potentialAction\":[{\"@type\":\"ReadAction\",\"target\":[\"https:\/\/blog.zeit.de\/stoerungsmelder\/2012\/03\/09\/merkwurdiger-fehlgriff_8199\"]}]},{\"@type\":\"BreadcrumbList\",\"@id\":\"https:\/\/blog.zeit.de\/stoerungsmelder\/2012\/03\/09\/merkwurdiger-fehlgriff_8199#breadcrumb\",\"itemListElement\":[{\"@type\":\"ListItem\",\"position\":1,\"name\":\"Startseite\",\"item\":\"https:\/\/blog.zeit.de\/stoerungsmelder\"},{\"@type\":\"ListItem\",\"position\":2,\"name\":\"Merkw\u00fcrdiger Fehlgriff\"}]},{\"@type\":\"WebSite\",\"@id\":\"https:\/\/blog.zeit.de\/stoerungsmelder\/#website\",\"url\":\"https:\/\/blog.zeit.de\/stoerungsmelder\/\",\"name\":\"St\u00f6rungsmelder\",\"description\":\"Recherchen und Analysen \u00fcber die extreme Rechte\",\"potentialAction\":[{\"@type\":\"SearchAction\",\"target\":{\"@type\":\"EntryPoint\",\"urlTemplate\":\"https:\/\/blog.zeit.de\/stoerungsmelder\/?s={search_term_string}\"},\"query-input\":\"required name=search_term_string\"}],\"inLanguage\":\"de\"},{\"@type\":\"Person\",\"@id\":\"https:\/\/blog.zeit.de\/stoerungsmelder\/#\/schema\/person\/fdd0b9818f65738672810b6d6f037f71\",\"name\":\"St\u00f6rungsmelder\",\"image\":{\"@type\":\"ImageObject\",\"inLanguage\":\"de\",\"@id\":\"https:\/\/blog.zeit.de\/stoerungsmelder\/#\/schema\/person\/image\/\",\"url\":\"https:\/\/secure.gravatar.com\/avatar\/dfa4be514c3e82a71e4f9a0020035d38192d080ccaa5e4e6d7a1472c763535c5?s=96&d=mm&r=pg\",\"contentUrl\":\"https:\/\/secure.gravatar.com\/avatar\/dfa4be514c3e82a71e4f9a0020035d38192d080ccaa5e4e6d7a1472c763535c5?s=96&d=mm&r=pg\",\"caption\":\"St\u00f6rungsmelder\"},\"url\":\"https:\/\/blog.zeit.de\/stoerungsmelder\/author\/stoerungsmelder\"}]}<\/script>\n<!-- \/ Yoast SEO plugin. -->","yoast_head_json":{"title":"Merkw\u00fcrdiger Fehlgriff - St\u00f6rungsmelder","robots":{"index":"index","follow":"follow","max-snippet":"max-snippet:-1","max-image-preview":"max-image-preview:large","max-video-preview":"max-video-preview:-1"},"canonical":"https:\/\/blog.zeit.de\/stoerungsmelder\/2012\/03\/09\/merkwurdiger-fehlgriff_8199","og_locale":"de_DE","og_type":"article","og_title":"Merkw\u00fcrdiger Fehlgriff - St\u00f6rungsmelder","og_description":"Die Situation zwischen Israel und dem Iran spitzt sich immer weiter zu. Bef\u00fcrchtet wird ein Pr\u00e4ventivschlag Israels, um das iranische Atomprogramm zu stoppen. Passend zur angespannten Lage fand sich ein Interview mit dem au\u00dfenpolitischen Sprecher der SPD-Bundestagsfraktion Gernot Erler bei taz-Online. Bebildert wird der Artikel leider mehr als unpassend.","og_url":"https:\/\/blog.zeit.de\/stoerungsmelder\/2012\/03\/09\/merkwurdiger-fehlgriff_8199","og_site_name":"St\u00f6rungsmelder","article_published_time":"2012-03-09T16:45:58+00:00","article_modified_time":"2012-03-12T14:34:41+00:00","og_image":[{"url":"https:\/\/blog.zeit.de\/stoerungsmelder\/files\/2012\/03\/Bild-Taz-Mittelbau-Dora.png"}],"author":"St\u00f6rungsmelder","twitter_card":"summary_large_image","twitter_misc":{"Geschrieben von":"St\u00f6rungsmelder","Gesch\u00e4tzte Lesezeit":"1\u00a0Minute"},"schema":{"@context":"https:\/\/schema.org","@graph":[{"@type":"WebPage","@id":"https:\/\/blog.zeit.de\/stoerungsmelder\/2012\/03\/09\/merkwurdiger-fehlgriff_8199","url":"https:\/\/blog.zeit.de\/stoerungsmelder\/2012\/03\/09\/merkwurdiger-fehlgriff_8199","name":"Merkw\u00fcrdiger Fehlgriff - St\u00f6rungsmelder","isPartOf":{"@id":"https:\/\/blog.zeit.de\/stoerungsmelder\/#website"},"datePublished":"2012-03-09T16:45:58+00:00","dateModified":"2012-03-12T14:34:41+00:00","author":{"@id":"https:\/\/blog.zeit.de\/stoerungsmelder\/#\/schema\/person\/fdd0b9818f65738672810b6d6f037f71"},"breadcrumb":{"@id":"https:\/\/blog.zeit.de\/stoerungsmelder\/2012\/03\/09\/merkwurdiger-fehlgriff_8199#breadcrumb"},"inLanguage":"de","potentialAction":[{"@type":"ReadAction","target":["https:\/\/blog.zeit.de\/stoerungsmelder\/2012\/03\/09\/merkwurdiger-fehlgriff_8199"]}]},{"@type":"BreadcrumbList","@id":"https:\/\/blog.zeit.de\/stoerungsmelder\/2012\/03\/09\/merkwurdiger-fehlgriff_8199#breadcrumb","itemListElement":[{"@type":"ListItem","position":1,"name":"Startseite","item":"https:\/\/blog.zeit.de\/stoerungsmelder"},{"@type":"ListItem","position":2,"name":"Merkw\u00fcrdiger Fehlgriff"}]},{"@type":"WebSite","@id":"https:\/\/blog.zeit.de\/stoerungsmelder\/#website","url":"https:\/\/blog.zeit.de\/stoerungsmelder\/","name":"St\u00f6rungsmelder","description":"Recherchen und Analysen \u00fcber die extreme Rechte","potentialAction":[{"@type":"SearchAction","target":{"@type":"EntryPoint","urlTemplate":"https:\/\/blog.zeit.de\/stoerungsmelder\/?s={search_term_string}"},"query-input":"required name=search_term_string"}],"inLanguage":"de"},{"@type":"Person","@id":"https:\/\/blog.zeit.de\/stoerungsmelder\/#\/schema\/person\/fdd0b9818f65738672810b6d6f037f71","name":"St\u00f6rungsmelder","image":{"@type":"ImageObject","inLanguage":"de","@id":"https:\/\/blog.zeit.de\/stoerungsmelder\/#\/schema\/person\/image\/","url":"https:\/\/secure.gravatar.com\/avatar\/dfa4be514c3e82a71e4f9a0020035d38192d080ccaa5e4e6d7a1472c763535c5?s=96&d=mm&r=pg","contentUrl":"https:\/\/secure.gravatar.com\/avatar\/dfa4be514c3e82a71e4f9a0020035d38192d080ccaa5e4e6d7a1472c763535c5?s=96&d=mm&r=pg","caption":"St\u00f6rungsmelder"},"url":"https:\/\/blog.zeit.de\/stoerungsmelder\/author\/stoerungsmelder"}]}},"jetpack_featured_media_url":"","jetpack_sharing_enabled":true,"_links":{"self":[{"href":"https:\/\/blog.zeit.de\/stoerungsmelder\/wp-json\/wp\/v2\/posts\/8199","targetHints":{"allow":["GET"]}}],"collection":[{"href":"https:\/\/blog.zeit.de\/stoerungsmelder\/wp-json\/wp\/v2\/posts"}],"about":[{"href":"https:\/\/blog.zeit.de\/stoerungsmelder\/wp-json\/wp\/v2\/types\/post"}],"author":[{"embeddable":true,"href":"https:\/\/blog.zeit.de\/stoerungsmelder\/wp-json\/wp\/v2\/users\/229"}],"replies":[{"embeddable":true,"href":"https:\/\/blog.zeit.de\/stoerungsmelder\/wp-json\/wp\/v2\/comments?post=8199"}],"version-history":[{"count":4,"href":"https:\/\/blog.zeit.de\/stoerungsmelder\/wp-json\/wp\/v2\/posts\/8199\/revisions"}],"predecessor-version":[{"id":8208,"href":"https:\/\/blog.zeit.de\/stoerungsmelder\/wp-json\/wp\/v2\/posts\/8199\/revisions\/8208"}],"wp:attachment":[{"href":"https:\/\/blog.zeit.de\/stoerungsmelder\/wp-json\/wp\/v2\/media?parent=8199"}],"wp:term":[{"taxonomy":"category","embeddable":true,"href":"https:\/\/blog.zeit.de\/stoerungsmelder\/wp-json\/wp\/v2\/categories?post=8199"},{"taxonomy":"post_tag","embeddable":true,"href":"https:\/\/blog.zeit.de\/stoerungsmelder\/wp-json\/wp\/v2\/tags?post=8199"}],"curies":[{"name":"wp","href":"https:\/\/api.w.org\/{rel}","templated":true}]}}