{"id":8212,"date":"2012-03-13T08:55:05","date_gmt":"2012-03-13T07:55:05","guid":{"rendered":"http:\/\/blog.zeit.de\/stoerungsmelder\/?p=8212"},"modified":"2012-03-13T13:07:20","modified_gmt":"2012-03-13T12:07:20","slug":"buchtipp-mythos-stolberg","status":"publish","type":"post","link":"https:\/\/blog.zeit.de\/stoerungsmelder\/2012\/03\/13\/buchtipp-mythos-stolberg_8212","title":{"rendered":"Buchtipp: Mythos Stolberg"},"content":{"rendered":"<p><a href=\"https:\/\/blog.zeit.de\/stoerungsmelder\/files\/2012\/03\/pwmprbx8.jpg\"><img loading=\"lazy\" decoding=\"async\" class=\"alignleft  wp-image-8224\" src=\"https:\/\/blog.zeit.de\/stoerungsmelder\/files\/2012\/03\/pwmprbx8-189x300.jpg\" alt=\"\" width=\"175\" height=\"277\" srcset=\"https:\/\/blog.zeit.de\/stoerungsmelder\/files\/2012\/03\/pwmprbx8-189x300.jpg 189w, https:\/\/blog.zeit.de\/stoerungsmelder\/files\/2012\/03\/pwmprbx8-646x1024.jpg 646w, https:\/\/blog.zeit.de\/stoerungsmelder\/files\/2012\/03\/pwmprbx8.jpg 1418w\" sizes=\"auto, (max-width: 175px) 100vw, 175px\" \/><\/a>Im April wollen erneut hunderte Neonazis durch Stolberg im Rheinland ziehen. Den tragischen Tod eines jungen Mannes im Jahr 2008 nimmt die regionale Szene seit Jahren zum Anlass regelm\u00e4\u00dfig in der Kleinstadt aufzumarschieren. Herausgeber Dominik Clemens hat mit dem Buch \u201eMythos Stolberg\u201c nun p\u00fcnktlich zum diesj\u00e4hrigen Aufmarsch einen Sammelband vorgelegt, der unterschiedlichen Facetten des braunen Events beleuchtet.<!--more--><\/p>\n<p>Journalist Michael Klarmann beschreibt in seinem Beitrag, wie die Neonazis sich den tragischen Tod eines Jugendlichen zu Nutze machen und ihn bis heute rassistisch instrumentalisieren. Dass die Stadt Stolberg auch wegen der langj\u00e4hrigen Pr\u00e4senz der Wiking-Jugend der Szene als \u201etraditionsreicher St\u00fctzpunkt\u201c galt, dem mit der j\u00e4hrlichen Demonstration neuer Aufwind verliehen werden soll, stellt Dr. Thomas M\u00fcller, der heute als Koordinator der Route Charlemagne im Kulturbetrieb der Stadt Aachen t\u00e4tig ist, in seinem Artikel dar. Prof. Dr. Fabian Virchow von der Fachhochschule D\u00fcsseldorf untersucht in seinem Aufsatz die Demonstrationspolitik der extremen Rechten mit dem Schwerpunkt auf Nordrhein-Westfalen. Michael Trube (ehem. Mobile Beratung gegen Rechtsextremismus im Regierungsbezirk K\u00f6ln) und Stephan Otten (ehem. Jugendbildungsreferent des DGB-Region K\u00f6ln-Bonn) schreiben in ihrem gemeinsamen Beitrag \u00fcber Interventionsm\u00f6glichkeiten gegen rechte Aufm\u00e4rsche. Der Schwerpunkt liegt dabei auf breiten zivilgesellschaftlichen B\u00fcndnissen und deren Wirkungsm\u00f6glichkeiten. Hier schlie\u00dft sich ein Pl\u00e4doyer von Peter Zimmermann vom Aktionsnetzwerk Jena gegen Rechtsextremismus an, der zivilen Ungehorsam und friedliche Sitzblockaden als ein legitimes Mittel gegen rechte Aufm\u00e4rsche sieht. Den Abschluss bildet ein Beitrag der schwedischen Journalistin (u. a. \u201eExpo\u201c) Maria Blomquist. Darin beschreibt sie einen \u00e4hnlichen Todesfall in Salem, der von schwedischen Neonazis rassistisch instrumentalisiert wird und den Neonazis aus der Region Aachen offenbar als Vorbild dient. Das Vorwort hat Ralf Woelk, der DGB-Vorsitzende der Region S\u00fcd-West geschrieben.<\/p>\n<p>Der neonazistische Mythos, der rund um die \u201eBluttat\u201c von Stolberg manifestiert werden soll, wird \u00fcberzeugend demontiert \u2013 und als das entlarvt was die Aufm\u00e4rsche sind: eine rassistische Mobilisierung gegen die multikulturelle Gesellschaft. Dabei bleibt die Auseinandersetzung mit der extremen Rechten nicht nur auf den konkreten Aufmarsch beschr\u00e4nkt, sondern bezieht auch die braune Geschichte der Kupferstadt Stolberg mit ein. Besonders bemerkenswert und bisher wenig beachtet ist die Parallele zum Neonaziaufmarsch im schwedischen Salem.<\/p>\n<p><figure id=\"attachment_8223\" aria-describedby=\"caption-attachment-8223\" style=\"width: 540px\" class=\"wp-caption aligncenter\"><a href=\"https:\/\/blog.zeit.de\/stoerungsmelder\/files\/2012\/03\/8dc4a3vr.jpg\"><img loading=\"lazy\" decoding=\"async\" class=\"size-full wp-image-8223\" src=\"https:\/\/blog.zeit.de\/stoerungsmelder\/files\/2012\/03\/8dc4a3vr.jpg\" alt=\"\" width=\"540\" height=\"300\" srcset=\"https:\/\/blog.zeit.de\/stoerungsmelder\/files\/2012\/03\/8dc4a3vr.jpg 540w, https:\/\/blog.zeit.de\/stoerungsmelder\/files\/2012\/03\/8dc4a3vr-300x166.jpg 300w\" sizes=\"auto, (max-width: 540px) 100vw, 540px\" \/><\/a><figcaption id=\"caption-attachment-8223\" class=\"wp-caption-text\">Neonazis im April 2011 bei ihrem j\u00e4hrlichen Aufmarsch in Stolberg \u00a9 D. Clemens<\/figcaption><\/figure><\/p>\n<p>Im Buch finden sich verschiedene Denkanst\u00f6\u00dfe, wie sich Zivilgesellschaft, Politik und Einzelpersonen gegen den Aufmarsch im Speziellen und gegen die extreme Rechte im Allgemein unternehmen k\u00f6nnen. Es l\u00e4d zu Diskussionen ein, da sicherlich nicht jeder Beitrag bei jedem auf Zustimmung sto\u00dfen wird. So lehnt beispielsweise das \u201eStolberger B\u00fcndnis gegen Radikalismus\u201c Blockadeversuche kategorisch ab, w\u00e4hrend diese M\u00f6glichkeit bei manchen Beitragsschreibern durchaus Zustimmung findet. Doch genau in diesen Kontroversen liegt der Wert des Buches, der auch \u00fcber die Grenzen des Rheinlandes hinaus bestand hat.<\/p>\n<p>Ein Kauf empfielt sich f\u00fcr alle, die sich umfassend \u00fcber die Hintergr\u00fcnde des \u201eMythos Stolberg\u201c informieren wollen, sowie f\u00fcr die unterschiedlichen regionalen Akteure, die den Aufmarsch stoppen m\u00f6chten. Doch auch politisch Interessierte k\u00f6nnen im Hinblick auf andere Aufm\u00e4rsche viel \u00fcber das Vorgehen von Neonazis, sowie \u00fcber die sich hierdurch ergebenden gesellschaftlichen Diskussionen erfahren.<\/p>\n<p>Herausgeber Dominik Clemens hat Politische Wissenschaft, Soziologie sowie Wirtschafts- und Sozialgeschichte an der RWTH Aachen studiert. Inzwischen leitet er die Koordinierungsstelle des lokalen Aktionsplans Aachen. Gemeinsam mit Richard Gebhardt hat er 2002 den Band \u201eVolksgemeinschaft statt Kapitalismus? Zur sozialen Demagogie der Neonazis\u201c ver\u00f6ffentlicht.<\/p>\n<p><strong>Dominik Clemens (Hg.): Mythos Stolberg. Zur Instrumentalisierung einer Gewalttat durch Neonazis<\/strong><br \/>\n<strong> Paperback, 2012, 124 Seiten,\u00a0 11,90 \u20ac, ISBN: 978-3-848-200-825<\/strong><\/p>\n","protected":false},"excerpt":{"rendered":"<p>Im April wollen erneut hunderte Neonazis durch Stolberg im Rheinland ziehen. Den tragischen Tod eines jungen Mannes im Jahr 2008 nimmt die regionale Szene seit Jahren zum Anlass regelm\u00e4\u00dfig in der Kleinstadt aufzumarschieren. Herausgeber Dominik Clemens hat mit dem Buch \u201eMythos Stolberg\u201c nun p\u00fcnktlich zum diesj\u00e4hrigen Aufmarsch einen Sammelband vorgelegt, der unterschiedlichen Facetten des braunen [&hellip;]<\/p>\n","protected":false},"author":349,"featured_media":0,"comment_status":"open","ping_status":"open","sticky":false,"template":"","format":"standard","meta":{"_jetpack_memberships_contains_paid_content":false,"footnotes":""},"categories":[1291],"tags":[1493,261,1578,1707,1795,17760,1859],"class_list":["post-8212","post","type-post","status-publish","format-standard","hentry","category-nordrhein-westfalen","tag-autonome-nationalisten","tag-buch","tag-gegenstrategien","tag-naziaufmarsch","tag-sitzblockade","tag-stolberg","tag-ziviler-ungehorsam"],"yoast_head":"<!-- This site is optimized with the Yoast SEO plugin v21.0 - https:\/\/yoast.com\/wordpress\/plugins\/seo\/ -->\n<title>Buchtipp: Mythos Stolberg - St\u00f6rungsmelder<\/title>\n<meta name=\"robots\" content=\"index, follow, max-snippet:-1, max-image-preview:large, max-video-preview:-1\" \/>\n<link rel=\"canonical\" href=\"https:\/\/blog.zeit.de\/stoerungsmelder\/2012\/03\/13\/buchtipp-mythos-stolberg_8212\" \/>\n<meta property=\"og:locale\" content=\"de_DE\" \/>\n<meta property=\"og:type\" content=\"article\" \/>\n<meta property=\"og:title\" content=\"Buchtipp: Mythos Stolberg - St\u00f6rungsmelder\" \/>\n<meta property=\"og:description\" content=\"Im April wollen erneut hunderte Neonazis durch Stolberg im Rheinland ziehen. Den tragischen Tod eines jungen Mannes im Jahr 2008 nimmt die regionale Szene seit Jahren zum Anlass regelm\u00e4\u00dfig in der Kleinstadt aufzumarschieren. Herausgeber Dominik Clemens hat mit dem Buch \u201eMythos Stolberg\u201c nun p\u00fcnktlich zum diesj\u00e4hrigen Aufmarsch einen Sammelband vorgelegt, der unterschiedlichen Facetten des braunen [&hellip;]\" \/>\n<meta property=\"og:url\" content=\"https:\/\/blog.zeit.de\/stoerungsmelder\/2012\/03\/13\/buchtipp-mythos-stolberg_8212\" \/>\n<meta property=\"og:site_name\" content=\"St\u00f6rungsmelder\" \/>\n<meta property=\"article:published_time\" content=\"2012-03-13T07:55:05+00:00\" \/>\n<meta property=\"article:modified_time\" content=\"2012-03-13T12:07:20+00:00\" \/>\n<meta property=\"og:image\" content=\"https:\/\/blog.zeit.de\/stoerungsmelder\/files\/2012\/03\/pwmprbx8-189x300.jpg\" \/>\n<meta name=\"author\" content=\"Max Bassin\" \/>\n<meta name=\"twitter:card\" content=\"summary_large_image\" \/>\n<meta name=\"twitter:label1\" content=\"Geschrieben von\" \/>\n\t<meta name=\"twitter:data1\" content=\"Max Bassin\" \/>\n\t<meta name=\"twitter:label2\" content=\"Gesch\u00e4tzte Lesezeit\" \/>\n\t<meta name=\"twitter:data2\" content=\"3\u00a0Minuten\" \/>\n<script type=\"application\/ld+json\" class=\"yoast-schema-graph\">{\"@context\":\"https:\/\/schema.org\",\"@graph\":[{\"@type\":\"WebPage\",\"@id\":\"https:\/\/blog.zeit.de\/stoerungsmelder\/2012\/03\/13\/buchtipp-mythos-stolberg_8212\",\"url\":\"https:\/\/blog.zeit.de\/stoerungsmelder\/2012\/03\/13\/buchtipp-mythos-stolberg_8212\",\"name\":\"Buchtipp: Mythos Stolberg - St\u00f6rungsmelder\",\"isPartOf\":{\"@id\":\"https:\/\/blog.zeit.de\/stoerungsmelder\/#website\"},\"datePublished\":\"2012-03-13T07:55:05+00:00\",\"dateModified\":\"2012-03-13T12:07:20+00:00\",\"author\":{\"@id\":\"https:\/\/blog.zeit.de\/stoerungsmelder\/#\/schema\/person\/3d4da107c074cadcc60561b7c57aab0b\"},\"breadcrumb\":{\"@id\":\"https:\/\/blog.zeit.de\/stoerungsmelder\/2012\/03\/13\/buchtipp-mythos-stolberg_8212#breadcrumb\"},\"inLanguage\":\"de\",\"potentialAction\":[{\"@type\":\"ReadAction\",\"target\":[\"https:\/\/blog.zeit.de\/stoerungsmelder\/2012\/03\/13\/buchtipp-mythos-stolberg_8212\"]}]},{\"@type\":\"BreadcrumbList\",\"@id\":\"https:\/\/blog.zeit.de\/stoerungsmelder\/2012\/03\/13\/buchtipp-mythos-stolberg_8212#breadcrumb\",\"itemListElement\":[{\"@type\":\"ListItem\",\"position\":1,\"name\":\"Startseite\",\"item\":\"https:\/\/blog.zeit.de\/stoerungsmelder\"},{\"@type\":\"ListItem\",\"position\":2,\"name\":\"Buchtipp: Mythos Stolberg\"}]},{\"@type\":\"WebSite\",\"@id\":\"https:\/\/blog.zeit.de\/stoerungsmelder\/#website\",\"url\":\"https:\/\/blog.zeit.de\/stoerungsmelder\/\",\"name\":\"St\u00f6rungsmelder\",\"description\":\"Recherchen und Analysen \u00fcber die extreme Rechte\",\"potentialAction\":[{\"@type\":\"SearchAction\",\"target\":{\"@type\":\"EntryPoint\",\"urlTemplate\":\"https:\/\/blog.zeit.de\/stoerungsmelder\/?s={search_term_string}\"},\"query-input\":\"required name=search_term_string\"}],\"inLanguage\":\"de\"},{\"@type\":\"Person\",\"@id\":\"https:\/\/blog.zeit.de\/stoerungsmelder\/#\/schema\/person\/3d4da107c074cadcc60561b7c57aab0b\",\"name\":\"Max Bassin\",\"image\":{\"@type\":\"ImageObject\",\"inLanguage\":\"de\",\"@id\":\"https:\/\/blog.zeit.de\/stoerungsmelder\/#\/schema\/person\/image\/\",\"url\":\"https:\/\/secure.gravatar.com\/avatar\/a465f2d02ca3a4ba2fcbc41adc7bd2c8df44b5b969eb8bb0e1d1dd782fef3ffe?s=96&d=mm&r=pg\",\"contentUrl\":\"https:\/\/secure.gravatar.com\/avatar\/a465f2d02ca3a4ba2fcbc41adc7bd2c8df44b5b969eb8bb0e1d1dd782fef3ffe?s=96&d=mm&r=pg\",\"caption\":\"Max Bassin\"},\"url\":\"https:\/\/blog.zeit.de\/stoerungsmelder\/author\/maxbassin\"}]}<\/script>\n<!-- \/ Yoast SEO plugin. -->","yoast_head_json":{"title":"Buchtipp: Mythos Stolberg - St\u00f6rungsmelder","robots":{"index":"index","follow":"follow","max-snippet":"max-snippet:-1","max-image-preview":"max-image-preview:large","max-video-preview":"max-video-preview:-1"},"canonical":"https:\/\/blog.zeit.de\/stoerungsmelder\/2012\/03\/13\/buchtipp-mythos-stolberg_8212","og_locale":"de_DE","og_type":"article","og_title":"Buchtipp: Mythos Stolberg - St\u00f6rungsmelder","og_description":"Im April wollen erneut hunderte Neonazis durch Stolberg im Rheinland ziehen. Den tragischen Tod eines jungen Mannes im Jahr 2008 nimmt die regionale Szene seit Jahren zum Anlass regelm\u00e4\u00dfig in der Kleinstadt aufzumarschieren. Herausgeber Dominik Clemens hat mit dem Buch \u201eMythos Stolberg\u201c nun p\u00fcnktlich zum diesj\u00e4hrigen Aufmarsch einen Sammelband vorgelegt, der unterschiedlichen Facetten des braunen [&hellip;]","og_url":"https:\/\/blog.zeit.de\/stoerungsmelder\/2012\/03\/13\/buchtipp-mythos-stolberg_8212","og_site_name":"St\u00f6rungsmelder","article_published_time":"2012-03-13T07:55:05+00:00","article_modified_time":"2012-03-13T12:07:20+00:00","og_image":[{"url":"https:\/\/blog.zeit.de\/stoerungsmelder\/files\/2012\/03\/pwmprbx8-189x300.jpg"}],"author":"Max Bassin","twitter_card":"summary_large_image","twitter_misc":{"Geschrieben von":"Max Bassin","Gesch\u00e4tzte Lesezeit":"3\u00a0Minuten"},"schema":{"@context":"https:\/\/schema.org","@graph":[{"@type":"WebPage","@id":"https:\/\/blog.zeit.de\/stoerungsmelder\/2012\/03\/13\/buchtipp-mythos-stolberg_8212","url":"https:\/\/blog.zeit.de\/stoerungsmelder\/2012\/03\/13\/buchtipp-mythos-stolberg_8212","name":"Buchtipp: Mythos Stolberg - St\u00f6rungsmelder","isPartOf":{"@id":"https:\/\/blog.zeit.de\/stoerungsmelder\/#website"},"datePublished":"2012-03-13T07:55:05+00:00","dateModified":"2012-03-13T12:07:20+00:00","author":{"@id":"https:\/\/blog.zeit.de\/stoerungsmelder\/#\/schema\/person\/3d4da107c074cadcc60561b7c57aab0b"},"breadcrumb":{"@id":"https:\/\/blog.zeit.de\/stoerungsmelder\/2012\/03\/13\/buchtipp-mythos-stolberg_8212#breadcrumb"},"inLanguage":"de","potentialAction":[{"@type":"ReadAction","target":["https:\/\/blog.zeit.de\/stoerungsmelder\/2012\/03\/13\/buchtipp-mythos-stolberg_8212"]}]},{"@type":"BreadcrumbList","@id":"https:\/\/blog.zeit.de\/stoerungsmelder\/2012\/03\/13\/buchtipp-mythos-stolberg_8212#breadcrumb","itemListElement":[{"@type":"ListItem","position":1,"name":"Startseite","item":"https:\/\/blog.zeit.de\/stoerungsmelder"},{"@type":"ListItem","position":2,"name":"Buchtipp: Mythos Stolberg"}]},{"@type":"WebSite","@id":"https:\/\/blog.zeit.de\/stoerungsmelder\/#website","url":"https:\/\/blog.zeit.de\/stoerungsmelder\/","name":"St\u00f6rungsmelder","description":"Recherchen und Analysen \u00fcber die extreme Rechte","potentialAction":[{"@type":"SearchAction","target":{"@type":"EntryPoint","urlTemplate":"https:\/\/blog.zeit.de\/stoerungsmelder\/?s={search_term_string}"},"query-input":"required name=search_term_string"}],"inLanguage":"de"},{"@type":"Person","@id":"https:\/\/blog.zeit.de\/stoerungsmelder\/#\/schema\/person\/3d4da107c074cadcc60561b7c57aab0b","name":"Max Bassin","image":{"@type":"ImageObject","inLanguage":"de","@id":"https:\/\/blog.zeit.de\/stoerungsmelder\/#\/schema\/person\/image\/","url":"https:\/\/secure.gravatar.com\/avatar\/a465f2d02ca3a4ba2fcbc41adc7bd2c8df44b5b969eb8bb0e1d1dd782fef3ffe?s=96&d=mm&r=pg","contentUrl":"https:\/\/secure.gravatar.com\/avatar\/a465f2d02ca3a4ba2fcbc41adc7bd2c8df44b5b969eb8bb0e1d1dd782fef3ffe?s=96&d=mm&r=pg","caption":"Max Bassin"},"url":"https:\/\/blog.zeit.de\/stoerungsmelder\/author\/maxbassin"}]}},"jetpack_featured_media_url":"","jetpack_sharing_enabled":true,"_links":{"self":[{"href":"https:\/\/blog.zeit.de\/stoerungsmelder\/wp-json\/wp\/v2\/posts\/8212","targetHints":{"allow":["GET"]}}],"collection":[{"href":"https:\/\/blog.zeit.de\/stoerungsmelder\/wp-json\/wp\/v2\/posts"}],"about":[{"href":"https:\/\/blog.zeit.de\/stoerungsmelder\/wp-json\/wp\/v2\/types\/post"}],"author":[{"embeddable":true,"href":"https:\/\/blog.zeit.de\/stoerungsmelder\/wp-json\/wp\/v2\/users\/349"}],"replies":[{"embeddable":true,"href":"https:\/\/blog.zeit.de\/stoerungsmelder\/wp-json\/wp\/v2\/comments?post=8212"}],"version-history":[{"count":11,"href":"https:\/\/blog.zeit.de\/stoerungsmelder\/wp-json\/wp\/v2\/posts\/8212\/revisions"}],"predecessor-version":[{"id":8220,"href":"https:\/\/blog.zeit.de\/stoerungsmelder\/wp-json\/wp\/v2\/posts\/8212\/revisions\/8220"}],"wp:attachment":[{"href":"https:\/\/blog.zeit.de\/stoerungsmelder\/wp-json\/wp\/v2\/media?parent=8212"}],"wp:term":[{"taxonomy":"category","embeddable":true,"href":"https:\/\/blog.zeit.de\/stoerungsmelder\/wp-json\/wp\/v2\/categories?post=8212"},{"taxonomy":"post_tag","embeddable":true,"href":"https:\/\/blog.zeit.de\/stoerungsmelder\/wp-json\/wp\/v2\/tags?post=8212"}],"curies":[{"name":"wp","href":"https:\/\/api.w.org\/{rel}","templated":true}]}}