{"id":8240,"date":"2012-03-14T23:54:56","date_gmt":"2012-03-14T22:54:56","guid":{"rendered":"http:\/\/blog.zeit.de\/stoerungsmelder\/?p=8240"},"modified":"2012-03-15T08:44:55","modified_gmt":"2012-03-15T07:44:55","slug":"lese-tipp-wissenswertes-uber-nazi-frauen-und-npd-parlamentarier","status":"publish","type":"post","link":"https:\/\/blog.zeit.de\/stoerungsmelder\/2012\/03\/14\/lese-tipp-wissenswertes-uber-nazi-frauen-und-npd-parlamentarier_8240","title":{"rendered":"Lese-Tipp: Wissenswertes \u00fcber Nazi-Frauen und NPD-Parlamentarier"},"content":{"rendered":"<p><figure id=\"attachment_8253\" aria-describedby=\"caption-attachment-8253\" style=\"width: 540px\" class=\"wp-caption aligncenter\"><a href=\"https:\/\/blog.zeit.de\/stoerungsmelder\/files\/2012\/03\/nazi-frauen-2-540x304.jpg\"><img loading=\"lazy\" decoding=\"async\" class=\"size-full wp-image-8253\" src=\"https:\/\/blog.zeit.de\/stoerungsmelder\/files\/2012\/03\/nazi-frauen-2-540x304.jpg\" alt=\"\" width=\"540\" height=\"304\" srcset=\"https:\/\/blog.zeit.de\/stoerungsmelder\/files\/2012\/03\/nazi-frauen-2-540x304.jpg 540w, https:\/\/blog.zeit.de\/stoerungsmelder\/files\/2012\/03\/nazi-frauen-2-540x304-300x168.jpg 300w\" sizes=\"auto, (max-width: 540px) 100vw, 540px\" \/><\/a><figcaption id=\"caption-attachment-8253\" class=\"wp-caption-text\">Frauen spielen l\u00e4ngst eine wichtige Rolle f\u00fcr die Strukturen der Szene \u00a9 Mark M\u00fchlhaus\/attenzione<\/figcaption><\/figure><\/p>\n<p><a href=\"https:\/\/blog.zeit.de\/stoerungsmelder\/2012\/03\/08\/neue-zeit-online-serie-zum-thema-rechtsextremismus_8191\">Unsere ZEIT ONLINE-Serie<\/a> &#8222;Neue deutsche Nazis&#8220; geht in die zweite Woche. Redakteurin Tina Groll hat <a href=\"http:\/\/www.zeit.de\/gesellschaft\/zeitgeschehen\/2012-02\/rechtsextreme-frauen\">einen lesenswerten Bericht<\/a> zu der Schl\u00fcsselrolle geschrieben, die Frauen in der rechtsextremen Szene einnehmen. Weibliche Neonazis, das wird klar, sind alles andere als nur Mitl\u00e4uferinnen.<\/p>\n<p>Unter dem Titel <a href=\"http:\/\/www.zeit.de\/politik\/deutschland\/2012-03\/npd-sachsen-landtag\">&#8222;No Go Area im Landtag&#8220;<\/a> hat sich unser Redakteur Michael Schlieben mit den s\u00e4chsischen NPD-Parlamentariern auseinandergesetzt. Wie nutzt die rechtsextreme Partei ihre Pr\u00e4senz im Landtag? Wie reagieren die \u00fcbrigen Parteien auf die Nazi-Parlamentarier?<\/p>\n<p>Und in einem <a href=\"http:\/\/www.zeit.de\/politik\/deutschland\/2012-03\/neue-deutsche-nazis\">einf\u00fchrenden Beitrag<\/a> hat Redakteur Christian Bangel erkl\u00e4rt, warum uns Nazis n\u00e4her sind, als wir denken.<\/p>\n<p>&nbsp;<\/p>\n","protected":false},"excerpt":{"rendered":"<p>Unsere ZEIT ONLINE-Serie &#8222;Neue deutsche Nazis&#8220; geht in die zweite Woche. Redakteurin Tina Groll hat einen lesenswerten Bericht zu der Schl\u00fcsselrolle geschrieben, die Frauen in der rechtsextremen Szene einnehmen. Weibliche Neonazis, das wird klar, sind alles andere als nur Mitl\u00e4uferinnen. Unter dem Titel &#8222;No Go Area im Landtag&#8220; hat sich unser Redakteur Michael Schlieben mit [&hellip;]<\/p>\n","protected":false},"author":350,"featured_media":0,"comment_status":"open","ping_status":"open","sticky":false,"template":"","format":"standard","meta":{"_jetpack_memberships_contains_paid_content":false,"footnotes":""},"categories":[1515],"tags":[6596,12756,1711,1716],"class_list":["post-8240","post","type-post","status-publish","format-standard","hentry","category-bundesweit","tag-land","tag-nazi-frauen","tag-neonazis","tag-npd"],"yoast_head":"<!-- This site is optimized with the Yoast SEO plugin v21.0 - https:\/\/yoast.com\/wordpress\/plugins\/seo\/ -->\n<title>Lese-Tipp: Wissenswertes \u00fcber Nazi-Frauen und NPD-Parlamentarier - St\u00f6rungsmelder<\/title>\n<meta name=\"robots\" content=\"index, follow, max-snippet:-1, max-image-preview:large, max-video-preview:-1\" \/>\n<link rel=\"canonical\" href=\"https:\/\/blog.zeit.de\/stoerungsmelder\/2012\/03\/14\/lese-tipp-wissenswertes-uber-nazi-frauen-und-npd-parlamentarier_8240\" \/>\n<meta property=\"og:locale\" content=\"de_DE\" \/>\n<meta property=\"og:type\" content=\"article\" \/>\n<meta property=\"og:title\" content=\"Lese-Tipp: Wissenswertes \u00fcber Nazi-Frauen und NPD-Parlamentarier - St\u00f6rungsmelder\" \/>\n<meta property=\"og:description\" content=\"Unsere ZEIT ONLINE-Serie &#8222;Neue deutsche Nazis&#8220; geht in die zweite Woche. Redakteurin Tina Groll hat einen lesenswerten Bericht zu der Schl\u00fcsselrolle geschrieben, die Frauen in der rechtsextremen Szene einnehmen. Weibliche Neonazis, das wird klar, sind alles andere als nur Mitl\u00e4uferinnen. Unter dem Titel &#8222;No Go Area im Landtag&#8220; hat sich unser Redakteur Michael Schlieben mit [&hellip;]\" \/>\n<meta property=\"og:url\" content=\"https:\/\/blog.zeit.de\/stoerungsmelder\/2012\/03\/14\/lese-tipp-wissenswertes-uber-nazi-frauen-und-npd-parlamentarier_8240\" \/>\n<meta property=\"og:site_name\" content=\"St\u00f6rungsmelder\" \/>\n<meta property=\"article:published_time\" content=\"2012-03-14T22:54:56+00:00\" \/>\n<meta property=\"article:modified_time\" content=\"2012-03-15T07:44:55+00:00\" \/>\n<meta property=\"og:image\" content=\"https:\/\/blog.zeit.de\/stoerungsmelder\/files\/2012\/03\/nazi-frauen-2-540x304.jpg\" \/>\n<meta name=\"author\" content=\"Lisa Caspari\" \/>\n<meta name=\"twitter:card\" content=\"summary_large_image\" \/>\n<meta name=\"twitter:label1\" content=\"Geschrieben von\" \/>\n\t<meta name=\"twitter:data1\" content=\"Lisa Caspari\" \/>\n\t<meta name=\"twitter:label2\" content=\"Gesch\u00e4tzte Lesezeit\" \/>\n\t<meta name=\"twitter:data2\" content=\"1\u00a0Minute\" \/>\n<script type=\"application\/ld+json\" class=\"yoast-schema-graph\">{\"@context\":\"https:\/\/schema.org\",\"@graph\":[{\"@type\":\"WebPage\",\"@id\":\"https:\/\/blog.zeit.de\/stoerungsmelder\/2012\/03\/14\/lese-tipp-wissenswertes-uber-nazi-frauen-und-npd-parlamentarier_8240\",\"url\":\"https:\/\/blog.zeit.de\/stoerungsmelder\/2012\/03\/14\/lese-tipp-wissenswertes-uber-nazi-frauen-und-npd-parlamentarier_8240\",\"name\":\"Lese-Tipp: Wissenswertes \u00fcber Nazi-Frauen und NPD-Parlamentarier - St\u00f6rungsmelder\",\"isPartOf\":{\"@id\":\"https:\/\/blog.zeit.de\/stoerungsmelder\/#website\"},\"datePublished\":\"2012-03-14T22:54:56+00:00\",\"dateModified\":\"2012-03-15T07:44:55+00:00\",\"author\":{\"@id\":\"https:\/\/blog.zeit.de\/stoerungsmelder\/#\/schema\/person\/3863bcab169f6697a6d5c63117df8405\"},\"breadcrumb\":{\"@id\":\"https:\/\/blog.zeit.de\/stoerungsmelder\/2012\/03\/14\/lese-tipp-wissenswertes-uber-nazi-frauen-und-npd-parlamentarier_8240#breadcrumb\"},\"inLanguage\":\"de\",\"potentialAction\":[{\"@type\":\"ReadAction\",\"target\":[\"https:\/\/blog.zeit.de\/stoerungsmelder\/2012\/03\/14\/lese-tipp-wissenswertes-uber-nazi-frauen-und-npd-parlamentarier_8240\"]}]},{\"@type\":\"BreadcrumbList\",\"@id\":\"https:\/\/blog.zeit.de\/stoerungsmelder\/2012\/03\/14\/lese-tipp-wissenswertes-uber-nazi-frauen-und-npd-parlamentarier_8240#breadcrumb\",\"itemListElement\":[{\"@type\":\"ListItem\",\"position\":1,\"name\":\"Startseite\",\"item\":\"https:\/\/blog.zeit.de\/stoerungsmelder\"},{\"@type\":\"ListItem\",\"position\":2,\"name\":\"Lese-Tipp: Wissenswertes \u00fcber Nazi-Frauen und NPD-Parlamentarier\"}]},{\"@type\":\"WebSite\",\"@id\":\"https:\/\/blog.zeit.de\/stoerungsmelder\/#website\",\"url\":\"https:\/\/blog.zeit.de\/stoerungsmelder\/\",\"name\":\"St\u00f6rungsmelder\",\"description\":\"Recherchen und Analysen \u00fcber die extreme Rechte\",\"potentialAction\":[{\"@type\":\"SearchAction\",\"target\":{\"@type\":\"EntryPoint\",\"urlTemplate\":\"https:\/\/blog.zeit.de\/stoerungsmelder\/?s={search_term_string}\"},\"query-input\":\"required name=search_term_string\"}],\"inLanguage\":\"de\"},{\"@type\":\"Person\",\"@id\":\"https:\/\/blog.zeit.de\/stoerungsmelder\/#\/schema\/person\/3863bcab169f6697a6d5c63117df8405\",\"name\":\"Lisa Caspari\",\"image\":{\"@type\":\"ImageObject\",\"inLanguage\":\"de\",\"@id\":\"https:\/\/blog.zeit.de\/stoerungsmelder\/#\/schema\/person\/image\/\",\"url\":\"https:\/\/secure.gravatar.com\/avatar\/24bd331e48d30258d7a5e9a5037e7c5af9e47c88ab2ecbc7568c2f10e40e93fc?s=96&d=mm&r=pg\",\"contentUrl\":\"https:\/\/secure.gravatar.com\/avatar\/24bd331e48d30258d7a5e9a5037e7c5af9e47c88ab2ecbc7568c2f10e40e93fc?s=96&d=mm&r=pg\",\"caption\":\"Lisa Caspari\"},\"description\":\"ist Redakteurin im Ressort Politik, Wirtschaft und Gesellschaft bei ZEIT ONLINE.\",\"url\":\"https:\/\/blog.zeit.de\/stoerungsmelder\/author\/lisacaspari\"}]}<\/script>\n<!-- \/ Yoast SEO plugin. -->","yoast_head_json":{"title":"Lese-Tipp: Wissenswertes \u00fcber Nazi-Frauen und NPD-Parlamentarier - St\u00f6rungsmelder","robots":{"index":"index","follow":"follow","max-snippet":"max-snippet:-1","max-image-preview":"max-image-preview:large","max-video-preview":"max-video-preview:-1"},"canonical":"https:\/\/blog.zeit.de\/stoerungsmelder\/2012\/03\/14\/lese-tipp-wissenswertes-uber-nazi-frauen-und-npd-parlamentarier_8240","og_locale":"de_DE","og_type":"article","og_title":"Lese-Tipp: Wissenswertes \u00fcber Nazi-Frauen und NPD-Parlamentarier - St\u00f6rungsmelder","og_description":"Unsere ZEIT ONLINE-Serie &#8222;Neue deutsche Nazis&#8220; geht in die zweite Woche. Redakteurin Tina Groll hat einen lesenswerten Bericht zu der Schl\u00fcsselrolle geschrieben, die Frauen in der rechtsextremen Szene einnehmen. Weibliche Neonazis, das wird klar, sind alles andere als nur Mitl\u00e4uferinnen. Unter dem Titel &#8222;No Go Area im Landtag&#8220; hat sich unser Redakteur Michael Schlieben mit [&hellip;]","og_url":"https:\/\/blog.zeit.de\/stoerungsmelder\/2012\/03\/14\/lese-tipp-wissenswertes-uber-nazi-frauen-und-npd-parlamentarier_8240","og_site_name":"St\u00f6rungsmelder","article_published_time":"2012-03-14T22:54:56+00:00","article_modified_time":"2012-03-15T07:44:55+00:00","og_image":[{"url":"https:\/\/blog.zeit.de\/stoerungsmelder\/files\/2012\/03\/nazi-frauen-2-540x304.jpg"}],"author":"Lisa Caspari","twitter_card":"summary_large_image","twitter_misc":{"Geschrieben von":"Lisa Caspari","Gesch\u00e4tzte Lesezeit":"1\u00a0Minute"},"schema":{"@context":"https:\/\/schema.org","@graph":[{"@type":"WebPage","@id":"https:\/\/blog.zeit.de\/stoerungsmelder\/2012\/03\/14\/lese-tipp-wissenswertes-uber-nazi-frauen-und-npd-parlamentarier_8240","url":"https:\/\/blog.zeit.de\/stoerungsmelder\/2012\/03\/14\/lese-tipp-wissenswertes-uber-nazi-frauen-und-npd-parlamentarier_8240","name":"Lese-Tipp: Wissenswertes \u00fcber Nazi-Frauen und NPD-Parlamentarier - St\u00f6rungsmelder","isPartOf":{"@id":"https:\/\/blog.zeit.de\/stoerungsmelder\/#website"},"datePublished":"2012-03-14T22:54:56+00:00","dateModified":"2012-03-15T07:44:55+00:00","author":{"@id":"https:\/\/blog.zeit.de\/stoerungsmelder\/#\/schema\/person\/3863bcab169f6697a6d5c63117df8405"},"breadcrumb":{"@id":"https:\/\/blog.zeit.de\/stoerungsmelder\/2012\/03\/14\/lese-tipp-wissenswertes-uber-nazi-frauen-und-npd-parlamentarier_8240#breadcrumb"},"inLanguage":"de","potentialAction":[{"@type":"ReadAction","target":["https:\/\/blog.zeit.de\/stoerungsmelder\/2012\/03\/14\/lese-tipp-wissenswertes-uber-nazi-frauen-und-npd-parlamentarier_8240"]}]},{"@type":"BreadcrumbList","@id":"https:\/\/blog.zeit.de\/stoerungsmelder\/2012\/03\/14\/lese-tipp-wissenswertes-uber-nazi-frauen-und-npd-parlamentarier_8240#breadcrumb","itemListElement":[{"@type":"ListItem","position":1,"name":"Startseite","item":"https:\/\/blog.zeit.de\/stoerungsmelder"},{"@type":"ListItem","position":2,"name":"Lese-Tipp: Wissenswertes \u00fcber Nazi-Frauen und NPD-Parlamentarier"}]},{"@type":"WebSite","@id":"https:\/\/blog.zeit.de\/stoerungsmelder\/#website","url":"https:\/\/blog.zeit.de\/stoerungsmelder\/","name":"St\u00f6rungsmelder","description":"Recherchen und Analysen \u00fcber die extreme Rechte","potentialAction":[{"@type":"SearchAction","target":{"@type":"EntryPoint","urlTemplate":"https:\/\/blog.zeit.de\/stoerungsmelder\/?s={search_term_string}"},"query-input":"required name=search_term_string"}],"inLanguage":"de"},{"@type":"Person","@id":"https:\/\/blog.zeit.de\/stoerungsmelder\/#\/schema\/person\/3863bcab169f6697a6d5c63117df8405","name":"Lisa Caspari","image":{"@type":"ImageObject","inLanguage":"de","@id":"https:\/\/blog.zeit.de\/stoerungsmelder\/#\/schema\/person\/image\/","url":"https:\/\/secure.gravatar.com\/avatar\/24bd331e48d30258d7a5e9a5037e7c5af9e47c88ab2ecbc7568c2f10e40e93fc?s=96&d=mm&r=pg","contentUrl":"https:\/\/secure.gravatar.com\/avatar\/24bd331e48d30258d7a5e9a5037e7c5af9e47c88ab2ecbc7568c2f10e40e93fc?s=96&d=mm&r=pg","caption":"Lisa Caspari"},"description":"ist Redakteurin im Ressort Politik, Wirtschaft und Gesellschaft bei ZEIT ONLINE.","url":"https:\/\/blog.zeit.de\/stoerungsmelder\/author\/lisacaspari"}]}},"jetpack_featured_media_url":"","jetpack_sharing_enabled":true,"_links":{"self":[{"href":"https:\/\/blog.zeit.de\/stoerungsmelder\/wp-json\/wp\/v2\/posts\/8240","targetHints":{"allow":["GET"]}}],"collection":[{"href":"https:\/\/blog.zeit.de\/stoerungsmelder\/wp-json\/wp\/v2\/posts"}],"about":[{"href":"https:\/\/blog.zeit.de\/stoerungsmelder\/wp-json\/wp\/v2\/types\/post"}],"author":[{"embeddable":true,"href":"https:\/\/blog.zeit.de\/stoerungsmelder\/wp-json\/wp\/v2\/users\/350"}],"replies":[{"embeddable":true,"href":"https:\/\/blog.zeit.de\/stoerungsmelder\/wp-json\/wp\/v2\/comments?post=8240"}],"version-history":[{"count":11,"href":"https:\/\/blog.zeit.de\/stoerungsmelder\/wp-json\/wp\/v2\/posts\/8240\/revisions"}],"predecessor-version":[{"id":8254,"href":"https:\/\/blog.zeit.de\/stoerungsmelder\/wp-json\/wp\/v2\/posts\/8240\/revisions\/8254"}],"wp:attachment":[{"href":"https:\/\/blog.zeit.de\/stoerungsmelder\/wp-json\/wp\/v2\/media?parent=8240"}],"wp:term":[{"taxonomy":"category","embeddable":true,"href":"https:\/\/blog.zeit.de\/stoerungsmelder\/wp-json\/wp\/v2\/categories?post=8240"},{"taxonomy":"post_tag","embeddable":true,"href":"https:\/\/blog.zeit.de\/stoerungsmelder\/wp-json\/wp\/v2\/tags?post=8240"}],"curies":[{"name":"wp","href":"https:\/\/api.w.org\/{rel}","templated":true}]}}