{"id":8261,"date":"2012-03-16T15:28:02","date_gmt":"2012-03-16T14:28:02","guid":{"rendered":"http:\/\/blog.zeit.de\/stoerungsmelder\/?p=8261"},"modified":"2017-07-08T16:36:09","modified_gmt":"2017-07-08T14:36:09","slug":"lesetipp-interaktive-karte-gehackter-naziversande","status":"publish","type":"post","link":"https:\/\/blog.zeit.de\/stoerungsmelder\/2012\/03\/16\/lesetipp-interaktive-karte-gehackter-naziversande_8261","title":{"rendered":"Lesetipp: Interaktive Karte gehackter Nazivers\u00e4nde"},"content":{"rendered":"<p><a href=\"https:\/\/blog.zeit.de\/stoerungsmelder\/files\/2012\/03\/versaende.jpg\"><img loading=\"lazy\" decoding=\"async\" class=\"aligncenter  wp-image-8262\" src=\"https:\/\/blog.zeit.de\/stoerungsmelder\/files\/2012\/03\/versaende.jpg\" alt=\"\" width=\"539\" height=\"290\" srcset=\"https:\/\/blog.zeit.de\/stoerungsmelder\/files\/2012\/03\/versaende.jpg 659w, https:\/\/blog.zeit.de\/stoerungsmelder\/files\/2012\/03\/versaende-300x161.jpg 300w\" sizes=\"auto, (max-width: 539px) 100vw, 539px\" \/><\/a><\/p>\n<p>Schon seit etlichen Jahren werden immer wieder rechte Online-Versandh\u00e4user gehackt und die Bestelldaten \u00f6ffentlich gemacht. Lassen sich hieraus relevante Erkenntnisse \u00fcber die rechte Bewegung in Deutschland gewinnen? Das <a href=\"http:\/\/www.apabiz.de\/versaende\">apabiz<\/a> hat die Personendaten aus mehreren Onlineversand-Hacks in einer <a href=\"http:\/\/www.apabiz.de\/versaende\">interaktiven Onlinekarte<\/a> sichtbar gemacht. Es handelt sich um Versandh\u00e4user, die auf Rechtsrock und Szenekleidung sowie Literatur und Utensilien wie Fahnen spezialisiert sind \u2013 also auf subkulturelle Artikel. Insgesamt ergab sich eine Liste \u00fcber 14.000 Bestellungen bei diesen Versandh\u00e4usern.<\/p>\n<p>In Westdeutschland gibt es in absoluten Zahlen mehr subkulturell orientierte Rechte als im Osten der Republik. Ber\u00fccksichtigt man jedoch die Gesamtbev\u00f6lkerungszahl, ergibt sich ein anderes Bild, denn die Daten werden erst dann interpretierbar, wenn sie auf die Bev\u00f6lkerungszahlen der Bundesl\u00e4nder umgerechnet werden: Im Osten ist der Anteil von Rechten um ein dreifaches h\u00f6her als im Westen.<\/p>\n","protected":false},"excerpt":{"rendered":"<p>Schon seit etlichen Jahren werden immer wieder rechte Online-Versandh\u00e4user gehackt und die Bestelldaten \u00f6ffentlich gemacht. Lassen sich hieraus relevante Erkenntnisse \u00fcber die rechte Bewegung in Deutschland gewinnen? Das apabiz hat die Personendaten aus mehreren Onlineversand-Hacks in einer interaktiven Onlinekarte sichtbar gemacht. Es handelt sich um Versandh\u00e4user, die auf Rechtsrock und Szenekleidung sowie Literatur und Utensilien [&hellip;]<\/p>\n","protected":false},"author":229,"featured_media":0,"comment_status":"open","ping_status":"open","sticky":false,"template":"","format":"standard","meta":{"_jetpack_memberships_contains_paid_content":false,"footnotes":""},"categories":[1515],"tags":[6684,17777,1765],"class_list":["post-8261","post","type-post","status-publish","format-standard","hentry","category-bundesweit","tag-hack","tag-naziversand","tag-rechtsrock"],"yoast_head":"<!-- This site is optimized with the Yoast SEO plugin v21.0 - https:\/\/yoast.com\/wordpress\/plugins\/seo\/ -->\n<title>Lesetipp: Interaktive Karte gehackter Nazivers\u00e4nde - St\u00f6rungsmelder<\/title>\n<meta name=\"robots\" content=\"index, follow, max-snippet:-1, max-image-preview:large, max-video-preview:-1\" \/>\n<link rel=\"canonical\" href=\"https:\/\/blog.zeit.de\/stoerungsmelder\/2012\/03\/16\/lesetipp-interaktive-karte-gehackter-naziversande_8261\" \/>\n<meta property=\"og:locale\" content=\"de_DE\" \/>\n<meta property=\"og:type\" content=\"article\" \/>\n<meta property=\"og:title\" content=\"Lesetipp: Interaktive Karte gehackter Nazivers\u00e4nde - St\u00f6rungsmelder\" \/>\n<meta property=\"og:description\" content=\"Schon seit etlichen Jahren werden immer wieder rechte Online-Versandh\u00e4user gehackt und die Bestelldaten \u00f6ffentlich gemacht. Lassen sich hieraus relevante Erkenntnisse \u00fcber die rechte Bewegung in Deutschland gewinnen? Das apabiz hat die Personendaten aus mehreren Onlineversand-Hacks in einer interaktiven Onlinekarte sichtbar gemacht. Es handelt sich um Versandh\u00e4user, die auf Rechtsrock und Szenekleidung sowie Literatur und Utensilien [&hellip;]\" \/>\n<meta property=\"og:url\" content=\"https:\/\/blog.zeit.de\/stoerungsmelder\/2012\/03\/16\/lesetipp-interaktive-karte-gehackter-naziversande_8261\" \/>\n<meta property=\"og:site_name\" content=\"St\u00f6rungsmelder\" \/>\n<meta property=\"article:published_time\" content=\"2012-03-16T14:28:02+00:00\" \/>\n<meta property=\"article:modified_time\" content=\"2017-07-08T14:36:09+00:00\" \/>\n<meta property=\"og:image\" content=\"https:\/\/blog.zeit.de\/stoerungsmelder\/files\/2012\/03\/versaende.jpg\" \/>\n<meta name=\"author\" content=\"St\u00f6rungsmelder\" \/>\n<meta name=\"twitter:card\" content=\"summary_large_image\" \/>\n<meta name=\"twitter:label1\" content=\"Geschrieben von\" \/>\n\t<meta name=\"twitter:data1\" content=\"St\u00f6rungsmelder\" \/>\n\t<meta name=\"twitter:label2\" content=\"Gesch\u00e4tzte Lesezeit\" \/>\n\t<meta name=\"twitter:data2\" content=\"1\u00a0Minute\" \/>\n<script type=\"application\/ld+json\" class=\"yoast-schema-graph\">{\"@context\":\"https:\/\/schema.org\",\"@graph\":[{\"@type\":\"WebPage\",\"@id\":\"https:\/\/blog.zeit.de\/stoerungsmelder\/2012\/03\/16\/lesetipp-interaktive-karte-gehackter-naziversande_8261\",\"url\":\"https:\/\/blog.zeit.de\/stoerungsmelder\/2012\/03\/16\/lesetipp-interaktive-karte-gehackter-naziversande_8261\",\"name\":\"Lesetipp: Interaktive Karte gehackter Nazivers\u00e4nde - St\u00f6rungsmelder\",\"isPartOf\":{\"@id\":\"https:\/\/blog.zeit.de\/stoerungsmelder\/#website\"},\"datePublished\":\"2012-03-16T14:28:02+00:00\",\"dateModified\":\"2017-07-08T14:36:09+00:00\",\"author\":{\"@id\":\"https:\/\/blog.zeit.de\/stoerungsmelder\/#\/schema\/person\/fdd0b9818f65738672810b6d6f037f71\"},\"breadcrumb\":{\"@id\":\"https:\/\/blog.zeit.de\/stoerungsmelder\/2012\/03\/16\/lesetipp-interaktive-karte-gehackter-naziversande_8261#breadcrumb\"},\"inLanguage\":\"de\",\"potentialAction\":[{\"@type\":\"ReadAction\",\"target\":[\"https:\/\/blog.zeit.de\/stoerungsmelder\/2012\/03\/16\/lesetipp-interaktive-karte-gehackter-naziversande_8261\"]}]},{\"@type\":\"BreadcrumbList\",\"@id\":\"https:\/\/blog.zeit.de\/stoerungsmelder\/2012\/03\/16\/lesetipp-interaktive-karte-gehackter-naziversande_8261#breadcrumb\",\"itemListElement\":[{\"@type\":\"ListItem\",\"position\":1,\"name\":\"Startseite\",\"item\":\"https:\/\/blog.zeit.de\/stoerungsmelder\"},{\"@type\":\"ListItem\",\"position\":2,\"name\":\"Lesetipp: Interaktive Karte gehackter Nazivers\u00e4nde\"}]},{\"@type\":\"WebSite\",\"@id\":\"https:\/\/blog.zeit.de\/stoerungsmelder\/#website\",\"url\":\"https:\/\/blog.zeit.de\/stoerungsmelder\/\",\"name\":\"St\u00f6rungsmelder\",\"description\":\"Recherchen und Analysen \u00fcber die extreme Rechte\",\"potentialAction\":[{\"@type\":\"SearchAction\",\"target\":{\"@type\":\"EntryPoint\",\"urlTemplate\":\"https:\/\/blog.zeit.de\/stoerungsmelder\/?s={search_term_string}\"},\"query-input\":\"required name=search_term_string\"}],\"inLanguage\":\"de\"},{\"@type\":\"Person\",\"@id\":\"https:\/\/blog.zeit.de\/stoerungsmelder\/#\/schema\/person\/fdd0b9818f65738672810b6d6f037f71\",\"name\":\"St\u00f6rungsmelder\",\"image\":{\"@type\":\"ImageObject\",\"inLanguage\":\"de\",\"@id\":\"https:\/\/blog.zeit.de\/stoerungsmelder\/#\/schema\/person\/image\/\",\"url\":\"https:\/\/secure.gravatar.com\/avatar\/dfa4be514c3e82a71e4f9a0020035d38192d080ccaa5e4e6d7a1472c763535c5?s=96&d=mm&r=pg\",\"contentUrl\":\"https:\/\/secure.gravatar.com\/avatar\/dfa4be514c3e82a71e4f9a0020035d38192d080ccaa5e4e6d7a1472c763535c5?s=96&d=mm&r=pg\",\"caption\":\"St\u00f6rungsmelder\"},\"url\":\"https:\/\/blog.zeit.de\/stoerungsmelder\/author\/stoerungsmelder\"}]}<\/script>\n<!-- \/ Yoast SEO plugin. -->","yoast_head_json":{"title":"Lesetipp: Interaktive Karte gehackter Nazivers\u00e4nde - St\u00f6rungsmelder","robots":{"index":"index","follow":"follow","max-snippet":"max-snippet:-1","max-image-preview":"max-image-preview:large","max-video-preview":"max-video-preview:-1"},"canonical":"https:\/\/blog.zeit.de\/stoerungsmelder\/2012\/03\/16\/lesetipp-interaktive-karte-gehackter-naziversande_8261","og_locale":"de_DE","og_type":"article","og_title":"Lesetipp: Interaktive Karte gehackter Nazivers\u00e4nde - St\u00f6rungsmelder","og_description":"Schon seit etlichen Jahren werden immer wieder rechte Online-Versandh\u00e4user gehackt und die Bestelldaten \u00f6ffentlich gemacht. Lassen sich hieraus relevante Erkenntnisse \u00fcber die rechte Bewegung in Deutschland gewinnen? Das apabiz hat die Personendaten aus mehreren Onlineversand-Hacks in einer interaktiven Onlinekarte sichtbar gemacht. Es handelt sich um Versandh\u00e4user, die auf Rechtsrock und Szenekleidung sowie Literatur und Utensilien [&hellip;]","og_url":"https:\/\/blog.zeit.de\/stoerungsmelder\/2012\/03\/16\/lesetipp-interaktive-karte-gehackter-naziversande_8261","og_site_name":"St\u00f6rungsmelder","article_published_time":"2012-03-16T14:28:02+00:00","article_modified_time":"2017-07-08T14:36:09+00:00","og_image":[{"url":"https:\/\/blog.zeit.de\/stoerungsmelder\/files\/2012\/03\/versaende.jpg"}],"author":"St\u00f6rungsmelder","twitter_card":"summary_large_image","twitter_misc":{"Geschrieben von":"St\u00f6rungsmelder","Gesch\u00e4tzte Lesezeit":"1\u00a0Minute"},"schema":{"@context":"https:\/\/schema.org","@graph":[{"@type":"WebPage","@id":"https:\/\/blog.zeit.de\/stoerungsmelder\/2012\/03\/16\/lesetipp-interaktive-karte-gehackter-naziversande_8261","url":"https:\/\/blog.zeit.de\/stoerungsmelder\/2012\/03\/16\/lesetipp-interaktive-karte-gehackter-naziversande_8261","name":"Lesetipp: Interaktive Karte gehackter Nazivers\u00e4nde - St\u00f6rungsmelder","isPartOf":{"@id":"https:\/\/blog.zeit.de\/stoerungsmelder\/#website"},"datePublished":"2012-03-16T14:28:02+00:00","dateModified":"2017-07-08T14:36:09+00:00","author":{"@id":"https:\/\/blog.zeit.de\/stoerungsmelder\/#\/schema\/person\/fdd0b9818f65738672810b6d6f037f71"},"breadcrumb":{"@id":"https:\/\/blog.zeit.de\/stoerungsmelder\/2012\/03\/16\/lesetipp-interaktive-karte-gehackter-naziversande_8261#breadcrumb"},"inLanguage":"de","potentialAction":[{"@type":"ReadAction","target":["https:\/\/blog.zeit.de\/stoerungsmelder\/2012\/03\/16\/lesetipp-interaktive-karte-gehackter-naziversande_8261"]}]},{"@type":"BreadcrumbList","@id":"https:\/\/blog.zeit.de\/stoerungsmelder\/2012\/03\/16\/lesetipp-interaktive-karte-gehackter-naziversande_8261#breadcrumb","itemListElement":[{"@type":"ListItem","position":1,"name":"Startseite","item":"https:\/\/blog.zeit.de\/stoerungsmelder"},{"@type":"ListItem","position":2,"name":"Lesetipp: Interaktive Karte gehackter Nazivers\u00e4nde"}]},{"@type":"WebSite","@id":"https:\/\/blog.zeit.de\/stoerungsmelder\/#website","url":"https:\/\/blog.zeit.de\/stoerungsmelder\/","name":"St\u00f6rungsmelder","description":"Recherchen und Analysen \u00fcber die extreme Rechte","potentialAction":[{"@type":"SearchAction","target":{"@type":"EntryPoint","urlTemplate":"https:\/\/blog.zeit.de\/stoerungsmelder\/?s={search_term_string}"},"query-input":"required name=search_term_string"}],"inLanguage":"de"},{"@type":"Person","@id":"https:\/\/blog.zeit.de\/stoerungsmelder\/#\/schema\/person\/fdd0b9818f65738672810b6d6f037f71","name":"St\u00f6rungsmelder","image":{"@type":"ImageObject","inLanguage":"de","@id":"https:\/\/blog.zeit.de\/stoerungsmelder\/#\/schema\/person\/image\/","url":"https:\/\/secure.gravatar.com\/avatar\/dfa4be514c3e82a71e4f9a0020035d38192d080ccaa5e4e6d7a1472c763535c5?s=96&d=mm&r=pg","contentUrl":"https:\/\/secure.gravatar.com\/avatar\/dfa4be514c3e82a71e4f9a0020035d38192d080ccaa5e4e6d7a1472c763535c5?s=96&d=mm&r=pg","caption":"St\u00f6rungsmelder"},"url":"https:\/\/blog.zeit.de\/stoerungsmelder\/author\/stoerungsmelder"}]}},"jetpack_featured_media_url":"","jetpack_sharing_enabled":true,"_links":{"self":[{"href":"https:\/\/blog.zeit.de\/stoerungsmelder\/wp-json\/wp\/v2\/posts\/8261","targetHints":{"allow":["GET"]}}],"collection":[{"href":"https:\/\/blog.zeit.de\/stoerungsmelder\/wp-json\/wp\/v2\/posts"}],"about":[{"href":"https:\/\/blog.zeit.de\/stoerungsmelder\/wp-json\/wp\/v2\/types\/post"}],"author":[{"embeddable":true,"href":"https:\/\/blog.zeit.de\/stoerungsmelder\/wp-json\/wp\/v2\/users\/229"}],"replies":[{"embeddable":true,"href":"https:\/\/blog.zeit.de\/stoerungsmelder\/wp-json\/wp\/v2\/comments?post=8261"}],"version-history":[{"count":3,"href":"https:\/\/blog.zeit.de\/stoerungsmelder\/wp-json\/wp\/v2\/posts\/8261\/revisions"}],"predecessor-version":[{"id":24112,"href":"https:\/\/blog.zeit.de\/stoerungsmelder\/wp-json\/wp\/v2\/posts\/8261\/revisions\/24112"}],"wp:attachment":[{"href":"https:\/\/blog.zeit.de\/stoerungsmelder\/wp-json\/wp\/v2\/media?parent=8261"}],"wp:term":[{"taxonomy":"category","embeddable":true,"href":"https:\/\/blog.zeit.de\/stoerungsmelder\/wp-json\/wp\/v2\/categories?post=8261"},{"taxonomy":"post_tag","embeddable":true,"href":"https:\/\/blog.zeit.de\/stoerungsmelder\/wp-json\/wp\/v2\/tags?post=8261"}],"curies":[{"name":"wp","href":"https:\/\/api.w.org\/{rel}","templated":true}]}}