{"id":8265,"date":"2012-03-18T10:40:18","date_gmt":"2012-03-18T09:40:18","guid":{"rendered":"http:\/\/blog.zeit.de\/stoerungsmelder\/?p=8265"},"modified":"2012-03-18T10:40:18","modified_gmt":"2012-03-18T09:40:18","slug":"seriosen-holger-und-die-radikale-verbotsangst","status":"publish","type":"post","link":"https:\/\/blog.zeit.de\/stoerungsmelder\/2012\/03\/18\/seriosen-holger-und-die-radikale-verbotsangst_8265","title":{"rendered":"Seri\u00f6sen-Holger und die radikale Verbotsangst"},"content":{"rendered":"<p><figure id=\"attachment_7451\" aria-describedby=\"caption-attachment-7451\" style=\"width: 540px\" class=\"wp-caption aligncenter\"><a href=\"https:\/\/blog.zeit.de\/stoerungsmelder\/files\/2011\/11\/voigt_apfel.jpg\"><img loading=\"lazy\" decoding=\"async\" class=\"size-full wp-image-7451\" src=\"https:\/\/blog.zeit.de\/stoerungsmelder\/files\/2011\/11\/voigt_apfel.jpg\" alt=\"\" width=\"540\" height=\"300\" srcset=\"https:\/\/blog.zeit.de\/stoerungsmelder\/files\/2011\/11\/voigt_apfel.jpg 540w, https:\/\/blog.zeit.de\/stoerungsmelder\/files\/2011\/11\/voigt_apfel-300x166.jpg 300w\" sizes=\"auto, (max-width: 540px) 100vw, 540px\" \/><\/a><figcaption id=\"caption-attachment-7451\" class=\"wp-caption-text\">Parteichef Holger Apfel (l.) mit seinem Ziehvater Udo Voigt \u00a9 Getty<\/figcaption><\/figure><\/p>\n<p>Erst hat man kein Gl\u00fcck \u2013 und dann kommt auch noch Pech dazu. Diese alte Fu\u00dfballerweisheit fasst die bisherige Amtszeit von Holger Apfel als NPD-Chef zusammen. Endlich war Apfel am Ziel \u2013 Parteivorsitzender. Doch die NPD steckt in einer Krise, die sich durch die Erkenntnisse \u00fcber den NSU-Terror immer weiter versch\u00e4rft. Zudem erweist sich Apfels schnittiges Konzept der seri\u00f6sen Radikalit\u00e4t bei genauerer Betrachtung als wenig substantiell, geschweige denn besonders neu.<!--more--><\/p>\n<p><em>Von Alexander Hacker, erstver\u00f6ffentlicht bei <a href=\"http:\/\/www.publikative.org\/2012\/03\/17\/seriosen-holger-und-die-radikale-verbotsangst\/\">Publikative.org<\/a><\/em><\/p>\n<p>Holger Apfel hat sich die erste Phase seiner Amtszeit sicher anders vorgestellt. Hatte er es nach einer gro\u00df angelegten Werbekampagne und dem darauf folgenden Sturz seines einstigen politischen Ziehvaters endlich geschafft sein gro\u00dfes Ziel zu erreichen \u2013 den Vorsitz der NPD. Nicht unwesentlich f\u00fcr seinen Erfolg d\u00fcrfte auch sein vermeintlich neues Konzept der \u201eseri\u00f6sen Radikalit\u00e4t\u201c gewesen sein. Damit konnte er die Partei f\u00fcr sich gewinnen. Eine Partei, die nach Erfolg verlangt und diesen nur durch den Mann zu erreichen glaubte, der die NPD in Sachsen zum Wiedereinzug in den Landtag f\u00fchrte. Ein Neuanfang musste her und diesen glaubte man durch \u201eseri\u00f6se Radikalit\u00e4t\u201c einleiten zu k\u00f6nnen.<\/p>\n<p><strong>Nebelkerzen im Wahlkampf<\/strong><\/p>\n<p>Schon im internen Wahlkampf um den Parteivorsitz hatte Udo Voigt hinterfragt, was eigentlich genau hinter dem Konzept stecken w\u00fcrde. Doch die Zeit, das zu hinterfragen, war im November 2011 bereits abgelaufen, der Wunsch nach Ver\u00e4nderung war in der NPD zu gro\u00df. Und so verwundert es kaum, dass Apfels Konzept eben genau damit endete, was die meisten in der Partei sich so sehr w\u00fcnschten: \u201e\u2018Seri\u00f6se Radikalit\u00e4t\u2018 ist das Verlassen von Nebenpfaden und das Einschlagen eines Erfolgsweges!\u201c Diese Hoffnung zu bedienen war Apfels gr\u00f6\u00dfte Leistung im Wahlkampf, denn inhaltlich bietet das Konzept kaum etwas, das nicht bereits vor Jahren als Vorschlag in der extremen Rechten im Umlauf war. Sogar Formulierungen sind nahezu identisch. Schon 1991 im Konzept der \u201eBefreiten Zonen\u201c wollte man die Herzen der Menschen gewinnen, Andreas Molau wollte 2009 Herzen gewinnen und Apfel will es nat\u00fcrlich auch. Gemein ist allen noch ein kr\u00e4ftiger Schuss Mao Tse-tung, um sich auch wirklich wie ein Fisch im Volk bewegen zu k\u00f6nnen.<\/p>\n<p>Dass man, um diese Ziele erreichen zu k\u00f6nnen, deutlich sprechen muss und niemanden abschrecken darf, kann man wohl ohne \u00dcbertreibung als Gemeinpl\u00e4tze bezeichnen. Will man dem Vorsitzenden der NPD-Nordrhein-Westfalen, Claus Cremer, nun noch Glauben schenken, soll nicht einmal der Name des Konzeptes von Apfel selbst stammen. So schrieb Cremer bereits im Mai 2011: \u201eDazu geh\u00f6rt z.B. der von mir in die Diskussion gebrachte, und in der damaligen Arbeitsgruppe mit Kamerad Ulrich P\u00e4tzold ausgearbeitete, Begriff der \u201aseri\u00f6sen Radikalit\u00e4t\u2018, der heute bereits Verwendung und Akzeptanz in der NPD gefunden hat.\u201c<\/p>\n<p><strong>Vom Land in den Bund und zur\u00fcck ins Land<\/strong><\/p>\n<p>Sp\u00e4testens seit dem ersten Einzug der NPD in den S\u00e4chsischen Landtag galt der Freistaat als extrem rechtes Musterbeispiel. Besonders, weil hier die Zusammenarbeit mit den Kameradschaften ma\u00dfgeblich zum erfolgreichen Wahlkampf beigetragen hatte. Nicht zuletzt war es ja diese Zusammenarbeit und der Einzug in den Landtag, der Apfel auch an die Spitze der Partei verhalf. Doch nun zeigt sich, dass genauso wie man den Erfolg in Sachsen auf Bundesebene \u00fcbertragen wollte, die Zerfallserscheinungen vom braunen Musterland auf die Bundesebene zur\u00fcckwirken. Der Zerfall in Sachsen hat begonnen.<\/p>\n<p>Dies bedeutet in erster Linie, dass sich immer mehr Personal, welches aus den freien extrem rechten Strukturen in die NPD eingetreten war, nun von der Partei l\u00f6st. Nicht zuletzt ist dies darauf zur\u00fcckzuf\u00fchren, dass sich die neue F\u00fchrung der NPD von verschiedenen Personen distanzierte oder Redeverbot bei Parteiveranstaltungen erteilte. Auftrittsverbot erhielt unter anderem Karl-Heinz Hoffmann, dessen Buch vor wenigen Monaten noch gro\u00df im \u201eDeutsche-Stimme-Verlag\u201c beworben worden war. Dies gef\u00e4llt vielen Aktivisten der extremen Rechten \u00fcberhaupt nicht, denn es erinnert an den Niedergang der NPD in den 1970er Jahren, als eine Reihe von Unvereinbarkeitsbeschl\u00fcssen erging, die damals der Verbotsangst geschuldet waren. Trotz aller vollmundigen Bekundungen d\u00fcrfte auch diesmal die Verbotsangst keinen unwesentlichen Teil des Verhaltens der Parteispitze erkl\u00e4ren.<\/p>\n<p><strong>Bio-Siegel f\u00fcr Kameradschaften<\/strong><\/p>\n<p>Diese Auseinandersetzungen d\u00fcrfte eine weitere Ank\u00fcndigung des neuen Bundesvorstands nicht besonders befrieden. So arbeite die F\u00fchrung der NPD derzeit an einem Leitfaden f\u00fcr den Umgang mit den \u201eFreien Kr\u00e4ften\u201c, wie es an verschiedenen Stellen bereits verk\u00fcndet wurde. Der Neonazi Axel Reitz geh\u00f6rt bisher zu den Wenigen, von denen sich Holger Apfel direkt distanzierte. Im Gegenzug warf Reitz Apfel vor, ihm gehe es nicht um \u201edie gemeinsame Sache\u201c, sondern schlicht um das \u201eFortkommen seiner Partei und seiner eigenen Person\u201c. Apfel sortiere nach der Dienstbarkeit der jeweiligen Aktivisten und danach, ob diese den Herrschaftsanspruch der NPD anerkennen, so der Vorwurf weiter. Als dann Maik Scheffler, F\u00fchrungsfigur des \u201eFreien Netzes\u201c aus Sachsen und nun stellvertretender NPD-Landesvorsitzender, mit einem Artikel auf die derzeitige Situation reagierte, wurde der Ton sch\u00e4rfer. Kommentiert wurden Schefflers \u00c4u\u00dferungen in den einschl\u00e4gigen Kommentarspalten mit deutlichen Worten: \u201eScheffel-Scheffler, wie er von vielen aufrechten s\u00e4chsischen Kameraden genannt wird, ist ein erb\u00e4rmlicher kriecherischer Wurm \u2026\u201c<\/p>\n<p>Dass vor kurzem auch noch der Vorsitzende des nieders\u00e4chsischen Landesverbandes zur\u00fccktrat, d\u00fcrfte die Situation nicht gerade verbessern \u2013 mit dem R\u00fccktritt weiterer Funktion\u00e4re atomisiert sich offenbar auch der Landesverband der NPD in ihrem Stammland. Zudem tauchte k\u00fcrzlich auch ein offensichtlich internes Schreiben Karl Richters auf, der dem Bayrischen Landesverband attestierte, dieser sei \u201ederzeit strukturell nicht kampagnenf\u00e4hig\u201c. Nun vermuten viele, Richter strebe neben dem Posten des stellvertretenden Bundesvorsitzenden auch noch den Landesvorsitz in Bayern an.<\/p>\n<p><strong>Die anderen sind schuld?<\/strong><\/p>\n<p>All diese Probleme lassen sich schwer \u2013 wie sonst \u00fcblich \u2013 als Folge von \u00e4u\u00dferen Einfl\u00fcssen erkl\u00e4ren, wie dies die NPD gern tut. Vielmehr scheint das Konzept von \u201eseri\u00f6s\u201c und \u201eradikal\u201c schlichtweg nicht zu funktionieren. Genau das, was unter Apfel nun zu scheitern droht, n\u00e4mlich die Einbindung der NPD in die gesamte extrem rechte Bewegung, war Udo Voigts St\u00e4rke. Voigt hatte verstanden, dass die NPD als eine rein erfolgsorientierte Partei den Anschluss an die \u201eBewegung\u201c verlieren w\u00fcrde, da all das, was Apfel nun versucht zu verbieten, die Bewegung zusammenh\u00e4lt.<\/p>\n<p>Die NS-Symbole und provozierende menschenverachtenden Aktionen f\u00fchren nicht zum Erfolg einer Partei, sind aber der Kitt der Szene. Die derzeitigen Distanzierungen von solchen Aktionen sto\u00dfen vor allem bei den Freien Kr\u00e4ften auf Unverst\u00e4ndnis, da die NPD nur Mittel zum Zweck, aber kein Selbstzweck sein soll. Und dass Holger Apfel den Holocaust im Spiegel-Interview nun auch noch als Verbrechen bezeichnete, d\u00fcrfte vielen Kameraden nicht gefallen.<\/p>\n<p>Voigt hatte es \u00fcber Jahre geschafft die unterschiedlichen Str\u00f6mungen innerhalb der NPD zusammenzuhalten \u2013 und dazu geh\u00f6rte auch, dass er \u201eNS-Gekasper\u201c akzeptierte. So bekommt Voigts szeneinterner Spitzname, Pattex-Udo, der eigentlich auf Voigts lange Amtszeit anspielte, nun noch eine ganz andere Bedeutung, was den abnehmenden Zusammenhalt in der NPD angeht. Ob Seri\u00f6sen-Holger diesen Trend noch umkehren kann, erscheint derzeit ungewiss.<\/p>\n","protected":false},"excerpt":{"rendered":"<p>Erst hat man kein Gl\u00fcck \u2013 und dann kommt auch noch Pech dazu. Diese alte Fu\u00dfballerweisheit fasst die bisherige Amtszeit von Holger Apfel als NPD-Chef zusammen. Endlich war Apfel am Ziel \u2013 Parteivorsitzender. Doch die NPD steckt in einer Krise, die sich durch die Erkenntnisse \u00fcber den NSU-Terror immer weiter versch\u00e4rft. Zudem erweist sich Apfels [&hellip;]<\/p>\n","protected":false},"author":229,"featured_media":0,"comment_status":"open","ping_status":"open","sticky":false,"template":"","format":"standard","meta":{"_jetpack_memberships_contains_paid_content":false,"footnotes":""},"categories":[1515],"tags":[2081,17753,17779,1605,17778,12759,12734,1716,12752,1830],"class_list":["post-8265","post","type-post","status-publish","format-standard","hentry","category-bundesweit","tag-andreas-molau","tag-axel-reitz","tag-claus-cremer","tag-holger-apfel","tag-karl-richter","tag-karl-heinz-hoffmann","tag-maik-scheffler","tag-npd","tag-nsu","tag-udo-voigt"],"yoast_head":"<!-- This site is optimized with the Yoast SEO plugin v21.0 - https:\/\/yoast.com\/wordpress\/plugins\/seo\/ -->\n<title>Seri\u00f6sen-Holger und die radikale Verbotsangst - St\u00f6rungsmelder<\/title>\n<meta name=\"robots\" content=\"index, follow, max-snippet:-1, max-image-preview:large, max-video-preview:-1\" \/>\n<link rel=\"canonical\" href=\"https:\/\/blog.zeit.de\/stoerungsmelder\/2012\/03\/18\/seriosen-holger-und-die-radikale-verbotsangst_8265\" \/>\n<meta property=\"og:locale\" content=\"de_DE\" \/>\n<meta property=\"og:type\" content=\"article\" \/>\n<meta property=\"og:title\" content=\"Seri\u00f6sen-Holger und die radikale Verbotsangst - St\u00f6rungsmelder\" \/>\n<meta property=\"og:description\" content=\"Erst hat man kein Gl\u00fcck \u2013 und dann kommt auch noch Pech dazu. Diese alte Fu\u00dfballerweisheit fasst die bisherige Amtszeit von Holger Apfel als NPD-Chef zusammen. Endlich war Apfel am Ziel \u2013 Parteivorsitzender. Doch die NPD steckt in einer Krise, die sich durch die Erkenntnisse \u00fcber den NSU-Terror immer weiter versch\u00e4rft. Zudem erweist sich Apfels [&hellip;]\" \/>\n<meta property=\"og:url\" content=\"https:\/\/blog.zeit.de\/stoerungsmelder\/2012\/03\/18\/seriosen-holger-und-die-radikale-verbotsangst_8265\" \/>\n<meta property=\"og:site_name\" content=\"St\u00f6rungsmelder\" \/>\n<meta property=\"article:published_time\" content=\"2012-03-18T09:40:18+00:00\" \/>\n<meta property=\"og:image\" content=\"https:\/\/blog.zeit.de\/stoerungsmelder\/files\/2011\/11\/voigt_apfel.jpg\" \/>\n<meta name=\"author\" content=\"St\u00f6rungsmelder\" \/>\n<meta name=\"twitter:card\" content=\"summary_large_image\" \/>\n<meta name=\"twitter:label1\" content=\"Geschrieben von\" \/>\n\t<meta name=\"twitter:data1\" content=\"St\u00f6rungsmelder\" \/>\n\t<meta name=\"twitter:label2\" content=\"Gesch\u00e4tzte Lesezeit\" \/>\n\t<meta name=\"twitter:data2\" content=\"6\u00a0Minuten\" \/>\n<script type=\"application\/ld+json\" class=\"yoast-schema-graph\">{\"@context\":\"https:\/\/schema.org\",\"@graph\":[{\"@type\":\"WebPage\",\"@id\":\"https:\/\/blog.zeit.de\/stoerungsmelder\/2012\/03\/18\/seriosen-holger-und-die-radikale-verbotsangst_8265\",\"url\":\"https:\/\/blog.zeit.de\/stoerungsmelder\/2012\/03\/18\/seriosen-holger-und-die-radikale-verbotsangst_8265\",\"name\":\"Seri\u00f6sen-Holger und die radikale Verbotsangst - St\u00f6rungsmelder\",\"isPartOf\":{\"@id\":\"https:\/\/blog.zeit.de\/stoerungsmelder\/#website\"},\"datePublished\":\"2012-03-18T09:40:18+00:00\",\"dateModified\":\"2012-03-18T09:40:18+00:00\",\"author\":{\"@id\":\"https:\/\/blog.zeit.de\/stoerungsmelder\/#\/schema\/person\/fdd0b9818f65738672810b6d6f037f71\"},\"breadcrumb\":{\"@id\":\"https:\/\/blog.zeit.de\/stoerungsmelder\/2012\/03\/18\/seriosen-holger-und-die-radikale-verbotsangst_8265#breadcrumb\"},\"inLanguage\":\"de\",\"potentialAction\":[{\"@type\":\"ReadAction\",\"target\":[\"https:\/\/blog.zeit.de\/stoerungsmelder\/2012\/03\/18\/seriosen-holger-und-die-radikale-verbotsangst_8265\"]}]},{\"@type\":\"BreadcrumbList\",\"@id\":\"https:\/\/blog.zeit.de\/stoerungsmelder\/2012\/03\/18\/seriosen-holger-und-die-radikale-verbotsangst_8265#breadcrumb\",\"itemListElement\":[{\"@type\":\"ListItem\",\"position\":1,\"name\":\"Startseite\",\"item\":\"https:\/\/blog.zeit.de\/stoerungsmelder\"},{\"@type\":\"ListItem\",\"position\":2,\"name\":\"Seri\u00f6sen-Holger und die radikale Verbotsangst\"}]},{\"@type\":\"WebSite\",\"@id\":\"https:\/\/blog.zeit.de\/stoerungsmelder\/#website\",\"url\":\"https:\/\/blog.zeit.de\/stoerungsmelder\/\",\"name\":\"St\u00f6rungsmelder\",\"description\":\"Recherchen und Analysen \u00fcber die extreme Rechte\",\"potentialAction\":[{\"@type\":\"SearchAction\",\"target\":{\"@type\":\"EntryPoint\",\"urlTemplate\":\"https:\/\/blog.zeit.de\/stoerungsmelder\/?s={search_term_string}\"},\"query-input\":\"required name=search_term_string\"}],\"inLanguage\":\"de\"},{\"@type\":\"Person\",\"@id\":\"https:\/\/blog.zeit.de\/stoerungsmelder\/#\/schema\/person\/fdd0b9818f65738672810b6d6f037f71\",\"name\":\"St\u00f6rungsmelder\",\"image\":{\"@type\":\"ImageObject\",\"inLanguage\":\"de\",\"@id\":\"https:\/\/blog.zeit.de\/stoerungsmelder\/#\/schema\/person\/image\/\",\"url\":\"https:\/\/secure.gravatar.com\/avatar\/dfa4be514c3e82a71e4f9a0020035d38192d080ccaa5e4e6d7a1472c763535c5?s=96&d=mm&r=pg\",\"contentUrl\":\"https:\/\/secure.gravatar.com\/avatar\/dfa4be514c3e82a71e4f9a0020035d38192d080ccaa5e4e6d7a1472c763535c5?s=96&d=mm&r=pg\",\"caption\":\"St\u00f6rungsmelder\"},\"url\":\"https:\/\/blog.zeit.de\/stoerungsmelder\/author\/stoerungsmelder\"}]}<\/script>\n<!-- \/ Yoast SEO plugin. -->","yoast_head_json":{"title":"Seri\u00f6sen-Holger und die radikale Verbotsangst - St\u00f6rungsmelder","robots":{"index":"index","follow":"follow","max-snippet":"max-snippet:-1","max-image-preview":"max-image-preview:large","max-video-preview":"max-video-preview:-1"},"canonical":"https:\/\/blog.zeit.de\/stoerungsmelder\/2012\/03\/18\/seriosen-holger-und-die-radikale-verbotsangst_8265","og_locale":"de_DE","og_type":"article","og_title":"Seri\u00f6sen-Holger und die radikale Verbotsangst - St\u00f6rungsmelder","og_description":"Erst hat man kein Gl\u00fcck \u2013 und dann kommt auch noch Pech dazu. Diese alte Fu\u00dfballerweisheit fasst die bisherige Amtszeit von Holger Apfel als NPD-Chef zusammen. Endlich war Apfel am Ziel \u2013 Parteivorsitzender. Doch die NPD steckt in einer Krise, die sich durch die Erkenntnisse \u00fcber den NSU-Terror immer weiter versch\u00e4rft. Zudem erweist sich Apfels [&hellip;]","og_url":"https:\/\/blog.zeit.de\/stoerungsmelder\/2012\/03\/18\/seriosen-holger-und-die-radikale-verbotsangst_8265","og_site_name":"St\u00f6rungsmelder","article_published_time":"2012-03-18T09:40:18+00:00","og_image":[{"url":"https:\/\/blog.zeit.de\/stoerungsmelder\/files\/2011\/11\/voigt_apfel.jpg"}],"author":"St\u00f6rungsmelder","twitter_card":"summary_large_image","twitter_misc":{"Geschrieben von":"St\u00f6rungsmelder","Gesch\u00e4tzte Lesezeit":"6\u00a0Minuten"},"schema":{"@context":"https:\/\/schema.org","@graph":[{"@type":"WebPage","@id":"https:\/\/blog.zeit.de\/stoerungsmelder\/2012\/03\/18\/seriosen-holger-und-die-radikale-verbotsangst_8265","url":"https:\/\/blog.zeit.de\/stoerungsmelder\/2012\/03\/18\/seriosen-holger-und-die-radikale-verbotsangst_8265","name":"Seri\u00f6sen-Holger und die radikale Verbotsangst - St\u00f6rungsmelder","isPartOf":{"@id":"https:\/\/blog.zeit.de\/stoerungsmelder\/#website"},"datePublished":"2012-03-18T09:40:18+00:00","dateModified":"2012-03-18T09:40:18+00:00","author":{"@id":"https:\/\/blog.zeit.de\/stoerungsmelder\/#\/schema\/person\/fdd0b9818f65738672810b6d6f037f71"},"breadcrumb":{"@id":"https:\/\/blog.zeit.de\/stoerungsmelder\/2012\/03\/18\/seriosen-holger-und-die-radikale-verbotsangst_8265#breadcrumb"},"inLanguage":"de","potentialAction":[{"@type":"ReadAction","target":["https:\/\/blog.zeit.de\/stoerungsmelder\/2012\/03\/18\/seriosen-holger-und-die-radikale-verbotsangst_8265"]}]},{"@type":"BreadcrumbList","@id":"https:\/\/blog.zeit.de\/stoerungsmelder\/2012\/03\/18\/seriosen-holger-und-die-radikale-verbotsangst_8265#breadcrumb","itemListElement":[{"@type":"ListItem","position":1,"name":"Startseite","item":"https:\/\/blog.zeit.de\/stoerungsmelder"},{"@type":"ListItem","position":2,"name":"Seri\u00f6sen-Holger und die radikale Verbotsangst"}]},{"@type":"WebSite","@id":"https:\/\/blog.zeit.de\/stoerungsmelder\/#website","url":"https:\/\/blog.zeit.de\/stoerungsmelder\/","name":"St\u00f6rungsmelder","description":"Recherchen und Analysen \u00fcber die extreme Rechte","potentialAction":[{"@type":"SearchAction","target":{"@type":"EntryPoint","urlTemplate":"https:\/\/blog.zeit.de\/stoerungsmelder\/?s={search_term_string}"},"query-input":"required name=search_term_string"}],"inLanguage":"de"},{"@type":"Person","@id":"https:\/\/blog.zeit.de\/stoerungsmelder\/#\/schema\/person\/fdd0b9818f65738672810b6d6f037f71","name":"St\u00f6rungsmelder","image":{"@type":"ImageObject","inLanguage":"de","@id":"https:\/\/blog.zeit.de\/stoerungsmelder\/#\/schema\/person\/image\/","url":"https:\/\/secure.gravatar.com\/avatar\/dfa4be514c3e82a71e4f9a0020035d38192d080ccaa5e4e6d7a1472c763535c5?s=96&d=mm&r=pg","contentUrl":"https:\/\/secure.gravatar.com\/avatar\/dfa4be514c3e82a71e4f9a0020035d38192d080ccaa5e4e6d7a1472c763535c5?s=96&d=mm&r=pg","caption":"St\u00f6rungsmelder"},"url":"https:\/\/blog.zeit.de\/stoerungsmelder\/author\/stoerungsmelder"}]}},"jetpack_featured_media_url":"","jetpack_sharing_enabled":true,"_links":{"self":[{"href":"https:\/\/blog.zeit.de\/stoerungsmelder\/wp-json\/wp\/v2\/posts\/8265","targetHints":{"allow":["GET"]}}],"collection":[{"href":"https:\/\/blog.zeit.de\/stoerungsmelder\/wp-json\/wp\/v2\/posts"}],"about":[{"href":"https:\/\/blog.zeit.de\/stoerungsmelder\/wp-json\/wp\/v2\/types\/post"}],"author":[{"embeddable":true,"href":"https:\/\/blog.zeit.de\/stoerungsmelder\/wp-json\/wp\/v2\/users\/229"}],"replies":[{"embeddable":true,"href":"https:\/\/blog.zeit.de\/stoerungsmelder\/wp-json\/wp\/v2\/comments?post=8265"}],"version-history":[{"count":3,"href":"https:\/\/blog.zeit.de\/stoerungsmelder\/wp-json\/wp\/v2\/posts\/8265\/revisions"}],"predecessor-version":[{"id":8268,"href":"https:\/\/blog.zeit.de\/stoerungsmelder\/wp-json\/wp\/v2\/posts\/8265\/revisions\/8268"}],"wp:attachment":[{"href":"https:\/\/blog.zeit.de\/stoerungsmelder\/wp-json\/wp\/v2\/media?parent=8265"}],"wp:term":[{"taxonomy":"category","embeddable":true,"href":"https:\/\/blog.zeit.de\/stoerungsmelder\/wp-json\/wp\/v2\/categories?post=8265"},{"taxonomy":"post_tag","embeddable":true,"href":"https:\/\/blog.zeit.de\/stoerungsmelder\/wp-json\/wp\/v2\/tags?post=8265"}],"curies":[{"name":"wp","href":"https:\/\/api.w.org\/{rel}","templated":true}]}}