{"id":8295,"date":"2012-03-22T17:14:36","date_gmt":"2012-03-22T16:14:36","guid":{"rendered":"http:\/\/blog.zeit.de\/stoerungsmelder\/?p=8295"},"modified":"2012-03-22T17:42:44","modified_gmt":"2012-03-22T16:42:44","slug":"ver-di-jugend-startet-onlineprojekt-gegen-diskriminierung","status":"publish","type":"post","link":"https:\/\/blog.zeit.de\/stoerungsmelder\/2012\/03\/22\/ver-di-jugend-startet-onlineprojekt-gegen-diskriminierung_8295","title":{"rendered":"Ver.di-Jugend startet Onlineprojekt gegen Diskriminierung"},"content":{"rendered":"<p><a href=\"https:\/\/blog.zeit.de\/stoerungsmelder\/files\/2012\/03\/Unbenannt.jpg\"><img loading=\"lazy\" decoding=\"async\" class=\"aligncenter  wp-image-8296\" src=\"https:\/\/blog.zeit.de\/stoerungsmelder\/files\/2012\/03\/Unbenannt.jpg\" alt=\"\" width=\"540\" height=\"246\" srcset=\"https:\/\/blog.zeit.de\/stoerungsmelder\/files\/2012\/03\/Unbenannt.jpg 818w, https:\/\/blog.zeit.de\/stoerungsmelder\/files\/2012\/03\/Unbenannt-300x136.jpg 300w\" sizes=\"auto, (max-width: 540px) 100vw, 540px\" \/><\/a><\/p>\n<p>P\u00fcnktlich zum internationalen Aktionstag gegen Rassismus, hat die Ver.di-Jugend ein <a href=\"http:\/\/www.aktiv-gegen-diskriminierung.info\/\">neues Onlineportal<\/a> gelauncht. Aktiv-gegen-Diskriminierung.info soll als Austauschplattform f\u00fcr Ans\u00e4tze der Antidiskriminierungsarbeit im Alltag dienen und Engagement gegen Rechtsextremismus f\u00f6rdern.<!--more--><\/p>\n<p>&#8222;Egal ob im Betrieb, in der Berufsschule oder auf der Stra\u00dfe: diskriminierende \u00c4u\u00dferungen und Handlungsweisen k\u00f6nnen uns \u00fcberall begegnen und wir k\u00f6nnen \u00fcberall dagegen aktiv werden. Deshalb finden sich auf dem Portal zahlreiche Aktionsideen und Handlungstipps um vor Ort aktiv werden zu k\u00f6nnen&#8220;, sagt Ver.di-Jugendsekret\u00e4r Jan Duscheck. Erg\u00e4nzt werden diese von einer Initiativen- und Vereinslandkarte auf der man in jeder Region Ansprechpartner findet.<\/p>\n<p>&#8222;Die Seite lebt von eurer Mitarbeit&#8220;, hei\u00dft es auf dem Portal. Jeder kann Veranstaltungs- und Aktionsberichte oder Best-Practice-Beispiele aus der betrieblichen Arbeit einsenden, die dann ver\u00f6ffentlicht werden. Auf der Homepage stellt die Ver.di-Jugend auch ihre politischen Standpunkte als Gewerkschafter vor:<\/p>\n<p><em><strong>F\u00fcr eine offene Gesellschaft<\/strong><\/em><br \/>\n<em> Die ver.di Jugend tritt f\u00fcr ein anderes Modell von Zusammenleben ein. Wir unterteilen Menschen nicht anhand von Hautfarbe, Nationalit\u00e4t, Herkunft, Geschlecht, Lebensweise, sexueller Orientierung oder religi\u00f6ser Zugeh\u00f6rigkeit. Wir sagen ja zur Vielfalt und Offenheit. Wir wollen eine moderne, aufgekl\u00e4rte, freie Gesellschaft. Gleichberechtigt. Ohne Rassismus, Antisemitismus und rechte Gewalt. Ohne Unterdr\u00fcckung, Militarismus und Krieg. Ohne nationale \u00dcberheblichkeit, sexuelle Diskriminierung und religi\u00f6se Unterdr\u00fcckung.<\/em><\/p>\n<p><em><strong>F\u00fcr Solidarit\u00e4t statt Konkurrenz<\/strong><\/em><br \/>\n<em> F\u00fcr Arbeitgeber und Politik stehen die Interessen der Wirtschaft im Mittelpunkt \u2013 f\u00fcr uns der Mensch. Deshalb nehmen wir unsere Zukunft selbst in die Hand. Deshalb stehen wir auf gegen Nazis, Militarisierung und Diskriminierung. Deshalb k\u00e4mpfen wir f\u00fcr bessere Arbeitsbedingungen, gerechte L\u00f6hne und ein menschenw\u00fcrdiges Leben. Wir wissen, wir sind nur gemeinsam stark und k\u00f6nnen nur solidarisch unsere Interessen durchsetzen. Es klingt utopisch? Wir denken, es lohnt sich!<\/em><\/p>\n<p><em><strong>F\u00fcr weltweite Menschenrechte<\/strong><\/em><br \/>\n<em> Wir k\u00e4mpfen international gegen Ausbeutung und Unterdr\u00fcckung. Ob Kinder im Iran Teppiche kn\u00fcpfen, ob Sportschuhhersteller in Indonesien Schwangere entlassen oder in El Salvador 16-Stunden-Tage die Regel sind: In den Entwicklungsl\u00e4ndern bestimmen die Konzerne aus den Industriel\u00e4ndern. Sie diktieren Hungerl\u00f6hne und menschenverachtende Arbeitsbedingungen. Deshalb stehen wir Seite an Seite mit all jenen, die gegen die Konzerne f\u00fcr ihre Rechte k\u00e4mpfen. Denn als Teil der weltweiten Gewerkschaftsbewegung ist ver.di international organisiert. Gemeinsam k\u00e4mpfen wir gegen Armut, Ausbeutung und wirtschaftliche Versklavung. F\u00fcr Menschenrechte und faire Arbeitsbedingungen. Hier und in aller Welt.<\/em><\/p>\n","protected":false},"excerpt":{"rendered":"<p>P\u00fcnktlich zum internationalen Aktionstag gegen Rassismus, hat die Ver.di-Jugend ein neues Onlineportal gelauncht. Aktiv-gegen-Diskriminierung.info soll als Austauschplattform f\u00fcr Ans\u00e4tze der Antidiskriminierungsarbeit im Alltag dienen und Engagement gegen Rechtsextremismus f\u00f6rdern.<\/p>\n","protected":false},"author":229,"featured_media":0,"comment_status":"open","ping_status":"open","sticky":false,"template":"","format":"standard","meta":{"_jetpack_memberships_contains_paid_content":false,"footnotes":""},"categories":[1515],"tags":[],"class_list":["post-8295","post","type-post","status-publish","format-standard","hentry","category-bundesweit"],"yoast_head":"<!-- This site is optimized with the Yoast SEO plugin v21.0 - https:\/\/yoast.com\/wordpress\/plugins\/seo\/ -->\n<title>Ver.di-Jugend startet Onlineprojekt gegen Diskriminierung - St\u00f6rungsmelder<\/title>\n<meta name=\"robots\" content=\"index, follow, max-snippet:-1, max-image-preview:large, max-video-preview:-1\" \/>\n<link rel=\"canonical\" href=\"https:\/\/blog.zeit.de\/stoerungsmelder\/2012\/03\/22\/ver-di-jugend-startet-onlineprojekt-gegen-diskriminierung_8295\" \/>\n<meta property=\"og:locale\" content=\"de_DE\" \/>\n<meta property=\"og:type\" content=\"article\" \/>\n<meta property=\"og:title\" content=\"Ver.di-Jugend startet Onlineprojekt gegen Diskriminierung - St\u00f6rungsmelder\" \/>\n<meta property=\"og:description\" content=\"P\u00fcnktlich zum internationalen Aktionstag gegen Rassismus, hat die Ver.di-Jugend ein neues Onlineportal gelauncht. Aktiv-gegen-Diskriminierung.info soll als Austauschplattform f\u00fcr Ans\u00e4tze der Antidiskriminierungsarbeit im Alltag dienen und Engagement gegen Rechtsextremismus f\u00f6rdern.\" \/>\n<meta property=\"og:url\" content=\"https:\/\/blog.zeit.de\/stoerungsmelder\/2012\/03\/22\/ver-di-jugend-startet-onlineprojekt-gegen-diskriminierung_8295\" \/>\n<meta property=\"og:site_name\" content=\"St\u00f6rungsmelder\" \/>\n<meta property=\"article:published_time\" content=\"2012-03-22T16:14:36+00:00\" \/>\n<meta property=\"article:modified_time\" content=\"2012-03-22T16:42:44+00:00\" \/>\n<meta property=\"og:image\" content=\"https:\/\/blog.zeit.de\/stoerungsmelder\/files\/2012\/03\/Unbenannt.jpg\" \/>\n<meta name=\"author\" content=\"St\u00f6rungsmelder\" \/>\n<meta name=\"twitter:card\" content=\"summary_large_image\" \/>\n<meta name=\"twitter:label1\" content=\"Geschrieben von\" \/>\n\t<meta name=\"twitter:data1\" content=\"St\u00f6rungsmelder\" \/>\n\t<meta name=\"twitter:label2\" content=\"Gesch\u00e4tzte Lesezeit\" \/>\n\t<meta name=\"twitter:data2\" content=\"2\u00a0Minuten\" \/>\n<script type=\"application\/ld+json\" class=\"yoast-schema-graph\">{\"@context\":\"https:\/\/schema.org\",\"@graph\":[{\"@type\":\"WebPage\",\"@id\":\"https:\/\/blog.zeit.de\/stoerungsmelder\/2012\/03\/22\/ver-di-jugend-startet-onlineprojekt-gegen-diskriminierung_8295\",\"url\":\"https:\/\/blog.zeit.de\/stoerungsmelder\/2012\/03\/22\/ver-di-jugend-startet-onlineprojekt-gegen-diskriminierung_8295\",\"name\":\"Ver.di-Jugend startet Onlineprojekt gegen Diskriminierung - St\u00f6rungsmelder\",\"isPartOf\":{\"@id\":\"https:\/\/blog.zeit.de\/stoerungsmelder\/#website\"},\"datePublished\":\"2012-03-22T16:14:36+00:00\",\"dateModified\":\"2012-03-22T16:42:44+00:00\",\"author\":{\"@id\":\"https:\/\/blog.zeit.de\/stoerungsmelder\/#\/schema\/person\/fdd0b9818f65738672810b6d6f037f71\"},\"breadcrumb\":{\"@id\":\"https:\/\/blog.zeit.de\/stoerungsmelder\/2012\/03\/22\/ver-di-jugend-startet-onlineprojekt-gegen-diskriminierung_8295#breadcrumb\"},\"inLanguage\":\"de\",\"potentialAction\":[{\"@type\":\"ReadAction\",\"target\":[\"https:\/\/blog.zeit.de\/stoerungsmelder\/2012\/03\/22\/ver-di-jugend-startet-onlineprojekt-gegen-diskriminierung_8295\"]}]},{\"@type\":\"BreadcrumbList\",\"@id\":\"https:\/\/blog.zeit.de\/stoerungsmelder\/2012\/03\/22\/ver-di-jugend-startet-onlineprojekt-gegen-diskriminierung_8295#breadcrumb\",\"itemListElement\":[{\"@type\":\"ListItem\",\"position\":1,\"name\":\"Startseite\",\"item\":\"https:\/\/blog.zeit.de\/stoerungsmelder\"},{\"@type\":\"ListItem\",\"position\":2,\"name\":\"Ver.di-Jugend startet Onlineprojekt gegen Diskriminierung\"}]},{\"@type\":\"WebSite\",\"@id\":\"https:\/\/blog.zeit.de\/stoerungsmelder\/#website\",\"url\":\"https:\/\/blog.zeit.de\/stoerungsmelder\/\",\"name\":\"St\u00f6rungsmelder\",\"description\":\"Recherchen und Analysen \u00fcber die extreme Rechte\",\"potentialAction\":[{\"@type\":\"SearchAction\",\"target\":{\"@type\":\"EntryPoint\",\"urlTemplate\":\"https:\/\/blog.zeit.de\/stoerungsmelder\/?s={search_term_string}\"},\"query-input\":\"required name=search_term_string\"}],\"inLanguage\":\"de\"},{\"@type\":\"Person\",\"@id\":\"https:\/\/blog.zeit.de\/stoerungsmelder\/#\/schema\/person\/fdd0b9818f65738672810b6d6f037f71\",\"name\":\"St\u00f6rungsmelder\",\"image\":{\"@type\":\"ImageObject\",\"inLanguage\":\"de\",\"@id\":\"https:\/\/blog.zeit.de\/stoerungsmelder\/#\/schema\/person\/image\/\",\"url\":\"https:\/\/secure.gravatar.com\/avatar\/dfa4be514c3e82a71e4f9a0020035d38192d080ccaa5e4e6d7a1472c763535c5?s=96&d=mm&r=pg\",\"contentUrl\":\"https:\/\/secure.gravatar.com\/avatar\/dfa4be514c3e82a71e4f9a0020035d38192d080ccaa5e4e6d7a1472c763535c5?s=96&d=mm&r=pg\",\"caption\":\"St\u00f6rungsmelder\"},\"url\":\"https:\/\/blog.zeit.de\/stoerungsmelder\/author\/stoerungsmelder\"}]}<\/script>\n<!-- \/ Yoast SEO plugin. -->","yoast_head_json":{"title":"Ver.di-Jugend startet Onlineprojekt gegen Diskriminierung - St\u00f6rungsmelder","robots":{"index":"index","follow":"follow","max-snippet":"max-snippet:-1","max-image-preview":"max-image-preview:large","max-video-preview":"max-video-preview:-1"},"canonical":"https:\/\/blog.zeit.de\/stoerungsmelder\/2012\/03\/22\/ver-di-jugend-startet-onlineprojekt-gegen-diskriminierung_8295","og_locale":"de_DE","og_type":"article","og_title":"Ver.di-Jugend startet Onlineprojekt gegen Diskriminierung - St\u00f6rungsmelder","og_description":"P\u00fcnktlich zum internationalen Aktionstag gegen Rassismus, hat die Ver.di-Jugend ein neues Onlineportal gelauncht. Aktiv-gegen-Diskriminierung.info soll als Austauschplattform f\u00fcr Ans\u00e4tze der Antidiskriminierungsarbeit im Alltag dienen und Engagement gegen Rechtsextremismus f\u00f6rdern.","og_url":"https:\/\/blog.zeit.de\/stoerungsmelder\/2012\/03\/22\/ver-di-jugend-startet-onlineprojekt-gegen-diskriminierung_8295","og_site_name":"St\u00f6rungsmelder","article_published_time":"2012-03-22T16:14:36+00:00","article_modified_time":"2012-03-22T16:42:44+00:00","og_image":[{"url":"https:\/\/blog.zeit.de\/stoerungsmelder\/files\/2012\/03\/Unbenannt.jpg"}],"author":"St\u00f6rungsmelder","twitter_card":"summary_large_image","twitter_misc":{"Geschrieben von":"St\u00f6rungsmelder","Gesch\u00e4tzte Lesezeit":"2\u00a0Minuten"},"schema":{"@context":"https:\/\/schema.org","@graph":[{"@type":"WebPage","@id":"https:\/\/blog.zeit.de\/stoerungsmelder\/2012\/03\/22\/ver-di-jugend-startet-onlineprojekt-gegen-diskriminierung_8295","url":"https:\/\/blog.zeit.de\/stoerungsmelder\/2012\/03\/22\/ver-di-jugend-startet-onlineprojekt-gegen-diskriminierung_8295","name":"Ver.di-Jugend startet Onlineprojekt gegen Diskriminierung - St\u00f6rungsmelder","isPartOf":{"@id":"https:\/\/blog.zeit.de\/stoerungsmelder\/#website"},"datePublished":"2012-03-22T16:14:36+00:00","dateModified":"2012-03-22T16:42:44+00:00","author":{"@id":"https:\/\/blog.zeit.de\/stoerungsmelder\/#\/schema\/person\/fdd0b9818f65738672810b6d6f037f71"},"breadcrumb":{"@id":"https:\/\/blog.zeit.de\/stoerungsmelder\/2012\/03\/22\/ver-di-jugend-startet-onlineprojekt-gegen-diskriminierung_8295#breadcrumb"},"inLanguage":"de","potentialAction":[{"@type":"ReadAction","target":["https:\/\/blog.zeit.de\/stoerungsmelder\/2012\/03\/22\/ver-di-jugend-startet-onlineprojekt-gegen-diskriminierung_8295"]}]},{"@type":"BreadcrumbList","@id":"https:\/\/blog.zeit.de\/stoerungsmelder\/2012\/03\/22\/ver-di-jugend-startet-onlineprojekt-gegen-diskriminierung_8295#breadcrumb","itemListElement":[{"@type":"ListItem","position":1,"name":"Startseite","item":"https:\/\/blog.zeit.de\/stoerungsmelder"},{"@type":"ListItem","position":2,"name":"Ver.di-Jugend startet Onlineprojekt gegen Diskriminierung"}]},{"@type":"WebSite","@id":"https:\/\/blog.zeit.de\/stoerungsmelder\/#website","url":"https:\/\/blog.zeit.de\/stoerungsmelder\/","name":"St\u00f6rungsmelder","description":"Recherchen und Analysen \u00fcber die extreme Rechte","potentialAction":[{"@type":"SearchAction","target":{"@type":"EntryPoint","urlTemplate":"https:\/\/blog.zeit.de\/stoerungsmelder\/?s={search_term_string}"},"query-input":"required name=search_term_string"}],"inLanguage":"de"},{"@type":"Person","@id":"https:\/\/blog.zeit.de\/stoerungsmelder\/#\/schema\/person\/fdd0b9818f65738672810b6d6f037f71","name":"St\u00f6rungsmelder","image":{"@type":"ImageObject","inLanguage":"de","@id":"https:\/\/blog.zeit.de\/stoerungsmelder\/#\/schema\/person\/image\/","url":"https:\/\/secure.gravatar.com\/avatar\/dfa4be514c3e82a71e4f9a0020035d38192d080ccaa5e4e6d7a1472c763535c5?s=96&d=mm&r=pg","contentUrl":"https:\/\/secure.gravatar.com\/avatar\/dfa4be514c3e82a71e4f9a0020035d38192d080ccaa5e4e6d7a1472c763535c5?s=96&d=mm&r=pg","caption":"St\u00f6rungsmelder"},"url":"https:\/\/blog.zeit.de\/stoerungsmelder\/author\/stoerungsmelder"}]}},"jetpack_featured_media_url":"","jetpack_sharing_enabled":true,"_links":{"self":[{"href":"https:\/\/blog.zeit.de\/stoerungsmelder\/wp-json\/wp\/v2\/posts\/8295","targetHints":{"allow":["GET"]}}],"collection":[{"href":"https:\/\/blog.zeit.de\/stoerungsmelder\/wp-json\/wp\/v2\/posts"}],"about":[{"href":"https:\/\/blog.zeit.de\/stoerungsmelder\/wp-json\/wp\/v2\/types\/post"}],"author":[{"embeddable":true,"href":"https:\/\/blog.zeit.de\/stoerungsmelder\/wp-json\/wp\/v2\/users\/229"}],"replies":[{"embeddable":true,"href":"https:\/\/blog.zeit.de\/stoerungsmelder\/wp-json\/wp\/v2\/comments?post=8295"}],"version-history":[{"count":8,"href":"https:\/\/blog.zeit.de\/stoerungsmelder\/wp-json\/wp\/v2\/posts\/8295\/revisions"}],"predecessor-version":[{"id":8302,"href":"https:\/\/blog.zeit.de\/stoerungsmelder\/wp-json\/wp\/v2\/posts\/8295\/revisions\/8302"}],"wp:attachment":[{"href":"https:\/\/blog.zeit.de\/stoerungsmelder\/wp-json\/wp\/v2\/media?parent=8295"}],"wp:term":[{"taxonomy":"category","embeddable":true,"href":"https:\/\/blog.zeit.de\/stoerungsmelder\/wp-json\/wp\/v2\/categories?post=8295"},{"taxonomy":"post_tag","embeddable":true,"href":"https:\/\/blog.zeit.de\/stoerungsmelder\/wp-json\/wp\/v2\/tags?post=8295"}],"curies":[{"name":"wp","href":"https:\/\/api.w.org\/{rel}","templated":true}]}}