{"id":8306,"date":"2012-03-23T09:30:10","date_gmt":"2012-03-23T08:30:10","guid":{"rendered":"http:\/\/blog.zeit.de\/stoerungsmelder\/?p=8306"},"modified":"2017-07-08T16:36:08","modified_gmt":"2017-07-08T14:36:08","slug":"offentliches-hearing-zu-rassismus-und-den-morden-des-nsu","status":"publish","type":"post","link":"https:\/\/blog.zeit.de\/stoerungsmelder\/2012\/03\/23\/offentliches-hearing-zu-rassismus-und-den-morden-des-nsu_8306","title":{"rendered":"\u00d6ffentliches Hearing zu Rassismus und den Morden des NSU"},"content":{"rendered":"<p><figure id=\"attachment_7478\" aria-describedby=\"caption-attachment-7478\" style=\"width: 540px\" class=\"wp-caption aligncenter\"><a href=\"https:\/\/blog.zeit.de\/stoerungsmelder\/files\/2011\/11\/Zwickau-540x304.jpg\"><img loading=\"lazy\" decoding=\"async\" class=\"size-full wp-image-7478\" src=\"https:\/\/blog.zeit.de\/stoerungsmelder\/files\/2011\/11\/Zwickau-540x304.jpg\" alt=\"\" width=\"540\" height=\"304\" srcset=\"https:\/\/blog.zeit.de\/stoerungsmelder\/files\/2011\/11\/Zwickau-540x304.jpg 540w, https:\/\/blog.zeit.de\/stoerungsmelder\/files\/2011\/11\/Zwickau-540x304-300x168.jpg 300w\" sizes=\"auto, (max-width: 540px) 100vw, 540px\" \/><\/a><figcaption id=\"caption-attachment-7478\" class=\"wp-caption-text\">Spurensuche am Haus der Rechtsterroristen in Zwickau - bis heute bleib vieles unklar  \u00a9 Jan Woitas\/dpa<\/figcaption><\/figure><\/p>\n<p>Bald ist es ein halbes Jahr her, dass sich die neonazistische sogenannte &#8222;Zwickauer Terrorzelle&#8220; Anfang November 2011 selbst enttarnte. Das \u00f6ffentliche und mediale Entsetzen \u00fcber die rassistischen Morde war gro\u00df, ebenso die Emp\u00f6rung \u00fcber die skandal\u00f6se und undurchsichtige Rolle staatlicher Sicherheits- und Geheimdienste. Das zivilgesellschaftliche B\u00fcndnis \u201eSchweigen und Verschweigen &#8211; Rassismus, NSU und die Stille im Land\u201c plant jetzt f\u00fcr den 14. April eine Veranstaltung, um die Untersuchungen kritisch zu begleiten.<!--more--><\/p>\n<p><em>Der St\u00f6rungsmelder dokumentiert die Einladung zu der Veranstaltung:<\/em><\/p>\n<p>Als Reaktion auf die rassistisch motivierte Mordserie des &#8222;Nationalsozialistischen Untergrunds&#8220; (NSU) und seines Netzwerks wurden Untersuchungsaussch\u00fcsse eingerichtet, die die Hintergr\u00fcnde aufdecken und die Rolle staatlicher Institutionen wie Verfassungsschutz und polizeilicher Ermittlungen aufkl\u00e4ren sollen.<\/p>\n<p>Es zeichnet sich bereits jetzt ab, dass eine transparente Aufkl\u00e4rung der rassistisch motivierten Mordserie des NSU und des staatlichen Versagens nur dann stattfinden wird, wenn die parlamentarischen Untersuchungsaussch\u00fcsse und alle anderen staatlichen Kontrollgremien massiv von einer kritischen \u00d6ffentlichkeit begleitet wird: durch die Betroffenen und diejenigen, die sich seit langem intensiv mit Rechtsextremismus und Rassismus auseinandersetzen. Ihnen und all denjenigen, die die staatliche Aufkl\u00e4rung kritisch begleiten wollen, bietet dieses Hearing das notwendige Forum.<\/p>\n<p>Das Hearing wird eingeleitet mit einem Beitrag des Publizisten Imran Ayata (Berlin). Anschlie\u00dfend folgen drei Panels:<\/p>\n<ul>\n<li>\u201eEine Frage des Respekts: Zum Umgang staatlicher Institutionen, Medien und Gesellschaft mit den NSU-Mordopfern, den Hinterbliebenen und den Verletzten.\u201c<\/li>\n<li>\u201eBewaffneter Rechtsextremismus: Kontinuit\u00e4ten, Milieus und staatliches Versagen.\u201c<\/li>\n<li>\u201eGrenzen und Chancen parlamentarischer und au\u00dferparlamentarischer Aufkl\u00e4rungsinstrumente: Erfahrungen aus Deutschland und Gro\u00dfbritannien\u201c<\/li>\n<\/ul>\n<p>u.a. mit: Imran Ayata (Autor\/Berlin), Kutlu Yurtseven (ehemals Keupstra\u00dfe\/K\u00f6ln), Antifaschistisches Pressearchiv- und Bildungszentrum e.V. (Berlin), David Begrich (Miteinander e.V., Sachsen-Anhalt) und Wolfgang Kaleck (European Center for Constitutional and Human Rights\/ECCHR\/Berlin).<\/p>\n<p>Es wurde aber auch deutlich, dass die Sicherheitsbeh\u00f6rden die vielfach ge\u00e4u\u00dferten Hinweise der Hinterbliebenen auf einen rassistisch-faschistischen Hintergrund der Morde ignorierten und ihnen nicht nachgingen. Im Gegenteil wurden die Angeh\u00f6rigen in der Regel ins Zentrum der Ermittlungen gestellt und damit rassistisch stigmatisiert. Solidarit\u00e4t gab es entsprechend nicht. Nicht von PolitikerInnen. Nicht von zivilgesellschaftlichen Gruppen und auch nicht von antifaschistischen Gruppen.<\/p>\n<p>Trotz einer Demonstration im Mai 2006 mit zweitausend Menschen vorwiegend deutsch-t\u00fcrkischer Herkunft in Kassel, auf der die TeilnehmerInnen unter dem Banner \u201eKein 10. Opfer!\u201c Alarm schlugen und einem Schweigemarsch einen Monat sp\u00e4ter in Dortmund, blieben gesellschaftliches Interesse und Unterst\u00fctzung f\u00fcr die Angeh\u00f6rigen aus.<\/p>\n<p>Seit Beginn der Mordserie haben die Angeh\u00f6rigen eine schonungslose und transparente Aufkl\u00e4rung aller Aspekte, die die Morde erm\u00f6glicht haben, gefordert. Nun sind seit der Selbstenttarnung des Kerns der NSU im November 2011 drei parlamentarische Untersuchungsaussch\u00fcsse auf Bundes- und L\u00e4nderebene installiert worden. Doch die allermeisten Fragen sind noch immer unbeantwortet: Wie tief reichte die skandal\u00f6sen Verwicklung der Sicherheitsbeh\u00f6rden? Welche personellen Konsequenzen wurden aus dem beispiellosen Versagen der Sicherheits- und Geheimdienste gezogen? Welche Auswirkungen hatten die einseitigen Ermittlungen f\u00fcr die Angeh\u00f6rigen und die Verletzten? Warum gab es trotz allen Wissens \u00fcber die bewaffneten neonazistischen Strukturen in Deutschland keine ad\u00e4quate staatliche Reaktion darauf? Warum ist das Ausma\u00df an zivilgesellschaftlicher Solidarit\u00e4t mit den Betroffenen so gering? Wie kann Zivilgesellschaft die parlamentarischen Untersuchungsaussch\u00fcsse effektiv begleiten? Oder sind Alternativen notwendig?<\/p>\n<p><strong>All diese Fragen und Aspekte wollen wir beim Hearing mit den ReferentInnen und Ihnen und Euch diskutieren.<\/strong><\/p>\n<p><strong>Samstag, 14.4., 11:00 Uhr<\/strong><br \/>\n<strong> Akademie der K\u00fcnste, Pariser Platz 4, 10117 Berlin<\/strong><\/p>\n<p><strong>Ab Ende M\u00e4rz findet finden sich Details zum Hearing-Programm sowie ein Online-Anmeldeformular auf <a href=\"http:\/\/www.buendnis-gegen-das-schweigen.de\">www.buendnis-gegen-das-schweigen.de<\/a>.<\/strong><\/p>\n<p>Im B\u00fcndnis aktiv sind u.a.:<\/p>\n<p>Aktion S\u00fchnezeichen Friedensdienste e.V., Amadeu Antonio Stiftung, Antifaschistisches Pressearchiv- und Bildungszentrum e.V., B\u00dcNDNIS 90\/DIE GR\u00dcNEN, Bundesarbeitsgemeinschaft Kirche und Rechtsextremismus, DIE LINKE, Forschungsnetzwerk Frauen und Rechtsextremismus, Gruppe Was nun?, Kulturb\u00fcro Sachsen e.V., Mobile Beratung f\u00fcr Opfer rechter Gewalt in Sachsen-Anhalt, Verein f\u00fcr demokratische Kultur in Berlin e.V., Rosa-Luxemburg-Stiftung, Republikanischer Anw\u00e4ltinnen- und Anw\u00e4lteverein, sowie Einzelpersonen.<\/p>\n","protected":false},"excerpt":{"rendered":"<p>Bald ist es ein halbes Jahr her, dass sich die neonazistische sogenannte &#8222;Zwickauer Terrorzelle&#8220; Anfang November 2011 selbst enttarnte. Das \u00f6ffentliche und mediale Entsetzen \u00fcber die rassistischen Morde war gro\u00df, ebenso die Emp\u00f6rung \u00fcber die skandal\u00f6se und undurchsichtige Rolle staatlicher Sicherheits- und Geheimdienste. Das zivilgesellschaftliche B\u00fcndnis \u201eSchweigen und Verschweigen &#8211; Rassismus, NSU und die Stille [&hellip;]<\/p>\n","protected":false},"author":229,"featured_media":0,"comment_status":"open","ping_status":"open","sticky":false,"template":"","format":"standard","meta":{"_jetpack_memberships_contains_paid_content":false,"footnotes":""},"categories":[249,1515],"tags":[12752,97,12739],"class_list":["post-8306","post","type-post","status-publish","format-standard","hentry","category-berlin","category-bundesweit","tag-nsu","tag-rassismus","tag-rechtsterrorismus"],"yoast_head":"<!-- This site is optimized with the Yoast SEO plugin v21.0 - https:\/\/yoast.com\/wordpress\/plugins\/seo\/ -->\n<title>\u00d6ffentliches Hearing zu Rassismus und den Morden des NSU - St\u00f6rungsmelder<\/title>\n<meta name=\"robots\" content=\"index, follow, max-snippet:-1, max-image-preview:large, max-video-preview:-1\" \/>\n<link rel=\"canonical\" href=\"https:\/\/blog.zeit.de\/stoerungsmelder\/2012\/03\/23\/offentliches-hearing-zu-rassismus-und-den-morden-des-nsu_8306\" \/>\n<meta property=\"og:locale\" content=\"de_DE\" \/>\n<meta property=\"og:type\" content=\"article\" \/>\n<meta property=\"og:title\" content=\"\u00d6ffentliches Hearing zu Rassismus und den Morden des NSU - St\u00f6rungsmelder\" \/>\n<meta property=\"og:description\" content=\"Bald ist es ein halbes Jahr her, dass sich die neonazistische sogenannte &#8222;Zwickauer Terrorzelle&#8220; Anfang November 2011 selbst enttarnte. Das \u00f6ffentliche und mediale Entsetzen \u00fcber die rassistischen Morde war gro\u00df, ebenso die Emp\u00f6rung \u00fcber die skandal\u00f6se und undurchsichtige Rolle staatlicher Sicherheits- und Geheimdienste. Das zivilgesellschaftliche B\u00fcndnis \u201eSchweigen und Verschweigen &#8211; Rassismus, NSU und die Stille [&hellip;]\" \/>\n<meta property=\"og:url\" content=\"https:\/\/blog.zeit.de\/stoerungsmelder\/2012\/03\/23\/offentliches-hearing-zu-rassismus-und-den-morden-des-nsu_8306\" \/>\n<meta property=\"og:site_name\" content=\"St\u00f6rungsmelder\" \/>\n<meta property=\"article:published_time\" content=\"2012-03-23T08:30:10+00:00\" \/>\n<meta property=\"article:modified_time\" content=\"2017-07-08T14:36:08+00:00\" \/>\n<meta property=\"og:image\" content=\"https:\/\/blog.zeit.de\/stoerungsmelder\/files\/2011\/11\/Zwickau-540x304.jpg\" \/>\n<meta name=\"author\" content=\"St\u00f6rungsmelder\" \/>\n<meta name=\"twitter:card\" content=\"summary_large_image\" \/>\n<meta name=\"twitter:label1\" content=\"Geschrieben von\" \/>\n\t<meta name=\"twitter:data1\" content=\"St\u00f6rungsmelder\" \/>\n\t<meta name=\"twitter:label2\" content=\"Gesch\u00e4tzte Lesezeit\" \/>\n\t<meta name=\"twitter:data2\" content=\"3\u00a0Minuten\" \/>\n<script type=\"application\/ld+json\" class=\"yoast-schema-graph\">{\"@context\":\"https:\/\/schema.org\",\"@graph\":[{\"@type\":\"WebPage\",\"@id\":\"https:\/\/blog.zeit.de\/stoerungsmelder\/2012\/03\/23\/offentliches-hearing-zu-rassismus-und-den-morden-des-nsu_8306\",\"url\":\"https:\/\/blog.zeit.de\/stoerungsmelder\/2012\/03\/23\/offentliches-hearing-zu-rassismus-und-den-morden-des-nsu_8306\",\"name\":\"\u00d6ffentliches Hearing zu Rassismus und den Morden des NSU - St\u00f6rungsmelder\",\"isPartOf\":{\"@id\":\"https:\/\/blog.zeit.de\/stoerungsmelder\/#website\"},\"datePublished\":\"2012-03-23T08:30:10+00:00\",\"dateModified\":\"2017-07-08T14:36:08+00:00\",\"author\":{\"@id\":\"https:\/\/blog.zeit.de\/stoerungsmelder\/#\/schema\/person\/fdd0b9818f65738672810b6d6f037f71\"},\"breadcrumb\":{\"@id\":\"https:\/\/blog.zeit.de\/stoerungsmelder\/2012\/03\/23\/offentliches-hearing-zu-rassismus-und-den-morden-des-nsu_8306#breadcrumb\"},\"inLanguage\":\"de\",\"potentialAction\":[{\"@type\":\"ReadAction\",\"target\":[\"https:\/\/blog.zeit.de\/stoerungsmelder\/2012\/03\/23\/offentliches-hearing-zu-rassismus-und-den-morden-des-nsu_8306\"]}]},{\"@type\":\"BreadcrumbList\",\"@id\":\"https:\/\/blog.zeit.de\/stoerungsmelder\/2012\/03\/23\/offentliches-hearing-zu-rassismus-und-den-morden-des-nsu_8306#breadcrumb\",\"itemListElement\":[{\"@type\":\"ListItem\",\"position\":1,\"name\":\"Startseite\",\"item\":\"https:\/\/blog.zeit.de\/stoerungsmelder\"},{\"@type\":\"ListItem\",\"position\":2,\"name\":\"\u00d6ffentliches Hearing zu Rassismus und den Morden des NSU\"}]},{\"@type\":\"WebSite\",\"@id\":\"https:\/\/blog.zeit.de\/stoerungsmelder\/#website\",\"url\":\"https:\/\/blog.zeit.de\/stoerungsmelder\/\",\"name\":\"St\u00f6rungsmelder\",\"description\":\"Recherchen und Analysen \u00fcber die extreme Rechte\",\"potentialAction\":[{\"@type\":\"SearchAction\",\"target\":{\"@type\":\"EntryPoint\",\"urlTemplate\":\"https:\/\/blog.zeit.de\/stoerungsmelder\/?s={search_term_string}\"},\"query-input\":\"required name=search_term_string\"}],\"inLanguage\":\"de\"},{\"@type\":\"Person\",\"@id\":\"https:\/\/blog.zeit.de\/stoerungsmelder\/#\/schema\/person\/fdd0b9818f65738672810b6d6f037f71\",\"name\":\"St\u00f6rungsmelder\",\"image\":{\"@type\":\"ImageObject\",\"inLanguage\":\"de\",\"@id\":\"https:\/\/blog.zeit.de\/stoerungsmelder\/#\/schema\/person\/image\/\",\"url\":\"https:\/\/secure.gravatar.com\/avatar\/dfa4be514c3e82a71e4f9a0020035d38192d080ccaa5e4e6d7a1472c763535c5?s=96&d=mm&r=pg\",\"contentUrl\":\"https:\/\/secure.gravatar.com\/avatar\/dfa4be514c3e82a71e4f9a0020035d38192d080ccaa5e4e6d7a1472c763535c5?s=96&d=mm&r=pg\",\"caption\":\"St\u00f6rungsmelder\"},\"url\":\"https:\/\/blog.zeit.de\/stoerungsmelder\/author\/stoerungsmelder\"}]}<\/script>\n<!-- \/ Yoast SEO plugin. -->","yoast_head_json":{"title":"\u00d6ffentliches Hearing zu Rassismus und den Morden des NSU - St\u00f6rungsmelder","robots":{"index":"index","follow":"follow","max-snippet":"max-snippet:-1","max-image-preview":"max-image-preview:large","max-video-preview":"max-video-preview:-1"},"canonical":"https:\/\/blog.zeit.de\/stoerungsmelder\/2012\/03\/23\/offentliches-hearing-zu-rassismus-und-den-morden-des-nsu_8306","og_locale":"de_DE","og_type":"article","og_title":"\u00d6ffentliches Hearing zu Rassismus und den Morden des NSU - St\u00f6rungsmelder","og_description":"Bald ist es ein halbes Jahr her, dass sich die neonazistische sogenannte &#8222;Zwickauer Terrorzelle&#8220; Anfang November 2011 selbst enttarnte. Das \u00f6ffentliche und mediale Entsetzen \u00fcber die rassistischen Morde war gro\u00df, ebenso die Emp\u00f6rung \u00fcber die skandal\u00f6se und undurchsichtige Rolle staatlicher Sicherheits- und Geheimdienste. Das zivilgesellschaftliche B\u00fcndnis \u201eSchweigen und Verschweigen &#8211; Rassismus, NSU und die Stille [&hellip;]","og_url":"https:\/\/blog.zeit.de\/stoerungsmelder\/2012\/03\/23\/offentliches-hearing-zu-rassismus-und-den-morden-des-nsu_8306","og_site_name":"St\u00f6rungsmelder","article_published_time":"2012-03-23T08:30:10+00:00","article_modified_time":"2017-07-08T14:36:08+00:00","og_image":[{"url":"https:\/\/blog.zeit.de\/stoerungsmelder\/files\/2011\/11\/Zwickau-540x304.jpg"}],"author":"St\u00f6rungsmelder","twitter_card":"summary_large_image","twitter_misc":{"Geschrieben von":"St\u00f6rungsmelder","Gesch\u00e4tzte Lesezeit":"3\u00a0Minuten"},"schema":{"@context":"https:\/\/schema.org","@graph":[{"@type":"WebPage","@id":"https:\/\/blog.zeit.de\/stoerungsmelder\/2012\/03\/23\/offentliches-hearing-zu-rassismus-und-den-morden-des-nsu_8306","url":"https:\/\/blog.zeit.de\/stoerungsmelder\/2012\/03\/23\/offentliches-hearing-zu-rassismus-und-den-morden-des-nsu_8306","name":"\u00d6ffentliches Hearing zu Rassismus und den Morden des NSU - St\u00f6rungsmelder","isPartOf":{"@id":"https:\/\/blog.zeit.de\/stoerungsmelder\/#website"},"datePublished":"2012-03-23T08:30:10+00:00","dateModified":"2017-07-08T14:36:08+00:00","author":{"@id":"https:\/\/blog.zeit.de\/stoerungsmelder\/#\/schema\/person\/fdd0b9818f65738672810b6d6f037f71"},"breadcrumb":{"@id":"https:\/\/blog.zeit.de\/stoerungsmelder\/2012\/03\/23\/offentliches-hearing-zu-rassismus-und-den-morden-des-nsu_8306#breadcrumb"},"inLanguage":"de","potentialAction":[{"@type":"ReadAction","target":["https:\/\/blog.zeit.de\/stoerungsmelder\/2012\/03\/23\/offentliches-hearing-zu-rassismus-und-den-morden-des-nsu_8306"]}]},{"@type":"BreadcrumbList","@id":"https:\/\/blog.zeit.de\/stoerungsmelder\/2012\/03\/23\/offentliches-hearing-zu-rassismus-und-den-morden-des-nsu_8306#breadcrumb","itemListElement":[{"@type":"ListItem","position":1,"name":"Startseite","item":"https:\/\/blog.zeit.de\/stoerungsmelder"},{"@type":"ListItem","position":2,"name":"\u00d6ffentliches Hearing zu Rassismus und den Morden des NSU"}]},{"@type":"WebSite","@id":"https:\/\/blog.zeit.de\/stoerungsmelder\/#website","url":"https:\/\/blog.zeit.de\/stoerungsmelder\/","name":"St\u00f6rungsmelder","description":"Recherchen und Analysen \u00fcber die extreme Rechte","potentialAction":[{"@type":"SearchAction","target":{"@type":"EntryPoint","urlTemplate":"https:\/\/blog.zeit.de\/stoerungsmelder\/?s={search_term_string}"},"query-input":"required name=search_term_string"}],"inLanguage":"de"},{"@type":"Person","@id":"https:\/\/blog.zeit.de\/stoerungsmelder\/#\/schema\/person\/fdd0b9818f65738672810b6d6f037f71","name":"St\u00f6rungsmelder","image":{"@type":"ImageObject","inLanguage":"de","@id":"https:\/\/blog.zeit.de\/stoerungsmelder\/#\/schema\/person\/image\/","url":"https:\/\/secure.gravatar.com\/avatar\/dfa4be514c3e82a71e4f9a0020035d38192d080ccaa5e4e6d7a1472c763535c5?s=96&d=mm&r=pg","contentUrl":"https:\/\/secure.gravatar.com\/avatar\/dfa4be514c3e82a71e4f9a0020035d38192d080ccaa5e4e6d7a1472c763535c5?s=96&d=mm&r=pg","caption":"St\u00f6rungsmelder"},"url":"https:\/\/blog.zeit.de\/stoerungsmelder\/author\/stoerungsmelder"}]}},"jetpack_featured_media_url":"","jetpack_sharing_enabled":true,"_links":{"self":[{"href":"https:\/\/blog.zeit.de\/stoerungsmelder\/wp-json\/wp\/v2\/posts\/8306","targetHints":{"allow":["GET"]}}],"collection":[{"href":"https:\/\/blog.zeit.de\/stoerungsmelder\/wp-json\/wp\/v2\/posts"}],"about":[{"href":"https:\/\/blog.zeit.de\/stoerungsmelder\/wp-json\/wp\/v2\/types\/post"}],"author":[{"embeddable":true,"href":"https:\/\/blog.zeit.de\/stoerungsmelder\/wp-json\/wp\/v2\/users\/229"}],"replies":[{"embeddable":true,"href":"https:\/\/blog.zeit.de\/stoerungsmelder\/wp-json\/wp\/v2\/comments?post=8306"}],"version-history":[{"count":5,"href":"https:\/\/blog.zeit.de\/stoerungsmelder\/wp-json\/wp\/v2\/posts\/8306\/revisions"}],"predecessor-version":[{"id":24111,"href":"https:\/\/blog.zeit.de\/stoerungsmelder\/wp-json\/wp\/v2\/posts\/8306\/revisions\/24111"}],"wp:attachment":[{"href":"https:\/\/blog.zeit.de\/stoerungsmelder\/wp-json\/wp\/v2\/media?parent=8306"}],"wp:term":[{"taxonomy":"category","embeddable":true,"href":"https:\/\/blog.zeit.de\/stoerungsmelder\/wp-json\/wp\/v2\/categories?post=8306"},{"taxonomy":"post_tag","embeddable":true,"href":"https:\/\/blog.zeit.de\/stoerungsmelder\/wp-json\/wp\/v2\/tags?post=8306"}],"curies":[{"name":"wp","href":"https:\/\/api.w.org\/{rel}","templated":true}]}}