{"id":8348,"date":"2012-03-30T12:47:17","date_gmt":"2012-03-30T10:47:17","guid":{"rendered":"http:\/\/blog.zeit.de\/stoerungsmelder\/?p=8348"},"modified":"2017-07-08T16:36:06","modified_gmt":"2017-07-08T14:36:06","slug":"was-tun-bei-bedrohung-von-rechts","status":"publish","type":"post","link":"https:\/\/blog.zeit.de\/stoerungsmelder\/2012\/03\/30\/was-tun-bei-bedrohung-von-rechts_8348","title":{"rendered":"Was tun bei Bedrohung von rechts?"},"content":{"rendered":"<p><a href=\"https:\/\/blog.zeit.de\/stoerungsmelder\/files\/2012\/03\/fokus.jpg\"><img loading=\"lazy\" decoding=\"async\" class=\"alignleft size-full wp-image-8349\" src=\"https:\/\/blog.zeit.de\/stoerungsmelder\/files\/2012\/03\/fokus.jpg\" alt=\"\" width=\"236\" height=\"326\" srcset=\"https:\/\/blog.zeit.de\/stoerungsmelder\/files\/2012\/03\/fokus.jpg 236w, https:\/\/blog.zeit.de\/stoerungsmelder\/files\/2012\/03\/fokus-217x300.jpg 217w\" sizes=\"auto, (max-width: 236px) 100vw, 236px\" \/><\/a>Sie Fotografieren, drohen und schlagen &#8211; mit verschiedensten Mitteln versucht die Neonaziszene all jene einzusch\u00fcchtern, die sich gegen die rechtsextreme Ideologie einsetzen. Jetzt hat das <a href=\"http:\/\/www.lobbi-mv.de\" target=\"_blank\">Beratungsnetzwerk Lobbi e.V.<\/a> eine Brosch\u00fcre herausgebracht, wie man als Betroffener mit den Drohungen umgehen kann und wo man Hilfe bekommt.<!--more--><\/p>\n<p><em>Mit dieser Brosch\u00fcre wollen wir gerade diese Anfeindungen und bedrohliche Situationen, die unterhalb der Schwelle zur k\u00f6rperlichen Gewalt liegen, in den Blick nehmen. Einige sind sogenannte Bagatelldelikte, andere sind \u00fcberhaupt nicht strafbar. Entsprechend gering sind die rechtlichen Reaktionsm\u00f6glichkeiten. Oft finden solche Vorf\u00e4lle deshalb aber auch wenig Beachtung in der \u00d6ffentlichkeit. F\u00fcr die Betroffenen und ihr Umfeld k\u00f6nnen die Folgen dagegen gravierend sein.<\/em><\/p>\n<p><em>Was tun nach derartigen Aktionen? Mit dieser Handreichung wollen wir den Betroffenen einige Reaktionsm\u00f6glichkeiten und sinnvolle Vorkehrungen f\u00fcr bestimmte Situationen aufzeigen. Wir wollen ihnen damit Mut machen und solidarische Hilfe anbieten.<\/em><\/p>\n<p><a href=\"http:\/\/www.lobbi-mv.de\/pub\/fokus_web.pdf\" target=\"_blank\"><strong>Die Brosch\u00fcre kann hier als PDF heruntergeladen werden<\/strong><\/a><\/p>\n","protected":false},"excerpt":{"rendered":"<p>Sie Fotografieren, drohen und schlagen &#8211; mit verschiedensten Mitteln versucht die Neonaziszene all jene einzusch\u00fcchtern, die sich gegen die rechtsextreme Ideologie einsetzen. Jetzt hat das Beratungsnetzwerk Lobbi e.V. eine Brosch\u00fcre herausgebracht, wie man als Betroffener mit den Drohungen umgehen kann und wo man Hilfe bekommt.<\/p>\n","protected":false},"author":229,"featured_media":0,"comment_status":"open","ping_status":"open","sticky":false,"template":"","format":"standard","meta":{"_jetpack_memberships_contains_paid_content":false,"footnotes":""},"categories":[1515],"tags":[1475,1755,1858],"class_list":["post-8348","post","type-post","status-publish","format-standard","hentry","category-bundesweit","tag-anti-antifa","tag-rechte-gewalt","tag-zivilcourage"],"yoast_head":"<!-- This site is optimized with the Yoast SEO plugin v21.0 - https:\/\/yoast.com\/wordpress\/plugins\/seo\/ -->\n<title>Was tun bei Bedrohung von rechts? - St\u00f6rungsmelder<\/title>\n<meta name=\"robots\" content=\"index, follow, max-snippet:-1, max-image-preview:large, max-video-preview:-1\" \/>\n<link rel=\"canonical\" href=\"https:\/\/blog.zeit.de\/stoerungsmelder\/2012\/03\/30\/was-tun-bei-bedrohung-von-rechts_8348\" \/>\n<meta property=\"og:locale\" content=\"de_DE\" \/>\n<meta property=\"og:type\" content=\"article\" \/>\n<meta property=\"og:title\" content=\"Was tun bei Bedrohung von rechts? - St\u00f6rungsmelder\" \/>\n<meta property=\"og:description\" content=\"Sie Fotografieren, drohen und schlagen &#8211; mit verschiedensten Mitteln versucht die Neonaziszene all jene einzusch\u00fcchtern, die sich gegen die rechtsextreme Ideologie einsetzen. Jetzt hat das Beratungsnetzwerk Lobbi e.V. eine Brosch\u00fcre herausgebracht, wie man als Betroffener mit den Drohungen umgehen kann und wo man Hilfe bekommt.\" \/>\n<meta property=\"og:url\" content=\"https:\/\/blog.zeit.de\/stoerungsmelder\/2012\/03\/30\/was-tun-bei-bedrohung-von-rechts_8348\" \/>\n<meta property=\"og:site_name\" content=\"St\u00f6rungsmelder\" \/>\n<meta property=\"article:published_time\" content=\"2012-03-30T10:47:17+00:00\" \/>\n<meta property=\"article:modified_time\" content=\"2017-07-08T14:36:06+00:00\" \/>\n<meta property=\"og:image\" content=\"https:\/\/blog.zeit.de\/stoerungsmelder\/files\/2012\/03\/fokus.jpg\" \/>\n<meta name=\"author\" content=\"St\u00f6rungsmelder\" \/>\n<meta name=\"twitter:card\" content=\"summary_large_image\" \/>\n<meta name=\"twitter:label1\" content=\"Geschrieben von\" \/>\n\t<meta name=\"twitter:data1\" content=\"St\u00f6rungsmelder\" \/>\n\t<meta name=\"twitter:label2\" content=\"Gesch\u00e4tzte Lesezeit\" \/>\n\t<meta name=\"twitter:data2\" content=\"1\u00a0Minute\" \/>\n<script type=\"application\/ld+json\" class=\"yoast-schema-graph\">{\"@context\":\"https:\/\/schema.org\",\"@graph\":[{\"@type\":\"WebPage\",\"@id\":\"https:\/\/blog.zeit.de\/stoerungsmelder\/2012\/03\/30\/was-tun-bei-bedrohung-von-rechts_8348\",\"url\":\"https:\/\/blog.zeit.de\/stoerungsmelder\/2012\/03\/30\/was-tun-bei-bedrohung-von-rechts_8348\",\"name\":\"Was tun bei Bedrohung von rechts? - St\u00f6rungsmelder\",\"isPartOf\":{\"@id\":\"https:\/\/blog.zeit.de\/stoerungsmelder\/#website\"},\"datePublished\":\"2012-03-30T10:47:17+00:00\",\"dateModified\":\"2017-07-08T14:36:06+00:00\",\"author\":{\"@id\":\"https:\/\/blog.zeit.de\/stoerungsmelder\/#\/schema\/person\/fdd0b9818f65738672810b6d6f037f71\"},\"breadcrumb\":{\"@id\":\"https:\/\/blog.zeit.de\/stoerungsmelder\/2012\/03\/30\/was-tun-bei-bedrohung-von-rechts_8348#breadcrumb\"},\"inLanguage\":\"de\",\"potentialAction\":[{\"@type\":\"ReadAction\",\"target\":[\"https:\/\/blog.zeit.de\/stoerungsmelder\/2012\/03\/30\/was-tun-bei-bedrohung-von-rechts_8348\"]}]},{\"@type\":\"BreadcrumbList\",\"@id\":\"https:\/\/blog.zeit.de\/stoerungsmelder\/2012\/03\/30\/was-tun-bei-bedrohung-von-rechts_8348#breadcrumb\",\"itemListElement\":[{\"@type\":\"ListItem\",\"position\":1,\"name\":\"Startseite\",\"item\":\"https:\/\/blog.zeit.de\/stoerungsmelder\"},{\"@type\":\"ListItem\",\"position\":2,\"name\":\"Was tun bei Bedrohung von rechts?\"}]},{\"@type\":\"WebSite\",\"@id\":\"https:\/\/blog.zeit.de\/stoerungsmelder\/#website\",\"url\":\"https:\/\/blog.zeit.de\/stoerungsmelder\/\",\"name\":\"St\u00f6rungsmelder\",\"description\":\"Recherchen und Analysen \u00fcber die extreme Rechte\",\"potentialAction\":[{\"@type\":\"SearchAction\",\"target\":{\"@type\":\"EntryPoint\",\"urlTemplate\":\"https:\/\/blog.zeit.de\/stoerungsmelder\/?s={search_term_string}\"},\"query-input\":\"required name=search_term_string\"}],\"inLanguage\":\"de\"},{\"@type\":\"Person\",\"@id\":\"https:\/\/blog.zeit.de\/stoerungsmelder\/#\/schema\/person\/fdd0b9818f65738672810b6d6f037f71\",\"name\":\"St\u00f6rungsmelder\",\"image\":{\"@type\":\"ImageObject\",\"inLanguage\":\"de\",\"@id\":\"https:\/\/blog.zeit.de\/stoerungsmelder\/#\/schema\/person\/image\/\",\"url\":\"https:\/\/secure.gravatar.com\/avatar\/dfa4be514c3e82a71e4f9a0020035d38192d080ccaa5e4e6d7a1472c763535c5?s=96&d=mm&r=pg\",\"contentUrl\":\"https:\/\/secure.gravatar.com\/avatar\/dfa4be514c3e82a71e4f9a0020035d38192d080ccaa5e4e6d7a1472c763535c5?s=96&d=mm&r=pg\",\"caption\":\"St\u00f6rungsmelder\"},\"url\":\"https:\/\/blog.zeit.de\/stoerungsmelder\/author\/stoerungsmelder\"}]}<\/script>\n<!-- \/ Yoast SEO plugin. -->","yoast_head_json":{"title":"Was tun bei Bedrohung von rechts? - St\u00f6rungsmelder","robots":{"index":"index","follow":"follow","max-snippet":"max-snippet:-1","max-image-preview":"max-image-preview:large","max-video-preview":"max-video-preview:-1"},"canonical":"https:\/\/blog.zeit.de\/stoerungsmelder\/2012\/03\/30\/was-tun-bei-bedrohung-von-rechts_8348","og_locale":"de_DE","og_type":"article","og_title":"Was tun bei Bedrohung von rechts? - St\u00f6rungsmelder","og_description":"Sie Fotografieren, drohen und schlagen &#8211; mit verschiedensten Mitteln versucht die Neonaziszene all jene einzusch\u00fcchtern, die sich gegen die rechtsextreme Ideologie einsetzen. Jetzt hat das Beratungsnetzwerk Lobbi e.V. eine Brosch\u00fcre herausgebracht, wie man als Betroffener mit den Drohungen umgehen kann und wo man Hilfe bekommt.","og_url":"https:\/\/blog.zeit.de\/stoerungsmelder\/2012\/03\/30\/was-tun-bei-bedrohung-von-rechts_8348","og_site_name":"St\u00f6rungsmelder","article_published_time":"2012-03-30T10:47:17+00:00","article_modified_time":"2017-07-08T14:36:06+00:00","og_image":[{"url":"https:\/\/blog.zeit.de\/stoerungsmelder\/files\/2012\/03\/fokus.jpg"}],"author":"St\u00f6rungsmelder","twitter_card":"summary_large_image","twitter_misc":{"Geschrieben von":"St\u00f6rungsmelder","Gesch\u00e4tzte Lesezeit":"1\u00a0Minute"},"schema":{"@context":"https:\/\/schema.org","@graph":[{"@type":"WebPage","@id":"https:\/\/blog.zeit.de\/stoerungsmelder\/2012\/03\/30\/was-tun-bei-bedrohung-von-rechts_8348","url":"https:\/\/blog.zeit.de\/stoerungsmelder\/2012\/03\/30\/was-tun-bei-bedrohung-von-rechts_8348","name":"Was tun bei Bedrohung von rechts? - St\u00f6rungsmelder","isPartOf":{"@id":"https:\/\/blog.zeit.de\/stoerungsmelder\/#website"},"datePublished":"2012-03-30T10:47:17+00:00","dateModified":"2017-07-08T14:36:06+00:00","author":{"@id":"https:\/\/blog.zeit.de\/stoerungsmelder\/#\/schema\/person\/fdd0b9818f65738672810b6d6f037f71"},"breadcrumb":{"@id":"https:\/\/blog.zeit.de\/stoerungsmelder\/2012\/03\/30\/was-tun-bei-bedrohung-von-rechts_8348#breadcrumb"},"inLanguage":"de","potentialAction":[{"@type":"ReadAction","target":["https:\/\/blog.zeit.de\/stoerungsmelder\/2012\/03\/30\/was-tun-bei-bedrohung-von-rechts_8348"]}]},{"@type":"BreadcrumbList","@id":"https:\/\/blog.zeit.de\/stoerungsmelder\/2012\/03\/30\/was-tun-bei-bedrohung-von-rechts_8348#breadcrumb","itemListElement":[{"@type":"ListItem","position":1,"name":"Startseite","item":"https:\/\/blog.zeit.de\/stoerungsmelder"},{"@type":"ListItem","position":2,"name":"Was tun bei Bedrohung von rechts?"}]},{"@type":"WebSite","@id":"https:\/\/blog.zeit.de\/stoerungsmelder\/#website","url":"https:\/\/blog.zeit.de\/stoerungsmelder\/","name":"St\u00f6rungsmelder","description":"Recherchen und Analysen \u00fcber die extreme Rechte","potentialAction":[{"@type":"SearchAction","target":{"@type":"EntryPoint","urlTemplate":"https:\/\/blog.zeit.de\/stoerungsmelder\/?s={search_term_string}"},"query-input":"required name=search_term_string"}],"inLanguage":"de"},{"@type":"Person","@id":"https:\/\/blog.zeit.de\/stoerungsmelder\/#\/schema\/person\/fdd0b9818f65738672810b6d6f037f71","name":"St\u00f6rungsmelder","image":{"@type":"ImageObject","inLanguage":"de","@id":"https:\/\/blog.zeit.de\/stoerungsmelder\/#\/schema\/person\/image\/","url":"https:\/\/secure.gravatar.com\/avatar\/dfa4be514c3e82a71e4f9a0020035d38192d080ccaa5e4e6d7a1472c763535c5?s=96&d=mm&r=pg","contentUrl":"https:\/\/secure.gravatar.com\/avatar\/dfa4be514c3e82a71e4f9a0020035d38192d080ccaa5e4e6d7a1472c763535c5?s=96&d=mm&r=pg","caption":"St\u00f6rungsmelder"},"url":"https:\/\/blog.zeit.de\/stoerungsmelder\/author\/stoerungsmelder"}]}},"jetpack_featured_media_url":"","jetpack_sharing_enabled":true,"_links":{"self":[{"href":"https:\/\/blog.zeit.de\/stoerungsmelder\/wp-json\/wp\/v2\/posts\/8348","targetHints":{"allow":["GET"]}}],"collection":[{"href":"https:\/\/blog.zeit.de\/stoerungsmelder\/wp-json\/wp\/v2\/posts"}],"about":[{"href":"https:\/\/blog.zeit.de\/stoerungsmelder\/wp-json\/wp\/v2\/types\/post"}],"author":[{"embeddable":true,"href":"https:\/\/blog.zeit.de\/stoerungsmelder\/wp-json\/wp\/v2\/users\/229"}],"replies":[{"embeddable":true,"href":"https:\/\/blog.zeit.de\/stoerungsmelder\/wp-json\/wp\/v2\/comments?post=8348"}],"version-history":[{"count":7,"href":"https:\/\/blog.zeit.de\/stoerungsmelder\/wp-json\/wp\/v2\/posts\/8348\/revisions"}],"predecessor-version":[{"id":24109,"href":"https:\/\/blog.zeit.de\/stoerungsmelder\/wp-json\/wp\/v2\/posts\/8348\/revisions\/24109"}],"wp:attachment":[{"href":"https:\/\/blog.zeit.de\/stoerungsmelder\/wp-json\/wp\/v2\/media?parent=8348"}],"wp:term":[{"taxonomy":"category","embeddable":true,"href":"https:\/\/blog.zeit.de\/stoerungsmelder\/wp-json\/wp\/v2\/categories?post=8348"},{"taxonomy":"post_tag","embeddable":true,"href":"https:\/\/blog.zeit.de\/stoerungsmelder\/wp-json\/wp\/v2\/tags?post=8348"}],"curies":[{"name":"wp","href":"https:\/\/api.w.org\/{rel}","templated":true}]}}