{"id":8355,"date":"2012-04-01T17:02:30","date_gmt":"2012-04-01T15:02:30","guid":{"rendered":"http:\/\/blog.zeit.de\/stoerungsmelder\/?p=8355"},"modified":"2012-04-01T17:12:56","modified_gmt":"2012-04-01T15:12:56","slug":"raus-aus-europa-viele-redner-wenig-teilnehmer","status":"publish","type":"post","link":"https:\/\/blog.zeit.de\/stoerungsmelder\/2012\/04\/01\/raus-aus-europa-viele-redner-wenig-teilnehmer_8355","title":{"rendered":"&#8222;Raus aus Europa&#8220; \u2013 Viele Redner wenig Teilnehmer"},"content":{"rendered":"<p><figure id=\"attachment_8360\" aria-describedby=\"caption-attachment-8360\" style=\"width: 540px\" class=\"wp-caption aligncenter\"><a href=\"https:\/\/blog.zeit.de\/stoerungsmelder\/files\/2012\/04\/edl_ddl.jpg\"><img loading=\"lazy\" decoding=\"async\" class=\"size-full wp-image-8360\" src=\"https:\/\/blog.zeit.de\/stoerungsmelder\/files\/2012\/04\/edl_ddl.jpg\" alt=\"\" width=\"540\" height=\"304\" srcset=\"https:\/\/blog.zeit.de\/stoerungsmelder\/files\/2012\/04\/edl_ddl.jpg 540w, https:\/\/blog.zeit.de\/stoerungsmelder\/files\/2012\/04\/edl_ddl-300x168.jpg 300w\" sizes=\"auto, (max-width: 540px) 100vw, 540px\" \/><\/a><figcaption id=\"caption-attachment-8360\" class=\"wp-caption-text\">Kapuzenpulli, Turnschuhe und T\u00fccher vor dem Gesicht - die meisten Teilnehmer stammten aus dem rechtsextremen Hooligan-Milieu \u00a9 Getty<\/figcaption><\/figure><\/p>\n<p>&#8222;Tommy, Tommy, Tommy&#8220;. Ganz l\u00e4ssig winkte Tommy Robinson den lautstarken Zuspruch ab. Am vergangenen Samstag war der Vorsitzende der &#8222;English Defence League&#8220; (EDL) der Star bei der ersten europ\u00e4ischen &#8222;Anti-Dschihad&#8220;-Kundgebung. Bei strahlendem Sonnenschein und kaltem Wind sagte Robinson im d\u00e4nischen Aarhus: &#8222;Das ist heute ein historischer Tag. Die Bewegung w\u00e4chst. Wir sind im Krieg gegen den Islamismus. Wir werden siegen&#8220;. &#8222;Never surrender&#8220; \u2013 niemals aufgeben, skandierten die Teilnehmer aus neun L\u00e4ndern. Das Credo der Kundgebung, dass immer wieder gerufen wurde.<!--more--><\/p>\n<p>Der historische Tag begann im Molleparken mitten in der zweigr\u00f6\u00dften Stadt D\u00e4nemarks, allerdings mit gr\u00f6\u00dferer Versp\u00e4tung. Vor der Bibliothek am Park gelang der &#8222;Danish Defence League&#8220; (DDL) nicht die Lautsprecheranlage anzuschalten. Eiligst bem\u00fchte sich die DDL, die sich wie viele Defence Leagues nach dem Vorbild der EDL gr\u00fcndeten, eine neue Sprechanlage zu organisieren. Ohne Erfolg: Von einem Abschleppwagen sprachen letztendliche die elf Vertreter verschiedener Anti-Islam-Initiativen durch ein Megaphon zu den Teilnehmern, die Fahnen mit Aufdrucken gegen den Islam hochhielten oder Westen mit &#8222;Freiheit statt Scharia&#8220; trugen. Dass Megaphon gen\u00fcgte aber auch. Denn die Kundgebung &#8211; zu der Redner unter anderem aus Norwegen, Frankreich und Deutschland angereist waren &#8211; war keine Gro\u00dfkundgebung, wie die Redeliste h\u00e4tte vermuten lassen k\u00f6nnen. Keine zweihundert Teilnehmer standen an den Stufen zu der Bibliothek. Die Zahl war schwer einzusch\u00e4tzen, die Polizei hatte den Park nicht abgeriegelt. So standen unz\u00e4hlige Schaulustige und viele Journalisten neben den Kundgebungsteilnehmern.<\/p>\n<p>&#8222;Wir sind keine Rassisten, der Islam ist aber ein politisches Programm der Weltbeherrschung&#8220;, sagte eine etwa 40-J\u00e4hrige Frau aus M\u00fcnchen beim Warten auf den Veranstaltungsbeginn. Ein Mann, knapp 20 Jahre, aus Frankfurt am Main, erg\u00e4nzte: &#8222;Mit dem Koran haben die eine Rechtfertigung uns zu t\u00f6ten&#8220;. Die Frau elegant gekleidet, mit Yves Saint Laurent Tasche, stimmte dem Mann, schlicht angezogen, zu. Das die EDL 2009 aus der britischen Hooligan-Szene entstand wurde abgewimmelt. &#8222;Die haben da eine andere Situation. Halb London ist in der Hand von Islamisten&#8220;, meint ein \u00fcber 50-J\u00e4hriger, der nicht sagen mochte aus welcher deutschen Stadt er kommt. Nach der Nachfrage, von welcher Zeitung man sei, wendete er sich ab. Der Hooligan-Chic war bei der dreist\u00fcndigen Kundgebung so auch ein weiterer Look. Gerade die Anh\u00e4nger der EDL und DDL, mit aufgepumpten Muskeln, bevorzugten Kapuzenjacken, Handschuhe, Trainingshosen und Turnschuhe \u2013 einige waren g\u00e4nzlich vermummt.<\/p>\n<p>Auf dem Abschleppwagen hatte derweil Freja Lindgren von der DDL die Kundgebung er\u00f6ffnet. Schwarzes Basecape, dunkle Sonnebrille, alte Pelzjacke und einen schwarzen Kapuzenpullover trug sie, als sie kurz betonte, ihr Land nicht den Islamisten zu \u00fcberlassen. &#8222;Mein Vater war im Widerstand gegen die deutsche Besatzer, ich bin es gegen die neuen Besatzer&#8220;, sagte sie. Robinson, mit Basecape auf der das EDL-Logo, ein geschweiftes Georgskreuz, prangte und mit T-Shirt &#8222;EDL hate Nazis &amp; Islamists&#8220; gekleidet, erkl\u00e4rte, dass er vielen Angriffen ausgesetzt sei, aber auf der Stra\u00dfe immer wieder gro\u00dfen Zuspruch erfahre. Trotz des Shirtbekenntnisses hat die EDL, die bei Aufm\u00e4rschen oft die militante Konfrontation sucht, eine rechtsextrem-affine Anh\u00e4ngerschaft. Im Look der EDL erschien auch die German Defence League um Andre Sachsen. &#8222;Maximalen Widerstand gegen den Islam&#8220; versprach er. Lars Gr\u00f8nb\u00e6k Larsen, der fr\u00fcher im Umfeld der Neonazigruppe Dansk Front aktiv war, versicherte nun f\u00fcr die Vederf\u00f8lner: &#8222;Niemals aufzugeben&#8220;. Diese B\u00fcndnispartner sind f\u00fcr Michael St\u00fcrzenberger, Landesvorsitzender der &#8222;Freiheit&#8220; und Bundesvorstandsmitglied&#8220;, kein Problem. Achtzehn Stunden seien sie aus M\u00fcnchen mit einem Bus gefahren, sagte er, um hier zusammen f\u00fcr ein Europa ohne Islam und Moscheen stehen zu k\u00f6nnen. Eine Israel-Fahne hielt er vor der Rede in der Hand: &#8222;Israel steht in der direkten Frontlinie zum Dschihad&#8220;, erkl\u00e4rte er bevor er auf den Abschleppwagen stieg. Durchs Megaphon schimpfte er, mit Windjacke und Hemd gekleidet, sogleich \u00fcber die &#8222;Linksfaschistischen&#8220; und &#8222;Antidemokraten&#8220;. &#8222;Da hinten stehen sie&#8220;, sagte er und zeigte auf die Gegendemonstranten.<\/p>\n<p>Eine Stunde von der &#8222;Anti-Dschihad&#8220;-Kundgebung hatte eine Gegendemonstration am Rathaus begonnen. Keine zehn Minuten Fu\u00dfweg von der Bibliothek entfernt. An die 5.000 Demonstranten waren dem Motto &#8222;Vielfalt f\u00fcr Aarhus&#8220; eines breiten B\u00fcndnisses gefolgt. Nach einer Demonstration hatten sich viele Gegner zu dem Park aufgemacht. Vereinzelt flogen Flaschen und Steine. Die EDL- und DDL-Anh\u00e4nger wollten gleich losst\u00fcrmen. Beamte in Zivil stoppten sie. Als Gegendemonstranten im Park n\u00e4her an die Kundgebung herankamen, schlugen Kundgebungsteilnehmer auf sie ein. In das kurze Handgemenge schritt die Polizei schnell ein und nahm eine Person fest. Ein Bus der letzten Kundgebungsteilnehmer wurde bei der Abfahrt mit Steinen und Flaschen beworfen. An die 80 Personen kamen in Gewahrsam. Die EDL um Robinson war da schon auf dem R\u00fcckweg.<\/p>\n","protected":false},"excerpt":{"rendered":"<p>&#8222;Tommy, Tommy, Tommy&#8220;. Ganz l\u00e4ssig winkte Tommy Robinson den lautstarken Zuspruch ab. Am vergangenen Samstag war der Vorsitzende der &#8222;English Defence League&#8220; (EDL) der Star bei der ersten europ\u00e4ischen &#8222;Anti-Dschihad&#8220;-Kundgebung. Bei strahlendem Sonnenschein und kaltem Wind sagte Robinson im d\u00e4nischen Aarhus: &#8222;Das ist heute ein historischer Tag. Die Bewegung w\u00e4chst. Wir sind im Krieg gegen [&hellip;]<\/p>\n","protected":false},"author":228,"featured_media":0,"comment_status":"open","ping_status":"open","sticky":false,"template":"","format":"standard","meta":{"_jetpack_memberships_contains_paid_content":false,"footnotes":""},"categories":[1515],"tags":[17785,17790,17788,11366,17784,17787,1621,17786,17791,1738,97,17789],"class_list":["post-8355","post","type-post","status-publish","format-standard","hentry","category-bundesweit","tag-andre-sachsen","tag-dansk-front","tag-ddl","tag-die-freiheit","tag-edl","tag-freja-lindgren","tag-islamophobie","tag-lars-gronbaek-larsen","tag-michael-sturzenberger","tag-pax-europa","tag-rassismus","tag-tommy-robinson"],"yoast_head":"<!-- This site is optimized with the Yoast SEO plugin v21.0 - https:\/\/yoast.com\/wordpress\/plugins\/seo\/ -->\n<title>&quot;Raus aus Europa&quot; \u2013 Viele Redner wenig Teilnehmer - St\u00f6rungsmelder<\/title>\n<meta name=\"robots\" content=\"index, follow, max-snippet:-1, max-image-preview:large, max-video-preview:-1\" \/>\n<link rel=\"canonical\" href=\"https:\/\/blog.zeit.de\/stoerungsmelder\/2012\/04\/01\/raus-aus-europa-viele-redner-wenig-teilnehmer_8355\" \/>\n<meta property=\"og:locale\" content=\"de_DE\" \/>\n<meta property=\"og:type\" content=\"article\" \/>\n<meta property=\"og:title\" content=\"&quot;Raus aus Europa&quot; \u2013 Viele Redner wenig Teilnehmer - St\u00f6rungsmelder\" \/>\n<meta property=\"og:description\" content=\"&#8222;Tommy, Tommy, Tommy&#8220;. Ganz l\u00e4ssig winkte Tommy Robinson den lautstarken Zuspruch ab. Am vergangenen Samstag war der Vorsitzende der &#8222;English Defence League&#8220; (EDL) der Star bei der ersten europ\u00e4ischen &#8222;Anti-Dschihad&#8220;-Kundgebung. Bei strahlendem Sonnenschein und kaltem Wind sagte Robinson im d\u00e4nischen Aarhus: &#8222;Das ist heute ein historischer Tag. Die Bewegung w\u00e4chst. Wir sind im Krieg gegen [&hellip;]\" \/>\n<meta property=\"og:url\" content=\"https:\/\/blog.zeit.de\/stoerungsmelder\/2012\/04\/01\/raus-aus-europa-viele-redner-wenig-teilnehmer_8355\" \/>\n<meta property=\"og:site_name\" content=\"St\u00f6rungsmelder\" \/>\n<meta property=\"article:published_time\" content=\"2012-04-01T15:02:30+00:00\" \/>\n<meta property=\"article:modified_time\" content=\"2012-04-01T15:12:56+00:00\" \/>\n<meta property=\"og:image\" content=\"https:\/\/blog.zeit.de\/stoerungsmelder\/files\/2012\/04\/edl_ddl.jpg\" \/>\n<meta name=\"author\" content=\"Andreas Speit\" \/>\n<meta name=\"twitter:card\" content=\"summary_large_image\" \/>\n<meta name=\"twitter:label1\" content=\"Geschrieben von\" \/>\n\t<meta name=\"twitter:data1\" content=\"Andreas Speit\" \/>\n\t<meta name=\"twitter:label2\" content=\"Gesch\u00e4tzte Lesezeit\" \/>\n\t<meta name=\"twitter:data2\" content=\"4\u00a0Minuten\" \/>\n<script type=\"application\/ld+json\" class=\"yoast-schema-graph\">{\"@context\":\"https:\/\/schema.org\",\"@graph\":[{\"@type\":\"WebPage\",\"@id\":\"https:\/\/blog.zeit.de\/stoerungsmelder\/2012\/04\/01\/raus-aus-europa-viele-redner-wenig-teilnehmer_8355\",\"url\":\"https:\/\/blog.zeit.de\/stoerungsmelder\/2012\/04\/01\/raus-aus-europa-viele-redner-wenig-teilnehmer_8355\",\"name\":\"\\\"Raus aus Europa\\\" \u2013 Viele Redner wenig Teilnehmer - St\u00f6rungsmelder\",\"isPartOf\":{\"@id\":\"https:\/\/blog.zeit.de\/stoerungsmelder\/#website\"},\"datePublished\":\"2012-04-01T15:02:30+00:00\",\"dateModified\":\"2012-04-01T15:12:56+00:00\",\"author\":{\"@id\":\"https:\/\/blog.zeit.de\/stoerungsmelder\/#\/schema\/person\/10a29eed2b533072d3cf133470d799bc\"},\"breadcrumb\":{\"@id\":\"https:\/\/blog.zeit.de\/stoerungsmelder\/2012\/04\/01\/raus-aus-europa-viele-redner-wenig-teilnehmer_8355#breadcrumb\"},\"inLanguage\":\"de\",\"potentialAction\":[{\"@type\":\"ReadAction\",\"target\":[\"https:\/\/blog.zeit.de\/stoerungsmelder\/2012\/04\/01\/raus-aus-europa-viele-redner-wenig-teilnehmer_8355\"]}]},{\"@type\":\"BreadcrumbList\",\"@id\":\"https:\/\/blog.zeit.de\/stoerungsmelder\/2012\/04\/01\/raus-aus-europa-viele-redner-wenig-teilnehmer_8355#breadcrumb\",\"itemListElement\":[{\"@type\":\"ListItem\",\"position\":1,\"name\":\"Startseite\",\"item\":\"https:\/\/blog.zeit.de\/stoerungsmelder\"},{\"@type\":\"ListItem\",\"position\":2,\"name\":\"&#8222;Raus aus Europa&#8220; \u2013 Viele Redner wenig Teilnehmer\"}]},{\"@type\":\"WebSite\",\"@id\":\"https:\/\/blog.zeit.de\/stoerungsmelder\/#website\",\"url\":\"https:\/\/blog.zeit.de\/stoerungsmelder\/\",\"name\":\"St\u00f6rungsmelder\",\"description\":\"Recherchen und Analysen \u00fcber die extreme Rechte\",\"potentialAction\":[{\"@type\":\"SearchAction\",\"target\":{\"@type\":\"EntryPoint\",\"urlTemplate\":\"https:\/\/blog.zeit.de\/stoerungsmelder\/?s={search_term_string}\"},\"query-input\":\"required name=search_term_string\"}],\"inLanguage\":\"de\"},{\"@type\":\"Person\",\"@id\":\"https:\/\/blog.zeit.de\/stoerungsmelder\/#\/schema\/person\/10a29eed2b533072d3cf133470d799bc\",\"name\":\"Andreas Speit\",\"image\":{\"@type\":\"ImageObject\",\"inLanguage\":\"de\",\"@id\":\"https:\/\/blog.zeit.de\/stoerungsmelder\/#\/schema\/person\/image\/\",\"url\":\"https:\/\/secure.gravatar.com\/avatar\/a978196d1dd2db2075f1f6ae937c27c60fdab0283eaa61a154cfa36b320c7a58?s=96&d=mm&r=pg\",\"contentUrl\":\"https:\/\/secure.gravatar.com\/avatar\/a978196d1dd2db2075f1f6ae937c27c60fdab0283eaa61a154cfa36b320c7a58?s=96&d=mm&r=pg\",\"caption\":\"Andreas Speit\"},\"url\":\"https:\/\/blog.zeit.de\/stoerungsmelder\/author\/andreas-speit\"}]}<\/script>\n<!-- \/ Yoast SEO plugin. -->","yoast_head_json":{"title":"\"Raus aus Europa\" \u2013 Viele Redner wenig Teilnehmer - St\u00f6rungsmelder","robots":{"index":"index","follow":"follow","max-snippet":"max-snippet:-1","max-image-preview":"max-image-preview:large","max-video-preview":"max-video-preview:-1"},"canonical":"https:\/\/blog.zeit.de\/stoerungsmelder\/2012\/04\/01\/raus-aus-europa-viele-redner-wenig-teilnehmer_8355","og_locale":"de_DE","og_type":"article","og_title":"\"Raus aus Europa\" \u2013 Viele Redner wenig Teilnehmer - St\u00f6rungsmelder","og_description":"&#8222;Tommy, Tommy, Tommy&#8220;. Ganz l\u00e4ssig winkte Tommy Robinson den lautstarken Zuspruch ab. Am vergangenen Samstag war der Vorsitzende der &#8222;English Defence League&#8220; (EDL) der Star bei der ersten europ\u00e4ischen &#8222;Anti-Dschihad&#8220;-Kundgebung. Bei strahlendem Sonnenschein und kaltem Wind sagte Robinson im d\u00e4nischen Aarhus: &#8222;Das ist heute ein historischer Tag. Die Bewegung w\u00e4chst. Wir sind im Krieg gegen [&hellip;]","og_url":"https:\/\/blog.zeit.de\/stoerungsmelder\/2012\/04\/01\/raus-aus-europa-viele-redner-wenig-teilnehmer_8355","og_site_name":"St\u00f6rungsmelder","article_published_time":"2012-04-01T15:02:30+00:00","article_modified_time":"2012-04-01T15:12:56+00:00","og_image":[{"url":"https:\/\/blog.zeit.de\/stoerungsmelder\/files\/2012\/04\/edl_ddl.jpg"}],"author":"Andreas Speit","twitter_card":"summary_large_image","twitter_misc":{"Geschrieben von":"Andreas Speit","Gesch\u00e4tzte Lesezeit":"4\u00a0Minuten"},"schema":{"@context":"https:\/\/schema.org","@graph":[{"@type":"WebPage","@id":"https:\/\/blog.zeit.de\/stoerungsmelder\/2012\/04\/01\/raus-aus-europa-viele-redner-wenig-teilnehmer_8355","url":"https:\/\/blog.zeit.de\/stoerungsmelder\/2012\/04\/01\/raus-aus-europa-viele-redner-wenig-teilnehmer_8355","name":"\"Raus aus Europa\" \u2013 Viele Redner wenig Teilnehmer - St\u00f6rungsmelder","isPartOf":{"@id":"https:\/\/blog.zeit.de\/stoerungsmelder\/#website"},"datePublished":"2012-04-01T15:02:30+00:00","dateModified":"2012-04-01T15:12:56+00:00","author":{"@id":"https:\/\/blog.zeit.de\/stoerungsmelder\/#\/schema\/person\/10a29eed2b533072d3cf133470d799bc"},"breadcrumb":{"@id":"https:\/\/blog.zeit.de\/stoerungsmelder\/2012\/04\/01\/raus-aus-europa-viele-redner-wenig-teilnehmer_8355#breadcrumb"},"inLanguage":"de","potentialAction":[{"@type":"ReadAction","target":["https:\/\/blog.zeit.de\/stoerungsmelder\/2012\/04\/01\/raus-aus-europa-viele-redner-wenig-teilnehmer_8355"]}]},{"@type":"BreadcrumbList","@id":"https:\/\/blog.zeit.de\/stoerungsmelder\/2012\/04\/01\/raus-aus-europa-viele-redner-wenig-teilnehmer_8355#breadcrumb","itemListElement":[{"@type":"ListItem","position":1,"name":"Startseite","item":"https:\/\/blog.zeit.de\/stoerungsmelder"},{"@type":"ListItem","position":2,"name":"&#8222;Raus aus Europa&#8220; \u2013 Viele Redner wenig Teilnehmer"}]},{"@type":"WebSite","@id":"https:\/\/blog.zeit.de\/stoerungsmelder\/#website","url":"https:\/\/blog.zeit.de\/stoerungsmelder\/","name":"St\u00f6rungsmelder","description":"Recherchen und Analysen \u00fcber die extreme Rechte","potentialAction":[{"@type":"SearchAction","target":{"@type":"EntryPoint","urlTemplate":"https:\/\/blog.zeit.de\/stoerungsmelder\/?s={search_term_string}"},"query-input":"required name=search_term_string"}],"inLanguage":"de"},{"@type":"Person","@id":"https:\/\/blog.zeit.de\/stoerungsmelder\/#\/schema\/person\/10a29eed2b533072d3cf133470d799bc","name":"Andreas Speit","image":{"@type":"ImageObject","inLanguage":"de","@id":"https:\/\/blog.zeit.de\/stoerungsmelder\/#\/schema\/person\/image\/","url":"https:\/\/secure.gravatar.com\/avatar\/a978196d1dd2db2075f1f6ae937c27c60fdab0283eaa61a154cfa36b320c7a58?s=96&d=mm&r=pg","contentUrl":"https:\/\/secure.gravatar.com\/avatar\/a978196d1dd2db2075f1f6ae937c27c60fdab0283eaa61a154cfa36b320c7a58?s=96&d=mm&r=pg","caption":"Andreas Speit"},"url":"https:\/\/blog.zeit.de\/stoerungsmelder\/author\/andreas-speit"}]}},"jetpack_featured_media_url":"","jetpack_sharing_enabled":true,"_links":{"self":[{"href":"https:\/\/blog.zeit.de\/stoerungsmelder\/wp-json\/wp\/v2\/posts\/8355","targetHints":{"allow":["GET"]}}],"collection":[{"href":"https:\/\/blog.zeit.de\/stoerungsmelder\/wp-json\/wp\/v2\/posts"}],"about":[{"href":"https:\/\/blog.zeit.de\/stoerungsmelder\/wp-json\/wp\/v2\/types\/post"}],"author":[{"embeddable":true,"href":"https:\/\/blog.zeit.de\/stoerungsmelder\/wp-json\/wp\/v2\/users\/228"}],"replies":[{"embeddable":true,"href":"https:\/\/blog.zeit.de\/stoerungsmelder\/wp-json\/wp\/v2\/comments?post=8355"}],"version-history":[{"count":5,"href":"https:\/\/blog.zeit.de\/stoerungsmelder\/wp-json\/wp\/v2\/posts\/8355\/revisions"}],"predecessor-version":[{"id":8359,"href":"https:\/\/blog.zeit.de\/stoerungsmelder\/wp-json\/wp\/v2\/posts\/8355\/revisions\/8359"}],"wp:attachment":[{"href":"https:\/\/blog.zeit.de\/stoerungsmelder\/wp-json\/wp\/v2\/media?parent=8355"}],"wp:term":[{"taxonomy":"category","embeddable":true,"href":"https:\/\/blog.zeit.de\/stoerungsmelder\/wp-json\/wp\/v2\/categories?post=8355"},{"taxonomy":"post_tag","embeddable":true,"href":"https:\/\/blog.zeit.de\/stoerungsmelder\/wp-json\/wp\/v2\/tags?post=8355"}],"curies":[{"name":"wp","href":"https:\/\/api.w.org\/{rel}","templated":true}]}}