{"id":84,"date":"2007-11-09T12:00:35","date_gmt":"2007-11-09T10:00:35","guid":{"rendered":"http:\/\/blog.zeit.de\/stoerungsmelder\/2007\/11\/09\/was-kostet-braune-gewalt-in-euro-und-cent_84"},"modified":"2007-11-09T12:00:35","modified_gmt":"2007-11-09T10:00:35","slug":"was-kostet-braune-gewalt-in-euro-und-cent","status":"publish","type":"post","link":"https:\/\/blog.zeit.de\/stoerungsmelder\/2007\/11\/09\/was-kostet-braune-gewalt-in-euro-und-cent_84","title":{"rendered":"Was kostet braune Gewalt? In Euro und Cent?"},"content":{"rendered":"<p>Als vor einem Jahr in Mecklenburg-Vorpommern Wahlkampf war, schrieb die NPD \u201eTouristen willkommen \u2013 Asylbetr\u00fcger raus\u201c auf ihre Plakate. Solch feinsinnige Unterscheidungen in gute Fremde und b\u00f6se Fremde machen die braunen Stra\u00dfenschl\u00e4ger im Land \u00fcblicherweise nicht. <!--more-->Und auch viele Urlauber f\u00fchlen sich von den st\u00e4ndigen rassistischen Angriffen in Ostdeutschland alles andere als angezogen. Dass Rechtsextremismus dem Ansehen der Region und damit der Wirtschaft schade, ist deshalb eine stete Klage von Ost-Landesv\u00e4tern und dortigen Standortmanagern. Die nicht wenige potenzielle W\u00e4hler der NPD beeindrucken d\u00fcrfte &#8211; vermutlich sogar mehr beeindruckt als die Leiden der Opfer rechtsextremistischer Gewalt oder der Schaden an Menschenrechten und Demokratie.<\/p>\n<p>\u201eUrlauberrekord nach NPD-Wahlerfolg in M-V\u201c, konterten die Rechtsextremisten deshalb vor ein paar Wochen in einer Presseerkl\u00e4rung. Im Jahr 2006 habe es an der Ostsee so viele \u00dcbernachtungen gegeben wie nie zuvor \u2013 nicht trotz, sondern \u201evielleicht\u201c gerade wegen des Einzugs der NPD in den Schweriner Landtag, h\u00f6hnten die Rechtsextremisten. Wom\u00f6glich h\u00e4tten \u201eeinige Urlauber Wert auf die politische Landschaft\u201c gelegt.<\/p>\n<p>Doch beim Tourismusverband Mecklenburg-Vorpommern gehen immer wieder Beschwerden von Urlaubern ein &#8211; interessanterweise kaum von Reisenden aus anderen Teilen Ostdeutschlands. Dagegen berichten Reisende aus Westdeutschland irritiert, vor ihrem Hotel habe eine Flagge in den Farben des Deutschen Reiches gehangen. Anderen Besuchern fiel auf, dass an einer Fischbude in Vorpommern ein junger Mann mit Nazi-T\u00e4towierungen am Unterarm servierte. Ein \u00f6rtlicher B\u00e4ckerladen hatte lange Zeit &#8222;Glatzenbrot&#8220; im Angebot, die Kruste glatt wie ein Skinheadsch\u00e4del &#8211; und sch\u00f6n braun gebacken.<\/p>\n<p>Jedenfalls gab der Verband in diesem Herbst eine repr\u00e4sentative Umfrage in Auftrag, bundesweit wurden vom Marktforschungsinstitut ipsos 1000 Erwachsene nach ihren Reiseentscheidungen befragt. Ergebnis: Sieben Prozent der Befragten haben demnach in den vergangenen Jahren eine Reise nach Mecklenburg-Vorpommern abgesagt, weil es dort rechtsextremistische \u00dcberf\u00e4lle und Wahlerfolge gab. Wohlgemerkt, sie drohten nicht nur mit der Absage einer Reise oder \u00fcberlegten, es zu tun, sondern sagten, sie <em>h\u00e4tten<\/em> es bereits getan.<\/p>\n<p>Sieben Prozent mag wenig klingen. Doch wegen der \u00fcberragendenden Bedeutung des Tourismus an der Ostseek\u00fcste bedeutet das gewaltige Summen an verlorenen Einnahmen f\u00fcr das strukturschwache Land. Bei fast sechs Millionen G\u00e4sten aus Deutschland im Jahr 2006, so eine \u00fcberschl\u00e4gige Rechnung des Verbandes, und einer durchschnittlichen Aufenthaltsdauer von gut vier Tagen sowie t\u00e4glichen Ausgaben von 65 Euro pro Gast erg\u00e4ben sich Umsatzeinbu\u00dfen von weit mehr als 100 Millionen Euro \u2013 allein f\u00fcr 2006.<\/p>\n<p>\u201eEs ist unseres Wissens die erste Umfrage dieser Art\u201c, sagt Bernd Fischer, der Gesch\u00e4ftsf\u00fchrer des Tourismusverbands. Er betont, dass man nicht suggestiv gefragt habe und auch nicht allein nach Rechtsextremismus. Etwa doppelt so viele Befragte sagten beispielsweise, sie h\u00e4tten eine geplante Auslandsreise abgesagt wegen Terroranschl\u00e4gen oder Naturkatastrophen, etwa des Tsunamis in Ostasien.<\/p>\n<p>Dagegen hielt die Angst vor der Vogelgrippe \u2013 auch das vor einem Jahr ein gro\u00dfes Medienthema \u2013 nur 2,7 Prozent der Urlauber von einer Reise an die Ostsee ab. In Sachsen-Anhalt und Sachsen, die sich ebenfalls an der Umfrage beteiligten und wo es gleichfalls viele rechtsextreme \u00dcberf\u00e4lle und eine starke NPD gibt, war der prozentuale Anteil der Absagen deswegen \u00fcbrigens noch gr\u00f6\u00dfer. Weil der Tourismus dort aber eine wesentlich geringere Rolle spielt, waren die Umsatzeinbu\u00dfen geringer.<\/p>\n<p>\u201eWir werden uns k\u00fcnftig st\u00e4rker und offener mit dem Problem Rechtsextremismus auseinandersetzen\u201c, k\u00fcndigte Fischer als Konsequenz an. Man werde wohl die Mitgliedschaft im landesweiten B\u00fcndnis \u201eBunt statt braun\u201c aufleben lassen &#8211; und andere Branchen und Verb\u00e4nde zu mehr Aktivit\u00e4ten auffordern. Schlie\u00dflich wolle man ein Urlaubsland sein, \u201ein dem sich <em>jeder <\/em>Gast wohlf\u00fchlt\u201c. Weil der Markt der deutschen Touristen nahezu ausgereizt scheint, will der Verband in den kommenden Jahren verst\u00e4rkt international werben. Gro\u00dfbritannien, Skandinavien, Holland, \u00d6sterreich und die Schweiz hat Fischer besonders im Blick. \u201eDaf\u00fcr brauchen wir ein gutes Image\u201c, sagt der Tourismusmanager.<\/p>\n<p>Angesichts der Zahlen allein aus Mecklenburg-Vorpommern erscheint der dauernde Streit um die staatlichen Programme gegen Rechtsextremismus reichlich grotesk. Beim letzten Mal, gerade ein halbes Jahr ist es her, ging es um die vergleichsweise l\u00e4cherliche Summe von f\u00fcnf Millionen Euro zus\u00e4tzlich oder nicht. Bundesweit wohlgemerkt. Vielleicht sollte man k\u00fcnftig das Geld einfach aus den Etats f\u00fcr Wirtschaftsf\u00f6rderung nehmen?<\/p>\n","protected":false},"excerpt":{"rendered":"<p>Als vor einem Jahr in Mecklenburg-Vorpommern Wahlkampf war, schrieb die NPD \u201eTouristen willkommen \u2013 Asylbetr\u00fcger raus\u201c auf ihre Plakate. Solch feinsinnige Unterscheidungen in gute Fremde und b\u00f6se Fremde machen die braunen Stra\u00dfenschl\u00e4ger im Land \u00fcblicherweise nicht.<\/p>\n","protected":false},"author":233,"featured_media":0,"comment_status":"open","ping_status":"open","sticky":false,"template":"","format":"standard","meta":{"_jetpack_memberships_contains_paid_content":false,"footnotes":""},"categories":[1515],"tags":[1716],"class_list":["post-84","post","type-post","status-publish","format-standard","hentry","category-bundesweit","tag-npd"],"yoast_head":"<!-- This site is optimized with the Yoast SEO plugin v21.0 - https:\/\/yoast.com\/wordpress\/plugins\/seo\/ -->\n<title>Was kostet braune Gewalt? In Euro und Cent? - St\u00f6rungsmelder<\/title>\n<meta name=\"robots\" content=\"index, follow, max-snippet:-1, max-image-preview:large, max-video-preview:-1\" \/>\n<link rel=\"canonical\" href=\"https:\/\/blog.zeit.de\/stoerungsmelder\/2007\/11\/09\/was-kostet-braune-gewalt-in-euro-und-cent_84\" \/>\n<meta property=\"og:locale\" content=\"de_DE\" \/>\n<meta property=\"og:type\" content=\"article\" \/>\n<meta property=\"og:title\" content=\"Was kostet braune Gewalt? In Euro und Cent? - St\u00f6rungsmelder\" \/>\n<meta property=\"og:description\" content=\"Als vor einem Jahr in Mecklenburg-Vorpommern Wahlkampf war, schrieb die NPD \u201eTouristen willkommen \u2013 Asylbetr\u00fcger raus\u201c auf ihre Plakate. Solch feinsinnige Unterscheidungen in gute Fremde und b\u00f6se Fremde machen die braunen Stra\u00dfenschl\u00e4ger im Land \u00fcblicherweise nicht.\" \/>\n<meta property=\"og:url\" content=\"https:\/\/blog.zeit.de\/stoerungsmelder\/2007\/11\/09\/was-kostet-braune-gewalt-in-euro-und-cent_84\" \/>\n<meta property=\"og:site_name\" content=\"St\u00f6rungsmelder\" \/>\n<meta property=\"article:published_time\" content=\"2007-11-09T10:00:35+00:00\" \/>\n<meta name=\"author\" content=\"Toralf Staud\" \/>\n<meta name=\"twitter:card\" content=\"summary_large_image\" \/>\n<meta name=\"twitter:label1\" content=\"Geschrieben von\" \/>\n\t<meta name=\"twitter:data1\" content=\"Toralf Staud\" \/>\n\t<meta name=\"twitter:label2\" content=\"Gesch\u00e4tzte Lesezeit\" \/>\n\t<meta name=\"twitter:data2\" content=\"3\u00a0Minuten\" \/>\n<script type=\"application\/ld+json\" class=\"yoast-schema-graph\">{\"@context\":\"https:\/\/schema.org\",\"@graph\":[{\"@type\":\"WebPage\",\"@id\":\"https:\/\/blog.zeit.de\/stoerungsmelder\/2007\/11\/09\/was-kostet-braune-gewalt-in-euro-und-cent_84\",\"url\":\"https:\/\/blog.zeit.de\/stoerungsmelder\/2007\/11\/09\/was-kostet-braune-gewalt-in-euro-und-cent_84\",\"name\":\"Was kostet braune Gewalt? In Euro und Cent? - St\u00f6rungsmelder\",\"isPartOf\":{\"@id\":\"https:\/\/blog.zeit.de\/stoerungsmelder\/#website\"},\"datePublished\":\"2007-11-09T10:00:35+00:00\",\"dateModified\":\"2007-11-09T10:00:35+00:00\",\"author\":{\"@id\":\"https:\/\/blog.zeit.de\/stoerungsmelder\/#\/schema\/person\/2f37c40beeaf52431175816457f30793\"},\"breadcrumb\":{\"@id\":\"https:\/\/blog.zeit.de\/stoerungsmelder\/2007\/11\/09\/was-kostet-braune-gewalt-in-euro-und-cent_84#breadcrumb\"},\"inLanguage\":\"de\",\"potentialAction\":[{\"@type\":\"ReadAction\",\"target\":[\"https:\/\/blog.zeit.de\/stoerungsmelder\/2007\/11\/09\/was-kostet-braune-gewalt-in-euro-und-cent_84\"]}]},{\"@type\":\"BreadcrumbList\",\"@id\":\"https:\/\/blog.zeit.de\/stoerungsmelder\/2007\/11\/09\/was-kostet-braune-gewalt-in-euro-und-cent_84#breadcrumb\",\"itemListElement\":[{\"@type\":\"ListItem\",\"position\":1,\"name\":\"Startseite\",\"item\":\"https:\/\/blog.zeit.de\/stoerungsmelder\"},{\"@type\":\"ListItem\",\"position\":2,\"name\":\"Was kostet braune Gewalt? In Euro und Cent?\"}]},{\"@type\":\"WebSite\",\"@id\":\"https:\/\/blog.zeit.de\/stoerungsmelder\/#website\",\"url\":\"https:\/\/blog.zeit.de\/stoerungsmelder\/\",\"name\":\"St\u00f6rungsmelder\",\"description\":\"Recherchen und Analysen \u00fcber die extreme Rechte\",\"potentialAction\":[{\"@type\":\"SearchAction\",\"target\":{\"@type\":\"EntryPoint\",\"urlTemplate\":\"https:\/\/blog.zeit.de\/stoerungsmelder\/?s={search_term_string}\"},\"query-input\":\"required name=search_term_string\"}],\"inLanguage\":\"de\"},{\"@type\":\"Person\",\"@id\":\"https:\/\/blog.zeit.de\/stoerungsmelder\/#\/schema\/person\/2f37c40beeaf52431175816457f30793\",\"name\":\"Toralf Staud\",\"image\":{\"@type\":\"ImageObject\",\"inLanguage\":\"de\",\"@id\":\"https:\/\/blog.zeit.de\/stoerungsmelder\/#\/schema\/person\/image\/\",\"url\":\"https:\/\/secure.gravatar.com\/avatar\/8d2e04ba07d68b2ea75bf10cbc5297ece66f656bd7c917b0cf5f9a6a22057c42?s=96&d=mm&r=pg\",\"contentUrl\":\"https:\/\/secure.gravatar.com\/avatar\/8d2e04ba07d68b2ea75bf10cbc5297ece66f656bd7c917b0cf5f9a6a22057c42?s=96&d=mm&r=pg\",\"caption\":\"Toralf Staud\"},\"url\":\"https:\/\/blog.zeit.de\/stoerungsmelder\/author\/toralf-staud\"}]}<\/script>\n<!-- \/ Yoast SEO plugin. -->","yoast_head_json":{"title":"Was kostet braune Gewalt? In Euro und Cent? - St\u00f6rungsmelder","robots":{"index":"index","follow":"follow","max-snippet":"max-snippet:-1","max-image-preview":"max-image-preview:large","max-video-preview":"max-video-preview:-1"},"canonical":"https:\/\/blog.zeit.de\/stoerungsmelder\/2007\/11\/09\/was-kostet-braune-gewalt-in-euro-und-cent_84","og_locale":"de_DE","og_type":"article","og_title":"Was kostet braune Gewalt? In Euro und Cent? - St\u00f6rungsmelder","og_description":"Als vor einem Jahr in Mecklenburg-Vorpommern Wahlkampf war, schrieb die NPD \u201eTouristen willkommen \u2013 Asylbetr\u00fcger raus\u201c auf ihre Plakate. Solch feinsinnige Unterscheidungen in gute Fremde und b\u00f6se Fremde machen die braunen Stra\u00dfenschl\u00e4ger im Land \u00fcblicherweise nicht.","og_url":"https:\/\/blog.zeit.de\/stoerungsmelder\/2007\/11\/09\/was-kostet-braune-gewalt-in-euro-und-cent_84","og_site_name":"St\u00f6rungsmelder","article_published_time":"2007-11-09T10:00:35+00:00","author":"Toralf Staud","twitter_card":"summary_large_image","twitter_misc":{"Geschrieben von":"Toralf Staud","Gesch\u00e4tzte Lesezeit":"3\u00a0Minuten"},"schema":{"@context":"https:\/\/schema.org","@graph":[{"@type":"WebPage","@id":"https:\/\/blog.zeit.de\/stoerungsmelder\/2007\/11\/09\/was-kostet-braune-gewalt-in-euro-und-cent_84","url":"https:\/\/blog.zeit.de\/stoerungsmelder\/2007\/11\/09\/was-kostet-braune-gewalt-in-euro-und-cent_84","name":"Was kostet braune Gewalt? In Euro und Cent? - St\u00f6rungsmelder","isPartOf":{"@id":"https:\/\/blog.zeit.de\/stoerungsmelder\/#website"},"datePublished":"2007-11-09T10:00:35+00:00","dateModified":"2007-11-09T10:00:35+00:00","author":{"@id":"https:\/\/blog.zeit.de\/stoerungsmelder\/#\/schema\/person\/2f37c40beeaf52431175816457f30793"},"breadcrumb":{"@id":"https:\/\/blog.zeit.de\/stoerungsmelder\/2007\/11\/09\/was-kostet-braune-gewalt-in-euro-und-cent_84#breadcrumb"},"inLanguage":"de","potentialAction":[{"@type":"ReadAction","target":["https:\/\/blog.zeit.de\/stoerungsmelder\/2007\/11\/09\/was-kostet-braune-gewalt-in-euro-und-cent_84"]}]},{"@type":"BreadcrumbList","@id":"https:\/\/blog.zeit.de\/stoerungsmelder\/2007\/11\/09\/was-kostet-braune-gewalt-in-euro-und-cent_84#breadcrumb","itemListElement":[{"@type":"ListItem","position":1,"name":"Startseite","item":"https:\/\/blog.zeit.de\/stoerungsmelder"},{"@type":"ListItem","position":2,"name":"Was kostet braune Gewalt? In Euro und Cent?"}]},{"@type":"WebSite","@id":"https:\/\/blog.zeit.de\/stoerungsmelder\/#website","url":"https:\/\/blog.zeit.de\/stoerungsmelder\/","name":"St\u00f6rungsmelder","description":"Recherchen und Analysen \u00fcber die extreme Rechte","potentialAction":[{"@type":"SearchAction","target":{"@type":"EntryPoint","urlTemplate":"https:\/\/blog.zeit.de\/stoerungsmelder\/?s={search_term_string}"},"query-input":"required name=search_term_string"}],"inLanguage":"de"},{"@type":"Person","@id":"https:\/\/blog.zeit.de\/stoerungsmelder\/#\/schema\/person\/2f37c40beeaf52431175816457f30793","name":"Toralf Staud","image":{"@type":"ImageObject","inLanguage":"de","@id":"https:\/\/blog.zeit.de\/stoerungsmelder\/#\/schema\/person\/image\/","url":"https:\/\/secure.gravatar.com\/avatar\/8d2e04ba07d68b2ea75bf10cbc5297ece66f656bd7c917b0cf5f9a6a22057c42?s=96&d=mm&r=pg","contentUrl":"https:\/\/secure.gravatar.com\/avatar\/8d2e04ba07d68b2ea75bf10cbc5297ece66f656bd7c917b0cf5f9a6a22057c42?s=96&d=mm&r=pg","caption":"Toralf Staud"},"url":"https:\/\/blog.zeit.de\/stoerungsmelder\/author\/toralf-staud"}]}},"jetpack_featured_media_url":"","jetpack_sharing_enabled":true,"_links":{"self":[{"href":"https:\/\/blog.zeit.de\/stoerungsmelder\/wp-json\/wp\/v2\/posts\/84","targetHints":{"allow":["GET"]}}],"collection":[{"href":"https:\/\/blog.zeit.de\/stoerungsmelder\/wp-json\/wp\/v2\/posts"}],"about":[{"href":"https:\/\/blog.zeit.de\/stoerungsmelder\/wp-json\/wp\/v2\/types\/post"}],"author":[{"embeddable":true,"href":"https:\/\/blog.zeit.de\/stoerungsmelder\/wp-json\/wp\/v2\/users\/233"}],"replies":[{"embeddable":true,"href":"https:\/\/blog.zeit.de\/stoerungsmelder\/wp-json\/wp\/v2\/comments?post=84"}],"version-history":[{"count":0,"href":"https:\/\/blog.zeit.de\/stoerungsmelder\/wp-json\/wp\/v2\/posts\/84\/revisions"}],"wp:attachment":[{"href":"https:\/\/blog.zeit.de\/stoerungsmelder\/wp-json\/wp\/v2\/media?parent=84"}],"wp:term":[{"taxonomy":"category","embeddable":true,"href":"https:\/\/blog.zeit.de\/stoerungsmelder\/wp-json\/wp\/v2\/categories?post=84"},{"taxonomy":"post_tag","embeddable":true,"href":"https:\/\/blog.zeit.de\/stoerungsmelder\/wp-json\/wp\/v2\/tags?post=84"}],"curies":[{"name":"wp","href":"https:\/\/api.w.org\/{rel}","templated":true}]}}