{"id":8418,"date":"2012-04-15T18:58:40","date_gmt":"2012-04-15T16:58:40","guid":{"rendered":"http:\/\/blog.zeit.de\/stoerungsmelder\/?p=8418"},"modified":"2012-04-15T18:58:40","modified_gmt":"2012-04-15T16:58:40","slug":"neonazi-schiestraining-mit-vs-spitzel","status":"publish","type":"post","link":"https:\/\/blog.zeit.de\/stoerungsmelder\/2012\/04\/15\/neonazi-schiestraining-mit-vs-spitzel_8418","title":{"rendered":"Neonazi-Schie\u00dftraining mit VS-Spitzel"},"content":{"rendered":"<p><figure id=\"attachment_8419\" aria-describedby=\"caption-attachment-8419\" style=\"width: 540px\" class=\"wp-caption aligncenter\"><a href=\"https:\/\/blog.zeit.de\/stoerungsmelder\/files\/2012\/04\/nsu-540x304.jpg\"><img loading=\"lazy\" decoding=\"async\" class=\"size-full wp-image-8419\" src=\"https:\/\/blog.zeit.de\/stoerungsmelder\/files\/2012\/04\/nsu-540x304.jpg\" alt=\"\" width=\"540\" height=\"304\" srcset=\"https:\/\/blog.zeit.de\/stoerungsmelder\/files\/2012\/04\/nsu-540x304.jpg 540w, https:\/\/blog.zeit.de\/stoerungsmelder\/files\/2012\/04\/nsu-540x304-300x168.jpg 300w\" sizes=\"auto, (max-width: 540px) 100vw, 540px\" \/><\/a><figcaption id=\"caption-attachment-8419\" class=\"wp-caption-text\">Die ausgebrannte Wohnung der NSU-Terroristen in Zwickau \u00a9 Jan Woitas\/dpa<\/figcaption><\/figure><\/p>\n<p>Der th\u00fcringische Verfassungsschutz-Spitzel Tino Brandt hat bereits im Jahr 1995 an Schie\u00df\u00fcbungen teilgenommen. War m\u00f6glicherweise auch Beate Zsch\u00e4pe beteiligt?<!--more--><\/p>\n<p><em>Von Andrea R\u00f6pke, zuerst ver\u00f6ffentlicht beim <a href=\"http:\/\/www.bnr.de\/artikel\/aktuelle-meldungen\/v-mann-schoss-scharf\">blick nach rechts<\/a><\/em><\/p>\n<p>Die Akte \u201e116 Js 17874\u201c aus dem Jahr 1995 k\u00f6nnte spannend werden. Dabei verf\u00fcgt das Th\u00fcringer Staatsarchiv nurnoch \u00fcber \u201earchivw\u00fcrdige Bestandteile\u201c davon, wie aus der am Mittwoch erfolgten Beantwortung einer Kleinen Anfrage der Landtagsabgeordneten Martina Renner (Die Linke) an das Landesinnenministerium in Erfurt hervorgeht. Darin ging es um Schie\u00df\u00fcbungen mit scharfen Waffen im Umfeld des damaligen \u201eTh\u00fcringer Heimatschutzes\u201c (THS).<\/p>\n<p>Ein Zeuge hatte eine Gruppe von acht bis neun Jugendlichen bei Schie\u00df\u00fcbungen mit Pistolen auf dem Truppen\u00fcbungsplatz der GUS-Streitkr\u00e4fte in Milbitz bei Saalfeld-Rudolstadt beobachtet und den bezahlten Verfassungsschutzspitzel Tino Brandt als einen der Teilnehmer erkannt. Die Staatsanwaltschaft Gera leitete gegen Brandt \u201eund weitere Beschuldigte\u201c ein Ermittlungsverfahren wegen Bildung einer kriminellen Vereinigung ein. Das Verfahren wurde Jahre sp\u00e4ter eingestellt.<\/p>\n<p>Die Linke will jetzt nachhaken, will einen Beweisantrag f\u00fcr den neunk\u00f6pfigen Untersuchungsausschuss im Th\u00fcringer Landtag einbringen und hat besagte Akte angefordert. Immerhin stellen sich viele Fragen, unter anderem: Warum schaltete der Verfassungsschutz 1995 nicht ab, sondern finanzierte ihn noch sechs Jahre lang weiter? Waren auch Beate Zsch\u00e4pe, Uwe B\u00f6hnhardt und Uwe Mundlos an den Schie\u00df\u00fcbungen beteiligt? Denn noch 1997 gab es im Polizeicomputer zu Beate Zsch\u00e4pe den Vermerk: \u201eBeobachtende Fahndung, kriminelle Vereinigung\u201c.<\/p>\n","protected":false},"excerpt":{"rendered":"<p>Der th\u00fcringische Verfassungsschutz-Spitzel Tino Brandt hat bereits im Jahr 1995 an Schie\u00df\u00fcbungen teilgenommen. War m\u00f6glicherweise auch Beate Zsch\u00e4pe beteiligt?<\/p>\n","protected":false},"author":229,"featured_media":0,"comment_status":"open","ping_status":"open","sticky":false,"template":"","format":"standard","meta":{"_jetpack_memberships_contains_paid_content":false,"footnotes":""},"categories":[1515],"tags":[17793,12752,12739,12741],"class_list":["post-8418","post","type-post","status-publish","format-standard","hentry","category-bundesweit","tag-beate-zschape","tag-nsu","tag-rechtsterrorismus","tag-tino-brandt"],"yoast_head":"<!-- This site is optimized with the Yoast SEO plugin v21.0 - https:\/\/yoast.com\/wordpress\/plugins\/seo\/ -->\n<title>Neonazi-Schie\u00dftraining mit VS-Spitzel - St\u00f6rungsmelder<\/title>\n<meta name=\"robots\" content=\"index, follow, max-snippet:-1, max-image-preview:large, max-video-preview:-1\" \/>\n<link rel=\"canonical\" href=\"https:\/\/blog.zeit.de\/stoerungsmelder\/2012\/04\/15\/neonazi-schiestraining-mit-vs-spitzel_8418\" \/>\n<meta property=\"og:locale\" content=\"de_DE\" \/>\n<meta property=\"og:type\" content=\"article\" \/>\n<meta property=\"og:title\" content=\"Neonazi-Schie\u00dftraining mit VS-Spitzel - St\u00f6rungsmelder\" \/>\n<meta property=\"og:description\" content=\"Der th\u00fcringische Verfassungsschutz-Spitzel Tino Brandt hat bereits im Jahr 1995 an Schie\u00df\u00fcbungen teilgenommen. War m\u00f6glicherweise auch Beate Zsch\u00e4pe beteiligt?\" \/>\n<meta property=\"og:url\" content=\"https:\/\/blog.zeit.de\/stoerungsmelder\/2012\/04\/15\/neonazi-schiestraining-mit-vs-spitzel_8418\" \/>\n<meta property=\"og:site_name\" content=\"St\u00f6rungsmelder\" \/>\n<meta property=\"article:published_time\" content=\"2012-04-15T16:58:40+00:00\" \/>\n<meta property=\"og:image\" content=\"https:\/\/blog.zeit.de\/stoerungsmelder\/files\/2012\/04\/nsu-540x304.jpg\" \/>\n<meta name=\"author\" content=\"St\u00f6rungsmelder\" \/>\n<meta name=\"twitter:card\" content=\"summary_large_image\" \/>\n<meta name=\"twitter:label1\" content=\"Geschrieben von\" \/>\n\t<meta name=\"twitter:data1\" content=\"St\u00f6rungsmelder\" \/>\n\t<meta name=\"twitter:label2\" content=\"Gesch\u00e4tzte Lesezeit\" \/>\n\t<meta name=\"twitter:data2\" content=\"1\u00a0Minute\" \/>\n<script type=\"application\/ld+json\" class=\"yoast-schema-graph\">{\"@context\":\"https:\/\/schema.org\",\"@graph\":[{\"@type\":\"WebPage\",\"@id\":\"https:\/\/blog.zeit.de\/stoerungsmelder\/2012\/04\/15\/neonazi-schiestraining-mit-vs-spitzel_8418\",\"url\":\"https:\/\/blog.zeit.de\/stoerungsmelder\/2012\/04\/15\/neonazi-schiestraining-mit-vs-spitzel_8418\",\"name\":\"Neonazi-Schie\u00dftraining mit VS-Spitzel - St\u00f6rungsmelder\",\"isPartOf\":{\"@id\":\"https:\/\/blog.zeit.de\/stoerungsmelder\/#website\"},\"datePublished\":\"2012-04-15T16:58:40+00:00\",\"dateModified\":\"2012-04-15T16:58:40+00:00\",\"author\":{\"@id\":\"https:\/\/blog.zeit.de\/stoerungsmelder\/#\/schema\/person\/fdd0b9818f65738672810b6d6f037f71\"},\"breadcrumb\":{\"@id\":\"https:\/\/blog.zeit.de\/stoerungsmelder\/2012\/04\/15\/neonazi-schiestraining-mit-vs-spitzel_8418#breadcrumb\"},\"inLanguage\":\"de\",\"potentialAction\":[{\"@type\":\"ReadAction\",\"target\":[\"https:\/\/blog.zeit.de\/stoerungsmelder\/2012\/04\/15\/neonazi-schiestraining-mit-vs-spitzel_8418\"]}]},{\"@type\":\"BreadcrumbList\",\"@id\":\"https:\/\/blog.zeit.de\/stoerungsmelder\/2012\/04\/15\/neonazi-schiestraining-mit-vs-spitzel_8418#breadcrumb\",\"itemListElement\":[{\"@type\":\"ListItem\",\"position\":1,\"name\":\"Startseite\",\"item\":\"https:\/\/blog.zeit.de\/stoerungsmelder\"},{\"@type\":\"ListItem\",\"position\":2,\"name\":\"Neonazi-Schie\u00dftraining mit VS-Spitzel\"}]},{\"@type\":\"WebSite\",\"@id\":\"https:\/\/blog.zeit.de\/stoerungsmelder\/#website\",\"url\":\"https:\/\/blog.zeit.de\/stoerungsmelder\/\",\"name\":\"St\u00f6rungsmelder\",\"description\":\"Recherchen und Analysen \u00fcber die extreme Rechte\",\"potentialAction\":[{\"@type\":\"SearchAction\",\"target\":{\"@type\":\"EntryPoint\",\"urlTemplate\":\"https:\/\/blog.zeit.de\/stoerungsmelder\/?s={search_term_string}\"},\"query-input\":\"required name=search_term_string\"}],\"inLanguage\":\"de\"},{\"@type\":\"Person\",\"@id\":\"https:\/\/blog.zeit.de\/stoerungsmelder\/#\/schema\/person\/fdd0b9818f65738672810b6d6f037f71\",\"name\":\"St\u00f6rungsmelder\",\"image\":{\"@type\":\"ImageObject\",\"inLanguage\":\"de\",\"@id\":\"https:\/\/blog.zeit.de\/stoerungsmelder\/#\/schema\/person\/image\/\",\"url\":\"https:\/\/secure.gravatar.com\/avatar\/dfa4be514c3e82a71e4f9a0020035d38192d080ccaa5e4e6d7a1472c763535c5?s=96&d=mm&r=pg\",\"contentUrl\":\"https:\/\/secure.gravatar.com\/avatar\/dfa4be514c3e82a71e4f9a0020035d38192d080ccaa5e4e6d7a1472c763535c5?s=96&d=mm&r=pg\",\"caption\":\"St\u00f6rungsmelder\"},\"url\":\"https:\/\/blog.zeit.de\/stoerungsmelder\/author\/stoerungsmelder\"}]}<\/script>\n<!-- \/ Yoast SEO plugin. -->","yoast_head_json":{"title":"Neonazi-Schie\u00dftraining mit VS-Spitzel - St\u00f6rungsmelder","robots":{"index":"index","follow":"follow","max-snippet":"max-snippet:-1","max-image-preview":"max-image-preview:large","max-video-preview":"max-video-preview:-1"},"canonical":"https:\/\/blog.zeit.de\/stoerungsmelder\/2012\/04\/15\/neonazi-schiestraining-mit-vs-spitzel_8418","og_locale":"de_DE","og_type":"article","og_title":"Neonazi-Schie\u00dftraining mit VS-Spitzel - St\u00f6rungsmelder","og_description":"Der th\u00fcringische Verfassungsschutz-Spitzel Tino Brandt hat bereits im Jahr 1995 an Schie\u00df\u00fcbungen teilgenommen. War m\u00f6glicherweise auch Beate Zsch\u00e4pe beteiligt?","og_url":"https:\/\/blog.zeit.de\/stoerungsmelder\/2012\/04\/15\/neonazi-schiestraining-mit-vs-spitzel_8418","og_site_name":"St\u00f6rungsmelder","article_published_time":"2012-04-15T16:58:40+00:00","og_image":[{"url":"https:\/\/blog.zeit.de\/stoerungsmelder\/files\/2012\/04\/nsu-540x304.jpg"}],"author":"St\u00f6rungsmelder","twitter_card":"summary_large_image","twitter_misc":{"Geschrieben von":"St\u00f6rungsmelder","Gesch\u00e4tzte Lesezeit":"1\u00a0Minute"},"schema":{"@context":"https:\/\/schema.org","@graph":[{"@type":"WebPage","@id":"https:\/\/blog.zeit.de\/stoerungsmelder\/2012\/04\/15\/neonazi-schiestraining-mit-vs-spitzel_8418","url":"https:\/\/blog.zeit.de\/stoerungsmelder\/2012\/04\/15\/neonazi-schiestraining-mit-vs-spitzel_8418","name":"Neonazi-Schie\u00dftraining mit VS-Spitzel - St\u00f6rungsmelder","isPartOf":{"@id":"https:\/\/blog.zeit.de\/stoerungsmelder\/#website"},"datePublished":"2012-04-15T16:58:40+00:00","dateModified":"2012-04-15T16:58:40+00:00","author":{"@id":"https:\/\/blog.zeit.de\/stoerungsmelder\/#\/schema\/person\/fdd0b9818f65738672810b6d6f037f71"},"breadcrumb":{"@id":"https:\/\/blog.zeit.de\/stoerungsmelder\/2012\/04\/15\/neonazi-schiestraining-mit-vs-spitzel_8418#breadcrumb"},"inLanguage":"de","potentialAction":[{"@type":"ReadAction","target":["https:\/\/blog.zeit.de\/stoerungsmelder\/2012\/04\/15\/neonazi-schiestraining-mit-vs-spitzel_8418"]}]},{"@type":"BreadcrumbList","@id":"https:\/\/blog.zeit.de\/stoerungsmelder\/2012\/04\/15\/neonazi-schiestraining-mit-vs-spitzel_8418#breadcrumb","itemListElement":[{"@type":"ListItem","position":1,"name":"Startseite","item":"https:\/\/blog.zeit.de\/stoerungsmelder"},{"@type":"ListItem","position":2,"name":"Neonazi-Schie\u00dftraining mit VS-Spitzel"}]},{"@type":"WebSite","@id":"https:\/\/blog.zeit.de\/stoerungsmelder\/#website","url":"https:\/\/blog.zeit.de\/stoerungsmelder\/","name":"St\u00f6rungsmelder","description":"Recherchen und Analysen \u00fcber die extreme Rechte","potentialAction":[{"@type":"SearchAction","target":{"@type":"EntryPoint","urlTemplate":"https:\/\/blog.zeit.de\/stoerungsmelder\/?s={search_term_string}"},"query-input":"required name=search_term_string"}],"inLanguage":"de"},{"@type":"Person","@id":"https:\/\/blog.zeit.de\/stoerungsmelder\/#\/schema\/person\/fdd0b9818f65738672810b6d6f037f71","name":"St\u00f6rungsmelder","image":{"@type":"ImageObject","inLanguage":"de","@id":"https:\/\/blog.zeit.de\/stoerungsmelder\/#\/schema\/person\/image\/","url":"https:\/\/secure.gravatar.com\/avatar\/dfa4be514c3e82a71e4f9a0020035d38192d080ccaa5e4e6d7a1472c763535c5?s=96&d=mm&r=pg","contentUrl":"https:\/\/secure.gravatar.com\/avatar\/dfa4be514c3e82a71e4f9a0020035d38192d080ccaa5e4e6d7a1472c763535c5?s=96&d=mm&r=pg","caption":"St\u00f6rungsmelder"},"url":"https:\/\/blog.zeit.de\/stoerungsmelder\/author\/stoerungsmelder"}]}},"jetpack_featured_media_url":"","jetpack_sharing_enabled":true,"_links":{"self":[{"href":"https:\/\/blog.zeit.de\/stoerungsmelder\/wp-json\/wp\/v2\/posts\/8418","targetHints":{"allow":["GET"]}}],"collection":[{"href":"https:\/\/blog.zeit.de\/stoerungsmelder\/wp-json\/wp\/v2\/posts"}],"about":[{"href":"https:\/\/blog.zeit.de\/stoerungsmelder\/wp-json\/wp\/v2\/types\/post"}],"author":[{"embeddable":true,"href":"https:\/\/blog.zeit.de\/stoerungsmelder\/wp-json\/wp\/v2\/users\/229"}],"replies":[{"embeddable":true,"href":"https:\/\/blog.zeit.de\/stoerungsmelder\/wp-json\/wp\/v2\/comments?post=8418"}],"version-history":[{"count":2,"href":"https:\/\/blog.zeit.de\/stoerungsmelder\/wp-json\/wp\/v2\/posts\/8418\/revisions"}],"predecessor-version":[{"id":8421,"href":"https:\/\/blog.zeit.de\/stoerungsmelder\/wp-json\/wp\/v2\/posts\/8418\/revisions\/8421"}],"wp:attachment":[{"href":"https:\/\/blog.zeit.de\/stoerungsmelder\/wp-json\/wp\/v2\/media?parent=8418"}],"wp:term":[{"taxonomy":"category","embeddable":true,"href":"https:\/\/blog.zeit.de\/stoerungsmelder\/wp-json\/wp\/v2\/categories?post=8418"},{"taxonomy":"post_tag","embeddable":true,"href":"https:\/\/blog.zeit.de\/stoerungsmelder\/wp-json\/wp\/v2\/tags?post=8418"}],"curies":[{"name":"wp","href":"https:\/\/api.w.org\/{rel}","templated":true}]}}