{"id":8451,"date":"2012-04-23T11:57:13","date_gmt":"2012-04-23T09:57:13","guid":{"rendered":"http:\/\/blog.zeit.de\/stoerungsmelder\/?p=8451"},"modified":"2012-04-23T11:57:13","modified_gmt":"2012-04-23T09:57:13","slug":"broschure-zur-instrumentalisierung-von-moscheebaukonflikten-erschienen","status":"publish","type":"post","link":"https:\/\/blog.zeit.de\/stoerungsmelder\/2012\/04\/23\/broschure-zur-instrumentalisierung-von-moscheebaukonflikten-erschienen_8451","title":{"rendered":"Brosch\u00fcre zur Instrumentalisierung von Moscheebaukonflikten erschienen"},"content":{"rendered":"<p><a href=\"https:\/\/blog.zeit.de\/stoerungsmelder\/files\/2012\/04\/i3m2oaaq.jpg\"><img loading=\"lazy\" decoding=\"async\" class=\"alignleft size-medium wp-image-8455\" src=\"https:\/\/blog.zeit.de\/stoerungsmelder\/files\/2012\/04\/i3m2oaaq-212x300.jpg\" alt=\"\" width=\"212\" height=\"300\" srcset=\"https:\/\/blog.zeit.de\/stoerungsmelder\/files\/2012\/04\/i3m2oaaq-212x300.jpg 212w, https:\/\/blog.zeit.de\/stoerungsmelder\/files\/2012\/04\/i3m2oaaq.jpg 577w\" sizes=\"auto, (max-width: 212px) 100vw, 212px\" \/><\/a>Laut der Studie \u201eDie Mitte in der Krise\u201c der Friedrich-Ebert-Stiftung bef\u00fcrworten mehr als die H\u00e4lfte aller Bundesb\u00fcrger die Aussage, dass die Religionsaus\u00fcbung von Muslimen in Deutschland erheblich eingeschr\u00e4nkt werden sollte. Da verwundert es kaum, dass insbesondere Parteien vom rechten Rand versuchen mit rassistischen Parolen gegen Muslime Stimmung zu machen. Gerade Konflikte um Moscheebauten bieten sich Rechten als Projektionsfl\u00e4chen an. Die Info- und Bildungsstelle gegen Rechtsextremismus der Stadt K\u00f6ln hat nun eine Brosch\u00fcre herausgegeben, die sich der Instrumentalisierung von Moscheebaukonflikten durch die extreme Rechte widmet.<!--more--><\/p>\n<p>Beim Erstellen der Brosch\u00fcre konnten die Herausgeber nicht ahnen das die rot-gr\u00fcne Minderheitsregierung Mitte M\u00e4rz in Nordrhein-Westfalen scheitern w\u00fcrde. Im Landtagswahlkampf treten jetzt auch die rechtspopulistische B\u00fcrgerbewegung Pro K\u00f6ln respektive ihre Schwesterorganisation Pro NRW wieder als wahrnehmbare Akteure auf. Neben den \u00fcblichen Wahlplakaten, die \u00c4ngste vor einer angeblichen \u201eIslamisierung\u201c Deutschlands sch\u00fcren sollen, tritt die Pro-Bewegung auch mit einem ehrgeizigen Propagandacoup auf den Plan. Selbstinszeniert als \u201eTour f\u00fcr die Freiheit\u201c wollen die Rechten an mehreren Tagen ab dem 28. April \u201eBrennpunkte[&#8230;] der Islamisierung in 25 St\u00e4dten in Nordrhein-Westfalen[s]\u201c anfahren. Geplant sind Kundgebungen vor scheinbar wahllos ausgew\u00e4hlten islamischen Gottesh\u00e4usern, die damit zum Mittelpunkt und Objekt eines rassistischen Wahlkampfes werden sollen.<\/p>\n<p>Zwar befasst sich die Brosch\u00fcre im Schwerpunkt mit der Instrumentalisierung von Konflikten um Moscheebauten durch die extreme Rechte. Doch das vermittelte Hintergrundwissen und die Informationen \u00fcber Ideologie und Auftreten der rechten Akteure sind auch im Hinblick auf einen rassistischen Wahlkampf relevant.<\/p>\n<p>In der Brosch\u00fcre finden sich zu Beginn Beitr\u00e4ge \u00fcber Moscheebaukonflikte in K\u00f6ln, Hamm, Pulheim und Dortmund. So gelingt es einen umfangreichen Einblick in die Vielschichtigkeit von Konflikten, ihre Instrumentalisierungen durch die extreme Rechte und Reaktionen auf die rassistischen Mobilmachungen zu liefern. Es folgen mehrere wissenschaftliche und journalistische Aufs\u00e4tze zu antimuslimischem Rassismus und Rechtspopulismus. Auch wenn es sich hierbei nur um Nachdrucke bereits erschienener Texte handelt, vermitteln diese dem Leser trotzdem ein solides Hintergrundwissen. Im letzten Teil der Brosch\u00fcre werden Handlungsm\u00f6glichkeiten gegen Muslimfeindschaft in der Bildungspolitik aufgezeigt und die M\u00f6glichkeiten Mobiler Beratung bei Moscheebaukonflikten vorgestellt.<\/p>\n<p>\u201eWir wollten eine ganz praktische Handreichung entwickeln\u201c, erkl\u00e4rt Mitherausgeber und Leiter der Info- und Bildungsstelle Hans-Peter Killguss die Motivation hinter der Brosch\u00fcre. Interessierten solle das \u201eR\u00fcstzeug mit auf den Weg gegeben werden, um in Moscheebaukonflikten besser ausgestattet zu sein\u201c. Einen Masterplan gegen Muslimfeindlichkeit und rassistische Instrumentalisierungen liefert die Brosch\u00fcre trotzdem nicht. Aber sie versetzt Interessiete in die Lage zu reflektieren und eigenst\u00e4ndig Handlungsm\u00f6glichkeiten zu erarbeiten. Darin liegt zweifelsfrei ihr Wert und Verdienst.<\/p>\n<p>Die Herausgeber sind Mitarbeiter der Info- und Bildungsstelle gegen Rechtsextremismus der Stadt K\u00f6ln. Die Stelle besteht seit 2008 im NS-Dokumentationszentrum der Domstadt. Hans-Peter Killguss ist P\u00e4dagoge und Leiter der st\u00e4dtischen Einrichtung. Patrick Fels und Hendrik Puls sind Mitarbeiter der Mobilen Beratung im Regierungsbezirk K\u00f6ln. Fels ist Politikwissenschaftler, Puls Soziologe.<\/p>\n<p><strong>Patrick Fels, Hans-Peter Killguss und Hendrik Puls (Hg.)<\/strong><br \/>\n<strong> \u201eMoscheebaukonflikte und ihre Instrumentalisierung durch die extreme Rechte\u201c<\/strong><br \/>\n<strong> Beitr\u00e4ge und Materialien 5 der Info- und Bildungsstelle gegen Rechtsextremismus im NS-DOK der Stadt K\u00f6ln, K\u00f6ln 2012, 60 Seiten; ISBN 978-3-938636-15-2<\/strong><\/p>\n<p>Die Brosch\u00fcre ist gegen eine Schutzgeb\u00fchr von 3 Euro zzgl. Porto beim NS-Dokumentationszentrum der Stadt K\u00f6ln zu bestellen. ibs@stadt-koeln.de und 0221\/221-26332 Internet: <a href=\"www.mbr-koeln.de\">www.mbr-koeln.de<\/a><\/p>\n","protected":false},"excerpt":{"rendered":"<p>Laut der Studie \u201eDie Mitte in der Krise\u201c der Friedrich-Ebert-Stiftung bef\u00fcrworten mehr als die H\u00e4lfte aller Bundesb\u00fcrger die Aussage, dass die Religionsaus\u00fcbung von Muslimen in Deutschland erheblich eingeschr\u00e4nkt werden sollte. Da verwundert es kaum, dass insbesondere Parteien vom rechten Rand versuchen mit rassistischen Parolen gegen Muslime Stimmung zu machen. Gerade Konflikte um Moscheebauten bieten sich [&hellip;]<\/p>\n","protected":false},"author":349,"featured_media":0,"comment_status":"open","ping_status":"open","sticky":false,"template":"","format":"standard","meta":{"_jetpack_memberships_contains_paid_content":false,"footnotes":""},"categories":[1291],"tags":[1578,1749,1750,1763],"class_list":["post-8451","post","type-post","status-publish","format-standard","hentry","category-nordrhein-westfalen","tag-gegenstrategien","tag-pro-koln","tag-pro-nrw","tag-rechtspopulismus"],"yoast_head":"<!-- This site is optimized with the Yoast SEO plugin v21.0 - https:\/\/yoast.com\/wordpress\/plugins\/seo\/ -->\n<title>Brosch\u00fcre zur Instrumentalisierung von Moscheebaukonflikten erschienen - St\u00f6rungsmelder<\/title>\n<meta name=\"robots\" content=\"index, follow, max-snippet:-1, max-image-preview:large, max-video-preview:-1\" \/>\n<link rel=\"canonical\" href=\"https:\/\/blog.zeit.de\/stoerungsmelder\/2012\/04\/23\/broschure-zur-instrumentalisierung-von-moscheebaukonflikten-erschienen_8451\" \/>\n<meta property=\"og:locale\" content=\"de_DE\" \/>\n<meta property=\"og:type\" content=\"article\" \/>\n<meta property=\"og:title\" content=\"Brosch\u00fcre zur Instrumentalisierung von Moscheebaukonflikten erschienen - St\u00f6rungsmelder\" \/>\n<meta property=\"og:description\" content=\"Laut der Studie \u201eDie Mitte in der Krise\u201c der Friedrich-Ebert-Stiftung bef\u00fcrworten mehr als die H\u00e4lfte aller Bundesb\u00fcrger die Aussage, dass die Religionsaus\u00fcbung von Muslimen in Deutschland erheblich eingeschr\u00e4nkt werden sollte. Da verwundert es kaum, dass insbesondere Parteien vom rechten Rand versuchen mit rassistischen Parolen gegen Muslime Stimmung zu machen. Gerade Konflikte um Moscheebauten bieten sich [&hellip;]\" \/>\n<meta property=\"og:url\" content=\"https:\/\/blog.zeit.de\/stoerungsmelder\/2012\/04\/23\/broschure-zur-instrumentalisierung-von-moscheebaukonflikten-erschienen_8451\" \/>\n<meta property=\"og:site_name\" content=\"St\u00f6rungsmelder\" \/>\n<meta property=\"article:published_time\" content=\"2012-04-23T09:57:13+00:00\" \/>\n<meta property=\"og:image\" content=\"https:\/\/blog.zeit.de\/stoerungsmelder\/files\/2012\/04\/i3m2oaaq-212x300.jpg\" \/>\n<meta name=\"author\" content=\"Max Bassin\" \/>\n<meta name=\"twitter:card\" content=\"summary_large_image\" \/>\n<meta name=\"twitter:label1\" content=\"Geschrieben von\" \/>\n\t<meta name=\"twitter:data1\" content=\"Max Bassin\" \/>\n\t<meta name=\"twitter:label2\" content=\"Gesch\u00e4tzte Lesezeit\" \/>\n\t<meta name=\"twitter:data2\" content=\"3\u00a0Minuten\" \/>\n<script type=\"application\/ld+json\" class=\"yoast-schema-graph\">{\"@context\":\"https:\/\/schema.org\",\"@graph\":[{\"@type\":\"WebPage\",\"@id\":\"https:\/\/blog.zeit.de\/stoerungsmelder\/2012\/04\/23\/broschure-zur-instrumentalisierung-von-moscheebaukonflikten-erschienen_8451\",\"url\":\"https:\/\/blog.zeit.de\/stoerungsmelder\/2012\/04\/23\/broschure-zur-instrumentalisierung-von-moscheebaukonflikten-erschienen_8451\",\"name\":\"Brosch\u00fcre zur Instrumentalisierung von Moscheebaukonflikten erschienen - St\u00f6rungsmelder\",\"isPartOf\":{\"@id\":\"https:\/\/blog.zeit.de\/stoerungsmelder\/#website\"},\"datePublished\":\"2012-04-23T09:57:13+00:00\",\"dateModified\":\"2012-04-23T09:57:13+00:00\",\"author\":{\"@id\":\"https:\/\/blog.zeit.de\/stoerungsmelder\/#\/schema\/person\/3d4da107c074cadcc60561b7c57aab0b\"},\"breadcrumb\":{\"@id\":\"https:\/\/blog.zeit.de\/stoerungsmelder\/2012\/04\/23\/broschure-zur-instrumentalisierung-von-moscheebaukonflikten-erschienen_8451#breadcrumb\"},\"inLanguage\":\"de\",\"potentialAction\":[{\"@type\":\"ReadAction\",\"target\":[\"https:\/\/blog.zeit.de\/stoerungsmelder\/2012\/04\/23\/broschure-zur-instrumentalisierung-von-moscheebaukonflikten-erschienen_8451\"]}]},{\"@type\":\"BreadcrumbList\",\"@id\":\"https:\/\/blog.zeit.de\/stoerungsmelder\/2012\/04\/23\/broschure-zur-instrumentalisierung-von-moscheebaukonflikten-erschienen_8451#breadcrumb\",\"itemListElement\":[{\"@type\":\"ListItem\",\"position\":1,\"name\":\"Startseite\",\"item\":\"https:\/\/blog.zeit.de\/stoerungsmelder\"},{\"@type\":\"ListItem\",\"position\":2,\"name\":\"Brosch\u00fcre zur Instrumentalisierung von Moscheebaukonflikten erschienen\"}]},{\"@type\":\"WebSite\",\"@id\":\"https:\/\/blog.zeit.de\/stoerungsmelder\/#website\",\"url\":\"https:\/\/blog.zeit.de\/stoerungsmelder\/\",\"name\":\"St\u00f6rungsmelder\",\"description\":\"Recherchen und Analysen \u00fcber die extreme Rechte\",\"potentialAction\":[{\"@type\":\"SearchAction\",\"target\":{\"@type\":\"EntryPoint\",\"urlTemplate\":\"https:\/\/blog.zeit.de\/stoerungsmelder\/?s={search_term_string}\"},\"query-input\":\"required name=search_term_string\"}],\"inLanguage\":\"de\"},{\"@type\":\"Person\",\"@id\":\"https:\/\/blog.zeit.de\/stoerungsmelder\/#\/schema\/person\/3d4da107c074cadcc60561b7c57aab0b\",\"name\":\"Max Bassin\",\"image\":{\"@type\":\"ImageObject\",\"inLanguage\":\"de\",\"@id\":\"https:\/\/blog.zeit.de\/stoerungsmelder\/#\/schema\/person\/image\/\",\"url\":\"https:\/\/secure.gravatar.com\/avatar\/a465f2d02ca3a4ba2fcbc41adc7bd2c8df44b5b969eb8bb0e1d1dd782fef3ffe?s=96&d=mm&r=pg\",\"contentUrl\":\"https:\/\/secure.gravatar.com\/avatar\/a465f2d02ca3a4ba2fcbc41adc7bd2c8df44b5b969eb8bb0e1d1dd782fef3ffe?s=96&d=mm&r=pg\",\"caption\":\"Max Bassin\"},\"url\":\"https:\/\/blog.zeit.de\/stoerungsmelder\/author\/maxbassin\"}]}<\/script>\n<!-- \/ Yoast SEO plugin. -->","yoast_head_json":{"title":"Brosch\u00fcre zur Instrumentalisierung von Moscheebaukonflikten erschienen - St\u00f6rungsmelder","robots":{"index":"index","follow":"follow","max-snippet":"max-snippet:-1","max-image-preview":"max-image-preview:large","max-video-preview":"max-video-preview:-1"},"canonical":"https:\/\/blog.zeit.de\/stoerungsmelder\/2012\/04\/23\/broschure-zur-instrumentalisierung-von-moscheebaukonflikten-erschienen_8451","og_locale":"de_DE","og_type":"article","og_title":"Brosch\u00fcre zur Instrumentalisierung von Moscheebaukonflikten erschienen - St\u00f6rungsmelder","og_description":"Laut der Studie \u201eDie Mitte in der Krise\u201c der Friedrich-Ebert-Stiftung bef\u00fcrworten mehr als die H\u00e4lfte aller Bundesb\u00fcrger die Aussage, dass die Religionsaus\u00fcbung von Muslimen in Deutschland erheblich eingeschr\u00e4nkt werden sollte. Da verwundert es kaum, dass insbesondere Parteien vom rechten Rand versuchen mit rassistischen Parolen gegen Muslime Stimmung zu machen. Gerade Konflikte um Moscheebauten bieten sich [&hellip;]","og_url":"https:\/\/blog.zeit.de\/stoerungsmelder\/2012\/04\/23\/broschure-zur-instrumentalisierung-von-moscheebaukonflikten-erschienen_8451","og_site_name":"St\u00f6rungsmelder","article_published_time":"2012-04-23T09:57:13+00:00","og_image":[{"url":"https:\/\/blog.zeit.de\/stoerungsmelder\/files\/2012\/04\/i3m2oaaq-212x300.jpg"}],"author":"Max Bassin","twitter_card":"summary_large_image","twitter_misc":{"Geschrieben von":"Max Bassin","Gesch\u00e4tzte Lesezeit":"3\u00a0Minuten"},"schema":{"@context":"https:\/\/schema.org","@graph":[{"@type":"WebPage","@id":"https:\/\/blog.zeit.de\/stoerungsmelder\/2012\/04\/23\/broschure-zur-instrumentalisierung-von-moscheebaukonflikten-erschienen_8451","url":"https:\/\/blog.zeit.de\/stoerungsmelder\/2012\/04\/23\/broschure-zur-instrumentalisierung-von-moscheebaukonflikten-erschienen_8451","name":"Brosch\u00fcre zur Instrumentalisierung von Moscheebaukonflikten erschienen - St\u00f6rungsmelder","isPartOf":{"@id":"https:\/\/blog.zeit.de\/stoerungsmelder\/#website"},"datePublished":"2012-04-23T09:57:13+00:00","dateModified":"2012-04-23T09:57:13+00:00","author":{"@id":"https:\/\/blog.zeit.de\/stoerungsmelder\/#\/schema\/person\/3d4da107c074cadcc60561b7c57aab0b"},"breadcrumb":{"@id":"https:\/\/blog.zeit.de\/stoerungsmelder\/2012\/04\/23\/broschure-zur-instrumentalisierung-von-moscheebaukonflikten-erschienen_8451#breadcrumb"},"inLanguage":"de","potentialAction":[{"@type":"ReadAction","target":["https:\/\/blog.zeit.de\/stoerungsmelder\/2012\/04\/23\/broschure-zur-instrumentalisierung-von-moscheebaukonflikten-erschienen_8451"]}]},{"@type":"BreadcrumbList","@id":"https:\/\/blog.zeit.de\/stoerungsmelder\/2012\/04\/23\/broschure-zur-instrumentalisierung-von-moscheebaukonflikten-erschienen_8451#breadcrumb","itemListElement":[{"@type":"ListItem","position":1,"name":"Startseite","item":"https:\/\/blog.zeit.de\/stoerungsmelder"},{"@type":"ListItem","position":2,"name":"Brosch\u00fcre zur Instrumentalisierung von Moscheebaukonflikten erschienen"}]},{"@type":"WebSite","@id":"https:\/\/blog.zeit.de\/stoerungsmelder\/#website","url":"https:\/\/blog.zeit.de\/stoerungsmelder\/","name":"St\u00f6rungsmelder","description":"Recherchen und Analysen \u00fcber die extreme Rechte","potentialAction":[{"@type":"SearchAction","target":{"@type":"EntryPoint","urlTemplate":"https:\/\/blog.zeit.de\/stoerungsmelder\/?s={search_term_string}"},"query-input":"required name=search_term_string"}],"inLanguage":"de"},{"@type":"Person","@id":"https:\/\/blog.zeit.de\/stoerungsmelder\/#\/schema\/person\/3d4da107c074cadcc60561b7c57aab0b","name":"Max Bassin","image":{"@type":"ImageObject","inLanguage":"de","@id":"https:\/\/blog.zeit.de\/stoerungsmelder\/#\/schema\/person\/image\/","url":"https:\/\/secure.gravatar.com\/avatar\/a465f2d02ca3a4ba2fcbc41adc7bd2c8df44b5b969eb8bb0e1d1dd782fef3ffe?s=96&d=mm&r=pg","contentUrl":"https:\/\/secure.gravatar.com\/avatar\/a465f2d02ca3a4ba2fcbc41adc7bd2c8df44b5b969eb8bb0e1d1dd782fef3ffe?s=96&d=mm&r=pg","caption":"Max Bassin"},"url":"https:\/\/blog.zeit.de\/stoerungsmelder\/author\/maxbassin"}]}},"jetpack_featured_media_url":"","jetpack_sharing_enabled":true,"_links":{"self":[{"href":"https:\/\/blog.zeit.de\/stoerungsmelder\/wp-json\/wp\/v2\/posts\/8451","targetHints":{"allow":["GET"]}}],"collection":[{"href":"https:\/\/blog.zeit.de\/stoerungsmelder\/wp-json\/wp\/v2\/posts"}],"about":[{"href":"https:\/\/blog.zeit.de\/stoerungsmelder\/wp-json\/wp\/v2\/types\/post"}],"author":[{"embeddable":true,"href":"https:\/\/blog.zeit.de\/stoerungsmelder\/wp-json\/wp\/v2\/users\/349"}],"replies":[{"embeddable":true,"href":"https:\/\/blog.zeit.de\/stoerungsmelder\/wp-json\/wp\/v2\/comments?post=8451"}],"version-history":[{"count":4,"href":"https:\/\/blog.zeit.de\/stoerungsmelder\/wp-json\/wp\/v2\/posts\/8451\/revisions"}],"predecessor-version":[{"id":8456,"href":"https:\/\/blog.zeit.de\/stoerungsmelder\/wp-json\/wp\/v2\/posts\/8451\/revisions\/8456"}],"wp:attachment":[{"href":"https:\/\/blog.zeit.de\/stoerungsmelder\/wp-json\/wp\/v2\/media?parent=8451"}],"wp:term":[{"taxonomy":"category","embeddable":true,"href":"https:\/\/blog.zeit.de\/stoerungsmelder\/wp-json\/wp\/v2\/categories?post=8451"},{"taxonomy":"post_tag","embeddable":true,"href":"https:\/\/blog.zeit.de\/stoerungsmelder\/wp-json\/wp\/v2\/tags?post=8451"}],"curies":[{"name":"wp","href":"https:\/\/api.w.org\/{rel}","templated":true}]}}