{"id":8510,"date":"2012-05-02T15:16:59","date_gmt":"2012-05-02T13:16:59","guid":{"rendered":"http:\/\/blog.zeit.de\/stoerungsmelder\/?p=8510"},"modified":"2012-05-02T15:17:44","modified_gmt":"2012-05-02T13:17:44","slug":"neonazis-attackieren-%e2%80%9elausitzer-rundschau","status":"publish","type":"post","link":"https:\/\/blog.zeit.de\/stoerungsmelder\/2012\/05\/02\/neonazis-attackieren-%e2%80%9elausitzer-rundschau_8510","title":{"rendered":"Neonazis attackieren \u201eLausitzer Rundschau\u201c"},"content":{"rendered":"<p><figure id=\"attachment_8511\" aria-describedby=\"caption-attachment-8511\" style=\"width: 540px\" class=\"wp-caption aligncenter\"><a href=\"https:\/\/blog.zeit.de\/stoerungsmelder\/files\/2012\/05\/5.jpg\"><img loading=\"lazy\" decoding=\"async\" class=\" wp-image-8511\" src=\"https:\/\/blog.zeit.de\/stoerungsmelder\/files\/2012\/05\/5.jpg\" alt=\"\" width=\"540\" height=\"405\" srcset=\"https:\/\/blog.zeit.de\/stoerungsmelder\/files\/2012\/05\/5.jpg 580w, https:\/\/blog.zeit.de\/stoerungsmelder\/files\/2012\/05\/5-300x225.jpg 300w\" sizes=\"auto, (max-width: 540px) 100vw, 540px\" \/><\/a><figcaption id=\"caption-attachment-8511\" class=\"wp-caption-text\">Die von Neonazis beschmierte Redaktion \u00a9 Rundschau<\/figcaption><\/figure><\/p>\n<p>Etwas Vergleichbares hat es bislang nicht gegeben. Eine Zeitung berichtet kritisch \u00fcber die Neonazi-Szene und wird danach selbst Opfer von Angriffen. So ist es der &#8222;Lausitzer Rundschau&#8220; im brandenburgischen Spremberg ergangenen.<!--more--><\/p>\n<p><em>Von <a href=\"http:\/\/www.tagesspiegel.de\/berlin\/nach-kritischer-berichterstattung-neonazis-attackieren-lausitzer-rundschau\/6577404.html\">Tagesspiegel<\/a>-Autorin Sandra Dassler<\/em><\/p>\n<p>Die Rechtsradikalen kamen gleich zwei N\u00e4chte hintereinander: In der Nacht zum Montag beschmierten sie das Geb\u00e4ude der <a href=\"http:\/\/www.lr-online.de\/\">Lokalredaktion der Tageszeitung \u201eLausitzer Rundschau\u201c<\/a> im s\u00fcdbrandenburgischen Spremberg mit Parolen und Bildern einer Neonazi-Demonstration. In der Nacht zu Dienstag wurden dann Innereien von Tieren ans Schild der Redaktion geh\u00e4ngt. \u201eEklig, anonym und feige\u201c, nannte der Chefredakteur der Lausitzer Rundschau, Johannes M. Fischer, die Anschl\u00e4ge. F\u00fcr ihn steht fest, dass sie von Rechtsradikalen ausgingen. \u201eWir haben in der vergangenen Woche mehrfach kritisch \u00fcber die rechte Szene in Spremberg berichtet\u201c, sagte er am Dienstag dem Tagesspiegel: \u201eDas hat ihnen wohl nicht gefallen. Aber nun werden wir noch intensiver recherchieren und noch engagierter schreiben und kommentieren.\u201c<\/p>\n<p>Ren\u00e9 Wappler, ein Spremberger Redakteur hatte in der vergangenen Woche den Verfassungsschutzbericht f\u00fcr das Jahr 2011 zum Anlass genommen, \u00fcber die zunehmende Pr\u00e4senz von rechtsextremen Gruppen in der Stadt an der Grenze zu Sachsen zu berichten. Da ging es um Parolen des Neonazi-Netzwerks \u201eWiderstand S\u00fcdbrandenburg\u201c an den H\u00e4userw\u00e4nden ebenso wie um ausl\u00e4nderfeindliche \u00dcbergriffe. Selbst Sprembergs B\u00fcrgermeister Klaus-Peter Schulze (CDU) \u00e4u\u00dferte sich in der Stadtverordnetenversammlung besorgt \u00fcber den Anstieg der Straftaten mit politischem Hintergrund.<\/p>\n<p>Noch mehr ver\u00e4rgert haben d\u00fcrfte die Mitglieder der Spremberger Neonazi-Szene aber ein Artikel desselben Redakteurs \u00fcber eine Feier am Spremberger Bismarckturm. \u201eDa haben sich mehr als 30 Vermummte mit Fackeln, Fahnen und Transparenten getroffen. Und Bilder von dieser Demo wurden jetzt an unser Redaktionsgeb\u00e4ude geklebt\u201c, sagt Wappler.<\/p>\n<p>Einen vergleichbaren Vorgang hat es seinen Angaben zufolge noch nicht gegeben \u2013 eine verbale Attacken aber schon, und zwar durch ein Mitglied der Spremberger \u201eGremium MC\u201c-Rocker. Die unterhalten nach Einsch\u00e4tzung des Mobilen Beratungsteams, das die Neonazi-Szene seit Jahren beobachtet, intensive Kontakte in die rechtsextreme Szene.<\/p>\n<p>Zahlreiche Politiker, darunter Brandenburgs Innenminister Dietmar Woidke (SPD), verurteilten den \u201eAngriff auf die Pressefreiheit\u201c. Die Kriminalpolizei und der Staatsschutz ermitteln. F\u00fcr Ren\u00e9 Wappler und die anderen Redakteure in Spremberg steht fest: \u201eWir lassen uns nicht einsch\u00fcchtern.\u201c<\/p>\n","protected":false},"excerpt":{"rendered":"<p>Etwas Vergleichbares hat es bislang nicht gegeben. Eine Zeitung berichtet kritisch \u00fcber die Neonazi-Szene und wird danach selbst Opfer von Angriffen. So ist es der &#8222;Lausitzer Rundschau&#8220; im brandenburgischen Spremberg ergangenen.<\/p>\n","protected":false},"author":229,"featured_media":0,"comment_status":"open","ping_status":"open","sticky":false,"template":"","format":"standard","meta":{"_jetpack_memberships_contains_paid_content":false,"footnotes":""},"categories":[1451],"tags":[1755,1858],"class_list":["post-8510","post","type-post","status-publish","format-standard","hentry","category-brandenburg","tag-rechte-gewalt","tag-zivilcourage"],"yoast_head":"<!-- This site is optimized with the Yoast SEO plugin v21.0 - https:\/\/yoast.com\/wordpress\/plugins\/seo\/ -->\n<title>Neonazis attackieren \u201eLausitzer Rundschau\u201c - St\u00f6rungsmelder<\/title>\n<meta name=\"robots\" content=\"index, follow, max-snippet:-1, max-image-preview:large, max-video-preview:-1\" \/>\n<link rel=\"canonical\" href=\"https:\/\/blog.zeit.de\/stoerungsmelder\/2012\/05\/02\/neonazis-attackieren-\u201elausitzer-rundschau_8510\" \/>\n<meta property=\"og:locale\" content=\"de_DE\" \/>\n<meta property=\"og:type\" content=\"article\" \/>\n<meta property=\"og:title\" content=\"Neonazis attackieren \u201eLausitzer Rundschau\u201c - St\u00f6rungsmelder\" \/>\n<meta property=\"og:description\" content=\"Etwas Vergleichbares hat es bislang nicht gegeben. Eine Zeitung berichtet kritisch \u00fcber die Neonazi-Szene und wird danach selbst Opfer von Angriffen. So ist es der &#8222;Lausitzer Rundschau&#8220; im brandenburgischen Spremberg ergangenen.\" \/>\n<meta property=\"og:url\" content=\"https:\/\/blog.zeit.de\/stoerungsmelder\/2012\/05\/02\/neonazis-attackieren-\u201elausitzer-rundschau_8510\" \/>\n<meta property=\"og:site_name\" content=\"St\u00f6rungsmelder\" \/>\n<meta property=\"article:published_time\" content=\"2012-05-02T13:16:59+00:00\" \/>\n<meta property=\"article:modified_time\" content=\"2012-05-02T13:17:44+00:00\" \/>\n<meta property=\"og:image\" content=\"https:\/\/blog.zeit.de\/stoerungsmelder\/files\/2012\/05\/5.jpg\" \/>\n<meta name=\"author\" content=\"St\u00f6rungsmelder\" \/>\n<meta name=\"twitter:card\" content=\"summary_large_image\" \/>\n<meta name=\"twitter:label1\" content=\"Geschrieben von\" \/>\n\t<meta name=\"twitter:data1\" content=\"St\u00f6rungsmelder\" \/>\n\t<meta name=\"twitter:label2\" content=\"Gesch\u00e4tzte Lesezeit\" \/>\n\t<meta name=\"twitter:data2\" content=\"2\u00a0Minuten\" \/>\n<script type=\"application\/ld+json\" class=\"yoast-schema-graph\">{\"@context\":\"https:\/\/schema.org\",\"@graph\":[{\"@type\":\"WebPage\",\"@id\":\"https:\/\/blog.zeit.de\/stoerungsmelder\/2012\/05\/02\/neonazis-attackieren-%e2%80%9elausitzer-rundschau_8510\",\"url\":\"https:\/\/blog.zeit.de\/stoerungsmelder\/2012\/05\/02\/neonazis-attackieren-%e2%80%9elausitzer-rundschau_8510\",\"name\":\"Neonazis attackieren \u201eLausitzer Rundschau\u201c - St\u00f6rungsmelder\",\"isPartOf\":{\"@id\":\"https:\/\/blog.zeit.de\/stoerungsmelder\/#website\"},\"datePublished\":\"2012-05-02T13:16:59+00:00\",\"dateModified\":\"2012-05-02T13:17:44+00:00\",\"author\":{\"@id\":\"https:\/\/blog.zeit.de\/stoerungsmelder\/#\/schema\/person\/fdd0b9818f65738672810b6d6f037f71\"},\"breadcrumb\":{\"@id\":\"https:\/\/blog.zeit.de\/stoerungsmelder\/2012\/05\/02\/neonazis-attackieren-%e2%80%9elausitzer-rundschau_8510#breadcrumb\"},\"inLanguage\":\"de\",\"potentialAction\":[{\"@type\":\"ReadAction\",\"target\":[\"https:\/\/blog.zeit.de\/stoerungsmelder\/2012\/05\/02\/neonazis-attackieren-%e2%80%9elausitzer-rundschau_8510\"]}]},{\"@type\":\"BreadcrumbList\",\"@id\":\"https:\/\/blog.zeit.de\/stoerungsmelder\/2012\/05\/02\/neonazis-attackieren-%e2%80%9elausitzer-rundschau_8510#breadcrumb\",\"itemListElement\":[{\"@type\":\"ListItem\",\"position\":1,\"name\":\"Startseite\",\"item\":\"https:\/\/blog.zeit.de\/stoerungsmelder\"},{\"@type\":\"ListItem\",\"position\":2,\"name\":\"Neonazis attackieren \u201eLausitzer Rundschau\u201c\"}]},{\"@type\":\"WebSite\",\"@id\":\"https:\/\/blog.zeit.de\/stoerungsmelder\/#website\",\"url\":\"https:\/\/blog.zeit.de\/stoerungsmelder\/\",\"name\":\"St\u00f6rungsmelder\",\"description\":\"Recherchen und Analysen \u00fcber die extreme Rechte\",\"potentialAction\":[{\"@type\":\"SearchAction\",\"target\":{\"@type\":\"EntryPoint\",\"urlTemplate\":\"https:\/\/blog.zeit.de\/stoerungsmelder\/?s={search_term_string}\"},\"query-input\":\"required name=search_term_string\"}],\"inLanguage\":\"de\"},{\"@type\":\"Person\",\"@id\":\"https:\/\/blog.zeit.de\/stoerungsmelder\/#\/schema\/person\/fdd0b9818f65738672810b6d6f037f71\",\"name\":\"St\u00f6rungsmelder\",\"image\":{\"@type\":\"ImageObject\",\"inLanguage\":\"de\",\"@id\":\"https:\/\/blog.zeit.de\/stoerungsmelder\/#\/schema\/person\/image\/\",\"url\":\"https:\/\/secure.gravatar.com\/avatar\/dfa4be514c3e82a71e4f9a0020035d38192d080ccaa5e4e6d7a1472c763535c5?s=96&d=mm&r=pg\",\"contentUrl\":\"https:\/\/secure.gravatar.com\/avatar\/dfa4be514c3e82a71e4f9a0020035d38192d080ccaa5e4e6d7a1472c763535c5?s=96&d=mm&r=pg\",\"caption\":\"St\u00f6rungsmelder\"},\"url\":\"https:\/\/blog.zeit.de\/stoerungsmelder\/author\/stoerungsmelder\"}]}<\/script>\n<!-- \/ Yoast SEO plugin. -->","yoast_head_json":{"title":"Neonazis attackieren \u201eLausitzer Rundschau\u201c - St\u00f6rungsmelder","robots":{"index":"index","follow":"follow","max-snippet":"max-snippet:-1","max-image-preview":"max-image-preview:large","max-video-preview":"max-video-preview:-1"},"canonical":"https:\/\/blog.zeit.de\/stoerungsmelder\/2012\/05\/02\/neonazis-attackieren-\u201elausitzer-rundschau_8510","og_locale":"de_DE","og_type":"article","og_title":"Neonazis attackieren \u201eLausitzer Rundschau\u201c - St\u00f6rungsmelder","og_description":"Etwas Vergleichbares hat es bislang nicht gegeben. Eine Zeitung berichtet kritisch \u00fcber die Neonazi-Szene und wird danach selbst Opfer von Angriffen. So ist es der &#8222;Lausitzer Rundschau&#8220; im brandenburgischen Spremberg ergangenen.","og_url":"https:\/\/blog.zeit.de\/stoerungsmelder\/2012\/05\/02\/neonazis-attackieren-\u201elausitzer-rundschau_8510","og_site_name":"St\u00f6rungsmelder","article_published_time":"2012-05-02T13:16:59+00:00","article_modified_time":"2012-05-02T13:17:44+00:00","og_image":[{"url":"https:\/\/blog.zeit.de\/stoerungsmelder\/files\/2012\/05\/5.jpg"}],"author":"St\u00f6rungsmelder","twitter_card":"summary_large_image","twitter_misc":{"Geschrieben von":"St\u00f6rungsmelder","Gesch\u00e4tzte Lesezeit":"2\u00a0Minuten"},"schema":{"@context":"https:\/\/schema.org","@graph":[{"@type":"WebPage","@id":"https:\/\/blog.zeit.de\/stoerungsmelder\/2012\/05\/02\/neonazis-attackieren-%e2%80%9elausitzer-rundschau_8510","url":"https:\/\/blog.zeit.de\/stoerungsmelder\/2012\/05\/02\/neonazis-attackieren-%e2%80%9elausitzer-rundschau_8510","name":"Neonazis attackieren \u201eLausitzer Rundschau\u201c - St\u00f6rungsmelder","isPartOf":{"@id":"https:\/\/blog.zeit.de\/stoerungsmelder\/#website"},"datePublished":"2012-05-02T13:16:59+00:00","dateModified":"2012-05-02T13:17:44+00:00","author":{"@id":"https:\/\/blog.zeit.de\/stoerungsmelder\/#\/schema\/person\/fdd0b9818f65738672810b6d6f037f71"},"breadcrumb":{"@id":"https:\/\/blog.zeit.de\/stoerungsmelder\/2012\/05\/02\/neonazis-attackieren-%e2%80%9elausitzer-rundschau_8510#breadcrumb"},"inLanguage":"de","potentialAction":[{"@type":"ReadAction","target":["https:\/\/blog.zeit.de\/stoerungsmelder\/2012\/05\/02\/neonazis-attackieren-%e2%80%9elausitzer-rundschau_8510"]}]},{"@type":"BreadcrumbList","@id":"https:\/\/blog.zeit.de\/stoerungsmelder\/2012\/05\/02\/neonazis-attackieren-%e2%80%9elausitzer-rundschau_8510#breadcrumb","itemListElement":[{"@type":"ListItem","position":1,"name":"Startseite","item":"https:\/\/blog.zeit.de\/stoerungsmelder"},{"@type":"ListItem","position":2,"name":"Neonazis attackieren \u201eLausitzer Rundschau\u201c"}]},{"@type":"WebSite","@id":"https:\/\/blog.zeit.de\/stoerungsmelder\/#website","url":"https:\/\/blog.zeit.de\/stoerungsmelder\/","name":"St\u00f6rungsmelder","description":"Recherchen und Analysen \u00fcber die extreme Rechte","potentialAction":[{"@type":"SearchAction","target":{"@type":"EntryPoint","urlTemplate":"https:\/\/blog.zeit.de\/stoerungsmelder\/?s={search_term_string}"},"query-input":"required name=search_term_string"}],"inLanguage":"de"},{"@type":"Person","@id":"https:\/\/blog.zeit.de\/stoerungsmelder\/#\/schema\/person\/fdd0b9818f65738672810b6d6f037f71","name":"St\u00f6rungsmelder","image":{"@type":"ImageObject","inLanguage":"de","@id":"https:\/\/blog.zeit.de\/stoerungsmelder\/#\/schema\/person\/image\/","url":"https:\/\/secure.gravatar.com\/avatar\/dfa4be514c3e82a71e4f9a0020035d38192d080ccaa5e4e6d7a1472c763535c5?s=96&d=mm&r=pg","contentUrl":"https:\/\/secure.gravatar.com\/avatar\/dfa4be514c3e82a71e4f9a0020035d38192d080ccaa5e4e6d7a1472c763535c5?s=96&d=mm&r=pg","caption":"St\u00f6rungsmelder"},"url":"https:\/\/blog.zeit.de\/stoerungsmelder\/author\/stoerungsmelder"}]}},"jetpack_featured_media_url":"","jetpack_sharing_enabled":true,"_links":{"self":[{"href":"https:\/\/blog.zeit.de\/stoerungsmelder\/wp-json\/wp\/v2\/posts\/8510","targetHints":{"allow":["GET"]}}],"collection":[{"href":"https:\/\/blog.zeit.de\/stoerungsmelder\/wp-json\/wp\/v2\/posts"}],"about":[{"href":"https:\/\/blog.zeit.de\/stoerungsmelder\/wp-json\/wp\/v2\/types\/post"}],"author":[{"embeddable":true,"href":"https:\/\/blog.zeit.de\/stoerungsmelder\/wp-json\/wp\/v2\/users\/229"}],"replies":[{"embeddable":true,"href":"https:\/\/blog.zeit.de\/stoerungsmelder\/wp-json\/wp\/v2\/comments?post=8510"}],"version-history":[{"count":3,"href":"https:\/\/blog.zeit.de\/stoerungsmelder\/wp-json\/wp\/v2\/posts\/8510\/revisions"}],"predecessor-version":[{"id":8514,"href":"https:\/\/blog.zeit.de\/stoerungsmelder\/wp-json\/wp\/v2\/posts\/8510\/revisions\/8514"}],"wp:attachment":[{"href":"https:\/\/blog.zeit.de\/stoerungsmelder\/wp-json\/wp\/v2\/media?parent=8510"}],"wp:term":[{"taxonomy":"category","embeddable":true,"href":"https:\/\/blog.zeit.de\/stoerungsmelder\/wp-json\/wp\/v2\/categories?post=8510"},{"taxonomy":"post_tag","embeddable":true,"href":"https:\/\/blog.zeit.de\/stoerungsmelder\/wp-json\/wp\/v2\/tags?post=8510"}],"curies":[{"name":"wp","href":"https:\/\/api.w.org\/{rel}","templated":true}]}}