{"id":8583,"date":"2012-05-11T13:33:27","date_gmt":"2012-05-11T11:33:27","guid":{"rendered":"http:\/\/blog.zeit.de\/stoerungsmelder\/?p=8583"},"modified":"2012-05-11T13:33:27","modified_gmt":"2012-05-11T11:33:27","slug":"buchtipp-die-extreme-rechte-in-der-bundesrepublik-deutschland-1949-bis-heute","status":"publish","type":"post","link":"https:\/\/blog.zeit.de\/stoerungsmelder\/2012\/05\/11\/buchtipp-die-extreme-rechte-in-der-bundesrepublik-deutschland-1949-bis-heute_8583","title":{"rendered":"Buchtipp: Die extreme Rechte in der Bundesrepublik Deutschland 1949 bis heute"},"content":{"rendered":"<p><a href=\"https:\/\/blog.zeit.de\/stoerungsmelder\/files\/2012\/05\/botsch-bild.jpg\"><img loading=\"lazy\" decoding=\"async\" class=\"alignleft size-medium wp-image-8584\" src=\"https:\/\/blog.zeit.de\/stoerungsmelder\/files\/2012\/05\/botsch-bild-205x300.jpg\" alt=\"\" width=\"205\" height=\"300\" srcset=\"https:\/\/blog.zeit.de\/stoerungsmelder\/files\/2012\/05\/botsch-bild-205x300.jpg 205w, https:\/\/blog.zeit.de\/stoerungsmelder\/files\/2012\/05\/botsch-bild.jpg 288w\" sizes=\"auto, (max-width: 205px) 100vw, 205px\" \/><\/a>In der Reihe \u201eGeschichte kompakt\u201c der Wissenschaftlichen Buchgesellschaft legt der Politikwissenschaftler Gideon Botsch eine komprimierte Gesamtdarstellung der extremen Rechten in Deutschland von 1949 bis heute vor. Die Reihe richtet sich an \u201eInteressierte, Lehrende und Lernende\u201c und zielt darauf ab, \u201ekomplexe und komplizierte Inhalte konzentriert, \u00fcbersichtlich konzipiert und gut lesbar\u201c dazustellen. Die von Botsch vorgelegte Gesamtdarstellung versucht damit eine L\u00fccke zu schlie\u00dfen, die der Autor selbst in einer neuen \u201eBewertung und Interpretation\u201c der Entwicklungen der extreme Rechten sieht, um den Forschungstand der ausgehenden 1980er Jahre zu aktualisieren.<!--more--><\/p>\n<p><em>Von Benjamin Mayer, <a href=\"http:\/\/www.demokratie-goettingen.de\">G\u00f6ttinger Institut f\u00fcr Demokratieforschung<\/a><\/em><br \/>\nIn seiner Darstellung tr\u00e4gt Gideon Botsch den aktuellen politikwissenschaftlichen Forschungsdebatten Rechnung und versteht die extreme Rechte als \u201ekollektiven Akteur\u201c. Hierbei wird die \u201enationale Opposition\u201c als politische Bewegung beschrieben, welche Parteien, Jugendverb\u00e4nde, Aktionsgruppen usw. umfasst und von einem lebensweltlichen Milieu gerahmt wird, in welchem sich Traditionszirkel, Kulturgemeinschaften und eine Erlebniswelt sammeln. Diese Darstellung unterteilt der Autor in drei Schwerpunktbereiche. Zum einen der Bereich der Parteien und politischen Organisationen, zum anderen die Entwicklung von extrem rechten Jugendorganisationen und die Entwicklung von Bildungswerken, Diskutierzirkeln und Medienunternehmen.<\/p>\n<p>Unterteilt ist die chronologische Entwicklung der extremen Rechten in vier Bl\u00f6cke. Neben den Wurzeln der extremen Rechten Ende des 19. Jahrhunderts finden sich drei weitere Abschnitte (1949-69, 1970-89 und 1990-2009), welche sich entlang der bundesrepublikanischen Entwicklung ausrichten. Auch die aktuellen Entwicklungen der NPD und ein kurzer Abschnitt zur \u201eZwickauer Terrorzelle\u201c finden am Ende noch Platz. Entlang der chronologischen Beschreibungen zeigt Gideon Botsch immer wieder die Kontinuit\u00e4ten der Entwicklung und die \u2013 vor allem personelle Vernetzung \u2013 der extrem Rechten auf. Sehr hilfreich sind bei der Darstellung die erg\u00e4nzenden Definitionen, Quellen und Biografien, welche vor allem f\u00fcr eine tiefergehende Besch\u00e4ftigung Anschluss bieten und in anderen zusammenfassenden Gesamtdarstellungen h\u00e4ufig fehlen. An \u00dcbersichtlichkeit gewinnt das Format auch durch die am Textrand thematisch hervorgehobenen Abschnitte, die auch ein schnelles Nachschlagen erm\u00f6glichen.<\/p>\n<p>Erschwert wird die Lekt\u00fcre lediglich durch zwei Umst\u00e4nde, die den Verlagsvorgaben geschuldet sind. Zum einen musste der Autor auf s\u00e4mtliche Fu\u00dfnoten verzichten, was teils die Vertiefung erschwert. Zum anderen hat man das Gef\u00fchl, der Darstellung h\u00e4tten an der ein oder anderen Stelle noch einige Seiten mehr gut getan.<\/p>\n<p>Insgesamt legt Gideon Botsch eine wirklich gut lesbare Gesamtdarstellung vor, welche die extreme Rechte als \u201eTeil der Geschichte der Demokratie in Deutschland\u201c begreift, sie aber unaufgeregt dennoch als \u201erandst\u00e4ndige, einflusslose politische Subkultur\u201c versteht ohne diese kleinzureden. Auch \u00fcber den universit\u00e4ren Betrieb hinaus bietet die Publikation somit ein komprimiertes Nachschlagewerk, welches auch f\u00fcr Interessierte eine lohnenswerte Anschaffung ist.<br \/>\n<strong><br \/>\n<em>Gideon Botsch<\/em><br \/>\n<\/strong><em>Die extreme Rechte in der Bundesrepublik Deutschland 1949 bis heute,<\/em><br \/>\n<em> Wissenschaftliche Buchgesellschaft, Darmstadt 2012.<\/em><br \/>\n<em> 158 Seiten, 14,90 Euro.<\/em><strong><br \/>\n<\/strong><\/p>\n","protected":false},"excerpt":{"rendered":"<p>In der Reihe \u201eGeschichte kompakt\u201c der Wissenschaftlichen Buchgesellschaft legt der Politikwissenschaftler Gideon Botsch eine komprimierte Gesamtdarstellung der extremen Rechten in Deutschland von 1949 bis heute vor. Die Reihe richtet sich an \u201eInteressierte, Lehrende und Lernende\u201c und zielt darauf ab, \u201ekomplexe und komplizierte Inhalte konzentriert, \u00fcbersichtlich konzipiert und gut lesbar\u201c dazustellen. Die von Botsch vorgelegte Gesamtdarstellung [&hellip;]<\/p>\n","protected":false},"author":229,"featured_media":0,"comment_status":"open","ping_status":"open","sticky":false,"template":"","format":"standard","meta":{"_jetpack_memberships_contains_paid_content":false,"footnotes":""},"categories":[1515],"tags":[],"class_list":["post-8583","post","type-post","status-publish","format-standard","hentry","category-bundesweit"],"yoast_head":"<!-- This site is optimized with the Yoast SEO plugin v21.0 - https:\/\/yoast.com\/wordpress\/plugins\/seo\/ -->\n<title>Buchtipp: Die extreme Rechte in der Bundesrepublik Deutschland 1949 bis heute - St\u00f6rungsmelder<\/title>\n<meta name=\"robots\" content=\"index, follow, max-snippet:-1, max-image-preview:large, max-video-preview:-1\" \/>\n<link rel=\"canonical\" href=\"https:\/\/blog.zeit.de\/stoerungsmelder\/2012\/05\/11\/buchtipp-die-extreme-rechte-in-der-bundesrepublik-deutschland-1949-bis-heute_8583\" \/>\n<meta property=\"og:locale\" content=\"de_DE\" \/>\n<meta property=\"og:type\" content=\"article\" \/>\n<meta property=\"og:title\" content=\"Buchtipp: Die extreme Rechte in der Bundesrepublik Deutschland 1949 bis heute - St\u00f6rungsmelder\" \/>\n<meta property=\"og:description\" content=\"In der Reihe \u201eGeschichte kompakt\u201c der Wissenschaftlichen Buchgesellschaft legt der Politikwissenschaftler Gideon Botsch eine komprimierte Gesamtdarstellung der extremen Rechten in Deutschland von 1949 bis heute vor. Die Reihe richtet sich an \u201eInteressierte, Lehrende und Lernende\u201c und zielt darauf ab, \u201ekomplexe und komplizierte Inhalte konzentriert, \u00fcbersichtlich konzipiert und gut lesbar\u201c dazustellen. Die von Botsch vorgelegte Gesamtdarstellung [&hellip;]\" \/>\n<meta property=\"og:url\" content=\"https:\/\/blog.zeit.de\/stoerungsmelder\/2012\/05\/11\/buchtipp-die-extreme-rechte-in-der-bundesrepublik-deutschland-1949-bis-heute_8583\" \/>\n<meta property=\"og:site_name\" content=\"St\u00f6rungsmelder\" \/>\n<meta property=\"article:published_time\" content=\"2012-05-11T11:33:27+00:00\" \/>\n<meta property=\"og:image\" content=\"https:\/\/blog.zeit.de\/stoerungsmelder\/files\/2012\/05\/botsch-bild-205x300.jpg\" \/>\n<meta name=\"author\" content=\"St\u00f6rungsmelder\" \/>\n<meta name=\"twitter:card\" content=\"summary_large_image\" \/>\n<meta name=\"twitter:label1\" content=\"Geschrieben von\" \/>\n\t<meta name=\"twitter:data1\" content=\"St\u00f6rungsmelder\" \/>\n\t<meta name=\"twitter:label2\" content=\"Gesch\u00e4tzte Lesezeit\" \/>\n\t<meta name=\"twitter:data2\" content=\"2\u00a0Minuten\" \/>\n<script type=\"application\/ld+json\" class=\"yoast-schema-graph\">{\"@context\":\"https:\/\/schema.org\",\"@graph\":[{\"@type\":\"WebPage\",\"@id\":\"https:\/\/blog.zeit.de\/stoerungsmelder\/2012\/05\/11\/buchtipp-die-extreme-rechte-in-der-bundesrepublik-deutschland-1949-bis-heute_8583\",\"url\":\"https:\/\/blog.zeit.de\/stoerungsmelder\/2012\/05\/11\/buchtipp-die-extreme-rechte-in-der-bundesrepublik-deutschland-1949-bis-heute_8583\",\"name\":\"Buchtipp: Die extreme Rechte in der Bundesrepublik Deutschland 1949 bis heute - St\u00f6rungsmelder\",\"isPartOf\":{\"@id\":\"https:\/\/blog.zeit.de\/stoerungsmelder\/#website\"},\"datePublished\":\"2012-05-11T11:33:27+00:00\",\"dateModified\":\"2012-05-11T11:33:27+00:00\",\"author\":{\"@id\":\"https:\/\/blog.zeit.de\/stoerungsmelder\/#\/schema\/person\/fdd0b9818f65738672810b6d6f037f71\"},\"breadcrumb\":{\"@id\":\"https:\/\/blog.zeit.de\/stoerungsmelder\/2012\/05\/11\/buchtipp-die-extreme-rechte-in-der-bundesrepublik-deutschland-1949-bis-heute_8583#breadcrumb\"},\"inLanguage\":\"de\",\"potentialAction\":[{\"@type\":\"ReadAction\",\"target\":[\"https:\/\/blog.zeit.de\/stoerungsmelder\/2012\/05\/11\/buchtipp-die-extreme-rechte-in-der-bundesrepublik-deutschland-1949-bis-heute_8583\"]}]},{\"@type\":\"BreadcrumbList\",\"@id\":\"https:\/\/blog.zeit.de\/stoerungsmelder\/2012\/05\/11\/buchtipp-die-extreme-rechte-in-der-bundesrepublik-deutschland-1949-bis-heute_8583#breadcrumb\",\"itemListElement\":[{\"@type\":\"ListItem\",\"position\":1,\"name\":\"Startseite\",\"item\":\"https:\/\/blog.zeit.de\/stoerungsmelder\"},{\"@type\":\"ListItem\",\"position\":2,\"name\":\"Buchtipp: Die extreme Rechte in der Bundesrepublik Deutschland 1949 bis heute\"}]},{\"@type\":\"WebSite\",\"@id\":\"https:\/\/blog.zeit.de\/stoerungsmelder\/#website\",\"url\":\"https:\/\/blog.zeit.de\/stoerungsmelder\/\",\"name\":\"St\u00f6rungsmelder\",\"description\":\"Recherchen und Analysen \u00fcber die extreme Rechte\",\"potentialAction\":[{\"@type\":\"SearchAction\",\"target\":{\"@type\":\"EntryPoint\",\"urlTemplate\":\"https:\/\/blog.zeit.de\/stoerungsmelder\/?s={search_term_string}\"},\"query-input\":\"required name=search_term_string\"}],\"inLanguage\":\"de\"},{\"@type\":\"Person\",\"@id\":\"https:\/\/blog.zeit.de\/stoerungsmelder\/#\/schema\/person\/fdd0b9818f65738672810b6d6f037f71\",\"name\":\"St\u00f6rungsmelder\",\"image\":{\"@type\":\"ImageObject\",\"inLanguage\":\"de\",\"@id\":\"https:\/\/blog.zeit.de\/stoerungsmelder\/#\/schema\/person\/image\/\",\"url\":\"https:\/\/secure.gravatar.com\/avatar\/dfa4be514c3e82a71e4f9a0020035d38192d080ccaa5e4e6d7a1472c763535c5?s=96&d=mm&r=pg\",\"contentUrl\":\"https:\/\/secure.gravatar.com\/avatar\/dfa4be514c3e82a71e4f9a0020035d38192d080ccaa5e4e6d7a1472c763535c5?s=96&d=mm&r=pg\",\"caption\":\"St\u00f6rungsmelder\"},\"url\":\"https:\/\/blog.zeit.de\/stoerungsmelder\/author\/stoerungsmelder\"}]}<\/script>\n<!-- \/ Yoast SEO plugin. -->","yoast_head_json":{"title":"Buchtipp: Die extreme Rechte in der Bundesrepublik Deutschland 1949 bis heute - St\u00f6rungsmelder","robots":{"index":"index","follow":"follow","max-snippet":"max-snippet:-1","max-image-preview":"max-image-preview:large","max-video-preview":"max-video-preview:-1"},"canonical":"https:\/\/blog.zeit.de\/stoerungsmelder\/2012\/05\/11\/buchtipp-die-extreme-rechte-in-der-bundesrepublik-deutschland-1949-bis-heute_8583","og_locale":"de_DE","og_type":"article","og_title":"Buchtipp: Die extreme Rechte in der Bundesrepublik Deutschland 1949 bis heute - St\u00f6rungsmelder","og_description":"In der Reihe \u201eGeschichte kompakt\u201c der Wissenschaftlichen Buchgesellschaft legt der Politikwissenschaftler Gideon Botsch eine komprimierte Gesamtdarstellung der extremen Rechten in Deutschland von 1949 bis heute vor. Die Reihe richtet sich an \u201eInteressierte, Lehrende und Lernende\u201c und zielt darauf ab, \u201ekomplexe und komplizierte Inhalte konzentriert, \u00fcbersichtlich konzipiert und gut lesbar\u201c dazustellen. Die von Botsch vorgelegte Gesamtdarstellung [&hellip;]","og_url":"https:\/\/blog.zeit.de\/stoerungsmelder\/2012\/05\/11\/buchtipp-die-extreme-rechte-in-der-bundesrepublik-deutschland-1949-bis-heute_8583","og_site_name":"St\u00f6rungsmelder","article_published_time":"2012-05-11T11:33:27+00:00","og_image":[{"url":"https:\/\/blog.zeit.de\/stoerungsmelder\/files\/2012\/05\/botsch-bild-205x300.jpg"}],"author":"St\u00f6rungsmelder","twitter_card":"summary_large_image","twitter_misc":{"Geschrieben von":"St\u00f6rungsmelder","Gesch\u00e4tzte Lesezeit":"2\u00a0Minuten"},"schema":{"@context":"https:\/\/schema.org","@graph":[{"@type":"WebPage","@id":"https:\/\/blog.zeit.de\/stoerungsmelder\/2012\/05\/11\/buchtipp-die-extreme-rechte-in-der-bundesrepublik-deutschland-1949-bis-heute_8583","url":"https:\/\/blog.zeit.de\/stoerungsmelder\/2012\/05\/11\/buchtipp-die-extreme-rechte-in-der-bundesrepublik-deutschland-1949-bis-heute_8583","name":"Buchtipp: Die extreme Rechte in der Bundesrepublik Deutschland 1949 bis heute - St\u00f6rungsmelder","isPartOf":{"@id":"https:\/\/blog.zeit.de\/stoerungsmelder\/#website"},"datePublished":"2012-05-11T11:33:27+00:00","dateModified":"2012-05-11T11:33:27+00:00","author":{"@id":"https:\/\/blog.zeit.de\/stoerungsmelder\/#\/schema\/person\/fdd0b9818f65738672810b6d6f037f71"},"breadcrumb":{"@id":"https:\/\/blog.zeit.de\/stoerungsmelder\/2012\/05\/11\/buchtipp-die-extreme-rechte-in-der-bundesrepublik-deutschland-1949-bis-heute_8583#breadcrumb"},"inLanguage":"de","potentialAction":[{"@type":"ReadAction","target":["https:\/\/blog.zeit.de\/stoerungsmelder\/2012\/05\/11\/buchtipp-die-extreme-rechte-in-der-bundesrepublik-deutschland-1949-bis-heute_8583"]}]},{"@type":"BreadcrumbList","@id":"https:\/\/blog.zeit.de\/stoerungsmelder\/2012\/05\/11\/buchtipp-die-extreme-rechte-in-der-bundesrepublik-deutschland-1949-bis-heute_8583#breadcrumb","itemListElement":[{"@type":"ListItem","position":1,"name":"Startseite","item":"https:\/\/blog.zeit.de\/stoerungsmelder"},{"@type":"ListItem","position":2,"name":"Buchtipp: Die extreme Rechte in der Bundesrepublik Deutschland 1949 bis heute"}]},{"@type":"WebSite","@id":"https:\/\/blog.zeit.de\/stoerungsmelder\/#website","url":"https:\/\/blog.zeit.de\/stoerungsmelder\/","name":"St\u00f6rungsmelder","description":"Recherchen und Analysen \u00fcber die extreme Rechte","potentialAction":[{"@type":"SearchAction","target":{"@type":"EntryPoint","urlTemplate":"https:\/\/blog.zeit.de\/stoerungsmelder\/?s={search_term_string}"},"query-input":"required name=search_term_string"}],"inLanguage":"de"},{"@type":"Person","@id":"https:\/\/blog.zeit.de\/stoerungsmelder\/#\/schema\/person\/fdd0b9818f65738672810b6d6f037f71","name":"St\u00f6rungsmelder","image":{"@type":"ImageObject","inLanguage":"de","@id":"https:\/\/blog.zeit.de\/stoerungsmelder\/#\/schema\/person\/image\/","url":"https:\/\/secure.gravatar.com\/avatar\/dfa4be514c3e82a71e4f9a0020035d38192d080ccaa5e4e6d7a1472c763535c5?s=96&d=mm&r=pg","contentUrl":"https:\/\/secure.gravatar.com\/avatar\/dfa4be514c3e82a71e4f9a0020035d38192d080ccaa5e4e6d7a1472c763535c5?s=96&d=mm&r=pg","caption":"St\u00f6rungsmelder"},"url":"https:\/\/blog.zeit.de\/stoerungsmelder\/author\/stoerungsmelder"}]}},"jetpack_featured_media_url":"","jetpack_sharing_enabled":true,"_links":{"self":[{"href":"https:\/\/blog.zeit.de\/stoerungsmelder\/wp-json\/wp\/v2\/posts\/8583","targetHints":{"allow":["GET"]}}],"collection":[{"href":"https:\/\/blog.zeit.de\/stoerungsmelder\/wp-json\/wp\/v2\/posts"}],"about":[{"href":"https:\/\/blog.zeit.de\/stoerungsmelder\/wp-json\/wp\/v2\/types\/post"}],"author":[{"embeddable":true,"href":"https:\/\/blog.zeit.de\/stoerungsmelder\/wp-json\/wp\/v2\/users\/229"}],"replies":[{"embeddable":true,"href":"https:\/\/blog.zeit.de\/stoerungsmelder\/wp-json\/wp\/v2\/comments?post=8583"}],"version-history":[{"count":3,"href":"https:\/\/blog.zeit.de\/stoerungsmelder\/wp-json\/wp\/v2\/posts\/8583\/revisions"}],"predecessor-version":[{"id":8587,"href":"https:\/\/blog.zeit.de\/stoerungsmelder\/wp-json\/wp\/v2\/posts\/8583\/revisions\/8587"}],"wp:attachment":[{"href":"https:\/\/blog.zeit.de\/stoerungsmelder\/wp-json\/wp\/v2\/media?parent=8583"}],"wp:term":[{"taxonomy":"category","embeddable":true,"href":"https:\/\/blog.zeit.de\/stoerungsmelder\/wp-json\/wp\/v2\/categories?post=8583"},{"taxonomy":"post_tag","embeddable":true,"href":"https:\/\/blog.zeit.de\/stoerungsmelder\/wp-json\/wp\/v2\/tags?post=8583"}],"curies":[{"name":"wp","href":"https:\/\/api.w.org\/{rel}","templated":true}]}}