{"id":8594,"date":"2012-05-13T14:15:33","date_gmt":"2012-05-13T12:15:33","guid":{"rendered":"http:\/\/blog.zeit.de\/stoerungsmelder\/?p=8594"},"modified":"2012-05-13T14:40:06","modified_gmt":"2012-05-13T12:40:06","slug":"schweigen-und-verschweigen-nsu-rassismus-und-die-stille-im-land","status":"publish","type":"post","link":"https:\/\/blog.zeit.de\/stoerungsmelder\/2012\/05\/13\/schweigen-und-verschweigen-nsu-rassismus-und-die-stille-im-land_8594","title":{"rendered":"\u201cSchweigen und Verschweigen: NSU, Rassismus und die Stille im Land\u201c"},"content":{"rendered":"<p><a href=\"https:\/\/blog.zeit.de\/stoerungsmelder\/files\/2012\/05\/nsu.jpg\"><img loading=\"lazy\" decoding=\"async\" class=\"aligncenter  wp-image-8595\" src=\"https:\/\/blog.zeit.de\/stoerungsmelder\/files\/2012\/05\/nsu.jpg\" alt=\"\" width=\"538\" height=\"246\" srcset=\"https:\/\/blog.zeit.de\/stoerungsmelder\/files\/2012\/05\/nsu.jpg 675w, https:\/\/blog.zeit.de\/stoerungsmelder\/files\/2012\/05\/nsu-300x137.jpg 300w\" sizes=\"auto, (max-width: 538px) 100vw, 538px\" \/><\/a><\/p>\n<p>Unter dem Motto \u201cSchweigen und Verschweigen: NSU, Rassismus und die Stille im Land\u201c organisiert ein <a href=\"http:\/\/www.buendnis-gegen-das-schweigen.de\">breites zivilgesellschaftliches B\u00fcndnis<\/a> ein \u00f6ffentliches Hearing mit Betroffenen der NSU-Anschlagsserie, Rassismus- und RechtsextremismusexpertInnen und JuristInnen. Die Veranstaltung findet am 2. Juni 2012 von 11:00 \u2013 17:00 Uhr in der Akademie der K\u00fcnste, Pariser Platz 4 (S+U Brandenburger Tor) in Berlin-Mitte statt.<!--more--><\/p>\n<p><strong>Programm:<\/strong><\/p>\n<p>Begr\u00fc\u00dfung, Einleitender Beitrag und Panel (11:00 \u2013 13:30):<br \/>\n\u201eEine Frage des Respekts: Zum Umgang staatlicher Institutionen, Medien und Gesellschaft mit den NSU-Mordopfern, den Hinterbliebenen und den Verletzten.\u201c<br \/>\nKutlu Yurtseven, Bewohner der Keupstra\u00dfe in K\u00f6ln zum Zeitpunkt des NSU-Bombenanschlags in 2001 und S\u00e4nger von \u201eMicrophone Mafia\u201c; Rechtsanw\u00e4ltin Edith Lunnebach und Publizist Imran Ayata.<\/p>\n<p>Panel II (14:00 \u2013 15:20):<br \/>\n\u201eBewaffneter Rechtsextremismus: Kontinuit\u00e4ten, Milieus und staatliches Versagen.\u201c<br \/>\nDie RechtsextremismusexpertInnen David Begrich (Miteinander e.V.); Ulli Jentsch (Antifaschistisches Pressearchiv und Bildungszentrum Berlin e.V.) und Kati Lang (RAA Opferberatung Sachsen).<\/p>\n<p>Panel III (15:40 \u2013 17:00):<br \/>\n\u201eGrenzen und Chancen parlamentarischer und au\u00dferparlamentarischer Aufkl\u00e4rungsinstrumente: Erfahrungen aus Deutschland und Gro\u00dfbritannien.\u201c<br \/>\nDr. Richard Stone aus London (ehemals Mitglied der Stephen Lawrence Untersuchungs-kommission) und Wolfgang Kaleck (European Center for Constitutional and Human Rights).<br \/>\nDas B\u00fcndnis will mit dem Hearing den Anliegen und Forderungen von Betroffenen des rassistischen und rechtsextremen Terrors Geh\u00f6r verschaffen und das Ausma\u00df neonazistischer Gewalt und Organisierung in den Fokus r\u00fccken. Dar\u00fcber hinaus sollen anhand der Erfahrungen aus der Untersuchungskommission zum Tod des schwarzen britischen Teenagers Stephen Lawrence M\u00f6glichkeiten und Grenzen parlamentarischer Untersuchungskommissionen und \u2013aussch\u00fcsse aufgezeigt werden. m Zentrum steht dabei die Diskussion \u00fcber Strategien zur Herstellung notwendiger Transparenz f\u00fcr die \u00d6ffentlichkeit und Druck auf die verantwortlichen Stellen, sowie die Forderung nach zentralen, auch institutionellen, Konsequenzen.<\/p>\n<p>Mit dieser Veranstaltung soll die rassistische Normalit\u00e4t sichtbar gemacht werden, die die Grundlage der NSU-Mordserie darstellt. In dem Hearing werden antifaschistische und zivilgesellschaftliche Initiativen und Akteure von ihren Erfahrungen im Kampf gegen Rechts, der Aufkl\u00e4rung rassistischer Straftaten und ihrer Auseinandersetzung mit dem Verfassungsschutz berichten. Das Hearing am 02. Juni 2012 in Berlin will den Finger in die Wunde legen und eine \u00f6ffentliche Diskussion \u00fcber die Ursachen, Hintergr\u00fcnde und Konsequenzen der NSU-Anschlagsserie f\u00fchren. Alle Beitr\u00e4ge werden simultan ins Englische und T\u00fcrkische \u00fcbersetzt.<\/p>\n<p><strong>Weitere Informationen, Anmeldung und Kontakt:<\/strong><br \/>\n<strong> <a href=\"http:\/\/www.buendnis-gegen-das-schweigen.de\">www.buendnis-gegen-das-schweigen.de<\/a><\/strong><br \/>\n<strong> Telefon +49 (0)179 5845589<\/strong><br \/>\n<strong> mail@buendnis-gegen-das-schweigen.de<\/strong><br \/>\n<strong> Anmeldung per E-Mail bis zum 25. Mai 2012!<\/strong><\/p>\n<p>Dem B\u00fcndnis geh\u00f6ren an:<em> Aktion S\u00fchnezeichen Friedensdienste e.V., Amadeu Antonio Stiftung, Antifaschistisches Pressearchiv und Bildungszentrum e.V., B\u00dcNDNIS 90\/DIE GR\u00dcNEN, Mobile Beratung f\u00fcr Opfer rechter Gewalt Sachsen-Anhalt, Bundesarbeitsgemeinschaft Kirche und Rechtsextremismus, Kulturb\u00fcro Sachsen e.V., Verein f\u00fcr Demokratische Kultur in Berlin e.V. (VDK), DIE LINKE, Republikanischer Anw\u00e4ltinnen- und Anw\u00e4lteverein (RAV), Gruppe Was NUN?!, Forschungsnetzwerk Frauen und Rechtsextremismus, Rosa-Luxemburg-Stiftung sowie Einzelpersonen.<\/em><\/p>\n<p>Die Veranstaltung wird unterst\u00fctzt von:<em> Junge Gemeinde Stadtmitte Jena, Redaktion GAMMA Leipzig, Landesweite Opferberatung Beistand und Information f\u00fcr Betroffene rechter Gewalt in Mecklenburg-Vorpommern Lobbi e.V., Kanak Attak, B\u00fcndnis gegen Rassismus (Berlin), Allmende \u2013 Haus alternativer Migrationspolitik und Kultur, ReachOut \u2013 Beratungsstelle f\u00fcr Opfer rechter, rassistischer und antisemitischer Gewalt in Berlin, ver.di-Jugend, Neue Richtervereinigung e.V., Vereinigung Demokratischer Juristinnen und Juristen, Kampagne \u201eZusammen handeln \u2013 gegen rassistische Hetze und soziale Ausgrenzung\u201c, Die AnStifter \u2013 B\u00fcrgerprojekte gegen Gewalt und Vergessen, Berliner VVN-BdA e.V., ezra \u2013 mobile Beratung f\u00fcr Opfer rechter, rassistischer und antisemitischer Gewalt in Th\u00fcringen, AFROTAK TV cyberNomads (Stand: 10.05.2012).<\/em><\/p>\n","protected":false},"excerpt":{"rendered":"<p>Unter dem Motto \u201cSchweigen und Verschweigen: NSU, Rassismus und die Stille im Land\u201c organisiert ein breites zivilgesellschaftliches B\u00fcndnis ein \u00f6ffentliches Hearing mit Betroffenen der NSU-Anschlagsserie, Rassismus- und RechtsextremismusexpertInnen und JuristInnen. Die Veranstaltung findet am 2. Juni 2012 von 11:00 \u2013 17:00 Uhr in der Akademie der K\u00fcnste, Pariser Platz 4 (S+U Brandenburger Tor) in Berlin-Mitte [&hellip;]<\/p>\n","protected":false},"author":229,"featured_media":0,"comment_status":"open","ping_status":"open","sticky":false,"template":"","format":"standard","meta":{"_jetpack_memberships_contains_paid_content":false,"footnotes":""},"categories":[1],"tags":[],"class_list":["post-8594","post","type-post","status-publish","format-standard","hentry","category-allgemein"],"yoast_head":"<!-- This site is optimized with the Yoast SEO plugin v21.0 - https:\/\/yoast.com\/wordpress\/plugins\/seo\/ -->\n<title>\u201cSchweigen und Verschweigen: NSU, Rassismus und die Stille im Land\u201c - St\u00f6rungsmelder<\/title>\n<meta name=\"robots\" content=\"index, follow, max-snippet:-1, max-image-preview:large, max-video-preview:-1\" \/>\n<link rel=\"canonical\" href=\"https:\/\/blog.zeit.de\/stoerungsmelder\/2012\/05\/13\/schweigen-und-verschweigen-nsu-rassismus-und-die-stille-im-land_8594\" \/>\n<meta property=\"og:locale\" content=\"de_DE\" \/>\n<meta property=\"og:type\" content=\"article\" \/>\n<meta property=\"og:title\" content=\"\u201cSchweigen und Verschweigen: NSU, Rassismus und die Stille im Land\u201c - St\u00f6rungsmelder\" \/>\n<meta property=\"og:description\" content=\"Unter dem Motto \u201cSchweigen und Verschweigen: NSU, Rassismus und die Stille im Land\u201c organisiert ein breites zivilgesellschaftliches B\u00fcndnis ein \u00f6ffentliches Hearing mit Betroffenen der NSU-Anschlagsserie, Rassismus- und RechtsextremismusexpertInnen und JuristInnen. Die Veranstaltung findet am 2. Juni 2012 von 11:00 \u2013 17:00 Uhr in der Akademie der K\u00fcnste, Pariser Platz 4 (S+U Brandenburger Tor) in Berlin-Mitte [&hellip;]\" \/>\n<meta property=\"og:url\" content=\"https:\/\/blog.zeit.de\/stoerungsmelder\/2012\/05\/13\/schweigen-und-verschweigen-nsu-rassismus-und-die-stille-im-land_8594\" \/>\n<meta property=\"og:site_name\" content=\"St\u00f6rungsmelder\" \/>\n<meta property=\"article:published_time\" content=\"2012-05-13T12:15:33+00:00\" \/>\n<meta property=\"article:modified_time\" content=\"2012-05-13T12:40:06+00:00\" \/>\n<meta property=\"og:image\" content=\"https:\/\/blog.zeit.de\/stoerungsmelder\/files\/2012\/05\/nsu.jpg\" \/>\n<meta name=\"author\" content=\"St\u00f6rungsmelder\" \/>\n<meta name=\"twitter:card\" content=\"summary_large_image\" \/>\n<meta name=\"twitter:label1\" content=\"Geschrieben von\" \/>\n\t<meta name=\"twitter:data1\" content=\"St\u00f6rungsmelder\" \/>\n\t<meta name=\"twitter:label2\" content=\"Gesch\u00e4tzte Lesezeit\" \/>\n\t<meta name=\"twitter:data2\" content=\"3\u00a0Minuten\" \/>\n<script type=\"application\/ld+json\" class=\"yoast-schema-graph\">{\"@context\":\"https:\/\/schema.org\",\"@graph\":[{\"@type\":\"WebPage\",\"@id\":\"https:\/\/blog.zeit.de\/stoerungsmelder\/2012\/05\/13\/schweigen-und-verschweigen-nsu-rassismus-und-die-stille-im-land_8594\",\"url\":\"https:\/\/blog.zeit.de\/stoerungsmelder\/2012\/05\/13\/schweigen-und-verschweigen-nsu-rassismus-und-die-stille-im-land_8594\",\"name\":\"\u201cSchweigen und Verschweigen: NSU, Rassismus und die Stille im Land\u201c - St\u00f6rungsmelder\",\"isPartOf\":{\"@id\":\"https:\/\/blog.zeit.de\/stoerungsmelder\/#website\"},\"datePublished\":\"2012-05-13T12:15:33+00:00\",\"dateModified\":\"2012-05-13T12:40:06+00:00\",\"author\":{\"@id\":\"https:\/\/blog.zeit.de\/stoerungsmelder\/#\/schema\/person\/fdd0b9818f65738672810b6d6f037f71\"},\"breadcrumb\":{\"@id\":\"https:\/\/blog.zeit.de\/stoerungsmelder\/2012\/05\/13\/schweigen-und-verschweigen-nsu-rassismus-und-die-stille-im-land_8594#breadcrumb\"},\"inLanguage\":\"de\",\"potentialAction\":[{\"@type\":\"ReadAction\",\"target\":[\"https:\/\/blog.zeit.de\/stoerungsmelder\/2012\/05\/13\/schweigen-und-verschweigen-nsu-rassismus-und-die-stille-im-land_8594\"]}]},{\"@type\":\"BreadcrumbList\",\"@id\":\"https:\/\/blog.zeit.de\/stoerungsmelder\/2012\/05\/13\/schweigen-und-verschweigen-nsu-rassismus-und-die-stille-im-land_8594#breadcrumb\",\"itemListElement\":[{\"@type\":\"ListItem\",\"position\":1,\"name\":\"Startseite\",\"item\":\"https:\/\/blog.zeit.de\/stoerungsmelder\"},{\"@type\":\"ListItem\",\"position\":2,\"name\":\"\u201cSchweigen und Verschweigen: NSU, Rassismus und die Stille im Land\u201c\"}]},{\"@type\":\"WebSite\",\"@id\":\"https:\/\/blog.zeit.de\/stoerungsmelder\/#website\",\"url\":\"https:\/\/blog.zeit.de\/stoerungsmelder\/\",\"name\":\"St\u00f6rungsmelder\",\"description\":\"Recherchen und Analysen \u00fcber die extreme Rechte\",\"potentialAction\":[{\"@type\":\"SearchAction\",\"target\":{\"@type\":\"EntryPoint\",\"urlTemplate\":\"https:\/\/blog.zeit.de\/stoerungsmelder\/?s={search_term_string}\"},\"query-input\":\"required name=search_term_string\"}],\"inLanguage\":\"de\"},{\"@type\":\"Person\",\"@id\":\"https:\/\/blog.zeit.de\/stoerungsmelder\/#\/schema\/person\/fdd0b9818f65738672810b6d6f037f71\",\"name\":\"St\u00f6rungsmelder\",\"image\":{\"@type\":\"ImageObject\",\"inLanguage\":\"de\",\"@id\":\"https:\/\/blog.zeit.de\/stoerungsmelder\/#\/schema\/person\/image\/\",\"url\":\"https:\/\/secure.gravatar.com\/avatar\/dfa4be514c3e82a71e4f9a0020035d38192d080ccaa5e4e6d7a1472c763535c5?s=96&d=mm&r=pg\",\"contentUrl\":\"https:\/\/secure.gravatar.com\/avatar\/dfa4be514c3e82a71e4f9a0020035d38192d080ccaa5e4e6d7a1472c763535c5?s=96&d=mm&r=pg\",\"caption\":\"St\u00f6rungsmelder\"},\"url\":\"https:\/\/blog.zeit.de\/stoerungsmelder\/author\/stoerungsmelder\"}]}<\/script>\n<!-- \/ Yoast SEO plugin. -->","yoast_head_json":{"title":"\u201cSchweigen und Verschweigen: NSU, Rassismus und die Stille im Land\u201c - St\u00f6rungsmelder","robots":{"index":"index","follow":"follow","max-snippet":"max-snippet:-1","max-image-preview":"max-image-preview:large","max-video-preview":"max-video-preview:-1"},"canonical":"https:\/\/blog.zeit.de\/stoerungsmelder\/2012\/05\/13\/schweigen-und-verschweigen-nsu-rassismus-und-die-stille-im-land_8594","og_locale":"de_DE","og_type":"article","og_title":"\u201cSchweigen und Verschweigen: NSU, Rassismus und die Stille im Land\u201c - St\u00f6rungsmelder","og_description":"Unter dem Motto \u201cSchweigen und Verschweigen: NSU, Rassismus und die Stille im Land\u201c organisiert ein breites zivilgesellschaftliches B\u00fcndnis ein \u00f6ffentliches Hearing mit Betroffenen der NSU-Anschlagsserie, Rassismus- und RechtsextremismusexpertInnen und JuristInnen. Die Veranstaltung findet am 2. Juni 2012 von 11:00 \u2013 17:00 Uhr in der Akademie der K\u00fcnste, Pariser Platz 4 (S+U Brandenburger Tor) in Berlin-Mitte [&hellip;]","og_url":"https:\/\/blog.zeit.de\/stoerungsmelder\/2012\/05\/13\/schweigen-und-verschweigen-nsu-rassismus-und-die-stille-im-land_8594","og_site_name":"St\u00f6rungsmelder","article_published_time":"2012-05-13T12:15:33+00:00","article_modified_time":"2012-05-13T12:40:06+00:00","og_image":[{"url":"https:\/\/blog.zeit.de\/stoerungsmelder\/files\/2012\/05\/nsu.jpg"}],"author":"St\u00f6rungsmelder","twitter_card":"summary_large_image","twitter_misc":{"Geschrieben von":"St\u00f6rungsmelder","Gesch\u00e4tzte Lesezeit":"3\u00a0Minuten"},"schema":{"@context":"https:\/\/schema.org","@graph":[{"@type":"WebPage","@id":"https:\/\/blog.zeit.de\/stoerungsmelder\/2012\/05\/13\/schweigen-und-verschweigen-nsu-rassismus-und-die-stille-im-land_8594","url":"https:\/\/blog.zeit.de\/stoerungsmelder\/2012\/05\/13\/schweigen-und-verschweigen-nsu-rassismus-und-die-stille-im-land_8594","name":"\u201cSchweigen und Verschweigen: NSU, Rassismus und die Stille im Land\u201c - St\u00f6rungsmelder","isPartOf":{"@id":"https:\/\/blog.zeit.de\/stoerungsmelder\/#website"},"datePublished":"2012-05-13T12:15:33+00:00","dateModified":"2012-05-13T12:40:06+00:00","author":{"@id":"https:\/\/blog.zeit.de\/stoerungsmelder\/#\/schema\/person\/fdd0b9818f65738672810b6d6f037f71"},"breadcrumb":{"@id":"https:\/\/blog.zeit.de\/stoerungsmelder\/2012\/05\/13\/schweigen-und-verschweigen-nsu-rassismus-und-die-stille-im-land_8594#breadcrumb"},"inLanguage":"de","potentialAction":[{"@type":"ReadAction","target":["https:\/\/blog.zeit.de\/stoerungsmelder\/2012\/05\/13\/schweigen-und-verschweigen-nsu-rassismus-und-die-stille-im-land_8594"]}]},{"@type":"BreadcrumbList","@id":"https:\/\/blog.zeit.de\/stoerungsmelder\/2012\/05\/13\/schweigen-und-verschweigen-nsu-rassismus-und-die-stille-im-land_8594#breadcrumb","itemListElement":[{"@type":"ListItem","position":1,"name":"Startseite","item":"https:\/\/blog.zeit.de\/stoerungsmelder"},{"@type":"ListItem","position":2,"name":"\u201cSchweigen und Verschweigen: NSU, Rassismus und die Stille im Land\u201c"}]},{"@type":"WebSite","@id":"https:\/\/blog.zeit.de\/stoerungsmelder\/#website","url":"https:\/\/blog.zeit.de\/stoerungsmelder\/","name":"St\u00f6rungsmelder","description":"Recherchen und Analysen \u00fcber die extreme Rechte","potentialAction":[{"@type":"SearchAction","target":{"@type":"EntryPoint","urlTemplate":"https:\/\/blog.zeit.de\/stoerungsmelder\/?s={search_term_string}"},"query-input":"required name=search_term_string"}],"inLanguage":"de"},{"@type":"Person","@id":"https:\/\/blog.zeit.de\/stoerungsmelder\/#\/schema\/person\/fdd0b9818f65738672810b6d6f037f71","name":"St\u00f6rungsmelder","image":{"@type":"ImageObject","inLanguage":"de","@id":"https:\/\/blog.zeit.de\/stoerungsmelder\/#\/schema\/person\/image\/","url":"https:\/\/secure.gravatar.com\/avatar\/dfa4be514c3e82a71e4f9a0020035d38192d080ccaa5e4e6d7a1472c763535c5?s=96&d=mm&r=pg","contentUrl":"https:\/\/secure.gravatar.com\/avatar\/dfa4be514c3e82a71e4f9a0020035d38192d080ccaa5e4e6d7a1472c763535c5?s=96&d=mm&r=pg","caption":"St\u00f6rungsmelder"},"url":"https:\/\/blog.zeit.de\/stoerungsmelder\/author\/stoerungsmelder"}]}},"jetpack_featured_media_url":"","jetpack_sharing_enabled":true,"_links":{"self":[{"href":"https:\/\/blog.zeit.de\/stoerungsmelder\/wp-json\/wp\/v2\/posts\/8594","targetHints":{"allow":["GET"]}}],"collection":[{"href":"https:\/\/blog.zeit.de\/stoerungsmelder\/wp-json\/wp\/v2\/posts"}],"about":[{"href":"https:\/\/blog.zeit.de\/stoerungsmelder\/wp-json\/wp\/v2\/types\/post"}],"author":[{"embeddable":true,"href":"https:\/\/blog.zeit.de\/stoerungsmelder\/wp-json\/wp\/v2\/users\/229"}],"replies":[{"embeddable":true,"href":"https:\/\/blog.zeit.de\/stoerungsmelder\/wp-json\/wp\/v2\/comments?post=8594"}],"version-history":[{"count":4,"href":"https:\/\/blog.zeit.de\/stoerungsmelder\/wp-json\/wp\/v2\/posts\/8594\/revisions"}],"predecessor-version":[{"id":8597,"href":"https:\/\/blog.zeit.de\/stoerungsmelder\/wp-json\/wp\/v2\/posts\/8594\/revisions\/8597"}],"wp:attachment":[{"href":"https:\/\/blog.zeit.de\/stoerungsmelder\/wp-json\/wp\/v2\/media?parent=8594"}],"wp:term":[{"taxonomy":"category","embeddable":true,"href":"https:\/\/blog.zeit.de\/stoerungsmelder\/wp-json\/wp\/v2\/categories?post=8594"},{"taxonomy":"post_tag","embeddable":true,"href":"https:\/\/blog.zeit.de\/stoerungsmelder\/wp-json\/wp\/v2\/tags?post=8594"}],"curies":[{"name":"wp","href":"https:\/\/api.w.org\/{rel}","templated":true}]}}